{"id":1012,"date":"2017-12-15T15:15:53","date_gmt":"2017-12-15T14:15:53","guid":{"rendered":"http:\/\/bij23.fr\/dla23\/?p=1012"},"modified":"2017-12-15T15:15:53","modified_gmt":"2017-12-15T14:15:53","slug":"la-journee-incontournabless","status":"publish","type":"post","link":"https:\/\/aliso.fr\/initiatives\/la-journee-incontournabless\/","title":{"rendered":"Pour un Fab Lab des initiatives locales &#8211; issues de la journ\u00e9e Incontournabl&rsquo;ESS"},"content":{"rendered":"<h2>Quelle journ\u00e9e !<\/h2>\n<p>Une Matin\u00e9e d\u00e9di\u00e9 aux dynamiques de r\u00e9seaux, propos\u00e9e par le DLA Creuse et le laboratoire GEOLAB. L&rsquo;apr\u00e8s midi et la soir\u00e9e pour travailler la question :\u00a0 La Creuse \u00ab\u00a0laboratoire de l&rsquo;hyperruralit\u00e9\u00a0\u00bb ? Une soixantaine d&rsquo;acteurs y ont partag\u00e9 leurs initiatives, leurs convictions et leurs envies. Un r\u00e9v\u00e9lateur de la densit\u00e9 d&rsquo;initiatives innovantes dans les 4 coins de la Creuse ! <span style=\"text-decoration: underline\"><span style=\"color: #ff6600\"><a href=\"http:\/\/www.lamontagne.fr\/felletin\/economie\/emploi\/2017\/11\/27\/pour-revitaliser-la-creuse-peut-on-cloner-le-quartier-de-la-gare-de-felletin_12645187.html#refresh\"><span style=\"color: #ff6600;text-decoration: underline\"><strong>Voir ici le reportage : Felletin, \u00e9cosyst\u00e8me d&rsquo;un d\u00e9veloppement local.<\/strong> <\/span><\/a><\/span><\/span><\/p>\n<p>A la lueur de ces \u00e9changes (<span style=\"color: #ff6600\"><strong><span style=\"text-decoration: underline\"><a href=\"http:\/\/www.lamontagne.fr\/gueret\/economie\/emploi\/2017\/12\/02\/le-reseau-de-leconomie-sociale-et-solidaire-ess-a-apporte-sa-contribution_12652996.html#refresh\"><span style=\"color: #ff6600;text-decoration: underline\">voir article ici<\/span><\/a><\/span><\/strong><\/span>) l&rsquo;inter-r\u00e9seau s&rsquo;est donc retrouv\u00e9 pour r\u00e9diger une synth\u00e8se de propositions au Pr\u00e9sident de la R\u00e9publique : <span style=\"text-decoration: underline\"><span style=\"color: #ff6600\"><a href=\"http:\/\/bij23.fr\/dla23\/wp-content\/uploads\/2017\/12\/Propositions-ESS-au-Prefet-hyper-ruralit\u00e9-dec-17.pdf\"><span style=\"color: #ff6600;text-decoration: underline\">\u00ab\u00a0Vers un Fab Lab des initiatives locales en hyper-ruralit\u00e9\u00a0\u00bb Cliquez-ici pour acc\u00e9der au document<\/span><\/a><\/span><\/span><\/p>\n<p style=\"text-align: justify\"><img loading=\"lazy\" decoding=\"async\" class=\"wp-image-1014 aligncenter\" src=\"http:\/\/bij23.fr\/dla23\/wp-content\/uploads\/2017\/12\/IncontournablESS.jpg\" alt=\"sdr\" width=\"602\" height=\"339\" \/><\/p>\n<p style=\"text-align: justify\"><strong>Souvenez-vous&#8230;<\/strong> En Juin, des r\u00e9seaux* creusois se sont r\u00e9unis, avec l&rsquo;appui de la CRESS, pour organiser une journ\u00e9e de l&rsquo;ESS afin de partager leurs exp\u00e9riences,\u00a0 \u00e9changer sur leurs sp\u00e9cificit\u00e9s dans la mani\u00e8re de construire et de \u00ab\u00a0faire r\u00e9seau\u00a0\u00bb, se retrouver sur des valeurs communes. La machine \u00e9tait lanc\u00e9e !<\/p>\n<p style=\"text-align: justify\">Alors que le groupe inter-r\u00e9seaux planche sur la journ\u00e9e \u00ab\u00a0Incontournabl&rsquo;ESS\u00a0\u00bb, le Pr\u00e9sident de la R\u00e9publique lance, en Octobre dernier, un appel \u00e0 la Creuse pour proposer un \u00ab\u00a0plan de revitalisation\u00a0\u00bb du d\u00e9partement. La journ\u00e9e Incontournabl&rsquo;ESS revoit son organisation pour devenir un espace d&rsquo;\u00e9change et de collaboration : <em>la Creuse comme \u00ab\u00a0laboratoire de l&rsquo;hyperruralit\u00e9\u00a0\u00bb ?<\/em><\/p>\n<p style=\"text-align: justify\"><strong>Au programme&#8230;<\/strong> Une journ\u00e9e charg\u00e9e qui a port\u00e9 ses fruits !<\/p>\n<p style=\"text-align: justify\"><strong>Le temps du matin \u00e9tait d\u00e9di\u00e9 aux dynamiques de r\u00e9seaux<\/strong> en partenariat avec le laboratoire GEOLAB. Au menu : <em>Comment s&rsquo;impliquent les membres ? Quel partage des t\u00e2ches ? \/ Comment se compose le r\u00e9seau ? Y-aurait-il une taille optimale ? \/ <\/em><em>Comment fonctionne le r\u00e9seau ? Existe-t-il un id\u00e9al ? \/ <\/em><em>Quel(s) rapport(s) construisent les r\u00e9seaux avec les institutions ?<\/em><\/p>\n<p style=\"text-align: justify\"><strong>Suite au repas, le d\u00e9bat est lanc\u00e9 ! La Creuse \u00ab\u00a0laboratoire de l&rsquo;hyperruralit\u00e9\u00a0\u00bb ?<\/strong> Un bon nombre d&rsquo;acteurs et d&rsquo;habitants nous ont rejoint pour <strong>partager leurs initiatives, leurs convictions et leurs envies<\/strong>.<\/p>\n<p style=\"text-align: justify\">3 groupes se sont form\u00e9s pour s&rsquo;attraper les questions : <em>Quelle(s) sp\u00e9cificit\u00e9(s) de mon initiative en Creuse ? Qu&rsquo;est-ce qui pourrait favoriser les dynamiques, acc\u00e9l\u00e9rer le mouvement ?<br \/>\n<\/em><\/p>\n<p style=\"text-align: left\">Ces \u00e9changes ont r\u00e9v\u00e9l\u00e9 un bon maillage d&rsquo;initiatives dans les 4 coins de la Creuse !<\/p>\n<p style=\"text-align: center\"><a href=\"http:\/\/www.lamontagne.fr\/felletin\/economie\/emploi\/2017\/11\/27\/pour-revitaliser-la-creuse-peut-on-cloner-le-quartier-de-la-gare-de-felletin_12645187.html#refresh\">Article r\u00e9alis\u00e9 par La Montagne sur le quartier de la gare \u00e0 Felletin ICI. <\/a><\/p>\n<p><strong>Pour clot\u00fbrer cette journ\u00e9e dense, Didier Minot (co-fondateur du Collectif des Associations Citoyennes) a rench\u00e9ri : <\/strong><em>\u00ab\u00a0Vous avez fait marcher l&rsquo;intelligence collective, maintenant il faut donner une coh\u00e9rence globale et \u00e0 long terme\u00a0\u00bb<\/em>.<\/p>\n<p style=\"text-align: justify\">A la lueur de ces \u00e9changes l&rsquo;inter-r\u00e9seau s&rsquo;est donc retrouv\u00e9 pour r\u00e9diger une synth\u00e8se de propositions au Pr\u00e9sident de la R\u00e9publique : <a href=\"http:\/\/bij23.fr\/dla23\/wp-content\/uploads\/2017\/12\/Propositions-ESS-au-Prefet-hyper-ruralit\u00e9-dec-17.pdf\">\u00ab\u00a0Vers un Fab Lab des initiatives locales en hyper-ruralit\u00e9\u00a0\u00bb Cliquez-ici pour acc\u00e9der au document<\/a>. <strong>Et apr\u00e8s ? Rendez-vous en 2018 !<\/strong><\/p>\n<p style=\"text-align: justify\"><a href=\"http:\/\/www.lamontagne.fr\/gueret\/economie\/emploi\/2017\/12\/02\/le-reseau-de-leconomie-sociale-et-solidaire-ess-a-apporte-sa-contribution_12652996.html#refresh\">A LIRE ! Vu sur La Montagne. <\/a><\/p>\n<p style=\"text-align: justify\"><strong>Incontournabl&rsquo;ESS, c&rsquo;\u00e9tait aussi,&#8230;<\/strong> <strong>Des temps conviviaux<\/strong><\/p>\n<p style=\"text-align: justify\">Un caf\u00e9 chant\u00e9 organis\u00e9 par l&rsquo;association P&rsquo;Art Si P&rsquo;Art La a permis de reposer les cerveaux !<\/p>\n<p>&nbsp;<\/p>\n<p><a href=\"http:\/\/bij23.fr\/dla23\/wp-content\/uploads\/2017\/12\/open-cantine-e1513345434970.jpg\"><img loading=\"lazy\" decoding=\"async\" class=\"size-full wp-image-1013 aligncenter\" src=\"http:\/\/bij23.fr\/dla23\/wp-content\/uploads\/2017\/12\/open-cantine-e1513345434970.jpg\" alt=\"dav\" width=\"300\" height=\"169\" \/><\/a><\/p>\n<p style=\"text-align: justify\">Le restaurant Utopaille et l&rsquo;association le Local en bullant\u00a0 nous ont propos\u00e9 une \u00ab\u00a0open cantine\u00a0\u00bb avec des produits locaux ; de quoi ravir les papilles des participants.<\/p>\n<p style=\"text-align: justify\">*Autour de la table : SolaSol &#8211; SOLutions Alternatives et SOLidaires, Aliso &#8211; Acteurs du LIen SOcial, Associations-nous, GEMS23 &#8211; Groupement d&#8217;employeurs du m\u00e9dico-social, ADAPEI23,\u00a0 Solima-Culture, le r\u00e9seau des Ressourceries, le r\u00e9seau des Tiers-Lieux, le r\u00e9seau des Structures d&rsquo;Insertion par l&rsquo;Activit\u00e9 Economique, Cesam-Oxalis, Elisad &#8211; Aide \u00e0 domicile en collaboration avec la CRESS Nouvelle-Aquitaine et le Laboratoire GEOLAB Universit\u00e9 de Limoges.<\/p>\n","protected":false},"excerpt":{"rendered":"<p>Quelle journ\u00e9e ! Une Matin\u00e9e d\u00e9di\u00e9 aux dynamiques de r\u00e9seaux, propos\u00e9e par le DLA Creuse et le laboratoire GEOLAB. L&rsquo;apr\u00e8s midi et la soir\u00e9e pour travailler la question :\u00a0 La Creuse \u00ab\u00a0laboratoire de l&rsquo;hyperruralit\u00e9\u00a0\u00bb ? Une soixantaine d&rsquo;acteurs y ont partag\u00e9 leurs initiatives, leurs convictions et leurs envies. Un r\u00e9v\u00e9lateur de la densit\u00e9 d&rsquo;initiatives innovantes&#8230; <a class=\"excerpt-read-more button\" href=\"https:\/\/aliso.fr\/initiatives\/la-journee-incontournabless\/\" title=\"ReadPour un Fab Lab des initiatives locales &#8211; issues de la journ\u00e9e Incontournabl&rsquo;ESS\">En savoir plus &raquo;<\/a><\/p>\n","protected":false},"author":5,"featured_media":1025,"comment_status":"closed","ping_status":"open","sticky":false,"template":"","format":"standard","meta":{"footnotes":""},"categories":[11,24],"tags":[27,39,50,45,40,30,34,46,47,48,42,49,36,43,44],"class_list":["post-1012","post","type-post","status-publish","format-standard","has-post-thumbnail","hentry","category-actus","category-ess-creuse","tag-association","tag-associations","tag-atelier","tag-collectifs","tag-creuse","tag-ess","tag-experiences","tag-hyperruralite","tag-initiatives","tag-laboratoire","tag-nouvelle-aquitaine","tag-reseaux","tag-ruralite","tag-temoignage","tag-territoire"],"yoast_head":"<!-- This site is optimized with the Yoast SEO plugin v27.5 - https:\/\/yoast.com\/product\/yoast-seo-wordpress\/ -->\n<title>Pour un Fab Lab des initiatives locales - issues de la journ\u00e9e Incontournabl&#039;ESS - Aliso Initiatives<\/title>\n<meta name=\"robots\" content=\"index, follow, max-snippet:-1, max-image-preview:large, max-video-preview:-1\" \/>\n<link rel=\"canonical\" href=\"https:\/\/aliso.fr\/initiatives\/la-journee-incontournabless\/\" \/>\n<meta property=\"og:locale\" content=\"fr_FR\" \/>\n<meta property=\"og:type\" content=\"article\" \/>\n<meta property=\"og:title\" content=\"Pour un Fab Lab des initiatives locales - issues de la journ\u00e9e Incontournabl&#039;ESS - Aliso Initiatives\" \/>\n<meta property=\"og:description\" content=\"Quelle journ\u00e9e ! Une Matin\u00e9e d\u00e9di\u00e9 aux dynamiques de r\u00e9seaux, propos\u00e9e par le DLA Creuse et le laboratoire GEOLAB. L&rsquo;apr\u00e8s midi et la soir\u00e9e pour travailler la question :\u00a0 La Creuse \u00ab\u00a0laboratoire de l&rsquo;hyperruralit\u00e9\u00a0\u00bb ? Une soixantaine d&rsquo;acteurs y ont partag\u00e9 leurs initiatives, leurs convictions et leurs envies. Un r\u00e9v\u00e9lateur de la densit\u00e9 d&rsquo;initiatives innovantes... En savoir plus &raquo;\" \/>\n<meta property=\"og:url\" content=\"https:\/\/aliso.fr\/initiatives\/la-journee-incontournabless\/\" \/>\n<meta property=\"og:site_name\" content=\"Aliso Initiatives\" \/>\n<meta property=\"article:published_time\" content=\"2017-12-15T14:15:53+00:00\" \/>\n<meta name=\"author\" content=\"pascal\" \/>\n<meta name=\"twitter:card\" content=\"summary_large_image\" \/>\n<script type=\"application\/ld+json\" class=\"yoast-schema-graph\">{\"@context\":\"https:\\\/\\\/schema.org\",\"@graph\":[{\"@type\":\"Article\",\"@id\":\"https:\\\/\\\/aliso.fr\\\/initiatives\\\/la-journee-incontournabless\\\/#article\",\"isPartOf\":{\"@id\":\"https:\\\/\\\/aliso.fr\\\/initiatives\\\/la-journee-incontournabless\\\/\"},\"author\":{\"name\":\"pascal\",\"@id\":\"https:\\\/\\\/aliso.fr\\\/initiatives\\\/#\\\/schema\\\/person\\\/ac5889082625d5c95b51fac19f3d9b86\"},\"headline\":\"Pour un Fab Lab des initiatives locales &#8211; issues de la journ\u00e9e Incontournabl&rsquo;ESS\",\"datePublished\":\"2017-12-15T14:15:53+00:00\",\"mainEntityOfPage\":{\"@id\":\"https:\\\/\\\/aliso.fr\\\/initiatives\\\/la-journee-incontournabless\\\/\"},\"wordCount\":644,\"publisher\":{\"@id\":\"https:\\\/\\\/aliso.fr\\\/initiatives\\\/#organization\"},\"image\":{\"@id\":\"https:\\\/\\\/aliso.fr\\\/initiatives\\\/la-journee-incontournabless\\\/#primaryimage\"},\"thumbnailUrl\":\"\",\"keywords\":[\"association\",\"associations\",\"atelier\",\"collectifs\",\"Creuse\",\"ESS\",\"Exp\u00e9riences\",\"hyperruralit\u00e9\",\"initiatives\",\"laboratoire\",\"Nouvelle-Aquitaine\",\"r\u00e9seaux\",\"ruralit\u00e9\",\"t\u00e9moignage\",\"territoire\"],\"articleSection\":[\"Actualit\u00e9s\",\"L'ESS en Creuse\"],\"inLanguage\":\"fr-FR\"},{\"@type\":\"WebPage\",\"@id\":\"https:\\\/\\\/aliso.fr\\\/initiatives\\\/la-journee-incontournabless\\\/\",\"url\":\"https:\\\/\\\/aliso.fr\\\/initiatives\\\/la-journee-incontournabless\\\/\",\"name\":\"Pour un Fab Lab des initiatives locales - issues de la journ\u00e9e Incontournabl'ESS - Aliso Initiatives\",\"isPartOf\":{\"@id\":\"https:\\\/\\\/aliso.fr\\\/initiatives\\\/#website\"},\"primaryImageOfPage\":{\"@id\":\"https:\\\/\\\/aliso.fr\\\/initiatives\\\/la-journee-incontournabless\\\/#primaryimage\"},\"image\":{\"@id\":\"https:\\\/\\\/aliso.fr\\\/initiatives\\\/la-journee-incontournabless\\\/#primaryimage\"},\"thumbnailUrl\":\"\",\"datePublished\":\"2017-12-15T14:15:53+00:00\",\"breadcrumb\":{\"@id\":\"https:\\\/\\\/aliso.fr\\\/initiatives\\\/la-journee-incontournabless\\\/#breadcrumb\"},\"inLanguage\":\"fr-FR\",\"potentialAction\":[{\"@type\":\"ReadAction\",\"target\":[\"https:\\\/\\\/aliso.fr\\\/initiatives\\\/la-journee-incontournabless\\\/\"]}]},{\"@type\":\"ImageObject\",\"inLanguage\":\"fr-FR\",\"@id\":\"https:\\\/\\\/aliso.fr\\\/initiatives\\\/la-journee-incontournabless\\\/#primaryimage\",\"url\":\"\",\"contentUrl\":\"\"},{\"@type\":\"BreadcrumbList\",\"@id\":\"https:\\\/\\\/aliso.fr\\\/initiatives\\\/la-journee-incontournabless\\\/#breadcrumb\",\"itemListElement\":[{\"@type\":\"ListItem\",\"position\":1,\"name\":\"Accueil\",\"item\":\"https:\\\/\\\/aliso.fr\\\/initiatives\\\/\"},{\"@type\":\"ListItem\",\"position\":2,\"name\":\"Actualit\u00e9s\",\"item\":\"https:\\\/\\\/aliso.fr\\\/initiatives\\\/actus\\\/\"},{\"@type\":\"ListItem\",\"position\":3,\"name\":\"Pour un Fab Lab des initiatives locales &#8211; issues de la journ\u00e9e Incontournabl&rsquo;ESS\"}]},{\"@type\":\"WebSite\",\"@id\":\"https:\\\/\\\/aliso.fr\\\/initiatives\\\/#website\",\"url\":\"https:\\\/\\\/aliso.fr\\\/initiatives\\\/\",\"name\":\"Aliso Initiatives\",\"description\":\"R\u00e9seau Creusois des acteurs du lien social\",\"publisher\":{\"@id\":\"https:\\\/\\\/aliso.fr\\\/initiatives\\\/#organization\"},\"potentialAction\":[{\"@type\":\"SearchAction\",\"target\":{\"@type\":\"EntryPoint\",\"urlTemplate\":\"https:\\\/\\\/aliso.fr\\\/initiatives\\\/?s={search_term_string}\"},\"query-input\":{\"@type\":\"PropertyValueSpecification\",\"valueRequired\":true,\"valueName\":\"search_term_string\"}}],\"inLanguage\":\"fr-FR\"},{\"@type\":\"Organization\",\"@id\":\"https:\\\/\\\/aliso.fr\\\/initiatives\\\/#organization\",\"name\":\"Aliso Initiatives\",\"url\":\"https:\\\/\\\/aliso.fr\\\/initiatives\\\/\",\"logo\":{\"@type\":\"ImageObject\",\"inLanguage\":\"fr-FR\",\"@id\":\"https:\\\/\\\/aliso.fr\\\/initiatives\\\/#\\\/schema\\\/logo\\\/image\\\/\",\"url\":\"https:\\\/\\\/aliso.fr\\\/initiatives\\\/wp-content\\\/uploads\\\/sites\\\/2\\\/2022\\\/01\\\/Logo-ALISO-Initiatives-2.png\",\"contentUrl\":\"https:\\\/\\\/aliso.fr\\\/initiatives\\\/wp-content\\\/uploads\\\/sites\\\/2\\\/2022\\\/01\\\/Logo-ALISO-Initiatives-2.png\",\"width\":900,\"height\":657,\"caption\":\"Aliso Initiatives\"},\"image\":{\"@id\":\"https:\\\/\\\/aliso.fr\\\/initiatives\\\/#\\\/schema\\\/logo\\\/image\\\/\"}},{\"@type\":\"Person\",\"@id\":\"https:\\\/\\\/aliso.fr\\\/initiatives\\\/#\\\/schema\\\/person\\\/ac5889082625d5c95b51fac19f3d9b86\",\"name\":\"pascal\"}]}<\/script>\n<!-- \/ Yoast SEO plugin. -->","yoast_head_json":{"title":"Pour un Fab Lab des initiatives locales - issues de la journ\u00e9e Incontournabl'ESS - Aliso Initiatives","robots":{"index":"index","follow":"follow","max-snippet":"max-snippet:-1","max-image-preview":"max-image-preview:large","max-video-preview":"max-video-preview:-1"},"canonical":"https:\/\/aliso.fr\/initiatives\/la-journee-incontournabless\/","og_locale":"fr_FR","og_type":"article","og_title":"Pour un Fab Lab des initiatives locales - issues de la journ\u00e9e Incontournabl'ESS - Aliso Initiatives","og_description":"Quelle journ\u00e9e ! Une Matin\u00e9e d\u00e9di\u00e9 aux dynamiques de r\u00e9seaux, propos\u00e9e par le DLA Creuse et le laboratoire GEOLAB. L&rsquo;apr\u00e8s midi et la soir\u00e9e pour travailler la question :\u00a0 La Creuse \u00ab\u00a0laboratoire de l&rsquo;hyperruralit\u00e9\u00a0\u00bb ? Une soixantaine d&rsquo;acteurs y ont partag\u00e9 leurs initiatives, leurs convictions et leurs envies. Un r\u00e9v\u00e9lateur de la densit\u00e9 d&rsquo;initiatives innovantes... En savoir plus &raquo;","og_url":"https:\/\/aliso.fr\/initiatives\/la-journee-incontournabless\/","og_site_name":"Aliso Initiatives","article_published_time":"2017-12-15T14:15:53+00:00","author":"pascal","twitter_card":"summary_large_image","schema":{"@context":"https:\/\/schema.org","@graph":[{"@type":"Article","@id":"https:\/\/aliso.fr\/initiatives\/la-journee-incontournabless\/#article","isPartOf":{"@id":"https:\/\/aliso.fr\/initiatives\/la-journee-incontournabless\/"},"author":{"name":"pascal","@id":"https:\/\/aliso.fr\/initiatives\/#\/schema\/person\/ac5889082625d5c95b51fac19f3d9b86"},"headline":"Pour un Fab Lab des initiatives locales &#8211; issues de la journ\u00e9e Incontournabl&rsquo;ESS","datePublished":"2017-12-15T14:15:53+00:00","mainEntityOfPage":{"@id":"https:\/\/aliso.fr\/initiatives\/la-journee-incontournabless\/"},"wordCount":644,"publisher":{"@id":"https:\/\/aliso.fr\/initiatives\/#organization"},"image":{"@id":"https:\/\/aliso.fr\/initiatives\/la-journee-incontournabless\/#primaryimage"},"thumbnailUrl":"","keywords":["association","associations","atelier","collectifs","Creuse","ESS","Exp\u00e9riences","hyperruralit\u00e9","initiatives","laboratoire","Nouvelle-Aquitaine","r\u00e9seaux","ruralit\u00e9","t\u00e9moignage","territoire"],"articleSection":["Actualit\u00e9s","L'ESS en Creuse"],"inLanguage":"fr-FR"},{"@type":"WebPage","@id":"https:\/\/aliso.fr\/initiatives\/la-journee-incontournabless\/","url":"https:\/\/aliso.fr\/initiatives\/la-journee-incontournabless\/","name":"Pour un Fab Lab des initiatives locales - issues de la journ\u00e9e Incontournabl'ESS - Aliso Initiatives","isPartOf":{"@id":"https:\/\/aliso.fr\/initiatives\/#website"},"primaryImageOfPage":{"@id":"https:\/\/aliso.fr\/initiatives\/la-journee-incontournabless\/#primaryimage"},"image":{"@id":"https:\/\/aliso.fr\/initiatives\/la-journee-incontournabless\/#primaryimage"},"thumbnailUrl":"","datePublished":"2017-12-15T14:15:53+00:00","breadcrumb":{"@id":"https:\/\/aliso.fr\/initiatives\/la-journee-incontournabless\/#breadcrumb"},"inLanguage":"fr-FR","potentialAction":[{"@type":"ReadAction","target":["https:\/\/aliso.fr\/initiatives\/la-journee-incontournabless\/"]}]},{"@type":"ImageObject","inLanguage":"fr-FR","@id":"https:\/\/aliso.fr\/initiatives\/la-journee-incontournabless\/#primaryimage","url":"","contentUrl":""},{"@type":"BreadcrumbList","@id":"https:\/\/aliso.fr\/initiatives\/la-journee-incontournabless\/#breadcrumb","itemListElement":[{"@type":"ListItem","position":1,"name":"Accueil","item":"https:\/\/aliso.fr\/initiatives\/"},{"@type":"ListItem","position":2,"name":"Actualit\u00e9s","item":"https:\/\/aliso.fr\/initiatives\/actus\/"},{"@type":"ListItem","position":3,"name":"Pour un Fab Lab des initiatives locales &#8211; issues de la journ\u00e9e Incontournabl&rsquo;ESS"}]},{"@type":"WebSite","@id":"https:\/\/aliso.fr\/initiatives\/#website","url":"https:\/\/aliso.fr\/initiatives\/","name":"Aliso Initiatives","description":"R\u00e9seau Creusois des acteurs du lien social","publisher":{"@id":"https:\/\/aliso.fr\/initiatives\/#organization"},"potentialAction":[{"@type":"SearchAction","target":{"@type":"EntryPoint","urlTemplate":"https:\/\/aliso.fr\/initiatives\/?s={search_term_string}"},"query-input":{"@type":"PropertyValueSpecification","valueRequired":true,"valueName":"search_term_string"}}],"inLanguage":"fr-FR"},{"@type":"Organization","@id":"https:\/\/aliso.fr\/initiatives\/#organization","name":"Aliso Initiatives","url":"https:\/\/aliso.fr\/initiatives\/","logo":{"@type":"ImageObject","inLanguage":"fr-FR","@id":"https:\/\/aliso.fr\/initiatives\/#\/schema\/logo\/image\/","url":"https:\/\/aliso.fr\/initiatives\/wp-content\/uploads\/sites\/2\/2022\/01\/Logo-ALISO-Initiatives-2.png","contentUrl":"https:\/\/aliso.fr\/initiatives\/wp-content\/uploads\/sites\/2\/2022\/01\/Logo-ALISO-Initiatives-2.png","width":900,"height":657,"caption":"Aliso Initiatives"},"image":{"@id":"https:\/\/aliso.fr\/initiatives\/#\/schema\/logo\/image\/"}},{"@type":"Person","@id":"https:\/\/aliso.fr\/initiatives\/#\/schema\/person\/ac5889082625d5c95b51fac19f3d9b86","name":"pascal"}]}},"_links":{"self":[{"href":"https:\/\/aliso.fr\/initiatives\/wp-json\/wp\/v2\/posts\/1012","targetHints":{"allow":["GET"]}}],"collection":[{"href":"https:\/\/aliso.fr\/initiatives\/wp-json\/wp\/v2\/posts"}],"about":[{"href":"https:\/\/aliso.fr\/initiatives\/wp-json\/wp\/v2\/types\/post"}],"author":[{"embeddable":true,"href":"https:\/\/aliso.fr\/initiatives\/wp-json\/wp\/v2\/users\/5"}],"replies":[{"embeddable":true,"href":"https:\/\/aliso.fr\/initiatives\/wp-json\/wp\/v2\/comments?post=1012"}],"version-history":[{"count":0,"href":"https:\/\/aliso.fr\/initiatives\/wp-json\/wp\/v2\/posts\/1012\/revisions"}],"wp:featuredmedia":[{"embeddable":true,"href":"https:\/\/aliso.fr\/initiatives\/wp-json\/"}],"wp:attachment":[{"href":"https:\/\/aliso.fr\/initiatives\/wp-json\/wp\/v2\/media?parent=1012"}],"wp:term":[{"taxonomy":"category","embeddable":true,"href":"https:\/\/aliso.fr\/initiatives\/wp-json\/wp\/v2\/categories?post=1012"},{"taxonomy":"post_tag","embeddable":true,"href":"https:\/\/aliso.fr\/initiatives\/wp-json\/wp\/v2\/tags?post=1012"}],"curies":[{"name":"wp","href":"https:\/\/api.w.org\/{rel}","templated":true}]}}