{"id":1037,"date":"2018-10-10T15:23:33","date_gmt":"2018-10-10T14:23:33","guid":{"rendered":"http:\/\/bij23.fr\/dla23\/?p=1037"},"modified":"2021-12-09T14:11:58","modified_gmt":"2021-12-09T13:11:58","slug":"demelons-les-situations-avec-pivoine-formation","status":"publish","type":"post","link":"https:\/\/aliso.fr\/initiatives\/demelons-les-situations-avec-pivoine-formation\/","title":{"rendered":"D\u00e9m\u00ealons les situations avec Pivoine &#8211; Formation"},"content":{"rendered":"<p>Au programme de cette formation de 4 jours \u00ab\u00a0D\u00e9m\u00ealer les situations, penser et agir dans la complexit\u00e9\u00a0\u00bb, un entrainement mental pour comprendre avant d&rsquo;agir, aiguiser notre lucidit\u00e9, d\u00e9velopper nos capacit\u00e9s individuelles et collectives d&rsquo;expression, d&rsquo;analyse et d&rsquo;action.<\/p>\n<p>La formation se d\u00e9roulera du <strong>26 au 30 novembre\u00a0 2018<\/strong>.<\/p>\n<p><a href=\"https:\/\/associationpivoine.wordpress.com\/actualites\/\">Pour plus d&rsquo;informations, rendez-vous sur le site de Pivoine. <\/a><\/p>\n<p>&nbsp;<\/p>\n","protected":false},"excerpt":{"rendered":"<p>Au programme de cette formation de 4 jours \u00ab\u00a0D\u00e9m\u00ealer les situations, penser et agir dans la complexit\u00e9\u00a0\u00bb, un entrainement mental pour comprendre avant d&rsquo;agir, aiguiser notre lucidit\u00e9, d\u00e9velopper nos capacit\u00e9s individuelles et collectives d&rsquo;expression, d&rsquo;analyse et d&rsquo;action. La formation se d\u00e9roulera du 26 au 30 novembre\u00a0 2018. Pour plus d&rsquo;informations, rendez-vous sur le site de&#8230; <a class=\"excerpt-read-more button\" href=\"https:\/\/aliso.fr\/initiatives\/demelons-les-situations-avec-pivoine-formation\/\" title=\"ReadD\u00e9m\u00ealons les situations avec Pivoine &#8211; Formation\">En savoir plus &raquo;<\/a><\/p>\n","protected":false},"author":5,"featured_media":1038,"comment_status":"closed","ping_status":"open","sticky":false,"template":"","format":"standard","meta":{"footnotes":""},"categories":[11,19],"tags":[59,60,61,17,62],"class_list":["post-1037","post","type-post","status-publish","format-standard","has-post-thumbnail","hentry","category-actus","category-se-former-sinformer","tag-agir","tag-complexite","tag-entrainement-mental","tag-formation","tag-pivoine"],"yoast_head":"<!-- This site is optimized with the Yoast SEO plugin v27.5 - https:\/\/yoast.com\/product\/yoast-seo-wordpress\/ -->\n<title>D\u00e9m\u00ealons les situations avec Pivoine - Formation - Aliso Initiatives<\/title>\n<meta name=\"robots\" content=\"index, follow, max-snippet:-1, max-image-preview:large, max-video-preview:-1\" \/>\n<link rel=\"canonical\" href=\"https:\/\/aliso.fr\/initiatives\/demelons-les-situations-avec-pivoine-formation\/\" \/>\n<meta property=\"og:locale\" content=\"fr_FR\" \/>\n<meta property=\"og:type\" content=\"article\" \/>\n<meta property=\"og:title\" content=\"D\u00e9m\u00ealons les situations avec Pivoine - Formation - Aliso Initiatives\" \/>\n<meta property=\"og:description\" content=\"Au programme de cette formation de 4 jours \u00ab\u00a0D\u00e9m\u00ealer les situations, penser et agir dans la complexit\u00e9\u00a0\u00bb, un entrainement mental pour comprendre avant d&rsquo;agir, aiguiser notre lucidit\u00e9, d\u00e9velopper nos capacit\u00e9s individuelles et collectives d&rsquo;expression, d&rsquo;analyse et d&rsquo;action. La formation se d\u00e9roulera du 26 au 30 novembre\u00a0 2018. Pour plus d&rsquo;informations, rendez-vous sur le site de... En savoir plus &raquo;\" \/>\n<meta property=\"og:url\" content=\"https:\/\/aliso.fr\/initiatives\/demelons-les-situations-avec-pivoine-formation\/\" \/>\n<meta property=\"og:site_name\" content=\"Aliso Initiatives\" \/>\n<meta property=\"article:published_time\" content=\"2018-10-10T14:23:33+00:00\" \/>\n<meta property=\"article:modified_time\" content=\"2021-12-09T13:11:58+00:00\" \/>\n<meta name=\"author\" content=\"pascal\" \/>\n<meta name=\"twitter:card\" content=\"summary_large_image\" \/>\n<script type=\"application\/ld+json\" class=\"yoast-schema-graph\">{\"@context\":\"https:\\\/\\\/schema.org\",\"@graph\":[{\"@type\":\"Article\",\"@id\":\"https:\\\/\\\/aliso.fr\\\/initiatives\\\/demelons-les-situations-avec-pivoine-formation\\\/#article\",\"isPartOf\":{\"@id\":\"https:\\\/\\\/aliso.fr\\\/initiatives\\\/demelons-les-situations-avec-pivoine-formation\\\/\"},\"author\":{\"name\":\"pascal\",\"@id\":\"https:\\\/\\\/aliso.fr\\\/initiatives\\\/#\\\/schema\\\/person\\\/ac5889082625d5c95b51fac19f3d9b86\"},\"headline\":\"D\u00e9m\u00ealons les situations avec Pivoine &#8211; Formation\",\"datePublished\":\"2018-10-10T14:23:33+00:00\",\"dateModified\":\"2021-12-09T13:11:58+00:00\",\"mainEntityOfPage\":{\"@id\":\"https:\\\/\\\/aliso.fr\\\/initiatives\\\/demelons-les-situations-avec-pivoine-formation\\\/\"},\"wordCount\":72,\"publisher\":{\"@id\":\"https:\\\/\\\/aliso.fr\\\/initiatives\\\/#organization\"},\"image\":{\"@id\":\"https:\\\/\\\/aliso.fr\\\/initiatives\\\/demelons-les-situations-avec-pivoine-formation\\\/#primaryimage\"},\"thumbnailUrl\":\"\",\"keywords\":[\"Agir\",\"complexit\u00e9\",\"entrainement mental\",\"Formation\",\"Pivoine\"],\"articleSection\":[\"Actualit\u00e9s\",\"Se former, s\u2019informer\"],\"inLanguage\":\"fr-FR\"},{\"@type\":\"WebPage\",\"@id\":\"https:\\\/\\\/aliso.fr\\\/initiatives\\\/demelons-les-situations-avec-pivoine-formation\\\/\",\"url\":\"https:\\\/\\\/aliso.fr\\\/initiatives\\\/demelons-les-situations-avec-pivoine-formation\\\/\",\"name\":\"D\u00e9m\u00ealons les situations avec Pivoine - Formation - Aliso Initiatives\",\"isPartOf\":{\"@id\":\"https:\\\/\\\/aliso.fr\\\/initiatives\\\/#website\"},\"primaryImageOfPage\":{\"@id\":\"https:\\\/\\\/aliso.fr\\\/initiatives\\\/demelons-les-situations-avec-pivoine-formation\\\/#primaryimage\"},\"image\":{\"@id\":\"https:\\\/\\\/aliso.fr\\\/initiatives\\\/demelons-les-situations-avec-pivoine-formation\\\/#primaryimage\"},\"thumbnailUrl\":\"\",\"datePublished\":\"2018-10-10T14:23:33+00:00\",\"dateModified\":\"2021-12-09T13:11:58+00:00\",\"breadcrumb\":{\"@id\":\"https:\\\/\\\/aliso.fr\\\/initiatives\\\/demelons-les-situations-avec-pivoine-formation\\\/#breadcrumb\"},\"inLanguage\":\"fr-FR\",\"potentialAction\":[{\"@type\":\"ReadAction\",\"target\":[\"https:\\\/\\\/aliso.fr\\\/initiatives\\\/demelons-les-situations-avec-pivoine-formation\\\/\"]}]},{\"@type\":\"ImageObject\",\"inLanguage\":\"fr-FR\",\"@id\":\"https:\\\/\\\/aliso.fr\\\/initiatives\\\/demelons-les-situations-avec-pivoine-formation\\\/#primaryimage\",\"url\":\"\",\"contentUrl\":\"\"},{\"@type\":\"BreadcrumbList\",\"@id\":\"https:\\\/\\\/aliso.fr\\\/initiatives\\\/demelons-les-situations-avec-pivoine-formation\\\/#breadcrumb\",\"itemListElement\":[{\"@type\":\"ListItem\",\"position\":1,\"name\":\"Accueil\",\"item\":\"https:\\\/\\\/aliso.fr\\\/initiatives\\\/\"},{\"@type\":\"ListItem\",\"position\":2,\"name\":\"Actualit\u00e9s\",\"item\":\"https:\\\/\\\/aliso.fr\\\/initiatives\\\/actus\\\/\"},{\"@type\":\"ListItem\",\"position\":3,\"name\":\"D\u00e9m\u00ealons les situations avec Pivoine &#8211; Formation\"}]},{\"@type\":\"WebSite\",\"@id\":\"https:\\\/\\\/aliso.fr\\\/initiatives\\\/#website\",\"url\":\"https:\\\/\\\/aliso.fr\\\/initiatives\\\/\",\"name\":\"Aliso Initiatives\",\"description\":\"R\u00e9seau Creusois des acteurs du lien social\",\"publisher\":{\"@id\":\"https:\\\/\\\/aliso.fr\\\/initiatives\\\/#organization\"},\"potentialAction\":[{\"@type\":\"SearchAction\",\"target\":{\"@type\":\"EntryPoint\",\"urlTemplate\":\"https:\\\/\\\/aliso.fr\\\/initiatives\\\/?s={search_term_string}\"},\"query-input\":{\"@type\":\"PropertyValueSpecification\",\"valueRequired\":true,\"valueName\":\"search_term_string\"}}],\"inLanguage\":\"fr-FR\"},{\"@type\":\"Organization\",\"@id\":\"https:\\\/\\\/aliso.fr\\\/initiatives\\\/#organization\",\"name\":\"Aliso Initiatives\",\"url\":\"https:\\\/\\\/aliso.fr\\\/initiatives\\\/\",\"logo\":{\"@type\":\"ImageObject\",\"inLanguage\":\"fr-FR\",\"@id\":\"https:\\\/\\\/aliso.fr\\\/initiatives\\\/#\\\/schema\\\/logo\\\/image\\\/\",\"url\":\"https:\\\/\\\/aliso.fr\\\/initiatives\\\/wp-content\\\/uploads\\\/sites\\\/2\\\/2022\\\/01\\\/Logo-ALISO-Initiatives-2.png\",\"contentUrl\":\"https:\\\/\\\/aliso.fr\\\/initiatives\\\/wp-content\\\/uploads\\\/sites\\\/2\\\/2022\\\/01\\\/Logo-ALISO-Initiatives-2.png\",\"width\":900,\"height\":657,\"caption\":\"Aliso Initiatives\"},\"image\":{\"@id\":\"https:\\\/\\\/aliso.fr\\\/initiatives\\\/#\\\/schema\\\/logo\\\/image\\\/\"}},{\"@type\":\"Person\",\"@id\":\"https:\\\/\\\/aliso.fr\\\/initiatives\\\/#\\\/schema\\\/person\\\/ac5889082625d5c95b51fac19f3d9b86\",\"name\":\"pascal\"}]}<\/script>\n<!-- \/ Yoast SEO plugin. -->","yoast_head_json":{"title":"D\u00e9m\u00ealons les situations avec Pivoine - Formation - Aliso Initiatives","robots":{"index":"index","follow":"follow","max-snippet":"max-snippet:-1","max-image-preview":"max-image-preview:large","max-video-preview":"max-video-preview:-1"},"canonical":"https:\/\/aliso.fr\/initiatives\/demelons-les-situations-avec-pivoine-formation\/","og_locale":"fr_FR","og_type":"article","og_title":"D\u00e9m\u00ealons les situations avec Pivoine - Formation - Aliso Initiatives","og_description":"Au programme de cette formation de 4 jours \u00ab\u00a0D\u00e9m\u00ealer les situations, penser et agir dans la complexit\u00e9\u00a0\u00bb, un entrainement mental pour comprendre avant d&rsquo;agir, aiguiser notre lucidit\u00e9, d\u00e9velopper nos capacit\u00e9s individuelles et collectives d&rsquo;expression, d&rsquo;analyse et d&rsquo;action. La formation se d\u00e9roulera du 26 au 30 novembre\u00a0 2018. Pour plus d&rsquo;informations, rendez-vous sur le site de... En savoir plus &raquo;","og_url":"https:\/\/aliso.fr\/initiatives\/demelons-les-situations-avec-pivoine-formation\/","og_site_name":"Aliso Initiatives","article_published_time":"2018-10-10T14:23:33+00:00","article_modified_time":"2021-12-09T13:11:58+00:00","author":"pascal","twitter_card":"summary_large_image","schema":{"@context":"https:\/\/schema.org","@graph":[{"@type":"Article","@id":"https:\/\/aliso.fr\/initiatives\/demelons-les-situations-avec-pivoine-formation\/#article","isPartOf":{"@id":"https:\/\/aliso.fr\/initiatives\/demelons-les-situations-avec-pivoine-formation\/"},"author":{"name":"pascal","@id":"https:\/\/aliso.fr\/initiatives\/#\/schema\/person\/ac5889082625d5c95b51fac19f3d9b86"},"headline":"D\u00e9m\u00ealons les situations avec Pivoine &#8211; Formation","datePublished":"2018-10-10T14:23:33+00:00","dateModified":"2021-12-09T13:11:58+00:00","mainEntityOfPage":{"@id":"https:\/\/aliso.fr\/initiatives\/demelons-les-situations-avec-pivoine-formation\/"},"wordCount":72,"publisher":{"@id":"https:\/\/aliso.fr\/initiatives\/#organization"},"image":{"@id":"https:\/\/aliso.fr\/initiatives\/demelons-les-situations-avec-pivoine-formation\/#primaryimage"},"thumbnailUrl":"","keywords":["Agir","complexit\u00e9","entrainement mental","Formation","Pivoine"],"articleSection":["Actualit\u00e9s","Se former, s\u2019informer"],"inLanguage":"fr-FR"},{"@type":"WebPage","@id":"https:\/\/aliso.fr\/initiatives\/demelons-les-situations-avec-pivoine-formation\/","url":"https:\/\/aliso.fr\/initiatives\/demelons-les-situations-avec-pivoine-formation\/","name":"D\u00e9m\u00ealons les situations avec Pivoine - Formation - Aliso Initiatives","isPartOf":{"@id":"https:\/\/aliso.fr\/initiatives\/#website"},"primaryImageOfPage":{"@id":"https:\/\/aliso.fr\/initiatives\/demelons-les-situations-avec-pivoine-formation\/#primaryimage"},"image":{"@id":"https:\/\/aliso.fr\/initiatives\/demelons-les-situations-avec-pivoine-formation\/#primaryimage"},"thumbnailUrl":"","datePublished":"2018-10-10T14:23:33+00:00","dateModified":"2021-12-09T13:11:58+00:00","breadcrumb":{"@id":"https:\/\/aliso.fr\/initiatives\/demelons-les-situations-avec-pivoine-formation\/#breadcrumb"},"inLanguage":"fr-FR","potentialAction":[{"@type":"ReadAction","target":["https:\/\/aliso.fr\/initiatives\/demelons-les-situations-avec-pivoine-formation\/"]}]},{"@type":"ImageObject","inLanguage":"fr-FR","@id":"https:\/\/aliso.fr\/initiatives\/demelons-les-situations-avec-pivoine-formation\/#primaryimage","url":"","contentUrl":""},{"@type":"BreadcrumbList","@id":"https:\/\/aliso.fr\/initiatives\/demelons-les-situations-avec-pivoine-formation\/#breadcrumb","itemListElement":[{"@type":"ListItem","position":1,"name":"Accueil","item":"https:\/\/aliso.fr\/initiatives\/"},{"@type":"ListItem","position":2,"name":"Actualit\u00e9s","item":"https:\/\/aliso.fr\/initiatives\/actus\/"},{"@type":"ListItem","position":3,"name":"D\u00e9m\u00ealons les situations avec Pivoine &#8211; Formation"}]},{"@type":"WebSite","@id":"https:\/\/aliso.fr\/initiatives\/#website","url":"https:\/\/aliso.fr\/initiatives\/","name":"Aliso Initiatives","description":"R\u00e9seau Creusois des acteurs du lien social","publisher":{"@id":"https:\/\/aliso.fr\/initiatives\/#organization"},"potentialAction":[{"@type":"SearchAction","target":{"@type":"EntryPoint","urlTemplate":"https:\/\/aliso.fr\/initiatives\/?s={search_term_string}"},"query-input":{"@type":"PropertyValueSpecification","valueRequired":true,"valueName":"search_term_string"}}],"inLanguage":"fr-FR"},{"@type":"Organization","@id":"https:\/\/aliso.fr\/initiatives\/#organization","name":"Aliso Initiatives","url":"https:\/\/aliso.fr\/initiatives\/","logo":{"@type":"ImageObject","inLanguage":"fr-FR","@id":"https:\/\/aliso.fr\/initiatives\/#\/schema\/logo\/image\/","url":"https:\/\/aliso.fr\/initiatives\/wp-content\/uploads\/sites\/2\/2022\/01\/Logo-ALISO-Initiatives-2.png","contentUrl":"https:\/\/aliso.fr\/initiatives\/wp-content\/uploads\/sites\/2\/2022\/01\/Logo-ALISO-Initiatives-2.png","width":900,"height":657,"caption":"Aliso Initiatives"},"image":{"@id":"https:\/\/aliso.fr\/initiatives\/#\/schema\/logo\/image\/"}},{"@type":"Person","@id":"https:\/\/aliso.fr\/initiatives\/#\/schema\/person\/ac5889082625d5c95b51fac19f3d9b86","name":"pascal"}]}},"_links":{"self":[{"href":"https:\/\/aliso.fr\/initiatives\/wp-json\/wp\/v2\/posts\/1037","targetHints":{"allow":["GET"]}}],"collection":[{"href":"https:\/\/aliso.fr\/initiatives\/wp-json\/wp\/v2\/posts"}],"about":[{"href":"https:\/\/aliso.fr\/initiatives\/wp-json\/wp\/v2\/types\/post"}],"author":[{"embeddable":true,"href":"https:\/\/aliso.fr\/initiatives\/wp-json\/wp\/v2\/users\/5"}],"replies":[{"embeddable":true,"href":"https:\/\/aliso.fr\/initiatives\/wp-json\/wp\/v2\/comments?post=1037"}],"version-history":[{"count":1,"href":"https:\/\/aliso.fr\/initiatives\/wp-json\/wp\/v2\/posts\/1037\/revisions"}],"predecessor-version":[{"id":1568,"href":"https:\/\/aliso.fr\/initiatives\/wp-json\/wp\/v2\/posts\/1037\/revisions\/1568"}],"wp:featuredmedia":[{"embeddable":true,"href":"https:\/\/aliso.fr\/initiatives\/wp-json\/"}],"wp:attachment":[{"href":"https:\/\/aliso.fr\/initiatives\/wp-json\/wp\/v2\/media?parent=1037"}],"wp:term":[{"taxonomy":"category","embeddable":true,"href":"https:\/\/aliso.fr\/initiatives\/wp-json\/wp\/v2\/categories?post=1037"},{"taxonomy":"post_tag","embeddable":true,"href":"https:\/\/aliso.fr\/initiatives\/wp-json\/wp\/v2\/tags?post=1037"}],"curies":[{"name":"wp","href":"https:\/\/api.w.org\/{rel}","templated":true}]}}