{"id":1084,"date":"2018-10-15T13:10:12","date_gmt":"2018-10-15T12:10:12","guid":{"rendered":"http:\/\/bij23.fr\/dla23\/?p=1084"},"modified":"2018-10-15T13:10:12","modified_gmt":"2018-10-15T12:10:12","slug":"plan-pauvrete-quels-impacts-pour-les-dispositifs-dinsertion","status":"publish","type":"post","link":"https:\/\/aliso.fr\/initiatives\/plan-pauvrete-quels-impacts-pour-les-dispositifs-dinsertion\/","title":{"rendered":"Plan Pauvret\u00e9 : quels impacts pour les dispositifs d&rsquo;insertion ?"},"content":{"rendered":"<p>Le 13 septembre dernier, le pr\u00e9sident Emmanuel Macron a annonc\u00e9 sa strat\u00e9gie de lutte contre la pauvret\u00e9 devant, entre autres, l\u2019ensemble des acteurs de l\u2019Insertion par l\u2019activit\u00e9 \u00e9conomique (IAE). 8,5 milliards d\u2019euros vont \u00eatre mobilis\u00e9s d\u2019ici la fin de son quinquennat pour cr\u00e9er \u00ab\u00a0l\u2019Etat providence du XXIe si\u00e8cle\u00a0\u00bb. Quel r\u00f4le sera attendu des structures et dispositifs d\u2019inclusion dans l\u2019emploi ? Lisez le <strong><span style=\"text-decoration: underline\"><span style=\"color: #ff6600\"><a href=\"https:\/\/www.avise.org\/actualites\/strategie-prevention-et-lutte-contre-la-pauvrete-quels-impacts-pour-linsertion-des\"><span style=\"color: #ff6600;text-decoration: underline\">d\u00e9cryptage r\u00e9alis\u00e9 par l&rsquo;AVISE ici<\/span><\/a><\/span><\/span><\/strong>.<\/p>\n","protected":false},"excerpt":{"rendered":"<p>Le 13 septembre dernier, le pr\u00e9sident Emmanuel Macron a annonc\u00e9 sa strat\u00e9gie de lutte contre la pauvret\u00e9 devant, entre autres, l\u2019ensemble des acteurs de l\u2019Insertion par l\u2019activit\u00e9 \u00e9conomique (IAE). 8,5 milliards d\u2019euros vont \u00eatre mobilis\u00e9s d\u2019ici la fin de son quinquennat pour cr\u00e9er \u00ab\u00a0l\u2019Etat providence du XXIe si\u00e8cle\u00a0\u00bb. Quel r\u00f4le sera attendu des structures et&#8230; <a class=\"excerpt-read-more button\" href=\"https:\/\/aliso.fr\/initiatives\/plan-pauvrete-quels-impacts-pour-les-dispositifs-dinsertion\/\" title=\"ReadPlan Pauvret\u00e9 : quels impacts pour les dispositifs d&rsquo;insertion ?\">En savoir plus &raquo;<\/a><\/p>\n","protected":false},"author":5,"featured_media":585,"comment_status":"closed","ping_status":"open","sticky":false,"template":"","format":"standard","meta":{"footnotes":""},"categories":[11],"tags":[],"class_list":["post-1084","post","type-post","status-publish","format-standard","has-post-thumbnail","hentry","category-actus"],"yoast_head":"<!-- This site is optimized with the Yoast SEO plugin v27.5 - https:\/\/yoast.com\/product\/yoast-seo-wordpress\/ -->\n<title>Plan Pauvret\u00e9 : quels impacts pour les dispositifs d&#039;insertion ? - Aliso Initiatives<\/title>\n<meta name=\"robots\" content=\"index, follow, max-snippet:-1, max-image-preview:large, max-video-preview:-1\" \/>\n<link rel=\"canonical\" href=\"https:\/\/aliso.fr\/initiatives\/plan-pauvrete-quels-impacts-pour-les-dispositifs-dinsertion\/\" \/>\n<meta property=\"og:locale\" content=\"fr_FR\" \/>\n<meta property=\"og:type\" content=\"article\" \/>\n<meta property=\"og:title\" content=\"Plan Pauvret\u00e9 : quels impacts pour les dispositifs d&#039;insertion ? - Aliso Initiatives\" \/>\n<meta property=\"og:description\" content=\"Le 13 septembre dernier, le pr\u00e9sident Emmanuel Macron a annonc\u00e9 sa strat\u00e9gie de lutte contre la pauvret\u00e9 devant, entre autres, l\u2019ensemble des acteurs de l\u2019Insertion par l\u2019activit\u00e9 \u00e9conomique (IAE). 8,5 milliards d\u2019euros vont \u00eatre mobilis\u00e9s d\u2019ici la fin de son quinquennat pour cr\u00e9er \u00ab\u00a0l\u2019Etat providence du XXIe si\u00e8cle\u00a0\u00bb. Quel r\u00f4le sera attendu des structures et... En savoir plus &raquo;\" \/>\n<meta property=\"og:url\" content=\"https:\/\/aliso.fr\/initiatives\/plan-pauvrete-quels-impacts-pour-les-dispositifs-dinsertion\/\" \/>\n<meta property=\"og:site_name\" content=\"Aliso Initiatives\" \/>\n<meta property=\"article:published_time\" content=\"2018-10-15T12:10:12+00:00\" \/>\n<meta name=\"author\" content=\"pascal\" \/>\n<meta name=\"twitter:card\" content=\"summary_large_image\" \/>\n<script type=\"application\/ld+json\" class=\"yoast-schema-graph\">{\"@context\":\"https:\\\/\\\/schema.org\",\"@graph\":[{\"@type\":\"Article\",\"@id\":\"https:\\\/\\\/aliso.fr\\\/initiatives\\\/plan-pauvrete-quels-impacts-pour-les-dispositifs-dinsertion\\\/#article\",\"isPartOf\":{\"@id\":\"https:\\\/\\\/aliso.fr\\\/initiatives\\\/plan-pauvrete-quels-impacts-pour-les-dispositifs-dinsertion\\\/\"},\"author\":{\"name\":\"pascal\",\"@id\":\"https:\\\/\\\/aliso.fr\\\/initiatives\\\/#\\\/schema\\\/person\\\/ac5889082625d5c95b51fac19f3d9b86\"},\"headline\":\"Plan Pauvret\u00e9 : quels impacts pour les dispositifs d&rsquo;insertion ?\",\"datePublished\":\"2018-10-15T12:10:12+00:00\",\"mainEntityOfPage\":{\"@id\":\"https:\\\/\\\/aliso.fr\\\/initiatives\\\/plan-pauvrete-quels-impacts-pour-les-dispositifs-dinsertion\\\/\"},\"wordCount\":90,\"publisher\":{\"@id\":\"https:\\\/\\\/aliso.fr\\\/initiatives\\\/#organization\"},\"image\":{\"@id\":\"https:\\\/\\\/aliso.fr\\\/initiatives\\\/plan-pauvrete-quels-impacts-pour-les-dispositifs-dinsertion\\\/#primaryimage\"},\"thumbnailUrl\":\"\",\"articleSection\":[\"Actualit\u00e9s\"],\"inLanguage\":\"fr-FR\"},{\"@type\":\"WebPage\",\"@id\":\"https:\\\/\\\/aliso.fr\\\/initiatives\\\/plan-pauvrete-quels-impacts-pour-les-dispositifs-dinsertion\\\/\",\"url\":\"https:\\\/\\\/aliso.fr\\\/initiatives\\\/plan-pauvrete-quels-impacts-pour-les-dispositifs-dinsertion\\\/\",\"name\":\"Plan Pauvret\u00e9 : quels impacts pour les dispositifs d'insertion ? - Aliso Initiatives\",\"isPartOf\":{\"@id\":\"https:\\\/\\\/aliso.fr\\\/initiatives\\\/#website\"},\"primaryImageOfPage\":{\"@id\":\"https:\\\/\\\/aliso.fr\\\/initiatives\\\/plan-pauvrete-quels-impacts-pour-les-dispositifs-dinsertion\\\/#primaryimage\"},\"image\":{\"@id\":\"https:\\\/\\\/aliso.fr\\\/initiatives\\\/plan-pauvrete-quels-impacts-pour-les-dispositifs-dinsertion\\\/#primaryimage\"},\"thumbnailUrl\":\"\",\"datePublished\":\"2018-10-15T12:10:12+00:00\",\"breadcrumb\":{\"@id\":\"https:\\\/\\\/aliso.fr\\\/initiatives\\\/plan-pauvrete-quels-impacts-pour-les-dispositifs-dinsertion\\\/#breadcrumb\"},\"inLanguage\":\"fr-FR\",\"potentialAction\":[{\"@type\":\"ReadAction\",\"target\":[\"https:\\\/\\\/aliso.fr\\\/initiatives\\\/plan-pauvrete-quels-impacts-pour-les-dispositifs-dinsertion\\\/\"]}]},{\"@type\":\"ImageObject\",\"inLanguage\":\"fr-FR\",\"@id\":\"https:\\\/\\\/aliso.fr\\\/initiatives\\\/plan-pauvrete-quels-impacts-pour-les-dispositifs-dinsertion\\\/#primaryimage\",\"url\":\"\",\"contentUrl\":\"\"},{\"@type\":\"BreadcrumbList\",\"@id\":\"https:\\\/\\\/aliso.fr\\\/initiatives\\\/plan-pauvrete-quels-impacts-pour-les-dispositifs-dinsertion\\\/#breadcrumb\",\"itemListElement\":[{\"@type\":\"ListItem\",\"position\":1,\"name\":\"Accueil\",\"item\":\"https:\\\/\\\/aliso.fr\\\/initiatives\\\/\"},{\"@type\":\"ListItem\",\"position\":2,\"name\":\"Actualit\u00e9s\",\"item\":\"https:\\\/\\\/aliso.fr\\\/initiatives\\\/actus\\\/\"},{\"@type\":\"ListItem\",\"position\":3,\"name\":\"Plan Pauvret\u00e9 : quels impacts pour les dispositifs d&rsquo;insertion ?\"}]},{\"@type\":\"WebSite\",\"@id\":\"https:\\\/\\\/aliso.fr\\\/initiatives\\\/#website\",\"url\":\"https:\\\/\\\/aliso.fr\\\/initiatives\\\/\",\"name\":\"Aliso Initiatives\",\"description\":\"R\u00e9seau Creusois des acteurs du lien social\",\"publisher\":{\"@id\":\"https:\\\/\\\/aliso.fr\\\/initiatives\\\/#organization\"},\"potentialAction\":[{\"@type\":\"SearchAction\",\"target\":{\"@type\":\"EntryPoint\",\"urlTemplate\":\"https:\\\/\\\/aliso.fr\\\/initiatives\\\/?s={search_term_string}\"},\"query-input\":{\"@type\":\"PropertyValueSpecification\",\"valueRequired\":true,\"valueName\":\"search_term_string\"}}],\"inLanguage\":\"fr-FR\"},{\"@type\":\"Organization\",\"@id\":\"https:\\\/\\\/aliso.fr\\\/initiatives\\\/#organization\",\"name\":\"Aliso Initiatives\",\"url\":\"https:\\\/\\\/aliso.fr\\\/initiatives\\\/\",\"logo\":{\"@type\":\"ImageObject\",\"inLanguage\":\"fr-FR\",\"@id\":\"https:\\\/\\\/aliso.fr\\\/initiatives\\\/#\\\/schema\\\/logo\\\/image\\\/\",\"url\":\"https:\\\/\\\/aliso.fr\\\/initiatives\\\/wp-content\\\/uploads\\\/sites\\\/2\\\/2022\\\/01\\\/Logo-ALISO-Initiatives-2.png\",\"contentUrl\":\"https:\\\/\\\/aliso.fr\\\/initiatives\\\/wp-content\\\/uploads\\\/sites\\\/2\\\/2022\\\/01\\\/Logo-ALISO-Initiatives-2.png\",\"width\":900,\"height\":657,\"caption\":\"Aliso Initiatives\"},\"image\":{\"@id\":\"https:\\\/\\\/aliso.fr\\\/initiatives\\\/#\\\/schema\\\/logo\\\/image\\\/\"}},{\"@type\":\"Person\",\"@id\":\"https:\\\/\\\/aliso.fr\\\/initiatives\\\/#\\\/schema\\\/person\\\/ac5889082625d5c95b51fac19f3d9b86\",\"name\":\"pascal\"}]}<\/script>\n<!-- \/ Yoast SEO plugin. -->","yoast_head_json":{"title":"Plan Pauvret\u00e9 : quels impacts pour les dispositifs d'insertion ? - Aliso Initiatives","robots":{"index":"index","follow":"follow","max-snippet":"max-snippet:-1","max-image-preview":"max-image-preview:large","max-video-preview":"max-video-preview:-1"},"canonical":"https:\/\/aliso.fr\/initiatives\/plan-pauvrete-quels-impacts-pour-les-dispositifs-dinsertion\/","og_locale":"fr_FR","og_type":"article","og_title":"Plan Pauvret\u00e9 : quels impacts pour les dispositifs d'insertion ? - Aliso Initiatives","og_description":"Le 13 septembre dernier, le pr\u00e9sident Emmanuel Macron a annonc\u00e9 sa strat\u00e9gie de lutte contre la pauvret\u00e9 devant, entre autres, l\u2019ensemble des acteurs de l\u2019Insertion par l\u2019activit\u00e9 \u00e9conomique (IAE). 8,5 milliards d\u2019euros vont \u00eatre mobilis\u00e9s d\u2019ici la fin de son quinquennat pour cr\u00e9er \u00ab\u00a0l\u2019Etat providence du XXIe si\u00e8cle\u00a0\u00bb. Quel r\u00f4le sera attendu des structures et... En savoir plus &raquo;","og_url":"https:\/\/aliso.fr\/initiatives\/plan-pauvrete-quels-impacts-pour-les-dispositifs-dinsertion\/","og_site_name":"Aliso Initiatives","article_published_time":"2018-10-15T12:10:12+00:00","author":"pascal","twitter_card":"summary_large_image","schema":{"@context":"https:\/\/schema.org","@graph":[{"@type":"Article","@id":"https:\/\/aliso.fr\/initiatives\/plan-pauvrete-quels-impacts-pour-les-dispositifs-dinsertion\/#article","isPartOf":{"@id":"https:\/\/aliso.fr\/initiatives\/plan-pauvrete-quels-impacts-pour-les-dispositifs-dinsertion\/"},"author":{"name":"pascal","@id":"https:\/\/aliso.fr\/initiatives\/#\/schema\/person\/ac5889082625d5c95b51fac19f3d9b86"},"headline":"Plan Pauvret\u00e9 : quels impacts pour les dispositifs d&rsquo;insertion ?","datePublished":"2018-10-15T12:10:12+00:00","mainEntityOfPage":{"@id":"https:\/\/aliso.fr\/initiatives\/plan-pauvrete-quels-impacts-pour-les-dispositifs-dinsertion\/"},"wordCount":90,"publisher":{"@id":"https:\/\/aliso.fr\/initiatives\/#organization"},"image":{"@id":"https:\/\/aliso.fr\/initiatives\/plan-pauvrete-quels-impacts-pour-les-dispositifs-dinsertion\/#primaryimage"},"thumbnailUrl":"","articleSection":["Actualit\u00e9s"],"inLanguage":"fr-FR"},{"@type":"WebPage","@id":"https:\/\/aliso.fr\/initiatives\/plan-pauvrete-quels-impacts-pour-les-dispositifs-dinsertion\/","url":"https:\/\/aliso.fr\/initiatives\/plan-pauvrete-quels-impacts-pour-les-dispositifs-dinsertion\/","name":"Plan Pauvret\u00e9 : quels impacts pour les dispositifs d'insertion ? - Aliso Initiatives","isPartOf":{"@id":"https:\/\/aliso.fr\/initiatives\/#website"},"primaryImageOfPage":{"@id":"https:\/\/aliso.fr\/initiatives\/plan-pauvrete-quels-impacts-pour-les-dispositifs-dinsertion\/#primaryimage"},"image":{"@id":"https:\/\/aliso.fr\/initiatives\/plan-pauvrete-quels-impacts-pour-les-dispositifs-dinsertion\/#primaryimage"},"thumbnailUrl":"","datePublished":"2018-10-15T12:10:12+00:00","breadcrumb":{"@id":"https:\/\/aliso.fr\/initiatives\/plan-pauvrete-quels-impacts-pour-les-dispositifs-dinsertion\/#breadcrumb"},"inLanguage":"fr-FR","potentialAction":[{"@type":"ReadAction","target":["https:\/\/aliso.fr\/initiatives\/plan-pauvrete-quels-impacts-pour-les-dispositifs-dinsertion\/"]}]},{"@type":"ImageObject","inLanguage":"fr-FR","@id":"https:\/\/aliso.fr\/initiatives\/plan-pauvrete-quels-impacts-pour-les-dispositifs-dinsertion\/#primaryimage","url":"","contentUrl":""},{"@type":"BreadcrumbList","@id":"https:\/\/aliso.fr\/initiatives\/plan-pauvrete-quels-impacts-pour-les-dispositifs-dinsertion\/#breadcrumb","itemListElement":[{"@type":"ListItem","position":1,"name":"Accueil","item":"https:\/\/aliso.fr\/initiatives\/"},{"@type":"ListItem","position":2,"name":"Actualit\u00e9s","item":"https:\/\/aliso.fr\/initiatives\/actus\/"},{"@type":"ListItem","position":3,"name":"Plan Pauvret\u00e9 : quels impacts pour les dispositifs d&rsquo;insertion ?"}]},{"@type":"WebSite","@id":"https:\/\/aliso.fr\/initiatives\/#website","url":"https:\/\/aliso.fr\/initiatives\/","name":"Aliso Initiatives","description":"R\u00e9seau Creusois des acteurs du lien social","publisher":{"@id":"https:\/\/aliso.fr\/initiatives\/#organization"},"potentialAction":[{"@type":"SearchAction","target":{"@type":"EntryPoint","urlTemplate":"https:\/\/aliso.fr\/initiatives\/?s={search_term_string}"},"query-input":{"@type":"PropertyValueSpecification","valueRequired":true,"valueName":"search_term_string"}}],"inLanguage":"fr-FR"},{"@type":"Organization","@id":"https:\/\/aliso.fr\/initiatives\/#organization","name":"Aliso Initiatives","url":"https:\/\/aliso.fr\/initiatives\/","logo":{"@type":"ImageObject","inLanguage":"fr-FR","@id":"https:\/\/aliso.fr\/initiatives\/#\/schema\/logo\/image\/","url":"https:\/\/aliso.fr\/initiatives\/wp-content\/uploads\/sites\/2\/2022\/01\/Logo-ALISO-Initiatives-2.png","contentUrl":"https:\/\/aliso.fr\/initiatives\/wp-content\/uploads\/sites\/2\/2022\/01\/Logo-ALISO-Initiatives-2.png","width":900,"height":657,"caption":"Aliso Initiatives"},"image":{"@id":"https:\/\/aliso.fr\/initiatives\/#\/schema\/logo\/image\/"}},{"@type":"Person","@id":"https:\/\/aliso.fr\/initiatives\/#\/schema\/person\/ac5889082625d5c95b51fac19f3d9b86","name":"pascal"}]}},"_links":{"self":[{"href":"https:\/\/aliso.fr\/initiatives\/wp-json\/wp\/v2\/posts\/1084","targetHints":{"allow":["GET"]}}],"collection":[{"href":"https:\/\/aliso.fr\/initiatives\/wp-json\/wp\/v2\/posts"}],"about":[{"href":"https:\/\/aliso.fr\/initiatives\/wp-json\/wp\/v2\/types\/post"}],"author":[{"embeddable":true,"href":"https:\/\/aliso.fr\/initiatives\/wp-json\/wp\/v2\/users\/5"}],"replies":[{"embeddable":true,"href":"https:\/\/aliso.fr\/initiatives\/wp-json\/wp\/v2\/comments?post=1084"}],"version-history":[{"count":0,"href":"https:\/\/aliso.fr\/initiatives\/wp-json\/wp\/v2\/posts\/1084\/revisions"}],"wp:featuredmedia":[{"embeddable":true,"href":"https:\/\/aliso.fr\/initiatives\/wp-json\/"}],"wp:attachment":[{"href":"https:\/\/aliso.fr\/initiatives\/wp-json\/wp\/v2\/media?parent=1084"}],"wp:term":[{"taxonomy":"category","embeddable":true,"href":"https:\/\/aliso.fr\/initiatives\/wp-json\/wp\/v2\/categories?post=1084"},{"taxonomy":"post_tag","embeddable":true,"href":"https:\/\/aliso.fr\/initiatives\/wp-json\/wp\/v2\/tags?post=1084"}],"curies":[{"name":"wp","href":"https:\/\/api.w.org\/{rel}","templated":true}]}}