{"id":1138,"date":"2019-04-12T06:55:34","date_gmt":"2019-04-12T05:55:34","guid":{"rendered":"http:\/\/bij23.fr\/dla23\/?p=1138"},"modified":"2019-04-12T06:55:34","modified_gmt":"2019-04-12T05:55:34","slug":"24-avril-16h45-avenir-de-la-vie-associative-en-creuse","status":"publish","type":"post","link":"https:\/\/aliso.fr\/initiatives\/24-avril-16h45-avenir-de-la-vie-associative-en-creuse\/","title":{"rendered":"24 Avril, 16h45 : Avenir de la vie associative en Creuse"},"content":{"rendered":"<p>&nbsp;<\/p>\n<p style=\"margin-bottom: 0cm\" align=\"JUSTIFY\"><strong>Mercredi 24 Avril 2019, 16h45-20h, Maison des associations de Gu\u00e9ret, 11 rue de Braconne, se tiendront les Rencontres d\u00e9partementales de la vie associative en Creuse.<\/strong><\/p>\n<p style=\"margin-bottom: 0cm;padding-left: 30px\" align=\"JUSTIFY\">Programme + Formulaire Inscription :\u00a0\u00a0 <a href=\"https:\/\/lemouvementassociatifnouvelleaquitaine.org\/\"><span style=\"color: #000080\"><span lang=\"zxx\"><span style=\"text-decoration: underline\"><span style=\"font-family: Bitter, Cambria, monospace\"><span style=\"background: #ffffff\">https:\/\/lemouvementasso<\/span><\/span><\/span><\/span><\/span><span style=\"color: #000080\"><span lang=\"zxx\"><span style=\"text-decoration: underline\"><span style=\"font-family: Bitter, Cambria, monospace\"><span style=\"background: #ffffff\">ciatifnouvelleaquitaine.org\/<\/span><\/span><\/span><\/span><\/span><\/a><\/p>\n<p style=\"margin-bottom: 0cm\" align=\"JUSTIFY\"><span style=\"color: #000000\"><span style=\"font-family: Bitter, Cambria, monospace\"><span style=\"background: #ffffff\">Le 24 avril 2019, le Mouvement associatif Nouvelle-Aquitaine, en partenariat avec le r\u00e9seau ALISO (R\u00e9seau Creusois des Acteurs du LIen Social), le collectif Associations-nous, le Comit\u00e9 D\u00e9partemental Olympique et Sportif de la Creuse, Gu\u00e9ret Environnement, la Ligue de l\u2019Enseignement de la Creuse et l\u2019Union D\u00e9partementale des Associations Familiales de la Creuse, souhaite vous convier \u00e0 une rencontre de travail entre associations qui se tiendra \u00e0 Gu\u00e9ret. <\/span><\/span><\/span><\/p>\n<p style=\"margin-bottom: 0cm\" align=\"JUSTIFY\"><span style=\"color: #000000\"><span style=\"font-family: Bitter, Cambria, monospace\"><b>Une rencontre pour quoi faire\u00a0?<\/b><\/span><\/span><\/p>\n<p style=\"margin-bottom: 0cm\" align=\"JUSTIFY\"><span style=\"color: #000000\"><span style=\"font-family: Bitter, Cambria, monospace\"><span style=\"background: #ffffff\">Cette rencontre a pour objectif de mobiliser les associations du d\u00e9partement autour d\u2019actualit\u00e9s et de probl\u00e9matiques communes aux acteurs associatifs.<\/span><\/span><\/span><\/p>\n<p style=\"margin-bottom: 0cm\" align=\"JUSTIFY\"><span style=\"color: #000000\"><span style=\"font-family: Bitter, Cambria, monospace\"><span style=\"background: #ffffff\">Les ateliers propos\u00e9s permettront aux participants de contribuer \u00e0 la r\u00e9alisation d\u2019un <\/span><\/span><\/span><span style=\"color: #000000\"><span style=\"font-family: Bitter, Cambria, monospace\"><b><span style=\"background: #ffffff\">\u00e9tat des lieux partag\u00e9<\/span><\/b><\/span><\/span><span style=\"color: #000000\"><span style=\"font-family: Bitter, Cambria, monospace\"><span style=\"background: #ffffff\"> de la situation des associations dans le d\u00e9partement. Les travaux viseront notamment \u00e0 <\/span><\/span><\/span><span style=\"color: #000000\"><span style=\"font-family: Bitter, Cambria, monospace\"><b><span style=\"background: #ffffff\">produire des contributions<\/span><\/b><\/span><\/span><span style=\"color: #000000\"><span style=\"font-family: Bitter, Cambria, monospace\"><span style=\"background: #ffffff\"> utiles au dialogue avec les pouvoirs publics et \u00e0 interroger les politiques publiques et les partenariats existants.<\/span><\/span><\/span><\/p>\n<p style=\"margin-bottom: 0cm\" align=\"JUSTIFY\"><span style=\"color: #000000\"><span style=\"font-family: Bitter, Cambria, monospace\"><span style=\"background: #ffffff\">Ces rencontres s\u2019inscrivent dans une d\u00e9marche collective d\u2019\u00e9change et de r\u00e9flexion sur la vie associative \u00e0 l\u2019\u00e9chelle du d\u00e9partement et du nouvel espace r\u00e9gional. Elles sont\u00a0ouvertes \u00e0 l\u2019ensemble des acteurs associatifs du d\u00e9partement d\u00e9sireux de contribuer \u00e0 cet \u00e9change\u00a0: salari\u00e9s, dirigeants associatifs, b\u00e9n\u00e9voles et volontaires.<\/span><\/span><\/span><\/p>\n<p>&nbsp;<\/p>\n","protected":false},"excerpt":{"rendered":"<p>&nbsp; Mercredi 24 Avril 2019, 16h45-20h, Maison des associations de Gu\u00e9ret, 11 rue de Braconne, se tiendront les Rencontres d\u00e9partementales de la vie associative en Creuse. Programme + Formulaire Inscription :\u00a0\u00a0 https:\/\/lemouvementassociatifnouvelleaquitaine.org\/ Le 24 avril 2019, le Mouvement associatif Nouvelle-Aquitaine, en partenariat avec le r\u00e9seau ALISO (R\u00e9seau Creusois des Acteurs du LIen Social), le collectif&#8230; <a class=\"excerpt-read-more button\" href=\"https:\/\/aliso.fr\/initiatives\/24-avril-16h45-avenir-de-la-vie-associative-en-creuse\/\" title=\"Read24 Avril, 16h45 : Avenir de la vie associative en Creuse\">En savoir plus &raquo;<\/a><\/p>\n","protected":false},"author":5,"featured_media":245,"comment_status":"closed","ping_status":"open","sticky":false,"template":"","format":"standard","meta":{"footnotes":""},"categories":[11],"tags":[],"class_list":["post-1138","post","type-post","status-publish","format-standard","has-post-thumbnail","hentry","category-actus"],"yoast_head":"<!-- This site is optimized with the Yoast SEO plugin v27.5 - https:\/\/yoast.com\/product\/yoast-seo-wordpress\/ -->\n<title>24 Avril, 16h45 : Avenir de la vie associative en Creuse - Aliso Initiatives<\/title>\n<meta name=\"robots\" content=\"index, follow, max-snippet:-1, max-image-preview:large, max-video-preview:-1\" \/>\n<link rel=\"canonical\" href=\"https:\/\/aliso.fr\/initiatives\/24-avril-16h45-avenir-de-la-vie-associative-en-creuse\/\" \/>\n<meta property=\"og:locale\" content=\"fr_FR\" \/>\n<meta property=\"og:type\" content=\"article\" \/>\n<meta property=\"og:title\" content=\"24 Avril, 16h45 : Avenir de la vie associative en Creuse - Aliso Initiatives\" \/>\n<meta property=\"og:description\" content=\"&nbsp; Mercredi 24 Avril 2019, 16h45-20h, Maison des associations de Gu\u00e9ret, 11 rue de Braconne, se tiendront les Rencontres d\u00e9partementales de la vie associative en Creuse. Programme + Formulaire Inscription :\u00a0\u00a0 https:\/\/lemouvementassociatifnouvelleaquitaine.org\/ Le 24 avril 2019, le Mouvement associatif Nouvelle-Aquitaine, en partenariat avec le r\u00e9seau ALISO (R\u00e9seau Creusois des Acteurs du LIen Social), le collectif... En savoir plus &raquo;\" \/>\n<meta property=\"og:url\" content=\"https:\/\/aliso.fr\/initiatives\/24-avril-16h45-avenir-de-la-vie-associative-en-creuse\/\" \/>\n<meta property=\"og:site_name\" content=\"Aliso Initiatives\" \/>\n<meta property=\"article:published_time\" content=\"2019-04-12T05:55:34+00:00\" \/>\n<meta name=\"author\" content=\"pascal\" \/>\n<meta name=\"twitter:card\" content=\"summary_large_image\" \/>\n<script type=\"application\/ld+json\" class=\"yoast-schema-graph\">{\"@context\":\"https:\\\/\\\/schema.org\",\"@graph\":[{\"@type\":\"Article\",\"@id\":\"https:\\\/\\\/aliso.fr\\\/initiatives\\\/24-avril-16h45-avenir-de-la-vie-associative-en-creuse\\\/#article\",\"isPartOf\":{\"@id\":\"https:\\\/\\\/aliso.fr\\\/initiatives\\\/24-avril-16h45-avenir-de-la-vie-associative-en-creuse\\\/\"},\"author\":{\"name\":\"pascal\",\"@id\":\"https:\\\/\\\/aliso.fr\\\/initiatives\\\/#\\\/schema\\\/person\\\/ac5889082625d5c95b51fac19f3d9b86\"},\"headline\":\"24 Avril, 16h45 : Avenir de la vie associative en Creuse\",\"datePublished\":\"2019-04-12T05:55:34+00:00\",\"mainEntityOfPage\":{\"@id\":\"https:\\\/\\\/aliso.fr\\\/initiatives\\\/24-avril-16h45-avenir-de-la-vie-associative-en-creuse\\\/\"},\"wordCount\":249,\"publisher\":{\"@id\":\"https:\\\/\\\/aliso.fr\\\/initiatives\\\/#organization\"},\"image\":{\"@id\":\"https:\\\/\\\/aliso.fr\\\/initiatives\\\/24-avril-16h45-avenir-de-la-vie-associative-en-creuse\\\/#primaryimage\"},\"thumbnailUrl\":\"\",\"articleSection\":[\"Actualit\u00e9s\"],\"inLanguage\":\"fr-FR\"},{\"@type\":\"WebPage\",\"@id\":\"https:\\\/\\\/aliso.fr\\\/initiatives\\\/24-avril-16h45-avenir-de-la-vie-associative-en-creuse\\\/\",\"url\":\"https:\\\/\\\/aliso.fr\\\/initiatives\\\/24-avril-16h45-avenir-de-la-vie-associative-en-creuse\\\/\",\"name\":\"24 Avril, 16h45 : Avenir de la vie associative en Creuse - Aliso Initiatives\",\"isPartOf\":{\"@id\":\"https:\\\/\\\/aliso.fr\\\/initiatives\\\/#website\"},\"primaryImageOfPage\":{\"@id\":\"https:\\\/\\\/aliso.fr\\\/initiatives\\\/24-avril-16h45-avenir-de-la-vie-associative-en-creuse\\\/#primaryimage\"},\"image\":{\"@id\":\"https:\\\/\\\/aliso.fr\\\/initiatives\\\/24-avril-16h45-avenir-de-la-vie-associative-en-creuse\\\/#primaryimage\"},\"thumbnailUrl\":\"\",\"datePublished\":\"2019-04-12T05:55:34+00:00\",\"breadcrumb\":{\"@id\":\"https:\\\/\\\/aliso.fr\\\/initiatives\\\/24-avril-16h45-avenir-de-la-vie-associative-en-creuse\\\/#breadcrumb\"},\"inLanguage\":\"fr-FR\",\"potentialAction\":[{\"@type\":\"ReadAction\",\"target\":[\"https:\\\/\\\/aliso.fr\\\/initiatives\\\/24-avril-16h45-avenir-de-la-vie-associative-en-creuse\\\/\"]}]},{\"@type\":\"ImageObject\",\"inLanguage\":\"fr-FR\",\"@id\":\"https:\\\/\\\/aliso.fr\\\/initiatives\\\/24-avril-16h45-avenir-de-la-vie-associative-en-creuse\\\/#primaryimage\",\"url\":\"\",\"contentUrl\":\"\"},{\"@type\":\"BreadcrumbList\",\"@id\":\"https:\\\/\\\/aliso.fr\\\/initiatives\\\/24-avril-16h45-avenir-de-la-vie-associative-en-creuse\\\/#breadcrumb\",\"itemListElement\":[{\"@type\":\"ListItem\",\"position\":1,\"name\":\"Accueil\",\"item\":\"https:\\\/\\\/aliso.fr\\\/initiatives\\\/\"},{\"@type\":\"ListItem\",\"position\":2,\"name\":\"Actualit\u00e9s\",\"item\":\"https:\\\/\\\/aliso.fr\\\/initiatives\\\/actus\\\/\"},{\"@type\":\"ListItem\",\"position\":3,\"name\":\"24 Avril, 16h45 : Avenir de la vie associative en Creuse\"}]},{\"@type\":\"WebSite\",\"@id\":\"https:\\\/\\\/aliso.fr\\\/initiatives\\\/#website\",\"url\":\"https:\\\/\\\/aliso.fr\\\/initiatives\\\/\",\"name\":\"Aliso Initiatives\",\"description\":\"R\u00e9seau Creusois des acteurs du lien social\",\"publisher\":{\"@id\":\"https:\\\/\\\/aliso.fr\\\/initiatives\\\/#organization\"},\"potentialAction\":[{\"@type\":\"SearchAction\",\"target\":{\"@type\":\"EntryPoint\",\"urlTemplate\":\"https:\\\/\\\/aliso.fr\\\/initiatives\\\/?s={search_term_string}\"},\"query-input\":{\"@type\":\"PropertyValueSpecification\",\"valueRequired\":true,\"valueName\":\"search_term_string\"}}],\"inLanguage\":\"fr-FR\"},{\"@type\":\"Organization\",\"@id\":\"https:\\\/\\\/aliso.fr\\\/initiatives\\\/#organization\",\"name\":\"Aliso Initiatives\",\"url\":\"https:\\\/\\\/aliso.fr\\\/initiatives\\\/\",\"logo\":{\"@type\":\"ImageObject\",\"inLanguage\":\"fr-FR\",\"@id\":\"https:\\\/\\\/aliso.fr\\\/initiatives\\\/#\\\/schema\\\/logo\\\/image\\\/\",\"url\":\"https:\\\/\\\/aliso.fr\\\/initiatives\\\/wp-content\\\/uploads\\\/sites\\\/2\\\/2022\\\/01\\\/Logo-ALISO-Initiatives-2.png\",\"contentUrl\":\"https:\\\/\\\/aliso.fr\\\/initiatives\\\/wp-content\\\/uploads\\\/sites\\\/2\\\/2022\\\/01\\\/Logo-ALISO-Initiatives-2.png\",\"width\":900,\"height\":657,\"caption\":\"Aliso Initiatives\"},\"image\":{\"@id\":\"https:\\\/\\\/aliso.fr\\\/initiatives\\\/#\\\/schema\\\/logo\\\/image\\\/\"}},{\"@type\":\"Person\",\"@id\":\"https:\\\/\\\/aliso.fr\\\/initiatives\\\/#\\\/schema\\\/person\\\/ac5889082625d5c95b51fac19f3d9b86\",\"name\":\"pascal\"}]}<\/script>\n<!-- \/ Yoast SEO plugin. -->","yoast_head_json":{"title":"24 Avril, 16h45 : Avenir de la vie associative en Creuse - Aliso Initiatives","robots":{"index":"index","follow":"follow","max-snippet":"max-snippet:-1","max-image-preview":"max-image-preview:large","max-video-preview":"max-video-preview:-1"},"canonical":"https:\/\/aliso.fr\/initiatives\/24-avril-16h45-avenir-de-la-vie-associative-en-creuse\/","og_locale":"fr_FR","og_type":"article","og_title":"24 Avril, 16h45 : Avenir de la vie associative en Creuse - Aliso Initiatives","og_description":"&nbsp; Mercredi 24 Avril 2019, 16h45-20h, Maison des associations de Gu\u00e9ret, 11 rue de Braconne, se tiendront les Rencontres d\u00e9partementales de la vie associative en Creuse. Programme + Formulaire Inscription :\u00a0\u00a0 https:\/\/lemouvementassociatifnouvelleaquitaine.org\/ Le 24 avril 2019, le Mouvement associatif Nouvelle-Aquitaine, en partenariat avec le r\u00e9seau ALISO (R\u00e9seau Creusois des Acteurs du LIen Social), le collectif... En savoir plus &raquo;","og_url":"https:\/\/aliso.fr\/initiatives\/24-avril-16h45-avenir-de-la-vie-associative-en-creuse\/","og_site_name":"Aliso Initiatives","article_published_time":"2019-04-12T05:55:34+00:00","author":"pascal","twitter_card":"summary_large_image","schema":{"@context":"https:\/\/schema.org","@graph":[{"@type":"Article","@id":"https:\/\/aliso.fr\/initiatives\/24-avril-16h45-avenir-de-la-vie-associative-en-creuse\/#article","isPartOf":{"@id":"https:\/\/aliso.fr\/initiatives\/24-avril-16h45-avenir-de-la-vie-associative-en-creuse\/"},"author":{"name":"pascal","@id":"https:\/\/aliso.fr\/initiatives\/#\/schema\/person\/ac5889082625d5c95b51fac19f3d9b86"},"headline":"24 Avril, 16h45 : Avenir de la vie associative en Creuse","datePublished":"2019-04-12T05:55:34+00:00","mainEntityOfPage":{"@id":"https:\/\/aliso.fr\/initiatives\/24-avril-16h45-avenir-de-la-vie-associative-en-creuse\/"},"wordCount":249,"publisher":{"@id":"https:\/\/aliso.fr\/initiatives\/#organization"},"image":{"@id":"https:\/\/aliso.fr\/initiatives\/24-avril-16h45-avenir-de-la-vie-associative-en-creuse\/#primaryimage"},"thumbnailUrl":"","articleSection":["Actualit\u00e9s"],"inLanguage":"fr-FR"},{"@type":"WebPage","@id":"https:\/\/aliso.fr\/initiatives\/24-avril-16h45-avenir-de-la-vie-associative-en-creuse\/","url":"https:\/\/aliso.fr\/initiatives\/24-avril-16h45-avenir-de-la-vie-associative-en-creuse\/","name":"24 Avril, 16h45 : Avenir de la vie associative en Creuse - Aliso Initiatives","isPartOf":{"@id":"https:\/\/aliso.fr\/initiatives\/#website"},"primaryImageOfPage":{"@id":"https:\/\/aliso.fr\/initiatives\/24-avril-16h45-avenir-de-la-vie-associative-en-creuse\/#primaryimage"},"image":{"@id":"https:\/\/aliso.fr\/initiatives\/24-avril-16h45-avenir-de-la-vie-associative-en-creuse\/#primaryimage"},"thumbnailUrl":"","datePublished":"2019-04-12T05:55:34+00:00","breadcrumb":{"@id":"https:\/\/aliso.fr\/initiatives\/24-avril-16h45-avenir-de-la-vie-associative-en-creuse\/#breadcrumb"},"inLanguage":"fr-FR","potentialAction":[{"@type":"ReadAction","target":["https:\/\/aliso.fr\/initiatives\/24-avril-16h45-avenir-de-la-vie-associative-en-creuse\/"]}]},{"@type":"ImageObject","inLanguage":"fr-FR","@id":"https:\/\/aliso.fr\/initiatives\/24-avril-16h45-avenir-de-la-vie-associative-en-creuse\/#primaryimage","url":"","contentUrl":""},{"@type":"BreadcrumbList","@id":"https:\/\/aliso.fr\/initiatives\/24-avril-16h45-avenir-de-la-vie-associative-en-creuse\/#breadcrumb","itemListElement":[{"@type":"ListItem","position":1,"name":"Accueil","item":"https:\/\/aliso.fr\/initiatives\/"},{"@type":"ListItem","position":2,"name":"Actualit\u00e9s","item":"https:\/\/aliso.fr\/initiatives\/actus\/"},{"@type":"ListItem","position":3,"name":"24 Avril, 16h45 : Avenir de la vie associative en Creuse"}]},{"@type":"WebSite","@id":"https:\/\/aliso.fr\/initiatives\/#website","url":"https:\/\/aliso.fr\/initiatives\/","name":"Aliso Initiatives","description":"R\u00e9seau Creusois des acteurs du lien social","publisher":{"@id":"https:\/\/aliso.fr\/initiatives\/#organization"},"potentialAction":[{"@type":"SearchAction","target":{"@type":"EntryPoint","urlTemplate":"https:\/\/aliso.fr\/initiatives\/?s={search_term_string}"},"query-input":{"@type":"PropertyValueSpecification","valueRequired":true,"valueName":"search_term_string"}}],"inLanguage":"fr-FR"},{"@type":"Organization","@id":"https:\/\/aliso.fr\/initiatives\/#organization","name":"Aliso Initiatives","url":"https:\/\/aliso.fr\/initiatives\/","logo":{"@type":"ImageObject","inLanguage":"fr-FR","@id":"https:\/\/aliso.fr\/initiatives\/#\/schema\/logo\/image\/","url":"https:\/\/aliso.fr\/initiatives\/wp-content\/uploads\/sites\/2\/2022\/01\/Logo-ALISO-Initiatives-2.png","contentUrl":"https:\/\/aliso.fr\/initiatives\/wp-content\/uploads\/sites\/2\/2022\/01\/Logo-ALISO-Initiatives-2.png","width":900,"height":657,"caption":"Aliso Initiatives"},"image":{"@id":"https:\/\/aliso.fr\/initiatives\/#\/schema\/logo\/image\/"}},{"@type":"Person","@id":"https:\/\/aliso.fr\/initiatives\/#\/schema\/person\/ac5889082625d5c95b51fac19f3d9b86","name":"pascal"}]}},"_links":{"self":[{"href":"https:\/\/aliso.fr\/initiatives\/wp-json\/wp\/v2\/posts\/1138","targetHints":{"allow":["GET"]}}],"collection":[{"href":"https:\/\/aliso.fr\/initiatives\/wp-json\/wp\/v2\/posts"}],"about":[{"href":"https:\/\/aliso.fr\/initiatives\/wp-json\/wp\/v2\/types\/post"}],"author":[{"embeddable":true,"href":"https:\/\/aliso.fr\/initiatives\/wp-json\/wp\/v2\/users\/5"}],"replies":[{"embeddable":true,"href":"https:\/\/aliso.fr\/initiatives\/wp-json\/wp\/v2\/comments?post=1138"}],"version-history":[{"count":0,"href":"https:\/\/aliso.fr\/initiatives\/wp-json\/wp\/v2\/posts\/1138\/revisions"}],"wp:featuredmedia":[{"embeddable":true,"href":"https:\/\/aliso.fr\/initiatives\/wp-json\/"}],"wp:attachment":[{"href":"https:\/\/aliso.fr\/initiatives\/wp-json\/wp\/v2\/media?parent=1138"}],"wp:term":[{"taxonomy":"category","embeddable":true,"href":"https:\/\/aliso.fr\/initiatives\/wp-json\/wp\/v2\/categories?post=1138"},{"taxonomy":"post_tag","embeddable":true,"href":"https:\/\/aliso.fr\/initiatives\/wp-json\/wp\/v2\/tags?post=1138"}],"curies":[{"name":"wp","href":"https:\/\/api.w.org\/{rel}","templated":true}]}}