{"id":1169,"date":"2019-11-12T13:59:00","date_gmt":"2019-11-12T12:59:00","guid":{"rendered":"http:\/\/bij23.fr\/dla23\/?p=1169"},"modified":"2019-11-12T13:59:00","modified_gmt":"2019-11-12T12:59:00","slug":"14-novembre-investir-dans-les-lieux-hybrides","status":"publish","type":"post","link":"https:\/\/aliso.fr\/initiatives\/14-novembre-investir-dans-les-lieux-hybrides\/","title":{"rendered":"Investir dans les Lieux Hybrides : une journ\u00e9e riche d&rsquo;exp\u00e9riences"},"content":{"rendered":"<div id=\"attachment_1219\" style=\"width: 630px\" class=\"wp-caption aligncenter\"><a href=\"http:\/\/bij23.fr\/dla23\/wp-content\/uploads\/2019\/11\/gare.gif\"><img loading=\"lazy\" decoding=\"async\" aria-describedby=\"caption-attachment-1219\" class=\"size-large wp-image-1219\" src=\"http:\/\/bij23.fr\/dla23\/wp-content\/uploads\/2019\/11\/gare-1024x410.gif\" alt=\"La Gare en Commun - Association Quartier Rouge - Felletin\" width=\"620\" height=\"248\" \/><\/a><p id=\"caption-attachment-1219\" class=\"wp-caption-text\"><span style=\"color: #33cccc\">La Gare en Commun &#8211; Association Quartier Rouge &#8211; Felletin<\/span><\/p><\/div>\n<p><strong>Signe d&rsquo;une r\u00e9elle attente, 40 participants<\/strong> ont contribu\u00e9 \u00e0 la journ\u00e9e Investir dans les lieux Hybrides, organis\u00e9e le 14 novembre dernier par le R\u00e9seau ALISO dans le cadre du DLA Creuse, en partenariat avec la Quincaillerie Num\u00e9rique &#8211; Agglom\u00e9ration du Grand Gu\u00e9ret, le R\u00e9seau Tela, Sol A Sol, la SCIC L&rsquo;Arban.<\/p>\n<p><strong><span style=\"text-decoration: underline\"><span style=\"color: #ff6600;text-decoration: underline\"><a href=\"http:\/\/bij23.fr\/dla23\/wp-content\/uploads\/2019\/10\/Lieux-hybrides-investissement-14-novembre-presentation2.pdf\"><span style=\"color: #ff6600;text-decoration: underline\">&gt; Jeudi 14 Novembre &#8211;\u00a0 Les th\u00e9matiques abord\u00e9es &#8211;\u00a0 programme ici<\/span><\/a><\/span><\/span><\/strong><\/p>\n<p>Le Dispositif Local d&rsquo;Accompagnement, soutenu par l&rsquo;Etat, la Caisse des d\u00e9p\u00f4ts, la R\u00e9gion Nouvelle Aquitaine et la CAF de la Creuse, a accompagn\u00e9 une vingtaine de lieux hybrides sur le territoire d\u00e9partemental. C&rsquo;est pour capitaliser nos savoirs sur cette diversit\u00e9 d&rsquo;exp\u00e9riences, favoriser la mise en lien entre ces projets, que cette journ\u00e9e th\u00e9matique a \u00e9t\u00e9 construite.<\/p>\n<p><strong>La contribution de porteurs d&rsquo;exp\u00e9rience <\/strong>a permis de rep\u00e9rer certains points cl\u00e9s dans les op\u00e9rations d&rsquo;investissement. Les associations Court-Circuit et Quartier Rouge ont pr\u00e9sent\u00e9 leur d\u00e9marche de mani\u00e8re approfondie, mettant en lumi\u00e8re la n\u00e9cessit\u00e9 d&rsquo;une t\u00e9nacit\u00e9 et d&rsquo;une capacit\u00e9 forte d&rsquo;ing\u00e9nierie de projet, mobilisant une grande diversit\u00e9 de financements publics et priv\u00e9s. Les t\u00e9moignages des associations Bocal et Phac\u00e9lie et Les Granges de Lachaud, associ\u00e9es \u00e0 l&rsquo;intervention de France Active Limousin et du Fonds de dotation La Solidaire, ont permis d&rsquo;aborder les questions strat\u00e9giques de mobilisation de l&#8217;emprunt bancaire et de la lev\u00e9e de fonds aupr\u00e8s des particuliers. Merci \u00e0 l&rsquo;ensemble de ces acteurs d&rsquo;avoir jou\u00e9 le jeu de la transmission d&rsquo;exp\u00e9rience et du b\u00e9n\u00e9fice commun.<\/p>\n<p><strong><span style=\"text-decoration: underline\"><span style=\"color: #ff6600\"><a href=\"http:\/\/bij23.fr\/dla23\/wp-content\/uploads\/2019\/11\/Synthese_atelier_nov_DLA23.pdf\"><span style=\"color: #ff6600;text-decoration: underline\">&gt;&gt; voir le compte rendu complet r\u00e9alis\u00e9 par L&rsquo;Arban<\/span><\/a><\/span><\/span><\/strong><\/p>\n<p><strong>Les enjeux soulev\u00e9s pendant la journ\u00e9e<\/strong><\/p>\n<p><strong>Rendre visible la plus value de ces projets en milieu rural<\/strong>. Les exp\u00e9riences pr\u00e9sent\u00e9es pendant la journ\u00e9e ressemblent \u00e0 de v\u00e9ritables parcours du combattant : peu de soutien public d\u00e9di\u00e9 \u00e0 ce type d&rsquo;investissement, difficult\u00e9 d&rsquo;obtenir des pr\u00eats immobiliers pour des biens patrimoniaux \u00ab\u00a0peu attractifs\u00a0\u00bb car en milieu rural. Nombre d&rsquo;acteurs sont convaincus que ces approches hybrides constituent l&rsquo;avenir des territoires ruraux, empreints de viabilit\u00e9 et d&rsquo;externalit\u00e9s positives : reste \u00e0 convaincre les partenaires, du niveau de la collectivit\u00e9 locale au niveau national, en lien notamment avec l&rsquo;Association nationale des tiers lieux qui ouvre un chantier dans ce sens.<\/p>\n<p><strong>Activer les leviers qu&rsquo;on a sous la main<\/strong> : l&rsquo;exp\u00e9rience du <strong>Fonds de dotation<\/strong> La Solidaire montre que la mobilisation de l&rsquo;\u00e9pargne ou de la g\u00e9n\u00e9rosit\u00e9 locale peut faire levier pour certains projets. Il reste \u00e0 organiser l&rsquo;essaimage de cette exp\u00e9rience \u00e0 d&rsquo;autres projets locaux. Autre \u00e9l\u00e9ment d\u00e9terminant : le temps et la comp\u00e9tence en <strong>ing\u00e9nierie de projet<\/strong> et en <strong>veille<\/strong>. D\u00e9monstration a \u00e9t\u00e9 faite pendant cette journ\u00e9e que cette comp\u00e9tence, les relations de veille, se construisent dans le temps. Peut-on mutualiser cette fonction et dans quelles conditions ?<\/p>\n<p><strong>Ces deux axes de travail sont \u00e0 projeter sur d\u00e9but 2020<\/strong>, avec les acteurs et les r\u00e9seaux qui souhaitent participer \u00e0 cette construction.<\/p>\n<p><a href=\"http:\/\/bij23.fr\/dla23\/wp-content\/uploads\/2019\/10\/20191114_143710.jpg\"><img loading=\"lazy\" decoding=\"async\" class=\"alignnone wp-image-1210 size-large\" src=\"http:\/\/bij23.fr\/dla23\/wp-content\/uploads\/2019\/10\/20191114_143710-1024x576.jpg\" alt=\"20191114_143710\" width=\"620\" height=\"348\" \/><\/a><\/p>\n<p>Cette journ\u00e9e s&rsquo;inscrit dans un cycle associant accompagnements individuels et temps forts d&rsquo;accompagnement collectif construit depuis trois ans avec les porteurs d&rsquo;initiatives et les acteurs du d\u00e9veloppement local en Creuse.<\/p>\n<p>Le territoire creusois est f\u00e9cond d&rsquo;initiatives d&rsquo;habitants qui entreprennent de faire revivre des lieux hybridant activit\u00e9 \u00e9conomique, service au public, convivialit\u00e9, travail en commun : on d\u00e9nombre en 2019 une cinquantaine de lieux hybrides situ\u00e9s dans les bourg et villages (<span style=\"text-decoration: underline\"><span style=\"color: #ff6600\"><a href=\"https:\/\/www.lamontagne.fr\/bourganeuf\/economie\/commerce-artisanat\/2016\/12\/02\/cafes-associatifs-en-creuse-quand-les-habitants-passent-derriere-le-comptoir_12192921.html#refresh\"><span style=\"color: #ff6600;text-decoration: underline\">voir le dossier tr\u00e8s illustratif de la Montagne ici<\/span><\/a><\/span><\/span>). Certains sont en vitesse de croisi\u00e8re, d&rsquo;autres en exp\u00e9rimentation, tous pr\u00e9sentent une diversit\u00e9 de structuration (associations, tiers lieux, entreprises, dans des locaux propres, relevant de particuliers ou de collectivit\u00e9s).<\/p>\n<p>Pour ces porteurs d&rsquo;initiatives, il existe bien souvent une \u00ab\u00a0marche\u00a0\u00bb bien haute, difficile \u00e0 appr\u00e9hender : celle de l&rsquo;investissement pour am\u00e9nager voire acqu\u00e9rir les locaux, les mettre aux normes d&rsquo;accueil du public, d&rsquo;activit\u00e9s, de petite restauration, d&rsquo;animation socio-culturelle, d&rsquo;efficacit\u00e9 \u00e9nerg\u00e9tique.<\/p>\n<p>Un premier Forum initul\u00e9 \u00ab\u00a0<strong><span style=\"text-decoration: underline\"><span style=\"color: #ff6600\"><a href=\"http:\/\/bij23.fr\/dla23\/commerce-et-association\/\"><span style=\"color: #ff6600;text-decoration: underline\">Se mobiliser pour maintenir les lieux de rencontres et de services dans les bourg ruraux<\/span><\/a><\/span><\/span><\/strong>\u00a0\u00bb a mobilis\u00e9 89 participants \u00e0 Bourganeuf, en partenariat avec les agents de d\u00e9veloppement local de collectivit\u00e9s. Il a \u00e9t\u00e9 suivi de <strong><span style=\"text-decoration: underline\"><span style=\"color: #ff6600\"><a href=\"http:\/\/bij23.fr\/dla23\/12-decembre-atelier-lieux-hybrides-statuts-et-fiscalite\/\"><span style=\"color: #ff6600;text-decoration: underline\">deux ateliers collectifs<\/span><\/a><\/span><\/span><\/strong>, r\u00e9unissant une quinzaine de porteurs d&rsquo;initiatives, visant l&rsquo;outillage et l&rsquo;\u00e9change de pratiques : le premier, \u00e0 l&rsquo;Alzire (Jarnages) sur les conditions juridiques et fiscales d&rsquo;exploitation d&rsquo;un lieu ; le second atelier, \u00e0 La renou\u00e9e (Gentioux)\u00a0 port\u00e9e sur les questions de propri\u00e9t\u00e9, d\u2019investissement et de baux d\u2019usage des biens.<\/p>\n","protected":false},"excerpt":{"rendered":"<p>Signe d&rsquo;une r\u00e9elle attente, 40 participants ont contribu\u00e9 \u00e0 la journ\u00e9e Investir dans les lieux Hybrides, organis\u00e9e le 14 novembre dernier par le R\u00e9seau ALISO dans le cadre du DLA Creuse, en partenariat avec la Quincaillerie Num\u00e9rique &#8211; Agglom\u00e9ration du Grand Gu\u00e9ret, le R\u00e9seau Tela, Sol A Sol, la SCIC L&rsquo;Arban. &gt; Jeudi 14 Novembre&#8230; <a class=\"excerpt-read-more button\" href=\"https:\/\/aliso.fr\/initiatives\/14-novembre-investir-dans-les-lieux-hybrides\/\" title=\"ReadInvestir dans les Lieux Hybrides : une journ\u00e9e riche d&rsquo;exp\u00e9riences\">En savoir plus &raquo;<\/a><\/p>\n","protected":false},"author":5,"featured_media":985,"comment_status":"closed","ping_status":"open","sticky":false,"template":"","format":"standard","meta":{"footnotes":""},"categories":[11,19],"tags":[],"class_list":["post-1169","post","type-post","status-publish","format-standard","has-post-thumbnail","hentry","category-actus","category-se-former-sinformer"],"yoast_head":"<!-- This site is optimized with the Yoast SEO plugin v27.5 - https:\/\/yoast.com\/product\/yoast-seo-wordpress\/ -->\n<title>Investir dans les Lieux Hybrides : une journ\u00e9e riche d&#039;exp\u00e9riences - Aliso Initiatives<\/title>\n<meta name=\"robots\" content=\"index, follow, max-snippet:-1, max-image-preview:large, max-video-preview:-1\" \/>\n<link rel=\"canonical\" href=\"https:\/\/aliso.fr\/initiatives\/14-novembre-investir-dans-les-lieux-hybrides\/\" \/>\n<meta property=\"og:locale\" content=\"fr_FR\" \/>\n<meta property=\"og:type\" content=\"article\" \/>\n<meta property=\"og:title\" content=\"Investir dans les Lieux Hybrides : une journ\u00e9e riche d&#039;exp\u00e9riences - Aliso Initiatives\" \/>\n<meta property=\"og:description\" content=\"Signe d&rsquo;une r\u00e9elle attente, 40 participants ont contribu\u00e9 \u00e0 la journ\u00e9e Investir dans les lieux Hybrides, organis\u00e9e le 14 novembre dernier par le R\u00e9seau ALISO dans le cadre du DLA Creuse, en partenariat avec la Quincaillerie Num\u00e9rique &#8211; Agglom\u00e9ration du Grand Gu\u00e9ret, le R\u00e9seau Tela, Sol A Sol, la SCIC L&rsquo;Arban. &gt; Jeudi 14 Novembre... En savoir plus &raquo;\" \/>\n<meta property=\"og:url\" content=\"https:\/\/aliso.fr\/initiatives\/14-novembre-investir-dans-les-lieux-hybrides\/\" \/>\n<meta property=\"og:site_name\" content=\"Aliso Initiatives\" \/>\n<meta property=\"article:published_time\" content=\"2019-11-12T12:59:00+00:00\" \/>\n<meta name=\"author\" content=\"pascal\" \/>\n<meta name=\"twitter:card\" content=\"summary_large_image\" \/>\n<script type=\"application\/ld+json\" class=\"yoast-schema-graph\">{\"@context\":\"https:\\\/\\\/schema.org\",\"@graph\":[{\"@type\":\"Article\",\"@id\":\"https:\\\/\\\/aliso.fr\\\/initiatives\\\/14-novembre-investir-dans-les-lieux-hybrides\\\/#article\",\"isPartOf\":{\"@id\":\"https:\\\/\\\/aliso.fr\\\/initiatives\\\/14-novembre-investir-dans-les-lieux-hybrides\\\/\"},\"author\":{\"name\":\"pascal\",\"@id\":\"https:\\\/\\\/aliso.fr\\\/initiatives\\\/#\\\/schema\\\/person\\\/ac5889082625d5c95b51fac19f3d9b86\"},\"headline\":\"Investir dans les Lieux Hybrides : une journ\u00e9e riche d&rsquo;exp\u00e9riences\",\"datePublished\":\"2019-11-12T12:59:00+00:00\",\"mainEntityOfPage\":{\"@id\":\"https:\\\/\\\/aliso.fr\\\/initiatives\\\/14-novembre-investir-dans-les-lieux-hybrides\\\/\"},\"wordCount\":832,\"publisher\":{\"@id\":\"https:\\\/\\\/aliso.fr\\\/initiatives\\\/#organization\"},\"image\":{\"@id\":\"https:\\\/\\\/aliso.fr\\\/initiatives\\\/14-novembre-investir-dans-les-lieux-hybrides\\\/#primaryimage\"},\"thumbnailUrl\":\"\",\"articleSection\":[\"Actualit\u00e9s\",\"Se former, s\u2019informer\"],\"inLanguage\":\"fr-FR\"},{\"@type\":\"WebPage\",\"@id\":\"https:\\\/\\\/aliso.fr\\\/initiatives\\\/14-novembre-investir-dans-les-lieux-hybrides\\\/\",\"url\":\"https:\\\/\\\/aliso.fr\\\/initiatives\\\/14-novembre-investir-dans-les-lieux-hybrides\\\/\",\"name\":\"Investir dans les Lieux Hybrides : une journ\u00e9e riche d'exp\u00e9riences - Aliso Initiatives\",\"isPartOf\":{\"@id\":\"https:\\\/\\\/aliso.fr\\\/initiatives\\\/#website\"},\"primaryImageOfPage\":{\"@id\":\"https:\\\/\\\/aliso.fr\\\/initiatives\\\/14-novembre-investir-dans-les-lieux-hybrides\\\/#primaryimage\"},\"image\":{\"@id\":\"https:\\\/\\\/aliso.fr\\\/initiatives\\\/14-novembre-investir-dans-les-lieux-hybrides\\\/#primaryimage\"},\"thumbnailUrl\":\"\",\"datePublished\":\"2019-11-12T12:59:00+00:00\",\"breadcrumb\":{\"@id\":\"https:\\\/\\\/aliso.fr\\\/initiatives\\\/14-novembre-investir-dans-les-lieux-hybrides\\\/#breadcrumb\"},\"inLanguage\":\"fr-FR\",\"potentialAction\":[{\"@type\":\"ReadAction\",\"target\":[\"https:\\\/\\\/aliso.fr\\\/initiatives\\\/14-novembre-investir-dans-les-lieux-hybrides\\\/\"]}]},{\"@type\":\"ImageObject\",\"inLanguage\":\"fr-FR\",\"@id\":\"https:\\\/\\\/aliso.fr\\\/initiatives\\\/14-novembre-investir-dans-les-lieux-hybrides\\\/#primaryimage\",\"url\":\"\",\"contentUrl\":\"\"},{\"@type\":\"BreadcrumbList\",\"@id\":\"https:\\\/\\\/aliso.fr\\\/initiatives\\\/14-novembre-investir-dans-les-lieux-hybrides\\\/#breadcrumb\",\"itemListElement\":[{\"@type\":\"ListItem\",\"position\":1,\"name\":\"Accueil\",\"item\":\"https:\\\/\\\/aliso.fr\\\/initiatives\\\/\"},{\"@type\":\"ListItem\",\"position\":2,\"name\":\"Actualit\u00e9s\",\"item\":\"https:\\\/\\\/aliso.fr\\\/initiatives\\\/actus\\\/\"},{\"@type\":\"ListItem\",\"position\":3,\"name\":\"Investir dans les Lieux Hybrides : une journ\u00e9e riche d&rsquo;exp\u00e9riences\"}]},{\"@type\":\"WebSite\",\"@id\":\"https:\\\/\\\/aliso.fr\\\/initiatives\\\/#website\",\"url\":\"https:\\\/\\\/aliso.fr\\\/initiatives\\\/\",\"name\":\"Aliso Initiatives\",\"description\":\"R\u00e9seau Creusois des acteurs du lien social\",\"publisher\":{\"@id\":\"https:\\\/\\\/aliso.fr\\\/initiatives\\\/#organization\"},\"potentialAction\":[{\"@type\":\"SearchAction\",\"target\":{\"@type\":\"EntryPoint\",\"urlTemplate\":\"https:\\\/\\\/aliso.fr\\\/initiatives\\\/?s={search_term_string}\"},\"query-input\":{\"@type\":\"PropertyValueSpecification\",\"valueRequired\":true,\"valueName\":\"search_term_string\"}}],\"inLanguage\":\"fr-FR\"},{\"@type\":\"Organization\",\"@id\":\"https:\\\/\\\/aliso.fr\\\/initiatives\\\/#organization\",\"name\":\"Aliso Initiatives\",\"url\":\"https:\\\/\\\/aliso.fr\\\/initiatives\\\/\",\"logo\":{\"@type\":\"ImageObject\",\"inLanguage\":\"fr-FR\",\"@id\":\"https:\\\/\\\/aliso.fr\\\/initiatives\\\/#\\\/schema\\\/logo\\\/image\\\/\",\"url\":\"https:\\\/\\\/aliso.fr\\\/initiatives\\\/wp-content\\\/uploads\\\/sites\\\/2\\\/2022\\\/01\\\/Logo-ALISO-Initiatives-2.png\",\"contentUrl\":\"https:\\\/\\\/aliso.fr\\\/initiatives\\\/wp-content\\\/uploads\\\/sites\\\/2\\\/2022\\\/01\\\/Logo-ALISO-Initiatives-2.png\",\"width\":900,\"height\":657,\"caption\":\"Aliso Initiatives\"},\"image\":{\"@id\":\"https:\\\/\\\/aliso.fr\\\/initiatives\\\/#\\\/schema\\\/logo\\\/image\\\/\"}},{\"@type\":\"Person\",\"@id\":\"https:\\\/\\\/aliso.fr\\\/initiatives\\\/#\\\/schema\\\/person\\\/ac5889082625d5c95b51fac19f3d9b86\",\"name\":\"pascal\"}]}<\/script>\n<!-- \/ Yoast SEO plugin. -->","yoast_head_json":{"title":"Investir dans les Lieux Hybrides : une journ\u00e9e riche d'exp\u00e9riences - Aliso Initiatives","robots":{"index":"index","follow":"follow","max-snippet":"max-snippet:-1","max-image-preview":"max-image-preview:large","max-video-preview":"max-video-preview:-1"},"canonical":"https:\/\/aliso.fr\/initiatives\/14-novembre-investir-dans-les-lieux-hybrides\/","og_locale":"fr_FR","og_type":"article","og_title":"Investir dans les Lieux Hybrides : une journ\u00e9e riche d'exp\u00e9riences - Aliso Initiatives","og_description":"Signe d&rsquo;une r\u00e9elle attente, 40 participants ont contribu\u00e9 \u00e0 la journ\u00e9e Investir dans les lieux Hybrides, organis\u00e9e le 14 novembre dernier par le R\u00e9seau ALISO dans le cadre du DLA Creuse, en partenariat avec la Quincaillerie Num\u00e9rique &#8211; Agglom\u00e9ration du Grand Gu\u00e9ret, le R\u00e9seau Tela, Sol A Sol, la SCIC L&rsquo;Arban. &gt; Jeudi 14 Novembre... En savoir plus &raquo;","og_url":"https:\/\/aliso.fr\/initiatives\/14-novembre-investir-dans-les-lieux-hybrides\/","og_site_name":"Aliso Initiatives","article_published_time":"2019-11-12T12:59:00+00:00","author":"pascal","twitter_card":"summary_large_image","schema":{"@context":"https:\/\/schema.org","@graph":[{"@type":"Article","@id":"https:\/\/aliso.fr\/initiatives\/14-novembre-investir-dans-les-lieux-hybrides\/#article","isPartOf":{"@id":"https:\/\/aliso.fr\/initiatives\/14-novembre-investir-dans-les-lieux-hybrides\/"},"author":{"name":"pascal","@id":"https:\/\/aliso.fr\/initiatives\/#\/schema\/person\/ac5889082625d5c95b51fac19f3d9b86"},"headline":"Investir dans les Lieux Hybrides : une journ\u00e9e riche d&rsquo;exp\u00e9riences","datePublished":"2019-11-12T12:59:00+00:00","mainEntityOfPage":{"@id":"https:\/\/aliso.fr\/initiatives\/14-novembre-investir-dans-les-lieux-hybrides\/"},"wordCount":832,"publisher":{"@id":"https:\/\/aliso.fr\/initiatives\/#organization"},"image":{"@id":"https:\/\/aliso.fr\/initiatives\/14-novembre-investir-dans-les-lieux-hybrides\/#primaryimage"},"thumbnailUrl":"","articleSection":["Actualit\u00e9s","Se former, s\u2019informer"],"inLanguage":"fr-FR"},{"@type":"WebPage","@id":"https:\/\/aliso.fr\/initiatives\/14-novembre-investir-dans-les-lieux-hybrides\/","url":"https:\/\/aliso.fr\/initiatives\/14-novembre-investir-dans-les-lieux-hybrides\/","name":"Investir dans les Lieux Hybrides : une journ\u00e9e riche d'exp\u00e9riences - Aliso Initiatives","isPartOf":{"@id":"https:\/\/aliso.fr\/initiatives\/#website"},"primaryImageOfPage":{"@id":"https:\/\/aliso.fr\/initiatives\/14-novembre-investir-dans-les-lieux-hybrides\/#primaryimage"},"image":{"@id":"https:\/\/aliso.fr\/initiatives\/14-novembre-investir-dans-les-lieux-hybrides\/#primaryimage"},"thumbnailUrl":"","datePublished":"2019-11-12T12:59:00+00:00","breadcrumb":{"@id":"https:\/\/aliso.fr\/initiatives\/14-novembre-investir-dans-les-lieux-hybrides\/#breadcrumb"},"inLanguage":"fr-FR","potentialAction":[{"@type":"ReadAction","target":["https:\/\/aliso.fr\/initiatives\/14-novembre-investir-dans-les-lieux-hybrides\/"]}]},{"@type":"ImageObject","inLanguage":"fr-FR","@id":"https:\/\/aliso.fr\/initiatives\/14-novembre-investir-dans-les-lieux-hybrides\/#primaryimage","url":"","contentUrl":""},{"@type":"BreadcrumbList","@id":"https:\/\/aliso.fr\/initiatives\/14-novembre-investir-dans-les-lieux-hybrides\/#breadcrumb","itemListElement":[{"@type":"ListItem","position":1,"name":"Accueil","item":"https:\/\/aliso.fr\/initiatives\/"},{"@type":"ListItem","position":2,"name":"Actualit\u00e9s","item":"https:\/\/aliso.fr\/initiatives\/actus\/"},{"@type":"ListItem","position":3,"name":"Investir dans les Lieux Hybrides : une journ\u00e9e riche d&rsquo;exp\u00e9riences"}]},{"@type":"WebSite","@id":"https:\/\/aliso.fr\/initiatives\/#website","url":"https:\/\/aliso.fr\/initiatives\/","name":"Aliso Initiatives","description":"R\u00e9seau Creusois des acteurs du lien social","publisher":{"@id":"https:\/\/aliso.fr\/initiatives\/#organization"},"potentialAction":[{"@type":"SearchAction","target":{"@type":"EntryPoint","urlTemplate":"https:\/\/aliso.fr\/initiatives\/?s={search_term_string}"},"query-input":{"@type":"PropertyValueSpecification","valueRequired":true,"valueName":"search_term_string"}}],"inLanguage":"fr-FR"},{"@type":"Organization","@id":"https:\/\/aliso.fr\/initiatives\/#organization","name":"Aliso Initiatives","url":"https:\/\/aliso.fr\/initiatives\/","logo":{"@type":"ImageObject","inLanguage":"fr-FR","@id":"https:\/\/aliso.fr\/initiatives\/#\/schema\/logo\/image\/","url":"https:\/\/aliso.fr\/initiatives\/wp-content\/uploads\/sites\/2\/2022\/01\/Logo-ALISO-Initiatives-2.png","contentUrl":"https:\/\/aliso.fr\/initiatives\/wp-content\/uploads\/sites\/2\/2022\/01\/Logo-ALISO-Initiatives-2.png","width":900,"height":657,"caption":"Aliso Initiatives"},"image":{"@id":"https:\/\/aliso.fr\/initiatives\/#\/schema\/logo\/image\/"}},{"@type":"Person","@id":"https:\/\/aliso.fr\/initiatives\/#\/schema\/person\/ac5889082625d5c95b51fac19f3d9b86","name":"pascal"}]}},"_links":{"self":[{"href":"https:\/\/aliso.fr\/initiatives\/wp-json\/wp\/v2\/posts\/1169","targetHints":{"allow":["GET"]}}],"collection":[{"href":"https:\/\/aliso.fr\/initiatives\/wp-json\/wp\/v2\/posts"}],"about":[{"href":"https:\/\/aliso.fr\/initiatives\/wp-json\/wp\/v2\/types\/post"}],"author":[{"embeddable":true,"href":"https:\/\/aliso.fr\/initiatives\/wp-json\/wp\/v2\/users\/5"}],"replies":[{"embeddable":true,"href":"https:\/\/aliso.fr\/initiatives\/wp-json\/wp\/v2\/comments?post=1169"}],"version-history":[{"count":0,"href":"https:\/\/aliso.fr\/initiatives\/wp-json\/wp\/v2\/posts\/1169\/revisions"}],"wp:featuredmedia":[{"embeddable":true,"href":"https:\/\/aliso.fr\/initiatives\/wp-json\/"}],"wp:attachment":[{"href":"https:\/\/aliso.fr\/initiatives\/wp-json\/wp\/v2\/media?parent=1169"}],"wp:term":[{"taxonomy":"category","embeddable":true,"href":"https:\/\/aliso.fr\/initiatives\/wp-json\/wp\/v2\/categories?post=1169"},{"taxonomy":"post_tag","embeddable":true,"href":"https:\/\/aliso.fr\/initiatives\/wp-json\/wp\/v2\/tags?post=1169"}],"curies":[{"name":"wp","href":"https:\/\/api.w.org\/{rel}","templated":true}]}}