{"id":1249,"date":"2020-02-17T12:37:09","date_gmt":"2020-02-17T11:37:09","guid":{"rendered":"http:\/\/bij23.fr\/dla23\/?p=1249"},"modified":"2020-02-17T12:37:09","modified_gmt":"2020-02-17T11:37:09","slug":"culture-en-milieu-rural-4-associations-de-creuse-ont-la-parole","status":"publish","type":"post","link":"https:\/\/aliso.fr\/initiatives\/culture-en-milieu-rural-4-associations-de-creuse-ont-la-parole\/","title":{"rendered":"Culture en milieu rural : 4 associations de creuse ont la parole"},"content":{"rendered":"<p>Et cette parole a \u00e9t\u00e9 diffus\u00e9e sur France Culture, sur les chroniques des Carnets de la Cr\u00e9ation \u00e0 retrouver ici : <strong><span style=\"text-decoration: underline\"><span style=\"color: #ff6600\"><a href=\"https:\/\/www.franceculture.fr\/emissions\/les-carnets-de-la-creation\"><span style=\"color: #ff6600;text-decoration: underline\">https:\/\/www.franceculture.fr\/emissions\/les-carnets-de-la-creation<\/span><\/a><\/span><\/span><\/strong><\/p>\n<p><img decoding=\"async\" src=\"https:\/\/cdn.radiofrance.fr\/s3\/cruiser-production\/2020\/02\/4bf81cda-ee4f-4552-9d94-f4d75a82d5cc\/500x282_constance_social_club.webp\" alt=\"https:\/\/cdn.radiofrance.fr\/s3\/cruiser-production\/2020\/02\/4bf81cda-ee4f-4552-9d94-f4d75a82d5cc\/500x282_constance_social_club.webp\" \/><\/p>\n","protected":false},"excerpt":{"rendered":"<p>Et cette parole a \u00e9t\u00e9 diffus\u00e9e sur France Culture, sur les chroniques des Carnets de la Cr\u00e9ation \u00e0 retrouver ici : https:\/\/www.franceculture.fr\/emissions\/les-carnets-de-la-creation<\/p>\n","protected":false},"author":5,"featured_media":965,"comment_status":"closed","ping_status":"open","sticky":false,"template":"","format":"standard","meta":{"footnotes":""},"categories":[11],"tags":[],"class_list":["post-1249","post","type-post","status-publish","format-standard","has-post-thumbnail","hentry","category-actus"],"yoast_head":"<!-- This site is optimized with the Yoast SEO plugin v27.5 - https:\/\/yoast.com\/product\/yoast-seo-wordpress\/ -->\n<title>Culture en milieu rural : 4 associations de creuse ont la parole - Aliso Initiatives<\/title>\n<meta name=\"robots\" content=\"index, follow, max-snippet:-1, max-image-preview:large, max-video-preview:-1\" \/>\n<link rel=\"canonical\" href=\"https:\/\/aliso.fr\/initiatives\/culture-en-milieu-rural-4-associations-de-creuse-ont-la-parole\/\" \/>\n<meta property=\"og:locale\" content=\"fr_FR\" \/>\n<meta property=\"og:type\" content=\"article\" \/>\n<meta property=\"og:title\" content=\"Culture en milieu rural : 4 associations de creuse ont la parole - Aliso Initiatives\" \/>\n<meta property=\"og:description\" content=\"Et cette parole a \u00e9t\u00e9 diffus\u00e9e sur France Culture, sur les chroniques des Carnets de la Cr\u00e9ation \u00e0 retrouver ici : https:\/\/www.franceculture.fr\/emissions\/les-carnets-de-la-creation\" \/>\n<meta property=\"og:url\" content=\"https:\/\/aliso.fr\/initiatives\/culture-en-milieu-rural-4-associations-de-creuse-ont-la-parole\/\" \/>\n<meta property=\"og:site_name\" content=\"Aliso Initiatives\" \/>\n<meta property=\"article:published_time\" content=\"2020-02-17T11:37:09+00:00\" \/>\n<meta name=\"author\" content=\"pascal\" \/>\n<meta name=\"twitter:card\" content=\"summary_large_image\" \/>\n<script type=\"application\/ld+json\" class=\"yoast-schema-graph\">{\"@context\":\"https:\\\/\\\/schema.org\",\"@graph\":[{\"@type\":\"Article\",\"@id\":\"https:\\\/\\\/aliso.fr\\\/initiatives\\\/culture-en-milieu-rural-4-associations-de-creuse-ont-la-parole\\\/#article\",\"isPartOf\":{\"@id\":\"https:\\\/\\\/aliso.fr\\\/initiatives\\\/culture-en-milieu-rural-4-associations-de-creuse-ont-la-parole\\\/\"},\"author\":{\"name\":\"pascal\",\"@id\":\"https:\\\/\\\/aliso.fr\\\/initiatives\\\/#\\\/schema\\\/person\\\/ac5889082625d5c95b51fac19f3d9b86\"},\"headline\":\"Culture en milieu rural : 4 associations de creuse ont la parole\",\"datePublished\":\"2020-02-17T11:37:09+00:00\",\"mainEntityOfPage\":{\"@id\":\"https:\\\/\\\/aliso.fr\\\/initiatives\\\/culture-en-milieu-rural-4-associations-de-creuse-ont-la-parole\\\/\"},\"wordCount\":37,\"publisher\":{\"@id\":\"https:\\\/\\\/aliso.fr\\\/initiatives\\\/#organization\"},\"image\":{\"@id\":\"https:\\\/\\\/aliso.fr\\\/initiatives\\\/culture-en-milieu-rural-4-associations-de-creuse-ont-la-parole\\\/#primaryimage\"},\"thumbnailUrl\":\"\",\"articleSection\":[\"Actualit\u00e9s\"],\"inLanguage\":\"fr-FR\"},{\"@type\":\"WebPage\",\"@id\":\"https:\\\/\\\/aliso.fr\\\/initiatives\\\/culture-en-milieu-rural-4-associations-de-creuse-ont-la-parole\\\/\",\"url\":\"https:\\\/\\\/aliso.fr\\\/initiatives\\\/culture-en-milieu-rural-4-associations-de-creuse-ont-la-parole\\\/\",\"name\":\"Culture en milieu rural : 4 associations de creuse ont la parole - Aliso Initiatives\",\"isPartOf\":{\"@id\":\"https:\\\/\\\/aliso.fr\\\/initiatives\\\/#website\"},\"primaryImageOfPage\":{\"@id\":\"https:\\\/\\\/aliso.fr\\\/initiatives\\\/culture-en-milieu-rural-4-associations-de-creuse-ont-la-parole\\\/#primaryimage\"},\"image\":{\"@id\":\"https:\\\/\\\/aliso.fr\\\/initiatives\\\/culture-en-milieu-rural-4-associations-de-creuse-ont-la-parole\\\/#primaryimage\"},\"thumbnailUrl\":\"\",\"datePublished\":\"2020-02-17T11:37:09+00:00\",\"breadcrumb\":{\"@id\":\"https:\\\/\\\/aliso.fr\\\/initiatives\\\/culture-en-milieu-rural-4-associations-de-creuse-ont-la-parole\\\/#breadcrumb\"},\"inLanguage\":\"fr-FR\",\"potentialAction\":[{\"@type\":\"ReadAction\",\"target\":[\"https:\\\/\\\/aliso.fr\\\/initiatives\\\/culture-en-milieu-rural-4-associations-de-creuse-ont-la-parole\\\/\"]}]},{\"@type\":\"ImageObject\",\"inLanguage\":\"fr-FR\",\"@id\":\"https:\\\/\\\/aliso.fr\\\/initiatives\\\/culture-en-milieu-rural-4-associations-de-creuse-ont-la-parole\\\/#primaryimage\",\"url\":\"\",\"contentUrl\":\"\"},{\"@type\":\"BreadcrumbList\",\"@id\":\"https:\\\/\\\/aliso.fr\\\/initiatives\\\/culture-en-milieu-rural-4-associations-de-creuse-ont-la-parole\\\/#breadcrumb\",\"itemListElement\":[{\"@type\":\"ListItem\",\"position\":1,\"name\":\"Accueil\",\"item\":\"https:\\\/\\\/aliso.fr\\\/initiatives\\\/\"},{\"@type\":\"ListItem\",\"position\":2,\"name\":\"Actualit\u00e9s\",\"item\":\"https:\\\/\\\/aliso.fr\\\/initiatives\\\/actus\\\/\"},{\"@type\":\"ListItem\",\"position\":3,\"name\":\"Culture en milieu rural : 4 associations de creuse ont la parole\"}]},{\"@type\":\"WebSite\",\"@id\":\"https:\\\/\\\/aliso.fr\\\/initiatives\\\/#website\",\"url\":\"https:\\\/\\\/aliso.fr\\\/initiatives\\\/\",\"name\":\"Aliso Initiatives\",\"description\":\"R\u00e9seau Creusois des acteurs du lien social\",\"publisher\":{\"@id\":\"https:\\\/\\\/aliso.fr\\\/initiatives\\\/#organization\"},\"potentialAction\":[{\"@type\":\"SearchAction\",\"target\":{\"@type\":\"EntryPoint\",\"urlTemplate\":\"https:\\\/\\\/aliso.fr\\\/initiatives\\\/?s={search_term_string}\"},\"query-input\":{\"@type\":\"PropertyValueSpecification\",\"valueRequired\":true,\"valueName\":\"search_term_string\"}}],\"inLanguage\":\"fr-FR\"},{\"@type\":\"Organization\",\"@id\":\"https:\\\/\\\/aliso.fr\\\/initiatives\\\/#organization\",\"name\":\"Aliso Initiatives\",\"url\":\"https:\\\/\\\/aliso.fr\\\/initiatives\\\/\",\"logo\":{\"@type\":\"ImageObject\",\"inLanguage\":\"fr-FR\",\"@id\":\"https:\\\/\\\/aliso.fr\\\/initiatives\\\/#\\\/schema\\\/logo\\\/image\\\/\",\"url\":\"https:\\\/\\\/aliso.fr\\\/initiatives\\\/wp-content\\\/uploads\\\/sites\\\/2\\\/2022\\\/01\\\/Logo-ALISO-Initiatives-2.png\",\"contentUrl\":\"https:\\\/\\\/aliso.fr\\\/initiatives\\\/wp-content\\\/uploads\\\/sites\\\/2\\\/2022\\\/01\\\/Logo-ALISO-Initiatives-2.png\",\"width\":900,\"height\":657,\"caption\":\"Aliso Initiatives\"},\"image\":{\"@id\":\"https:\\\/\\\/aliso.fr\\\/initiatives\\\/#\\\/schema\\\/logo\\\/image\\\/\"}},{\"@type\":\"Person\",\"@id\":\"https:\\\/\\\/aliso.fr\\\/initiatives\\\/#\\\/schema\\\/person\\\/ac5889082625d5c95b51fac19f3d9b86\",\"name\":\"pascal\"}]}<\/script>\n<!-- \/ Yoast SEO plugin. -->","yoast_head_json":{"title":"Culture en milieu rural : 4 associations de creuse ont la parole - Aliso Initiatives","robots":{"index":"index","follow":"follow","max-snippet":"max-snippet:-1","max-image-preview":"max-image-preview:large","max-video-preview":"max-video-preview:-1"},"canonical":"https:\/\/aliso.fr\/initiatives\/culture-en-milieu-rural-4-associations-de-creuse-ont-la-parole\/","og_locale":"fr_FR","og_type":"article","og_title":"Culture en milieu rural : 4 associations de creuse ont la parole - Aliso Initiatives","og_description":"Et cette parole a \u00e9t\u00e9 diffus\u00e9e sur France Culture, sur les chroniques des Carnets de la Cr\u00e9ation \u00e0 retrouver ici : https:\/\/www.franceculture.fr\/emissions\/les-carnets-de-la-creation","og_url":"https:\/\/aliso.fr\/initiatives\/culture-en-milieu-rural-4-associations-de-creuse-ont-la-parole\/","og_site_name":"Aliso Initiatives","article_published_time":"2020-02-17T11:37:09+00:00","author":"pascal","twitter_card":"summary_large_image","schema":{"@context":"https:\/\/schema.org","@graph":[{"@type":"Article","@id":"https:\/\/aliso.fr\/initiatives\/culture-en-milieu-rural-4-associations-de-creuse-ont-la-parole\/#article","isPartOf":{"@id":"https:\/\/aliso.fr\/initiatives\/culture-en-milieu-rural-4-associations-de-creuse-ont-la-parole\/"},"author":{"name":"pascal","@id":"https:\/\/aliso.fr\/initiatives\/#\/schema\/person\/ac5889082625d5c95b51fac19f3d9b86"},"headline":"Culture en milieu rural : 4 associations de creuse ont la parole","datePublished":"2020-02-17T11:37:09+00:00","mainEntityOfPage":{"@id":"https:\/\/aliso.fr\/initiatives\/culture-en-milieu-rural-4-associations-de-creuse-ont-la-parole\/"},"wordCount":37,"publisher":{"@id":"https:\/\/aliso.fr\/initiatives\/#organization"},"image":{"@id":"https:\/\/aliso.fr\/initiatives\/culture-en-milieu-rural-4-associations-de-creuse-ont-la-parole\/#primaryimage"},"thumbnailUrl":"","articleSection":["Actualit\u00e9s"],"inLanguage":"fr-FR"},{"@type":"WebPage","@id":"https:\/\/aliso.fr\/initiatives\/culture-en-milieu-rural-4-associations-de-creuse-ont-la-parole\/","url":"https:\/\/aliso.fr\/initiatives\/culture-en-milieu-rural-4-associations-de-creuse-ont-la-parole\/","name":"Culture en milieu rural : 4 associations de creuse ont la parole - Aliso Initiatives","isPartOf":{"@id":"https:\/\/aliso.fr\/initiatives\/#website"},"primaryImageOfPage":{"@id":"https:\/\/aliso.fr\/initiatives\/culture-en-milieu-rural-4-associations-de-creuse-ont-la-parole\/#primaryimage"},"image":{"@id":"https:\/\/aliso.fr\/initiatives\/culture-en-milieu-rural-4-associations-de-creuse-ont-la-parole\/#primaryimage"},"thumbnailUrl":"","datePublished":"2020-02-17T11:37:09+00:00","breadcrumb":{"@id":"https:\/\/aliso.fr\/initiatives\/culture-en-milieu-rural-4-associations-de-creuse-ont-la-parole\/#breadcrumb"},"inLanguage":"fr-FR","potentialAction":[{"@type":"ReadAction","target":["https:\/\/aliso.fr\/initiatives\/culture-en-milieu-rural-4-associations-de-creuse-ont-la-parole\/"]}]},{"@type":"ImageObject","inLanguage":"fr-FR","@id":"https:\/\/aliso.fr\/initiatives\/culture-en-milieu-rural-4-associations-de-creuse-ont-la-parole\/#primaryimage","url":"","contentUrl":""},{"@type":"BreadcrumbList","@id":"https:\/\/aliso.fr\/initiatives\/culture-en-milieu-rural-4-associations-de-creuse-ont-la-parole\/#breadcrumb","itemListElement":[{"@type":"ListItem","position":1,"name":"Accueil","item":"https:\/\/aliso.fr\/initiatives\/"},{"@type":"ListItem","position":2,"name":"Actualit\u00e9s","item":"https:\/\/aliso.fr\/initiatives\/actus\/"},{"@type":"ListItem","position":3,"name":"Culture en milieu rural : 4 associations de creuse ont la parole"}]},{"@type":"WebSite","@id":"https:\/\/aliso.fr\/initiatives\/#website","url":"https:\/\/aliso.fr\/initiatives\/","name":"Aliso Initiatives","description":"R\u00e9seau Creusois des acteurs du lien social","publisher":{"@id":"https:\/\/aliso.fr\/initiatives\/#organization"},"potentialAction":[{"@type":"SearchAction","target":{"@type":"EntryPoint","urlTemplate":"https:\/\/aliso.fr\/initiatives\/?s={search_term_string}"},"query-input":{"@type":"PropertyValueSpecification","valueRequired":true,"valueName":"search_term_string"}}],"inLanguage":"fr-FR"},{"@type":"Organization","@id":"https:\/\/aliso.fr\/initiatives\/#organization","name":"Aliso Initiatives","url":"https:\/\/aliso.fr\/initiatives\/","logo":{"@type":"ImageObject","inLanguage":"fr-FR","@id":"https:\/\/aliso.fr\/initiatives\/#\/schema\/logo\/image\/","url":"https:\/\/aliso.fr\/initiatives\/wp-content\/uploads\/sites\/2\/2022\/01\/Logo-ALISO-Initiatives-2.png","contentUrl":"https:\/\/aliso.fr\/initiatives\/wp-content\/uploads\/sites\/2\/2022\/01\/Logo-ALISO-Initiatives-2.png","width":900,"height":657,"caption":"Aliso Initiatives"},"image":{"@id":"https:\/\/aliso.fr\/initiatives\/#\/schema\/logo\/image\/"}},{"@type":"Person","@id":"https:\/\/aliso.fr\/initiatives\/#\/schema\/person\/ac5889082625d5c95b51fac19f3d9b86","name":"pascal"}]}},"_links":{"self":[{"href":"https:\/\/aliso.fr\/initiatives\/wp-json\/wp\/v2\/posts\/1249","targetHints":{"allow":["GET"]}}],"collection":[{"href":"https:\/\/aliso.fr\/initiatives\/wp-json\/wp\/v2\/posts"}],"about":[{"href":"https:\/\/aliso.fr\/initiatives\/wp-json\/wp\/v2\/types\/post"}],"author":[{"embeddable":true,"href":"https:\/\/aliso.fr\/initiatives\/wp-json\/wp\/v2\/users\/5"}],"replies":[{"embeddable":true,"href":"https:\/\/aliso.fr\/initiatives\/wp-json\/wp\/v2\/comments?post=1249"}],"version-history":[{"count":0,"href":"https:\/\/aliso.fr\/initiatives\/wp-json\/wp\/v2\/posts\/1249\/revisions"}],"wp:featuredmedia":[{"embeddable":true,"href":"https:\/\/aliso.fr\/initiatives\/wp-json\/"}],"wp:attachment":[{"href":"https:\/\/aliso.fr\/initiatives\/wp-json\/wp\/v2\/media?parent=1249"}],"wp:term":[{"taxonomy":"category","embeddable":true,"href":"https:\/\/aliso.fr\/initiatives\/wp-json\/wp\/v2\/categories?post=1249"},{"taxonomy":"post_tag","embeddable":true,"href":"https:\/\/aliso.fr\/initiatives\/wp-json\/wp\/v2\/tags?post=1249"}],"curies":[{"name":"wp","href":"https:\/\/api.w.org\/{rel}","templated":true}]}}