{"id":129,"date":"2016-04-10T09:27:31","date_gmt":"2016-04-10T08:27:31","guid":{"rendered":"http:\/\/paysdegueret.info\/dla23\/?p=129"},"modified":"2016-04-10T09:27:31","modified_gmt":"2016-04-10T08:27:31","slug":"contrats-aides-cui-cae","status":"publish","type":"post","link":"https:\/\/aliso.fr\/initiatives\/contrats-aides-cui-cae\/","title":{"rendered":"Contrats aid\u00e9s CUI-CAE : relance 2016"},"content":{"rendered":"<div><span style=\"font-size: small;color: #000000\">Face au niveau de chomage en Creuse,\u00a0 l&rsquo;Etat invite les associations \u00e0 se mobiliser pour l&#8217;emploi.<\/span><\/div>\n<div><span style=\"font-size: small;color: #000000\">Les modalit\u00e9s de prise en charge du co\u00fbt de l&#8217;emploi selon les publics vis\u00e9s \u00e9voluent en 2016 :<br \/>\n<\/span><span style=\"text-decoration: underline\"><strong><span style=\"color: #ff6600\"><a href=\"http:\/\/bij23.fr\/dla23\/wp-content\/uploads\/2016\/04\/cae-cie-arr\u00eat\u00e9-f\u00e9vrier-2016-1.pdf\"><span style=\"color: #ff6600\"><span style=\"color: #ff6317;text-decoration: underline\">cliquez ici pour conna\u00eetre le nouvel arr\u00eat\u00e9 pr\u00e9fectoral.<\/span><\/span><\/a><\/span><\/strong><\/span><\/div>\n<div><span style=\"font-size: small;color: #000000\"> Le secteur associatif a fait ses preuves de sa participation \u00e0 la r\u00e9duction du ch\u00f4mage : l&rsquo;effort est \u00e0 prolonger cette ann\u00e9e.<br \/>\n<\/span><\/div>\n<div><\/div>\n<div><\/div>\n","protected":false},"excerpt":{"rendered":"<p>Face au niveau de chomage en Creuse,\u00a0 l&rsquo;Etat invite les associations \u00e0 se mobiliser pour l&#8217;emploi. Les modalit\u00e9s de prise en charge du co\u00fbt de l&#8217;emploi selon les publics vis\u00e9s \u00e9voluent en 2016 : cliquez ici pour conna\u00eetre le nouvel arr\u00eat\u00e9 pr\u00e9fectoral. Le secteur associatif a fait ses preuves de sa participation \u00e0 la r\u00e9duction&#8230; <a class=\"excerpt-read-more button\" href=\"https:\/\/aliso.fr\/initiatives\/contrats-aides-cui-cae\/\" title=\"ReadContrats aid\u00e9s CUI-CAE : relance 2016\">En savoir plus &raquo;<\/a><\/p>\n","protected":false},"author":5,"featured_media":131,"comment_status":"closed","ping_status":"open","sticky":false,"template":"","format":"standard","meta":{"footnotes":""},"categories":[11,16],"tags":[],"class_list":["post-129","post","type-post","status-publish","format-standard","has-post-thumbnail","hentry","category-actus","category-soutiens-emploi"],"yoast_head":"<!-- This site is optimized with the Yoast SEO plugin v27.5 - https:\/\/yoast.com\/product\/yoast-seo-wordpress\/ -->\n<title>Contrats aid\u00e9s CUI-CAE : relance 2016 - Aliso Initiatives<\/title>\n<meta name=\"robots\" content=\"index, follow, max-snippet:-1, max-image-preview:large, max-video-preview:-1\" \/>\n<link rel=\"canonical\" href=\"https:\/\/aliso.fr\/initiatives\/contrats-aides-cui-cae\/\" \/>\n<meta property=\"og:locale\" content=\"fr_FR\" \/>\n<meta property=\"og:type\" content=\"article\" \/>\n<meta property=\"og:title\" content=\"Contrats aid\u00e9s CUI-CAE : relance 2016 - Aliso Initiatives\" \/>\n<meta property=\"og:description\" content=\"Face au niveau de chomage en Creuse,\u00a0 l&rsquo;Etat invite les associations \u00e0 se mobiliser pour l&#8217;emploi. Les modalit\u00e9s de prise en charge du co\u00fbt de l&#8217;emploi selon les publics vis\u00e9s \u00e9voluent en 2016 : cliquez ici pour conna\u00eetre le nouvel arr\u00eat\u00e9 pr\u00e9fectoral. Le secteur associatif a fait ses preuves de sa participation \u00e0 la r\u00e9duction... En savoir plus &raquo;\" \/>\n<meta property=\"og:url\" content=\"https:\/\/aliso.fr\/initiatives\/contrats-aides-cui-cae\/\" \/>\n<meta property=\"og:site_name\" content=\"Aliso Initiatives\" \/>\n<meta property=\"article:published_time\" content=\"2016-04-10T08:27:31+00:00\" \/>\n<meta name=\"author\" content=\"pascal\" \/>\n<meta name=\"twitter:card\" content=\"summary_large_image\" \/>\n<script type=\"application\/ld+json\" class=\"yoast-schema-graph\">{\"@context\":\"https:\\\/\\\/schema.org\",\"@graph\":[{\"@type\":\"Article\",\"@id\":\"https:\\\/\\\/aliso.fr\\\/initiatives\\\/contrats-aides-cui-cae\\\/#article\",\"isPartOf\":{\"@id\":\"https:\\\/\\\/aliso.fr\\\/initiatives\\\/contrats-aides-cui-cae\\\/\"},\"author\":{\"name\":\"pascal\",\"@id\":\"https:\\\/\\\/aliso.fr\\\/initiatives\\\/#\\\/schema\\\/person\\\/ac5889082625d5c95b51fac19f3d9b86\"},\"headline\":\"Contrats aid\u00e9s CUI-CAE : relance 2016\",\"datePublished\":\"2016-04-10T08:27:31+00:00\",\"mainEntityOfPage\":{\"@id\":\"https:\\\/\\\/aliso.fr\\\/initiatives\\\/contrats-aides-cui-cae\\\/\"},\"wordCount\":76,\"publisher\":{\"@id\":\"https:\\\/\\\/aliso.fr\\\/initiatives\\\/#organization\"},\"image\":{\"@id\":\"https:\\\/\\\/aliso.fr\\\/initiatives\\\/contrats-aides-cui-cae\\\/#primaryimage\"},\"thumbnailUrl\":\"\",\"articleSection\":[\"Actualit\u00e9s\",\"Soutiens \u00e0 l'emploi\"],\"inLanguage\":\"fr-FR\"},{\"@type\":\"WebPage\",\"@id\":\"https:\\\/\\\/aliso.fr\\\/initiatives\\\/contrats-aides-cui-cae\\\/\",\"url\":\"https:\\\/\\\/aliso.fr\\\/initiatives\\\/contrats-aides-cui-cae\\\/\",\"name\":\"Contrats aid\u00e9s CUI-CAE : relance 2016 - Aliso Initiatives\",\"isPartOf\":{\"@id\":\"https:\\\/\\\/aliso.fr\\\/initiatives\\\/#website\"},\"primaryImageOfPage\":{\"@id\":\"https:\\\/\\\/aliso.fr\\\/initiatives\\\/contrats-aides-cui-cae\\\/#primaryimage\"},\"image\":{\"@id\":\"https:\\\/\\\/aliso.fr\\\/initiatives\\\/contrats-aides-cui-cae\\\/#primaryimage\"},\"thumbnailUrl\":\"\",\"datePublished\":\"2016-04-10T08:27:31+00:00\",\"breadcrumb\":{\"@id\":\"https:\\\/\\\/aliso.fr\\\/initiatives\\\/contrats-aides-cui-cae\\\/#breadcrumb\"},\"inLanguage\":\"fr-FR\",\"potentialAction\":[{\"@type\":\"ReadAction\",\"target\":[\"https:\\\/\\\/aliso.fr\\\/initiatives\\\/contrats-aides-cui-cae\\\/\"]}]},{\"@type\":\"ImageObject\",\"inLanguage\":\"fr-FR\",\"@id\":\"https:\\\/\\\/aliso.fr\\\/initiatives\\\/contrats-aides-cui-cae\\\/#primaryimage\",\"url\":\"\",\"contentUrl\":\"\"},{\"@type\":\"BreadcrumbList\",\"@id\":\"https:\\\/\\\/aliso.fr\\\/initiatives\\\/contrats-aides-cui-cae\\\/#breadcrumb\",\"itemListElement\":[{\"@type\":\"ListItem\",\"position\":1,\"name\":\"Accueil\",\"item\":\"https:\\\/\\\/aliso.fr\\\/initiatives\\\/\"},{\"@type\":\"ListItem\",\"position\":2,\"name\":\"Ressources et outils\",\"item\":\"https:\\\/\\\/aliso.fr\\\/initiatives\\\/ressources-et-outils\\\/\"},{\"@type\":\"ListItem\",\"position\":3,\"name\":\"Soutiens \u00e0 l'emploi\",\"item\":\"https:\\\/\\\/aliso.fr\\\/initiatives\\\/ressources-et-outils\\\/soutiens-emploi\\\/\"},{\"@type\":\"ListItem\",\"position\":4,\"name\":\"Contrats aid\u00e9s CUI-CAE : relance 2016\"}]},{\"@type\":\"WebSite\",\"@id\":\"https:\\\/\\\/aliso.fr\\\/initiatives\\\/#website\",\"url\":\"https:\\\/\\\/aliso.fr\\\/initiatives\\\/\",\"name\":\"Aliso Initiatives\",\"description\":\"R\u00e9seau Creusois des acteurs du lien social\",\"publisher\":{\"@id\":\"https:\\\/\\\/aliso.fr\\\/initiatives\\\/#organization\"},\"potentialAction\":[{\"@type\":\"SearchAction\",\"target\":{\"@type\":\"EntryPoint\",\"urlTemplate\":\"https:\\\/\\\/aliso.fr\\\/initiatives\\\/?s={search_term_string}\"},\"query-input\":{\"@type\":\"PropertyValueSpecification\",\"valueRequired\":true,\"valueName\":\"search_term_string\"}}],\"inLanguage\":\"fr-FR\"},{\"@type\":\"Organization\",\"@id\":\"https:\\\/\\\/aliso.fr\\\/initiatives\\\/#organization\",\"name\":\"Aliso Initiatives\",\"url\":\"https:\\\/\\\/aliso.fr\\\/initiatives\\\/\",\"logo\":{\"@type\":\"ImageObject\",\"inLanguage\":\"fr-FR\",\"@id\":\"https:\\\/\\\/aliso.fr\\\/initiatives\\\/#\\\/schema\\\/logo\\\/image\\\/\",\"url\":\"https:\\\/\\\/aliso.fr\\\/initiatives\\\/wp-content\\\/uploads\\\/sites\\\/2\\\/2022\\\/01\\\/Logo-ALISO-Initiatives-2.png\",\"contentUrl\":\"https:\\\/\\\/aliso.fr\\\/initiatives\\\/wp-content\\\/uploads\\\/sites\\\/2\\\/2022\\\/01\\\/Logo-ALISO-Initiatives-2.png\",\"width\":900,\"height\":657,\"caption\":\"Aliso Initiatives\"},\"image\":{\"@id\":\"https:\\\/\\\/aliso.fr\\\/initiatives\\\/#\\\/schema\\\/logo\\\/image\\\/\"}},{\"@type\":\"Person\",\"@id\":\"https:\\\/\\\/aliso.fr\\\/initiatives\\\/#\\\/schema\\\/person\\\/ac5889082625d5c95b51fac19f3d9b86\",\"name\":\"pascal\"}]}<\/script>\n<!-- \/ Yoast SEO plugin. -->","yoast_head_json":{"title":"Contrats aid\u00e9s CUI-CAE : relance 2016 - Aliso Initiatives","robots":{"index":"index","follow":"follow","max-snippet":"max-snippet:-1","max-image-preview":"max-image-preview:large","max-video-preview":"max-video-preview:-1"},"canonical":"https:\/\/aliso.fr\/initiatives\/contrats-aides-cui-cae\/","og_locale":"fr_FR","og_type":"article","og_title":"Contrats aid\u00e9s CUI-CAE : relance 2016 - Aliso Initiatives","og_description":"Face au niveau de chomage en Creuse,\u00a0 l&rsquo;Etat invite les associations \u00e0 se mobiliser pour l&#8217;emploi. Les modalit\u00e9s de prise en charge du co\u00fbt de l&#8217;emploi selon les publics vis\u00e9s \u00e9voluent en 2016 : cliquez ici pour conna\u00eetre le nouvel arr\u00eat\u00e9 pr\u00e9fectoral. Le secteur associatif a fait ses preuves de sa participation \u00e0 la r\u00e9duction... En savoir plus &raquo;","og_url":"https:\/\/aliso.fr\/initiatives\/contrats-aides-cui-cae\/","og_site_name":"Aliso Initiatives","article_published_time":"2016-04-10T08:27:31+00:00","author":"pascal","twitter_card":"summary_large_image","schema":{"@context":"https:\/\/schema.org","@graph":[{"@type":"Article","@id":"https:\/\/aliso.fr\/initiatives\/contrats-aides-cui-cae\/#article","isPartOf":{"@id":"https:\/\/aliso.fr\/initiatives\/contrats-aides-cui-cae\/"},"author":{"name":"pascal","@id":"https:\/\/aliso.fr\/initiatives\/#\/schema\/person\/ac5889082625d5c95b51fac19f3d9b86"},"headline":"Contrats aid\u00e9s CUI-CAE : relance 2016","datePublished":"2016-04-10T08:27:31+00:00","mainEntityOfPage":{"@id":"https:\/\/aliso.fr\/initiatives\/contrats-aides-cui-cae\/"},"wordCount":76,"publisher":{"@id":"https:\/\/aliso.fr\/initiatives\/#organization"},"image":{"@id":"https:\/\/aliso.fr\/initiatives\/contrats-aides-cui-cae\/#primaryimage"},"thumbnailUrl":"","articleSection":["Actualit\u00e9s","Soutiens \u00e0 l'emploi"],"inLanguage":"fr-FR"},{"@type":"WebPage","@id":"https:\/\/aliso.fr\/initiatives\/contrats-aides-cui-cae\/","url":"https:\/\/aliso.fr\/initiatives\/contrats-aides-cui-cae\/","name":"Contrats aid\u00e9s CUI-CAE : relance 2016 - Aliso Initiatives","isPartOf":{"@id":"https:\/\/aliso.fr\/initiatives\/#website"},"primaryImageOfPage":{"@id":"https:\/\/aliso.fr\/initiatives\/contrats-aides-cui-cae\/#primaryimage"},"image":{"@id":"https:\/\/aliso.fr\/initiatives\/contrats-aides-cui-cae\/#primaryimage"},"thumbnailUrl":"","datePublished":"2016-04-10T08:27:31+00:00","breadcrumb":{"@id":"https:\/\/aliso.fr\/initiatives\/contrats-aides-cui-cae\/#breadcrumb"},"inLanguage":"fr-FR","potentialAction":[{"@type":"ReadAction","target":["https:\/\/aliso.fr\/initiatives\/contrats-aides-cui-cae\/"]}]},{"@type":"ImageObject","inLanguage":"fr-FR","@id":"https:\/\/aliso.fr\/initiatives\/contrats-aides-cui-cae\/#primaryimage","url":"","contentUrl":""},{"@type":"BreadcrumbList","@id":"https:\/\/aliso.fr\/initiatives\/contrats-aides-cui-cae\/#breadcrumb","itemListElement":[{"@type":"ListItem","position":1,"name":"Accueil","item":"https:\/\/aliso.fr\/initiatives\/"},{"@type":"ListItem","position":2,"name":"Ressources et outils","item":"https:\/\/aliso.fr\/initiatives\/ressources-et-outils\/"},{"@type":"ListItem","position":3,"name":"Soutiens \u00e0 l'emploi","item":"https:\/\/aliso.fr\/initiatives\/ressources-et-outils\/soutiens-emploi\/"},{"@type":"ListItem","position":4,"name":"Contrats aid\u00e9s CUI-CAE : relance 2016"}]},{"@type":"WebSite","@id":"https:\/\/aliso.fr\/initiatives\/#website","url":"https:\/\/aliso.fr\/initiatives\/","name":"Aliso Initiatives","description":"R\u00e9seau Creusois des acteurs du lien social","publisher":{"@id":"https:\/\/aliso.fr\/initiatives\/#organization"},"potentialAction":[{"@type":"SearchAction","target":{"@type":"EntryPoint","urlTemplate":"https:\/\/aliso.fr\/initiatives\/?s={search_term_string}"},"query-input":{"@type":"PropertyValueSpecification","valueRequired":true,"valueName":"search_term_string"}}],"inLanguage":"fr-FR"},{"@type":"Organization","@id":"https:\/\/aliso.fr\/initiatives\/#organization","name":"Aliso Initiatives","url":"https:\/\/aliso.fr\/initiatives\/","logo":{"@type":"ImageObject","inLanguage":"fr-FR","@id":"https:\/\/aliso.fr\/initiatives\/#\/schema\/logo\/image\/","url":"https:\/\/aliso.fr\/initiatives\/wp-content\/uploads\/sites\/2\/2022\/01\/Logo-ALISO-Initiatives-2.png","contentUrl":"https:\/\/aliso.fr\/initiatives\/wp-content\/uploads\/sites\/2\/2022\/01\/Logo-ALISO-Initiatives-2.png","width":900,"height":657,"caption":"Aliso Initiatives"},"image":{"@id":"https:\/\/aliso.fr\/initiatives\/#\/schema\/logo\/image\/"}},{"@type":"Person","@id":"https:\/\/aliso.fr\/initiatives\/#\/schema\/person\/ac5889082625d5c95b51fac19f3d9b86","name":"pascal"}]}},"_links":{"self":[{"href":"https:\/\/aliso.fr\/initiatives\/wp-json\/wp\/v2\/posts\/129","targetHints":{"allow":["GET"]}}],"collection":[{"href":"https:\/\/aliso.fr\/initiatives\/wp-json\/wp\/v2\/posts"}],"about":[{"href":"https:\/\/aliso.fr\/initiatives\/wp-json\/wp\/v2\/types\/post"}],"author":[{"embeddable":true,"href":"https:\/\/aliso.fr\/initiatives\/wp-json\/wp\/v2\/users\/5"}],"replies":[{"embeddable":true,"href":"https:\/\/aliso.fr\/initiatives\/wp-json\/wp\/v2\/comments?post=129"}],"version-history":[{"count":0,"href":"https:\/\/aliso.fr\/initiatives\/wp-json\/wp\/v2\/posts\/129\/revisions"}],"wp:featuredmedia":[{"embeddable":true,"href":"https:\/\/aliso.fr\/initiatives\/wp-json\/"}],"wp:attachment":[{"href":"https:\/\/aliso.fr\/initiatives\/wp-json\/wp\/v2\/media?parent=129"}],"wp:term":[{"taxonomy":"category","embeddable":true,"href":"https:\/\/aliso.fr\/initiatives\/wp-json\/wp\/v2\/categories?post=129"},{"taxonomy":"post_tag","embeddable":true,"href":"https:\/\/aliso.fr\/initiatives\/wp-json\/wp\/v2\/tags?post=129"}],"curies":[{"name":"wp","href":"https:\/\/api.w.org\/{rel}","templated":true}]}}