{"id":1314,"date":"2020-06-04T10:16:12","date_gmt":"2020-06-04T09:16:12","guid":{"rendered":"http:\/\/bij23.fr\/dla23\/?p=1314"},"modified":"2020-06-04T10:16:12","modified_gmt":"2020-06-04T09:16:12","slug":"reprise-de-lactivite-pour-ne-pas-se-perdre-dans-les-details","status":"publish","type":"post","link":"https:\/\/aliso.fr\/initiatives\/reprise-de-lactivite-pour-ne-pas-se-perdre-dans-les-details\/","title":{"rendered":"Reprise de l&rsquo;activit\u00e9 : Enqu\u00eate &amp; Guide pour les associations"},"content":{"rendered":"<p>Associations : <strong><span style=\"text-decoration: underline\"><span style=\"color: #ff6600;text-decoration: underline\"><a href=\"https:\/\/www.modalisa9-drop.com\/covid19x2_380773AA2E\/EnqueteCOVID19x2_Home.html\" target=\"_blank\" rel=\"noopener\"><span style=\"color: #ff6600;text-decoration: underline\">r\u00e9pondez \u00e0 l&rsquo;enqu\u00eate du Mouvement Associatif<\/span><\/a><\/span><\/span><\/strong> sur les conditions de reprise de vos activit\u00e9s en p\u00e9riode de confinement, qui recense aussi vos attentes et vos besoins. Ce deuxi\u00e8me volet est crucial \u00e0 l&rsquo;heure o\u00f9 s&rsquo;engagent les discussions autour de plans de relance avec les pouvoirs publics.<\/p>\n<p>Vous trouverez <span style=\"text-decoration: underline\"><span style=\"color: #ff6600\"><a href=\"https:\/\/lemouvementassociatifnouvelleaquitaine.org\/\" target=\"_blank\" rel=\"noopener\"><span style=\"color: #ff6600;text-decoration: underline\">ici les r\u00e9sultats de la premi\u00e8re vague<\/span><\/a><\/span><\/span> d&rsquo;enqu\u00eate r\u00e9alis\u00e9e pendant le confinement, au niveau <span style=\"text-decoration: underline\"><span style=\"color: #ff6600\"><a href=\"https:\/\/lemouvementassociatifnouvelleaquitaine.files.wordpress.com\/2020\/04\/lma_note_plaidoyer_covid19_avril2020-1.pdf\" target=\"_blank\" rel=\"noopener\"><span style=\"color: #ff6600;text-decoration: underline\">national<\/span><\/a><\/span><\/span>, de la <span style=\"text-decoration: underline\"><span style=\"color: #ff6600\"><a href=\"https:\/\/lemouvementassociatifnouvelleaquitaine.files.wordpress.com\/2020\/04\/covid-19-analyse-impacts-na.pdf\" target=\"_blank\" rel=\"noopener\"><span style=\"color: #ff6600;text-decoration: underline\">Nouvelle Aquitaine<\/span><\/a><\/span><\/span>, par secteur.<\/p>\n<p><span style=\"text-decoration: underline\"><span style=\"color: #ff6600;text-decoration: underline\"><a href=\"http:\/\/bij23.fr\/dla23\/wp-content\/uploads\/2020\/05\/Plan-de-reprise-version-12-mai-2020-CNEA.pdf\" target=\"_blank\" rel=\"noopener\"><span style=\"color: #ff6600;text-decoration: underline\">Voici un guide <\/span><\/a><\/span><\/span>qui permet de mener la reprise \u00e9tape par \u00e9tape au sein de vos associations, \u00e9dit\u00e9 par le Conseil National des Employeurs d&rsquo;Avenir&#8230; Pour lever la t\u00eate face au maesltr\u00f6m des avis de chacun salari\u00e9s comme b\u00e9n\u00e9vole, sur comment organiser la reprise&#8230;<\/p>\n","protected":false},"excerpt":{"rendered":"<p>Associations : r\u00e9pondez \u00e0 l&rsquo;enqu\u00eate du Mouvement Associatif sur les conditions de reprise de vos activit\u00e9s en p\u00e9riode de confinement, qui recense aussi vos attentes et vos besoins. Ce deuxi\u00e8me volet est crucial \u00e0 l&rsquo;heure o\u00f9 s&rsquo;engagent les discussions autour de plans de relance avec les pouvoirs publics. Vous trouverez ici les r\u00e9sultats de la&#8230; <a class=\"excerpt-read-more button\" href=\"https:\/\/aliso.fr\/initiatives\/reprise-de-lactivite-pour-ne-pas-se-perdre-dans-les-details\/\" title=\"ReadReprise de l&rsquo;activit\u00e9 : Enqu\u00eate &amp; Guide pour les associations\">En savoir plus &raquo;<\/a><\/p>\n","protected":false},"author":5,"featured_media":965,"comment_status":"closed","ping_status":"open","sticky":false,"template":"","format":"standard","meta":{"footnotes":""},"categories":[11],"tags":[],"class_list":["post-1314","post","type-post","status-publish","format-standard","has-post-thumbnail","hentry","category-actus"],"yoast_head":"<!-- This site is optimized with the Yoast SEO plugin v27.5 - https:\/\/yoast.com\/product\/yoast-seo-wordpress\/ -->\n<title>Reprise de l&#039;activit\u00e9 : Enqu\u00eate &amp; Guide pour les associations - Aliso Initiatives<\/title>\n<meta name=\"robots\" content=\"index, follow, max-snippet:-1, max-image-preview:large, max-video-preview:-1\" \/>\n<link rel=\"canonical\" href=\"https:\/\/aliso.fr\/initiatives\/reprise-de-lactivite-pour-ne-pas-se-perdre-dans-les-details\/\" \/>\n<meta property=\"og:locale\" content=\"fr_FR\" \/>\n<meta property=\"og:type\" content=\"article\" \/>\n<meta property=\"og:title\" content=\"Reprise de l&#039;activit\u00e9 : Enqu\u00eate &amp; Guide pour les associations - Aliso Initiatives\" \/>\n<meta property=\"og:description\" content=\"Associations : r\u00e9pondez \u00e0 l&rsquo;enqu\u00eate du Mouvement Associatif sur les conditions de reprise de vos activit\u00e9s en p\u00e9riode de confinement, qui recense aussi vos attentes et vos besoins. Ce deuxi\u00e8me volet est crucial \u00e0 l&rsquo;heure o\u00f9 s&rsquo;engagent les discussions autour de plans de relance avec les pouvoirs publics. Vous trouverez ici les r\u00e9sultats de la... En savoir plus &raquo;\" \/>\n<meta property=\"og:url\" content=\"https:\/\/aliso.fr\/initiatives\/reprise-de-lactivite-pour-ne-pas-se-perdre-dans-les-details\/\" \/>\n<meta property=\"og:site_name\" content=\"Aliso Initiatives\" \/>\n<meta property=\"article:published_time\" content=\"2020-06-04T09:16:12+00:00\" \/>\n<meta name=\"author\" content=\"pascal\" \/>\n<meta name=\"twitter:card\" content=\"summary_large_image\" \/>\n<script type=\"application\/ld+json\" class=\"yoast-schema-graph\">{\"@context\":\"https:\\\/\\\/schema.org\",\"@graph\":[{\"@type\":\"Article\",\"@id\":\"https:\\\/\\\/aliso.fr\\\/initiatives\\\/reprise-de-lactivite-pour-ne-pas-se-perdre-dans-les-details\\\/#article\",\"isPartOf\":{\"@id\":\"https:\\\/\\\/aliso.fr\\\/initiatives\\\/reprise-de-lactivite-pour-ne-pas-se-perdre-dans-les-details\\\/\"},\"author\":{\"name\":\"pascal\",\"@id\":\"https:\\\/\\\/aliso.fr\\\/initiatives\\\/#\\\/schema\\\/person\\\/ac5889082625d5c95b51fac19f3d9b86\"},\"headline\":\"Reprise de l&rsquo;activit\u00e9 : Enqu\u00eate &amp; Guide pour les associations\",\"datePublished\":\"2020-06-04T09:16:12+00:00\",\"mainEntityOfPage\":{\"@id\":\"https:\\\/\\\/aliso.fr\\\/initiatives\\\/reprise-de-lactivite-pour-ne-pas-se-perdre-dans-les-details\\\/\"},\"wordCount\":143,\"publisher\":{\"@id\":\"https:\\\/\\\/aliso.fr\\\/initiatives\\\/#organization\"},\"image\":{\"@id\":\"https:\\\/\\\/aliso.fr\\\/initiatives\\\/reprise-de-lactivite-pour-ne-pas-se-perdre-dans-les-details\\\/#primaryimage\"},\"thumbnailUrl\":\"\",\"articleSection\":[\"Actualit\u00e9s\"],\"inLanguage\":\"fr-FR\"},{\"@type\":\"WebPage\",\"@id\":\"https:\\\/\\\/aliso.fr\\\/initiatives\\\/reprise-de-lactivite-pour-ne-pas-se-perdre-dans-les-details\\\/\",\"url\":\"https:\\\/\\\/aliso.fr\\\/initiatives\\\/reprise-de-lactivite-pour-ne-pas-se-perdre-dans-les-details\\\/\",\"name\":\"Reprise de l'activit\u00e9 : Enqu\u00eate &amp; Guide pour les associations - Aliso Initiatives\",\"isPartOf\":{\"@id\":\"https:\\\/\\\/aliso.fr\\\/initiatives\\\/#website\"},\"primaryImageOfPage\":{\"@id\":\"https:\\\/\\\/aliso.fr\\\/initiatives\\\/reprise-de-lactivite-pour-ne-pas-se-perdre-dans-les-details\\\/#primaryimage\"},\"image\":{\"@id\":\"https:\\\/\\\/aliso.fr\\\/initiatives\\\/reprise-de-lactivite-pour-ne-pas-se-perdre-dans-les-details\\\/#primaryimage\"},\"thumbnailUrl\":\"\",\"datePublished\":\"2020-06-04T09:16:12+00:00\",\"breadcrumb\":{\"@id\":\"https:\\\/\\\/aliso.fr\\\/initiatives\\\/reprise-de-lactivite-pour-ne-pas-se-perdre-dans-les-details\\\/#breadcrumb\"},\"inLanguage\":\"fr-FR\",\"potentialAction\":[{\"@type\":\"ReadAction\",\"target\":[\"https:\\\/\\\/aliso.fr\\\/initiatives\\\/reprise-de-lactivite-pour-ne-pas-se-perdre-dans-les-details\\\/\"]}]},{\"@type\":\"ImageObject\",\"inLanguage\":\"fr-FR\",\"@id\":\"https:\\\/\\\/aliso.fr\\\/initiatives\\\/reprise-de-lactivite-pour-ne-pas-se-perdre-dans-les-details\\\/#primaryimage\",\"url\":\"\",\"contentUrl\":\"\"},{\"@type\":\"BreadcrumbList\",\"@id\":\"https:\\\/\\\/aliso.fr\\\/initiatives\\\/reprise-de-lactivite-pour-ne-pas-se-perdre-dans-les-details\\\/#breadcrumb\",\"itemListElement\":[{\"@type\":\"ListItem\",\"position\":1,\"name\":\"Accueil\",\"item\":\"https:\\\/\\\/aliso.fr\\\/initiatives\\\/\"},{\"@type\":\"ListItem\",\"position\":2,\"name\":\"Actualit\u00e9s\",\"item\":\"https:\\\/\\\/aliso.fr\\\/initiatives\\\/actus\\\/\"},{\"@type\":\"ListItem\",\"position\":3,\"name\":\"Reprise de l&rsquo;activit\u00e9 : Enqu\u00eate &amp; Guide pour les associations\"}]},{\"@type\":\"WebSite\",\"@id\":\"https:\\\/\\\/aliso.fr\\\/initiatives\\\/#website\",\"url\":\"https:\\\/\\\/aliso.fr\\\/initiatives\\\/\",\"name\":\"Aliso Initiatives\",\"description\":\"R\u00e9seau Creusois des acteurs du lien social\",\"publisher\":{\"@id\":\"https:\\\/\\\/aliso.fr\\\/initiatives\\\/#organization\"},\"potentialAction\":[{\"@type\":\"SearchAction\",\"target\":{\"@type\":\"EntryPoint\",\"urlTemplate\":\"https:\\\/\\\/aliso.fr\\\/initiatives\\\/?s={search_term_string}\"},\"query-input\":{\"@type\":\"PropertyValueSpecification\",\"valueRequired\":true,\"valueName\":\"search_term_string\"}}],\"inLanguage\":\"fr-FR\"},{\"@type\":\"Organization\",\"@id\":\"https:\\\/\\\/aliso.fr\\\/initiatives\\\/#organization\",\"name\":\"Aliso Initiatives\",\"url\":\"https:\\\/\\\/aliso.fr\\\/initiatives\\\/\",\"logo\":{\"@type\":\"ImageObject\",\"inLanguage\":\"fr-FR\",\"@id\":\"https:\\\/\\\/aliso.fr\\\/initiatives\\\/#\\\/schema\\\/logo\\\/image\\\/\",\"url\":\"https:\\\/\\\/aliso.fr\\\/initiatives\\\/wp-content\\\/uploads\\\/sites\\\/2\\\/2022\\\/01\\\/Logo-ALISO-Initiatives-2.png\",\"contentUrl\":\"https:\\\/\\\/aliso.fr\\\/initiatives\\\/wp-content\\\/uploads\\\/sites\\\/2\\\/2022\\\/01\\\/Logo-ALISO-Initiatives-2.png\",\"width\":900,\"height\":657,\"caption\":\"Aliso Initiatives\"},\"image\":{\"@id\":\"https:\\\/\\\/aliso.fr\\\/initiatives\\\/#\\\/schema\\\/logo\\\/image\\\/\"}},{\"@type\":\"Person\",\"@id\":\"https:\\\/\\\/aliso.fr\\\/initiatives\\\/#\\\/schema\\\/person\\\/ac5889082625d5c95b51fac19f3d9b86\",\"name\":\"pascal\"}]}<\/script>\n<!-- \/ Yoast SEO plugin. -->","yoast_head_json":{"title":"Reprise de l'activit\u00e9 : Enqu\u00eate &amp; Guide pour les associations - Aliso Initiatives","robots":{"index":"index","follow":"follow","max-snippet":"max-snippet:-1","max-image-preview":"max-image-preview:large","max-video-preview":"max-video-preview:-1"},"canonical":"https:\/\/aliso.fr\/initiatives\/reprise-de-lactivite-pour-ne-pas-se-perdre-dans-les-details\/","og_locale":"fr_FR","og_type":"article","og_title":"Reprise de l'activit\u00e9 : Enqu\u00eate &amp; Guide pour les associations - Aliso Initiatives","og_description":"Associations : r\u00e9pondez \u00e0 l&rsquo;enqu\u00eate du Mouvement Associatif sur les conditions de reprise de vos activit\u00e9s en p\u00e9riode de confinement, qui recense aussi vos attentes et vos besoins. Ce deuxi\u00e8me volet est crucial \u00e0 l&rsquo;heure o\u00f9 s&rsquo;engagent les discussions autour de plans de relance avec les pouvoirs publics. Vous trouverez ici les r\u00e9sultats de la... En savoir plus &raquo;","og_url":"https:\/\/aliso.fr\/initiatives\/reprise-de-lactivite-pour-ne-pas-se-perdre-dans-les-details\/","og_site_name":"Aliso Initiatives","article_published_time":"2020-06-04T09:16:12+00:00","author":"pascal","twitter_card":"summary_large_image","schema":{"@context":"https:\/\/schema.org","@graph":[{"@type":"Article","@id":"https:\/\/aliso.fr\/initiatives\/reprise-de-lactivite-pour-ne-pas-se-perdre-dans-les-details\/#article","isPartOf":{"@id":"https:\/\/aliso.fr\/initiatives\/reprise-de-lactivite-pour-ne-pas-se-perdre-dans-les-details\/"},"author":{"name":"pascal","@id":"https:\/\/aliso.fr\/initiatives\/#\/schema\/person\/ac5889082625d5c95b51fac19f3d9b86"},"headline":"Reprise de l&rsquo;activit\u00e9 : Enqu\u00eate &amp; Guide pour les associations","datePublished":"2020-06-04T09:16:12+00:00","mainEntityOfPage":{"@id":"https:\/\/aliso.fr\/initiatives\/reprise-de-lactivite-pour-ne-pas-se-perdre-dans-les-details\/"},"wordCount":143,"publisher":{"@id":"https:\/\/aliso.fr\/initiatives\/#organization"},"image":{"@id":"https:\/\/aliso.fr\/initiatives\/reprise-de-lactivite-pour-ne-pas-se-perdre-dans-les-details\/#primaryimage"},"thumbnailUrl":"","articleSection":["Actualit\u00e9s"],"inLanguage":"fr-FR"},{"@type":"WebPage","@id":"https:\/\/aliso.fr\/initiatives\/reprise-de-lactivite-pour-ne-pas-se-perdre-dans-les-details\/","url":"https:\/\/aliso.fr\/initiatives\/reprise-de-lactivite-pour-ne-pas-se-perdre-dans-les-details\/","name":"Reprise de l'activit\u00e9 : Enqu\u00eate &amp; Guide pour les associations - Aliso Initiatives","isPartOf":{"@id":"https:\/\/aliso.fr\/initiatives\/#website"},"primaryImageOfPage":{"@id":"https:\/\/aliso.fr\/initiatives\/reprise-de-lactivite-pour-ne-pas-se-perdre-dans-les-details\/#primaryimage"},"image":{"@id":"https:\/\/aliso.fr\/initiatives\/reprise-de-lactivite-pour-ne-pas-se-perdre-dans-les-details\/#primaryimage"},"thumbnailUrl":"","datePublished":"2020-06-04T09:16:12+00:00","breadcrumb":{"@id":"https:\/\/aliso.fr\/initiatives\/reprise-de-lactivite-pour-ne-pas-se-perdre-dans-les-details\/#breadcrumb"},"inLanguage":"fr-FR","potentialAction":[{"@type":"ReadAction","target":["https:\/\/aliso.fr\/initiatives\/reprise-de-lactivite-pour-ne-pas-se-perdre-dans-les-details\/"]}]},{"@type":"ImageObject","inLanguage":"fr-FR","@id":"https:\/\/aliso.fr\/initiatives\/reprise-de-lactivite-pour-ne-pas-se-perdre-dans-les-details\/#primaryimage","url":"","contentUrl":""},{"@type":"BreadcrumbList","@id":"https:\/\/aliso.fr\/initiatives\/reprise-de-lactivite-pour-ne-pas-se-perdre-dans-les-details\/#breadcrumb","itemListElement":[{"@type":"ListItem","position":1,"name":"Accueil","item":"https:\/\/aliso.fr\/initiatives\/"},{"@type":"ListItem","position":2,"name":"Actualit\u00e9s","item":"https:\/\/aliso.fr\/initiatives\/actus\/"},{"@type":"ListItem","position":3,"name":"Reprise de l&rsquo;activit\u00e9 : Enqu\u00eate &amp; Guide pour les associations"}]},{"@type":"WebSite","@id":"https:\/\/aliso.fr\/initiatives\/#website","url":"https:\/\/aliso.fr\/initiatives\/","name":"Aliso Initiatives","description":"R\u00e9seau Creusois des acteurs du lien social","publisher":{"@id":"https:\/\/aliso.fr\/initiatives\/#organization"},"potentialAction":[{"@type":"SearchAction","target":{"@type":"EntryPoint","urlTemplate":"https:\/\/aliso.fr\/initiatives\/?s={search_term_string}"},"query-input":{"@type":"PropertyValueSpecification","valueRequired":true,"valueName":"search_term_string"}}],"inLanguage":"fr-FR"},{"@type":"Organization","@id":"https:\/\/aliso.fr\/initiatives\/#organization","name":"Aliso Initiatives","url":"https:\/\/aliso.fr\/initiatives\/","logo":{"@type":"ImageObject","inLanguage":"fr-FR","@id":"https:\/\/aliso.fr\/initiatives\/#\/schema\/logo\/image\/","url":"https:\/\/aliso.fr\/initiatives\/wp-content\/uploads\/sites\/2\/2022\/01\/Logo-ALISO-Initiatives-2.png","contentUrl":"https:\/\/aliso.fr\/initiatives\/wp-content\/uploads\/sites\/2\/2022\/01\/Logo-ALISO-Initiatives-2.png","width":900,"height":657,"caption":"Aliso Initiatives"},"image":{"@id":"https:\/\/aliso.fr\/initiatives\/#\/schema\/logo\/image\/"}},{"@type":"Person","@id":"https:\/\/aliso.fr\/initiatives\/#\/schema\/person\/ac5889082625d5c95b51fac19f3d9b86","name":"pascal"}]}},"_links":{"self":[{"href":"https:\/\/aliso.fr\/initiatives\/wp-json\/wp\/v2\/posts\/1314","targetHints":{"allow":["GET"]}}],"collection":[{"href":"https:\/\/aliso.fr\/initiatives\/wp-json\/wp\/v2\/posts"}],"about":[{"href":"https:\/\/aliso.fr\/initiatives\/wp-json\/wp\/v2\/types\/post"}],"author":[{"embeddable":true,"href":"https:\/\/aliso.fr\/initiatives\/wp-json\/wp\/v2\/users\/5"}],"replies":[{"embeddable":true,"href":"https:\/\/aliso.fr\/initiatives\/wp-json\/wp\/v2\/comments?post=1314"}],"version-history":[{"count":0,"href":"https:\/\/aliso.fr\/initiatives\/wp-json\/wp\/v2\/posts\/1314\/revisions"}],"wp:featuredmedia":[{"embeddable":true,"href":"https:\/\/aliso.fr\/initiatives\/wp-json\/"}],"wp:attachment":[{"href":"https:\/\/aliso.fr\/initiatives\/wp-json\/wp\/v2\/media?parent=1314"}],"wp:term":[{"taxonomy":"category","embeddable":true,"href":"https:\/\/aliso.fr\/initiatives\/wp-json\/wp\/v2\/categories?post=1314"},{"taxonomy":"post_tag","embeddable":true,"href":"https:\/\/aliso.fr\/initiatives\/wp-json\/wp\/v2\/tags?post=1314"}],"curies":[{"name":"wp","href":"https:\/\/api.w.org\/{rel}","templated":true}]}}