{"id":1372,"date":"2020-09-02T13:06:36","date_gmt":"2020-09-02T12:06:36","guid":{"rendered":"http:\/\/bij23.fr\/dla23\/?p=1372"},"modified":"2020-09-02T13:06:36","modified_gmt":"2020-09-02T12:06:36","slug":"reemploi-reparation-reutilisation-appel-a-projet-regionademe","status":"publish","type":"post","link":"https:\/\/aliso.fr\/initiatives\/reemploi-reparation-reutilisation-appel-a-projet-regionademe\/","title":{"rendered":"R\u00e9emploi-r\u00e9paration-r\u00e9utilisation : appel \u00e0 projet R\u00e9gion\/Ademe"},"content":{"rendered":"<p>La Direction r\u00e9gionale de l\u2019ADEME et le Conseil R\u00e9gional Nouvelle-Aquitaine ont lanc\u00e9 un appel \u00e0 projets R\u00e9emploi-R\u00e9paration-R\u00e9utilisation afin de d\u00e9velopper l\u2019\u00e9conomie circulaire sous toutes ses formes, les objectifs sont :<\/p>\n<p>&#8211; D\u00e9velopper des \u00e9quipements techniques et des structures p\u00e9rennes d\u00e9di\u00e9es au r\u00e9emploi ;<br \/>\n&#8211; Cr\u00e9er de nouvelles recycleries ou de nouveaux services dans les recycleries existantes permettant de contribuer aux objectifs nationaux et r\u00e9gionaux de r\u00e9emploi, r\u00e9paration et r\u00e9utilisation;<br \/>\n&#8211; Amplifier la place de l\u2019\u00e9conomie sociale et solidaire dans ce secteur d\u2019activit\u00e9 sur le territoire N-A<br \/>\n&#8211; Contribuer au soutien des activit\u00e9s r\u00e9emploi-r\u00e9paration au sein de projets collectifs (exemple Tiers lieux) ;<br \/>\n&#8211; Soutenir des projets d\u2019utilit\u00e9 sociale ou d\u2019innovation sociale ;<br \/>\n&#8211; Soutenir des activit\u00e9s sp\u00e9cifiques de r\u00e9emploi, notamment li\u00e9es aux nouvelles fili\u00e8res REP pr\u00e9vues par la loi (aides techniques*, mat\u00e9riaux et \u00e9quipements de construction\/ b\u00e2timent, jouets, \u00e9quipements de sport et loisir)<\/p>\n<p>Deadline : 30 septembre prochain. Toutes les informations utiles sur le lien suivant :<\/p>\n<p><a href=\"https:\/\/les-aides.nouvelle-aquitaine.fr\/transition-energetique-et-ecologique\/reemploi-reparation-reutilisation\">https:\/\/les-aides.nouvelle-aquitaine.fr\/transition-energetique-et-ecologique\/reemploi-reparation-reutilisation<\/a><\/p>\n","protected":false},"excerpt":{"rendered":"<p>La Direction r\u00e9gionale de l\u2019ADEME et le Conseil R\u00e9gional Nouvelle-Aquitaine ont lanc\u00e9 un appel \u00e0 projets R\u00e9emploi-R\u00e9paration-R\u00e9utilisation afin de d\u00e9velopper l\u2019\u00e9conomie circulaire sous toutes ses formes, les objectifs sont : &#8211; D\u00e9velopper des \u00e9quipements techniques et des structures p\u00e9rennes d\u00e9di\u00e9es au r\u00e9emploi ; &#8211; Cr\u00e9er de nouvelles recycleries ou de nouveaux services dans les recycleries&#8230; <a class=\"excerpt-read-more button\" href=\"https:\/\/aliso.fr\/initiatives\/reemploi-reparation-reutilisation-appel-a-projet-regionademe\/\" title=\"ReadR\u00e9emploi-r\u00e9paration-r\u00e9utilisation : appel \u00e0 projet R\u00e9gion\/Ademe\">En savoir plus &raquo;<\/a><\/p>\n","protected":false},"author":5,"featured_media":1284,"comment_status":"closed","ping_status":"open","sticky":false,"template":"","format":"standard","meta":{"footnotes":""},"categories":[11,73],"tags":[],"class_list":["post-1372","post","type-post","status-publish","format-standard","has-post-thumbnail","hentry","category-actus","category-offres-emploi-appels-a-projets"],"yoast_head":"<!-- This site is optimized with the Yoast SEO plugin v27.5 - https:\/\/yoast.com\/product\/yoast-seo-wordpress\/ -->\n<title>R\u00e9emploi-r\u00e9paration-r\u00e9utilisation : appel \u00e0 projet R\u00e9gion\/Ademe - Aliso Initiatives<\/title>\n<meta name=\"robots\" content=\"index, follow, max-snippet:-1, max-image-preview:large, max-video-preview:-1\" \/>\n<link rel=\"canonical\" href=\"https:\/\/aliso.fr\/initiatives\/reemploi-reparation-reutilisation-appel-a-projet-regionademe\/\" \/>\n<meta property=\"og:locale\" content=\"fr_FR\" \/>\n<meta property=\"og:type\" content=\"article\" \/>\n<meta property=\"og:title\" content=\"R\u00e9emploi-r\u00e9paration-r\u00e9utilisation : appel \u00e0 projet R\u00e9gion\/Ademe - Aliso Initiatives\" \/>\n<meta property=\"og:description\" content=\"La Direction r\u00e9gionale de l\u2019ADEME et le Conseil R\u00e9gional Nouvelle-Aquitaine ont lanc\u00e9 un appel \u00e0 projets R\u00e9emploi-R\u00e9paration-R\u00e9utilisation afin de d\u00e9velopper l\u2019\u00e9conomie circulaire sous toutes ses formes, les objectifs sont : &#8211; D\u00e9velopper des \u00e9quipements techniques et des structures p\u00e9rennes d\u00e9di\u00e9es au r\u00e9emploi ; &#8211; Cr\u00e9er de nouvelles recycleries ou de nouveaux services dans les recycleries... En savoir plus &raquo;\" \/>\n<meta property=\"og:url\" content=\"https:\/\/aliso.fr\/initiatives\/reemploi-reparation-reutilisation-appel-a-projet-regionademe\/\" \/>\n<meta property=\"og:site_name\" content=\"Aliso Initiatives\" \/>\n<meta property=\"article:published_time\" content=\"2020-09-02T12:06:36+00:00\" \/>\n<meta name=\"author\" content=\"pascal\" \/>\n<meta name=\"twitter:card\" content=\"summary_large_image\" \/>\n<script type=\"application\/ld+json\" class=\"yoast-schema-graph\">{\"@context\":\"https:\\\/\\\/schema.org\",\"@graph\":[{\"@type\":\"Article\",\"@id\":\"https:\\\/\\\/aliso.fr\\\/initiatives\\\/reemploi-reparation-reutilisation-appel-a-projet-regionademe\\\/#article\",\"isPartOf\":{\"@id\":\"https:\\\/\\\/aliso.fr\\\/initiatives\\\/reemploi-reparation-reutilisation-appel-a-projet-regionademe\\\/\"},\"author\":{\"name\":\"pascal\",\"@id\":\"https:\\\/\\\/aliso.fr\\\/initiatives\\\/#\\\/schema\\\/person\\\/ac5889082625d5c95b51fac19f3d9b86\"},\"headline\":\"R\u00e9emploi-r\u00e9paration-r\u00e9utilisation : appel \u00e0 projet R\u00e9gion\\\/Ademe\",\"datePublished\":\"2020-09-02T12:06:36+00:00\",\"mainEntityOfPage\":{\"@id\":\"https:\\\/\\\/aliso.fr\\\/initiatives\\\/reemploi-reparation-reutilisation-appel-a-projet-regionademe\\\/\"},\"wordCount\":197,\"publisher\":{\"@id\":\"https:\\\/\\\/aliso.fr\\\/initiatives\\\/#organization\"},\"image\":{\"@id\":\"https:\\\/\\\/aliso.fr\\\/initiatives\\\/reemploi-reparation-reutilisation-appel-a-projet-regionademe\\\/#primaryimage\"},\"thumbnailUrl\":\"\",\"articleSection\":[\"Actualit\u00e9s\",\"Appels \u00e0 projets\"],\"inLanguage\":\"fr-FR\"},{\"@type\":\"WebPage\",\"@id\":\"https:\\\/\\\/aliso.fr\\\/initiatives\\\/reemploi-reparation-reutilisation-appel-a-projet-regionademe\\\/\",\"url\":\"https:\\\/\\\/aliso.fr\\\/initiatives\\\/reemploi-reparation-reutilisation-appel-a-projet-regionademe\\\/\",\"name\":\"R\u00e9emploi-r\u00e9paration-r\u00e9utilisation : appel \u00e0 projet R\u00e9gion\\\/Ademe - Aliso Initiatives\",\"isPartOf\":{\"@id\":\"https:\\\/\\\/aliso.fr\\\/initiatives\\\/#website\"},\"primaryImageOfPage\":{\"@id\":\"https:\\\/\\\/aliso.fr\\\/initiatives\\\/reemploi-reparation-reutilisation-appel-a-projet-regionademe\\\/#primaryimage\"},\"image\":{\"@id\":\"https:\\\/\\\/aliso.fr\\\/initiatives\\\/reemploi-reparation-reutilisation-appel-a-projet-regionademe\\\/#primaryimage\"},\"thumbnailUrl\":\"\",\"datePublished\":\"2020-09-02T12:06:36+00:00\",\"breadcrumb\":{\"@id\":\"https:\\\/\\\/aliso.fr\\\/initiatives\\\/reemploi-reparation-reutilisation-appel-a-projet-regionademe\\\/#breadcrumb\"},\"inLanguage\":\"fr-FR\",\"potentialAction\":[{\"@type\":\"ReadAction\",\"target\":[\"https:\\\/\\\/aliso.fr\\\/initiatives\\\/reemploi-reparation-reutilisation-appel-a-projet-regionademe\\\/\"]}]},{\"@type\":\"ImageObject\",\"inLanguage\":\"fr-FR\",\"@id\":\"https:\\\/\\\/aliso.fr\\\/initiatives\\\/reemploi-reparation-reutilisation-appel-a-projet-regionademe\\\/#primaryimage\",\"url\":\"\",\"contentUrl\":\"\"},{\"@type\":\"BreadcrumbList\",\"@id\":\"https:\\\/\\\/aliso.fr\\\/initiatives\\\/reemploi-reparation-reutilisation-appel-a-projet-regionademe\\\/#breadcrumb\",\"itemListElement\":[{\"@type\":\"ListItem\",\"position\":1,\"name\":\"Accueil\",\"item\":\"https:\\\/\\\/aliso.fr\\\/initiatives\\\/\"},{\"@type\":\"ListItem\",\"position\":2,\"name\":\"Actualit\u00e9s\",\"item\":\"https:\\\/\\\/aliso.fr\\\/initiatives\\\/actus\\\/\"},{\"@type\":\"ListItem\",\"position\":3,\"name\":\"R\u00e9emploi-r\u00e9paration-r\u00e9utilisation : appel \u00e0 projet R\u00e9gion\\\/Ademe\"}]},{\"@type\":\"WebSite\",\"@id\":\"https:\\\/\\\/aliso.fr\\\/initiatives\\\/#website\",\"url\":\"https:\\\/\\\/aliso.fr\\\/initiatives\\\/\",\"name\":\"Aliso Initiatives\",\"description\":\"R\u00e9seau Creusois des acteurs du lien social\",\"publisher\":{\"@id\":\"https:\\\/\\\/aliso.fr\\\/initiatives\\\/#organization\"},\"potentialAction\":[{\"@type\":\"SearchAction\",\"target\":{\"@type\":\"EntryPoint\",\"urlTemplate\":\"https:\\\/\\\/aliso.fr\\\/initiatives\\\/?s={search_term_string}\"},\"query-input\":{\"@type\":\"PropertyValueSpecification\",\"valueRequired\":true,\"valueName\":\"search_term_string\"}}],\"inLanguage\":\"fr-FR\"},{\"@type\":\"Organization\",\"@id\":\"https:\\\/\\\/aliso.fr\\\/initiatives\\\/#organization\",\"name\":\"Aliso Initiatives\",\"url\":\"https:\\\/\\\/aliso.fr\\\/initiatives\\\/\",\"logo\":{\"@type\":\"ImageObject\",\"inLanguage\":\"fr-FR\",\"@id\":\"https:\\\/\\\/aliso.fr\\\/initiatives\\\/#\\\/schema\\\/logo\\\/image\\\/\",\"url\":\"https:\\\/\\\/aliso.fr\\\/initiatives\\\/wp-content\\\/uploads\\\/sites\\\/2\\\/2022\\\/01\\\/Logo-ALISO-Initiatives-2.png\",\"contentUrl\":\"https:\\\/\\\/aliso.fr\\\/initiatives\\\/wp-content\\\/uploads\\\/sites\\\/2\\\/2022\\\/01\\\/Logo-ALISO-Initiatives-2.png\",\"width\":900,\"height\":657,\"caption\":\"Aliso Initiatives\"},\"image\":{\"@id\":\"https:\\\/\\\/aliso.fr\\\/initiatives\\\/#\\\/schema\\\/logo\\\/image\\\/\"}},{\"@type\":\"Person\",\"@id\":\"https:\\\/\\\/aliso.fr\\\/initiatives\\\/#\\\/schema\\\/person\\\/ac5889082625d5c95b51fac19f3d9b86\",\"name\":\"pascal\"}]}<\/script>\n<!-- \/ Yoast SEO plugin. -->","yoast_head_json":{"title":"R\u00e9emploi-r\u00e9paration-r\u00e9utilisation : appel \u00e0 projet R\u00e9gion\/Ademe - Aliso Initiatives","robots":{"index":"index","follow":"follow","max-snippet":"max-snippet:-1","max-image-preview":"max-image-preview:large","max-video-preview":"max-video-preview:-1"},"canonical":"https:\/\/aliso.fr\/initiatives\/reemploi-reparation-reutilisation-appel-a-projet-regionademe\/","og_locale":"fr_FR","og_type":"article","og_title":"R\u00e9emploi-r\u00e9paration-r\u00e9utilisation : appel \u00e0 projet R\u00e9gion\/Ademe - Aliso Initiatives","og_description":"La Direction r\u00e9gionale de l\u2019ADEME et le Conseil R\u00e9gional Nouvelle-Aquitaine ont lanc\u00e9 un appel \u00e0 projets R\u00e9emploi-R\u00e9paration-R\u00e9utilisation afin de d\u00e9velopper l\u2019\u00e9conomie circulaire sous toutes ses formes, les objectifs sont : &#8211; D\u00e9velopper des \u00e9quipements techniques et des structures p\u00e9rennes d\u00e9di\u00e9es au r\u00e9emploi ; &#8211; Cr\u00e9er de nouvelles recycleries ou de nouveaux services dans les recycleries... En savoir plus &raquo;","og_url":"https:\/\/aliso.fr\/initiatives\/reemploi-reparation-reutilisation-appel-a-projet-regionademe\/","og_site_name":"Aliso Initiatives","article_published_time":"2020-09-02T12:06:36+00:00","author":"pascal","twitter_card":"summary_large_image","schema":{"@context":"https:\/\/schema.org","@graph":[{"@type":"Article","@id":"https:\/\/aliso.fr\/initiatives\/reemploi-reparation-reutilisation-appel-a-projet-regionademe\/#article","isPartOf":{"@id":"https:\/\/aliso.fr\/initiatives\/reemploi-reparation-reutilisation-appel-a-projet-regionademe\/"},"author":{"name":"pascal","@id":"https:\/\/aliso.fr\/initiatives\/#\/schema\/person\/ac5889082625d5c95b51fac19f3d9b86"},"headline":"R\u00e9emploi-r\u00e9paration-r\u00e9utilisation : appel \u00e0 projet R\u00e9gion\/Ademe","datePublished":"2020-09-02T12:06:36+00:00","mainEntityOfPage":{"@id":"https:\/\/aliso.fr\/initiatives\/reemploi-reparation-reutilisation-appel-a-projet-regionademe\/"},"wordCount":197,"publisher":{"@id":"https:\/\/aliso.fr\/initiatives\/#organization"},"image":{"@id":"https:\/\/aliso.fr\/initiatives\/reemploi-reparation-reutilisation-appel-a-projet-regionademe\/#primaryimage"},"thumbnailUrl":"","articleSection":["Actualit\u00e9s","Appels \u00e0 projets"],"inLanguage":"fr-FR"},{"@type":"WebPage","@id":"https:\/\/aliso.fr\/initiatives\/reemploi-reparation-reutilisation-appel-a-projet-regionademe\/","url":"https:\/\/aliso.fr\/initiatives\/reemploi-reparation-reutilisation-appel-a-projet-regionademe\/","name":"R\u00e9emploi-r\u00e9paration-r\u00e9utilisation : appel \u00e0 projet R\u00e9gion\/Ademe - Aliso Initiatives","isPartOf":{"@id":"https:\/\/aliso.fr\/initiatives\/#website"},"primaryImageOfPage":{"@id":"https:\/\/aliso.fr\/initiatives\/reemploi-reparation-reutilisation-appel-a-projet-regionademe\/#primaryimage"},"image":{"@id":"https:\/\/aliso.fr\/initiatives\/reemploi-reparation-reutilisation-appel-a-projet-regionademe\/#primaryimage"},"thumbnailUrl":"","datePublished":"2020-09-02T12:06:36+00:00","breadcrumb":{"@id":"https:\/\/aliso.fr\/initiatives\/reemploi-reparation-reutilisation-appel-a-projet-regionademe\/#breadcrumb"},"inLanguage":"fr-FR","potentialAction":[{"@type":"ReadAction","target":["https:\/\/aliso.fr\/initiatives\/reemploi-reparation-reutilisation-appel-a-projet-regionademe\/"]}]},{"@type":"ImageObject","inLanguage":"fr-FR","@id":"https:\/\/aliso.fr\/initiatives\/reemploi-reparation-reutilisation-appel-a-projet-regionademe\/#primaryimage","url":"","contentUrl":""},{"@type":"BreadcrumbList","@id":"https:\/\/aliso.fr\/initiatives\/reemploi-reparation-reutilisation-appel-a-projet-regionademe\/#breadcrumb","itemListElement":[{"@type":"ListItem","position":1,"name":"Accueil","item":"https:\/\/aliso.fr\/initiatives\/"},{"@type":"ListItem","position":2,"name":"Actualit\u00e9s","item":"https:\/\/aliso.fr\/initiatives\/actus\/"},{"@type":"ListItem","position":3,"name":"R\u00e9emploi-r\u00e9paration-r\u00e9utilisation : appel \u00e0 projet R\u00e9gion\/Ademe"}]},{"@type":"WebSite","@id":"https:\/\/aliso.fr\/initiatives\/#website","url":"https:\/\/aliso.fr\/initiatives\/","name":"Aliso Initiatives","description":"R\u00e9seau Creusois des acteurs du lien social","publisher":{"@id":"https:\/\/aliso.fr\/initiatives\/#organization"},"potentialAction":[{"@type":"SearchAction","target":{"@type":"EntryPoint","urlTemplate":"https:\/\/aliso.fr\/initiatives\/?s={search_term_string}"},"query-input":{"@type":"PropertyValueSpecification","valueRequired":true,"valueName":"search_term_string"}}],"inLanguage":"fr-FR"},{"@type":"Organization","@id":"https:\/\/aliso.fr\/initiatives\/#organization","name":"Aliso Initiatives","url":"https:\/\/aliso.fr\/initiatives\/","logo":{"@type":"ImageObject","inLanguage":"fr-FR","@id":"https:\/\/aliso.fr\/initiatives\/#\/schema\/logo\/image\/","url":"https:\/\/aliso.fr\/initiatives\/wp-content\/uploads\/sites\/2\/2022\/01\/Logo-ALISO-Initiatives-2.png","contentUrl":"https:\/\/aliso.fr\/initiatives\/wp-content\/uploads\/sites\/2\/2022\/01\/Logo-ALISO-Initiatives-2.png","width":900,"height":657,"caption":"Aliso Initiatives"},"image":{"@id":"https:\/\/aliso.fr\/initiatives\/#\/schema\/logo\/image\/"}},{"@type":"Person","@id":"https:\/\/aliso.fr\/initiatives\/#\/schema\/person\/ac5889082625d5c95b51fac19f3d9b86","name":"pascal"}]}},"_links":{"self":[{"href":"https:\/\/aliso.fr\/initiatives\/wp-json\/wp\/v2\/posts\/1372","targetHints":{"allow":["GET"]}}],"collection":[{"href":"https:\/\/aliso.fr\/initiatives\/wp-json\/wp\/v2\/posts"}],"about":[{"href":"https:\/\/aliso.fr\/initiatives\/wp-json\/wp\/v2\/types\/post"}],"author":[{"embeddable":true,"href":"https:\/\/aliso.fr\/initiatives\/wp-json\/wp\/v2\/users\/5"}],"replies":[{"embeddable":true,"href":"https:\/\/aliso.fr\/initiatives\/wp-json\/wp\/v2\/comments?post=1372"}],"version-history":[{"count":0,"href":"https:\/\/aliso.fr\/initiatives\/wp-json\/wp\/v2\/posts\/1372\/revisions"}],"wp:featuredmedia":[{"embeddable":true,"href":"https:\/\/aliso.fr\/initiatives\/wp-json\/"}],"wp:attachment":[{"href":"https:\/\/aliso.fr\/initiatives\/wp-json\/wp\/v2\/media?parent=1372"}],"wp:term":[{"taxonomy":"category","embeddable":true,"href":"https:\/\/aliso.fr\/initiatives\/wp-json\/wp\/v2\/categories?post=1372"},{"taxonomy":"post_tag","embeddable":true,"href":"https:\/\/aliso.fr\/initiatives\/wp-json\/wp\/v2\/tags?post=1372"}],"curies":[{"name":"wp","href":"https:\/\/api.w.org\/{rel}","templated":true}]}}