{"id":1376,"date":"2020-09-02T15:29:56","date_gmt":"2020-09-02T14:29:56","guid":{"rendered":"http:\/\/bij23.fr\/dla23\/?p=1376"},"modified":"2020-09-02T15:29:56","modified_gmt":"2020-09-02T14:29:56","slug":"faire-evoluer-ses-outils-numeriques-un-diagnostic-approfondi-accessible-pour-les-10-salaries","status":"publish","type":"post","link":"https:\/\/aliso.fr\/initiatives\/faire-evoluer-ses-outils-numeriques-un-diagnostic-approfondi-accessible-pour-les-10-salaries\/","title":{"rendered":"Faire \u00e9voluer ses outils num\u00e9riques : un diagnostic approfondi accessible pour les + 10 salari\u00e9s"},"content":{"rendered":"<p>Vous \u00eates une association ou coop\u00e9rative de + de 10 salari\u00e9s (1), vous vous dites qu&rsquo;il est temps de retravailler l&#8217;empilement des outils num\u00e9riques utilis\u00e9s dans votre organisation, de simplifier les d\u00e9marches de vos usagers ou adh\u00e9rents ? La R\u00e9gion Nouvelle Aquitaine, via l&rsquo;ADI, met \u00e0 disposition un prestataire (Digitall) pour faire un travail de diagnostic de deux jours au sein de votre organisation.<\/p>\n<p>&gt;&gt; Inscrivez vous sur <span style=\"text-decoration: underline\"><span style=\"color: #ff6600\"><a href=\"https:\/\/www.matransfonum.fr\/ami-diagnostic-maturite-numerique\"><span style=\"color: #ff6600;text-decoration: underline\">https:\/\/www.matransfonum.fr\/ami-diagnostic-maturite-numerique<\/span><\/a><\/span><\/span><\/p>\n<p>&gt;&gt; Contactez le DLA pour travailler la demande aupr\u00e8s de l&rsquo;ADI et envisager d&rsquo;entr\u00e9e les suites au diagnostic : &#x70;&#97;&#115;&#x63;&#x61;&#108;&#98;&#x6f;&#x75;&#115;&#115;&#x6f;&#x40;&#97;&#108;&#x69;&#x73;&#111;&#46;&#x66;&#x72;<\/p>\n<p>&gt;&gt; vous avez moins de 10 salari\u00e9s : contactez le DLA pour une d\u00e9marche adapt\u00e9e \u00e0 votre structure<\/p>\n<p>&nbsp;<\/p>\n","protected":false},"excerpt":{"rendered":"<p>Vous \u00eates une association ou coop\u00e9rative de + de 10 salari\u00e9s (1), vous vous dites qu&rsquo;il est temps de retravailler l&#8217;empilement des outils num\u00e9riques utilis\u00e9s dans votre organisation, de simplifier les d\u00e9marches de vos usagers ou adh\u00e9rents ? La R\u00e9gion Nouvelle Aquitaine, via l&rsquo;ADI, met \u00e0 disposition un prestataire (Digitall) pour faire un travail de&#8230; <a class=\"excerpt-read-more button\" href=\"https:\/\/aliso.fr\/initiatives\/faire-evoluer-ses-outils-numeriques-un-diagnostic-approfondi-accessible-pour-les-10-salaries\/\" title=\"ReadFaire \u00e9voluer ses outils num\u00e9riques : un diagnostic approfondi accessible pour les + 10 salari\u00e9s\">En savoir plus &raquo;<\/a><\/p>\n","protected":false},"author":5,"featured_media":843,"comment_status":"closed","ping_status":"open","sticky":false,"template":"","format":"standard","meta":{"footnotes":""},"categories":[11],"tags":[],"class_list":["post-1376","post","type-post","status-publish","format-standard","has-post-thumbnail","hentry","category-actus"],"yoast_head":"<!-- This site is optimized with the Yoast SEO plugin v27.5 - https:\/\/yoast.com\/product\/yoast-seo-wordpress\/ -->\n<title>Faire \u00e9voluer ses outils num\u00e9riques : un diagnostic approfondi accessible pour les + 10 salari\u00e9s - Aliso Initiatives<\/title>\n<meta name=\"robots\" content=\"index, follow, max-snippet:-1, max-image-preview:large, max-video-preview:-1\" \/>\n<link rel=\"canonical\" href=\"https:\/\/aliso.fr\/initiatives\/faire-evoluer-ses-outils-numeriques-un-diagnostic-approfondi-accessible-pour-les-10-salaries\/\" \/>\n<meta property=\"og:locale\" content=\"fr_FR\" \/>\n<meta property=\"og:type\" content=\"article\" \/>\n<meta property=\"og:title\" content=\"Faire \u00e9voluer ses outils num\u00e9riques : un diagnostic approfondi accessible pour les + 10 salari\u00e9s - Aliso Initiatives\" \/>\n<meta property=\"og:description\" content=\"Vous \u00eates une association ou coop\u00e9rative de + de 10 salari\u00e9s (1), vous vous dites qu&rsquo;il est temps de retravailler l&#8217;empilement des outils num\u00e9riques utilis\u00e9s dans votre organisation, de simplifier les d\u00e9marches de vos usagers ou adh\u00e9rents ? La R\u00e9gion Nouvelle Aquitaine, via l&rsquo;ADI, met \u00e0 disposition un prestataire (Digitall) pour faire un travail de... En savoir plus &raquo;\" \/>\n<meta property=\"og:url\" content=\"https:\/\/aliso.fr\/initiatives\/faire-evoluer-ses-outils-numeriques-un-diagnostic-approfondi-accessible-pour-les-10-salaries\/\" \/>\n<meta property=\"og:site_name\" content=\"Aliso Initiatives\" \/>\n<meta property=\"article:published_time\" content=\"2020-09-02T14:29:56+00:00\" \/>\n<meta name=\"author\" content=\"pascal\" \/>\n<meta name=\"twitter:card\" content=\"summary_large_image\" \/>\n<script type=\"application\/ld+json\" class=\"yoast-schema-graph\">{\"@context\":\"https:\\\/\\\/schema.org\",\"@graph\":[{\"@type\":\"Article\",\"@id\":\"https:\\\/\\\/aliso.fr\\\/initiatives\\\/faire-evoluer-ses-outils-numeriques-un-diagnostic-approfondi-accessible-pour-les-10-salaries\\\/#article\",\"isPartOf\":{\"@id\":\"https:\\\/\\\/aliso.fr\\\/initiatives\\\/faire-evoluer-ses-outils-numeriques-un-diagnostic-approfondi-accessible-pour-les-10-salaries\\\/\"},\"author\":{\"name\":\"pascal\",\"@id\":\"https:\\\/\\\/aliso.fr\\\/initiatives\\\/#\\\/schema\\\/person\\\/ac5889082625d5c95b51fac19f3d9b86\"},\"headline\":\"Faire \u00e9voluer ses outils num\u00e9riques : un diagnostic approfondi accessible pour les + 10 salari\u00e9s\",\"datePublished\":\"2020-09-02T14:29:56+00:00\",\"mainEntityOfPage\":{\"@id\":\"https:\\\/\\\/aliso.fr\\\/initiatives\\\/faire-evoluer-ses-outils-numeriques-un-diagnostic-approfondi-accessible-pour-les-10-salaries\\\/\"},\"wordCount\":139,\"publisher\":{\"@id\":\"https:\\\/\\\/aliso.fr\\\/initiatives\\\/#organization\"},\"image\":{\"@id\":\"https:\\\/\\\/aliso.fr\\\/initiatives\\\/faire-evoluer-ses-outils-numeriques-un-diagnostic-approfondi-accessible-pour-les-10-salaries\\\/#primaryimage\"},\"thumbnailUrl\":\"\",\"articleSection\":[\"Actualit\u00e9s\"],\"inLanguage\":\"fr-FR\"},{\"@type\":\"WebPage\",\"@id\":\"https:\\\/\\\/aliso.fr\\\/initiatives\\\/faire-evoluer-ses-outils-numeriques-un-diagnostic-approfondi-accessible-pour-les-10-salaries\\\/\",\"url\":\"https:\\\/\\\/aliso.fr\\\/initiatives\\\/faire-evoluer-ses-outils-numeriques-un-diagnostic-approfondi-accessible-pour-les-10-salaries\\\/\",\"name\":\"Faire \u00e9voluer ses outils num\u00e9riques : un diagnostic approfondi accessible pour les + 10 salari\u00e9s - Aliso Initiatives\",\"isPartOf\":{\"@id\":\"https:\\\/\\\/aliso.fr\\\/initiatives\\\/#website\"},\"primaryImageOfPage\":{\"@id\":\"https:\\\/\\\/aliso.fr\\\/initiatives\\\/faire-evoluer-ses-outils-numeriques-un-diagnostic-approfondi-accessible-pour-les-10-salaries\\\/#primaryimage\"},\"image\":{\"@id\":\"https:\\\/\\\/aliso.fr\\\/initiatives\\\/faire-evoluer-ses-outils-numeriques-un-diagnostic-approfondi-accessible-pour-les-10-salaries\\\/#primaryimage\"},\"thumbnailUrl\":\"\",\"datePublished\":\"2020-09-02T14:29:56+00:00\",\"breadcrumb\":{\"@id\":\"https:\\\/\\\/aliso.fr\\\/initiatives\\\/faire-evoluer-ses-outils-numeriques-un-diagnostic-approfondi-accessible-pour-les-10-salaries\\\/#breadcrumb\"},\"inLanguage\":\"fr-FR\",\"potentialAction\":[{\"@type\":\"ReadAction\",\"target\":[\"https:\\\/\\\/aliso.fr\\\/initiatives\\\/faire-evoluer-ses-outils-numeriques-un-diagnostic-approfondi-accessible-pour-les-10-salaries\\\/\"]}]},{\"@type\":\"ImageObject\",\"inLanguage\":\"fr-FR\",\"@id\":\"https:\\\/\\\/aliso.fr\\\/initiatives\\\/faire-evoluer-ses-outils-numeriques-un-diagnostic-approfondi-accessible-pour-les-10-salaries\\\/#primaryimage\",\"url\":\"\",\"contentUrl\":\"\"},{\"@type\":\"BreadcrumbList\",\"@id\":\"https:\\\/\\\/aliso.fr\\\/initiatives\\\/faire-evoluer-ses-outils-numeriques-un-diagnostic-approfondi-accessible-pour-les-10-salaries\\\/#breadcrumb\",\"itemListElement\":[{\"@type\":\"ListItem\",\"position\":1,\"name\":\"Accueil\",\"item\":\"https:\\\/\\\/aliso.fr\\\/initiatives\\\/\"},{\"@type\":\"ListItem\",\"position\":2,\"name\":\"Actualit\u00e9s\",\"item\":\"https:\\\/\\\/aliso.fr\\\/initiatives\\\/actus\\\/\"},{\"@type\":\"ListItem\",\"position\":3,\"name\":\"Faire \u00e9voluer ses outils num\u00e9riques : un diagnostic approfondi accessible pour les + 10 salari\u00e9s\"}]},{\"@type\":\"WebSite\",\"@id\":\"https:\\\/\\\/aliso.fr\\\/initiatives\\\/#website\",\"url\":\"https:\\\/\\\/aliso.fr\\\/initiatives\\\/\",\"name\":\"Aliso Initiatives\",\"description\":\"R\u00e9seau Creusois des acteurs du lien social\",\"publisher\":{\"@id\":\"https:\\\/\\\/aliso.fr\\\/initiatives\\\/#organization\"},\"potentialAction\":[{\"@type\":\"SearchAction\",\"target\":{\"@type\":\"EntryPoint\",\"urlTemplate\":\"https:\\\/\\\/aliso.fr\\\/initiatives\\\/?s={search_term_string}\"},\"query-input\":{\"@type\":\"PropertyValueSpecification\",\"valueRequired\":true,\"valueName\":\"search_term_string\"}}],\"inLanguage\":\"fr-FR\"},{\"@type\":\"Organization\",\"@id\":\"https:\\\/\\\/aliso.fr\\\/initiatives\\\/#organization\",\"name\":\"Aliso Initiatives\",\"url\":\"https:\\\/\\\/aliso.fr\\\/initiatives\\\/\",\"logo\":{\"@type\":\"ImageObject\",\"inLanguage\":\"fr-FR\",\"@id\":\"https:\\\/\\\/aliso.fr\\\/initiatives\\\/#\\\/schema\\\/logo\\\/image\\\/\",\"url\":\"https:\\\/\\\/aliso.fr\\\/initiatives\\\/wp-content\\\/uploads\\\/sites\\\/2\\\/2022\\\/01\\\/Logo-ALISO-Initiatives-2.png\",\"contentUrl\":\"https:\\\/\\\/aliso.fr\\\/initiatives\\\/wp-content\\\/uploads\\\/sites\\\/2\\\/2022\\\/01\\\/Logo-ALISO-Initiatives-2.png\",\"width\":900,\"height\":657,\"caption\":\"Aliso Initiatives\"},\"image\":{\"@id\":\"https:\\\/\\\/aliso.fr\\\/initiatives\\\/#\\\/schema\\\/logo\\\/image\\\/\"}},{\"@type\":\"Person\",\"@id\":\"https:\\\/\\\/aliso.fr\\\/initiatives\\\/#\\\/schema\\\/person\\\/ac5889082625d5c95b51fac19f3d9b86\",\"name\":\"pascal\"}]}<\/script>\n<!-- \/ Yoast SEO plugin. -->","yoast_head_json":{"title":"Faire \u00e9voluer ses outils num\u00e9riques : un diagnostic approfondi accessible pour les + 10 salari\u00e9s - Aliso Initiatives","robots":{"index":"index","follow":"follow","max-snippet":"max-snippet:-1","max-image-preview":"max-image-preview:large","max-video-preview":"max-video-preview:-1"},"canonical":"https:\/\/aliso.fr\/initiatives\/faire-evoluer-ses-outils-numeriques-un-diagnostic-approfondi-accessible-pour-les-10-salaries\/","og_locale":"fr_FR","og_type":"article","og_title":"Faire \u00e9voluer ses outils num\u00e9riques : un diagnostic approfondi accessible pour les + 10 salari\u00e9s - Aliso Initiatives","og_description":"Vous \u00eates une association ou coop\u00e9rative de + de 10 salari\u00e9s (1), vous vous dites qu&rsquo;il est temps de retravailler l&#8217;empilement des outils num\u00e9riques utilis\u00e9s dans votre organisation, de simplifier les d\u00e9marches de vos usagers ou adh\u00e9rents ? La R\u00e9gion Nouvelle Aquitaine, via l&rsquo;ADI, met \u00e0 disposition un prestataire (Digitall) pour faire un travail de... En savoir plus &raquo;","og_url":"https:\/\/aliso.fr\/initiatives\/faire-evoluer-ses-outils-numeriques-un-diagnostic-approfondi-accessible-pour-les-10-salaries\/","og_site_name":"Aliso Initiatives","article_published_time":"2020-09-02T14:29:56+00:00","author":"pascal","twitter_card":"summary_large_image","schema":{"@context":"https:\/\/schema.org","@graph":[{"@type":"Article","@id":"https:\/\/aliso.fr\/initiatives\/faire-evoluer-ses-outils-numeriques-un-diagnostic-approfondi-accessible-pour-les-10-salaries\/#article","isPartOf":{"@id":"https:\/\/aliso.fr\/initiatives\/faire-evoluer-ses-outils-numeriques-un-diagnostic-approfondi-accessible-pour-les-10-salaries\/"},"author":{"name":"pascal","@id":"https:\/\/aliso.fr\/initiatives\/#\/schema\/person\/ac5889082625d5c95b51fac19f3d9b86"},"headline":"Faire \u00e9voluer ses outils num\u00e9riques : un diagnostic approfondi accessible pour les + 10 salari\u00e9s","datePublished":"2020-09-02T14:29:56+00:00","mainEntityOfPage":{"@id":"https:\/\/aliso.fr\/initiatives\/faire-evoluer-ses-outils-numeriques-un-diagnostic-approfondi-accessible-pour-les-10-salaries\/"},"wordCount":139,"publisher":{"@id":"https:\/\/aliso.fr\/initiatives\/#organization"},"image":{"@id":"https:\/\/aliso.fr\/initiatives\/faire-evoluer-ses-outils-numeriques-un-diagnostic-approfondi-accessible-pour-les-10-salaries\/#primaryimage"},"thumbnailUrl":"","articleSection":["Actualit\u00e9s"],"inLanguage":"fr-FR"},{"@type":"WebPage","@id":"https:\/\/aliso.fr\/initiatives\/faire-evoluer-ses-outils-numeriques-un-diagnostic-approfondi-accessible-pour-les-10-salaries\/","url":"https:\/\/aliso.fr\/initiatives\/faire-evoluer-ses-outils-numeriques-un-diagnostic-approfondi-accessible-pour-les-10-salaries\/","name":"Faire \u00e9voluer ses outils num\u00e9riques : un diagnostic approfondi accessible pour les + 10 salari\u00e9s - Aliso Initiatives","isPartOf":{"@id":"https:\/\/aliso.fr\/initiatives\/#website"},"primaryImageOfPage":{"@id":"https:\/\/aliso.fr\/initiatives\/faire-evoluer-ses-outils-numeriques-un-diagnostic-approfondi-accessible-pour-les-10-salaries\/#primaryimage"},"image":{"@id":"https:\/\/aliso.fr\/initiatives\/faire-evoluer-ses-outils-numeriques-un-diagnostic-approfondi-accessible-pour-les-10-salaries\/#primaryimage"},"thumbnailUrl":"","datePublished":"2020-09-02T14:29:56+00:00","breadcrumb":{"@id":"https:\/\/aliso.fr\/initiatives\/faire-evoluer-ses-outils-numeriques-un-diagnostic-approfondi-accessible-pour-les-10-salaries\/#breadcrumb"},"inLanguage":"fr-FR","potentialAction":[{"@type":"ReadAction","target":["https:\/\/aliso.fr\/initiatives\/faire-evoluer-ses-outils-numeriques-un-diagnostic-approfondi-accessible-pour-les-10-salaries\/"]}]},{"@type":"ImageObject","inLanguage":"fr-FR","@id":"https:\/\/aliso.fr\/initiatives\/faire-evoluer-ses-outils-numeriques-un-diagnostic-approfondi-accessible-pour-les-10-salaries\/#primaryimage","url":"","contentUrl":""},{"@type":"BreadcrumbList","@id":"https:\/\/aliso.fr\/initiatives\/faire-evoluer-ses-outils-numeriques-un-diagnostic-approfondi-accessible-pour-les-10-salaries\/#breadcrumb","itemListElement":[{"@type":"ListItem","position":1,"name":"Accueil","item":"https:\/\/aliso.fr\/initiatives\/"},{"@type":"ListItem","position":2,"name":"Actualit\u00e9s","item":"https:\/\/aliso.fr\/initiatives\/actus\/"},{"@type":"ListItem","position":3,"name":"Faire \u00e9voluer ses outils num\u00e9riques : un diagnostic approfondi accessible pour les + 10 salari\u00e9s"}]},{"@type":"WebSite","@id":"https:\/\/aliso.fr\/initiatives\/#website","url":"https:\/\/aliso.fr\/initiatives\/","name":"Aliso Initiatives","description":"R\u00e9seau Creusois des acteurs du lien social","publisher":{"@id":"https:\/\/aliso.fr\/initiatives\/#organization"},"potentialAction":[{"@type":"SearchAction","target":{"@type":"EntryPoint","urlTemplate":"https:\/\/aliso.fr\/initiatives\/?s={search_term_string}"},"query-input":{"@type":"PropertyValueSpecification","valueRequired":true,"valueName":"search_term_string"}}],"inLanguage":"fr-FR"},{"@type":"Organization","@id":"https:\/\/aliso.fr\/initiatives\/#organization","name":"Aliso Initiatives","url":"https:\/\/aliso.fr\/initiatives\/","logo":{"@type":"ImageObject","inLanguage":"fr-FR","@id":"https:\/\/aliso.fr\/initiatives\/#\/schema\/logo\/image\/","url":"https:\/\/aliso.fr\/initiatives\/wp-content\/uploads\/sites\/2\/2022\/01\/Logo-ALISO-Initiatives-2.png","contentUrl":"https:\/\/aliso.fr\/initiatives\/wp-content\/uploads\/sites\/2\/2022\/01\/Logo-ALISO-Initiatives-2.png","width":900,"height":657,"caption":"Aliso Initiatives"},"image":{"@id":"https:\/\/aliso.fr\/initiatives\/#\/schema\/logo\/image\/"}},{"@type":"Person","@id":"https:\/\/aliso.fr\/initiatives\/#\/schema\/person\/ac5889082625d5c95b51fac19f3d9b86","name":"pascal"}]}},"_links":{"self":[{"href":"https:\/\/aliso.fr\/initiatives\/wp-json\/wp\/v2\/posts\/1376","targetHints":{"allow":["GET"]}}],"collection":[{"href":"https:\/\/aliso.fr\/initiatives\/wp-json\/wp\/v2\/posts"}],"about":[{"href":"https:\/\/aliso.fr\/initiatives\/wp-json\/wp\/v2\/types\/post"}],"author":[{"embeddable":true,"href":"https:\/\/aliso.fr\/initiatives\/wp-json\/wp\/v2\/users\/5"}],"replies":[{"embeddable":true,"href":"https:\/\/aliso.fr\/initiatives\/wp-json\/wp\/v2\/comments?post=1376"}],"version-history":[{"count":0,"href":"https:\/\/aliso.fr\/initiatives\/wp-json\/wp\/v2\/posts\/1376\/revisions"}],"wp:featuredmedia":[{"embeddable":true,"href":"https:\/\/aliso.fr\/initiatives\/wp-json\/"}],"wp:attachment":[{"href":"https:\/\/aliso.fr\/initiatives\/wp-json\/wp\/v2\/media?parent=1376"}],"wp:term":[{"taxonomy":"category","embeddable":true,"href":"https:\/\/aliso.fr\/initiatives\/wp-json\/wp\/v2\/categories?post=1376"},{"taxonomy":"post_tag","embeddable":true,"href":"https:\/\/aliso.fr\/initiatives\/wp-json\/wp\/v2\/tags?post=1376"}],"curies":[{"name":"wp","href":"https:\/\/api.w.org\/{rel}","templated":true}]}}