{"id":1384,"date":"2020-11-05T11:04:03","date_gmt":"2020-11-05T10:04:03","guid":{"rendered":"http:\/\/bij23.fr\/dla23\/?p=1384"},"modified":"2020-11-05T11:04:03","modified_gmt":"2020-11-05T10:04:03","slug":"etre-employeur-associatif-en-periode-de-confinement","status":"publish","type":"post","link":"https:\/\/aliso.fr\/initiatives\/etre-employeur-associatif-en-periode-de-confinement\/","title":{"rendered":"Etre employeur associatif en p\u00e9riode de confinement"},"content":{"rendered":"<p><strong>Allier reconfinement et maintien de certaines activit\u00e9s<\/strong>, r\u00e9pondre aux questions des salari\u00e9s sur ce qu&rsquo;on peut faire et ne pas faire,&#8230; et garder le moral ! Pour y voir plus clair dans cette difficile \u00e9quation, le DLA Creuse vous propose un cycle de temps d&rsquo;information et d&rsquo;\u00e9changes en visio, en partenariat avec l&rsquo;ARACT Nouvelle Aquitaine.<\/p>\n<h2><span style=\"color: #008080\"><br \/>\n<a href=\"https:\/\/framaforms.org\/inscription-atelier-ressource-travail-et-confinement-1605859949\"><span style=\"text-decoration: underline;color: #008080\">&gt;&gt; Mercredi 25 Novembre, 9h30-11h<\/span><\/a><br \/>\n<\/span><\/h2>\n<p style=\"padding-left: 30px\">Organiser l&rsquo;application des r\u00e8gles sanitaires, organiser le t\u00e9l\u00e9travail, assurer la s\u00e9curit\u00e9 et garder le lien avec les salari\u00e9s (et les b\u00e9n\u00e9voles!), expliquer, soutenir, pr\u00e9venir :<\/p>\n<ul>\n<li>Tour d&rsquo;horizon de vos pratiques et de vos pr\u00e9occupations,<\/li>\n<\/ul>\n<ul>\n<li>Animation et apports par Isabelle Dudognon de l&rsquo;ARACT (Agence r\u00e9gionale d&rsquo;am\u00e9lioration des conditions de travail).<\/li>\n<\/ul>\n<p style=\"padding-left: 30px\">&gt;&gt; <strong><span style=\"text-decoration: underline\"><span style=\"color: #ff6600;text-decoration: underline\"><a href=\"https:\/\/framaforms.org\/inscription-atelier-ressource-travail-et-confinement-1605859949\"><span style=\"color: #ff6600;text-decoration: underline\">Pour vous inscrire Cliquez ici <\/span><\/a><\/span><\/span><\/strong>&gt;&gt; vous recevrez les codes d\u2019acc\u00e8s par visio ou par t\u00e9l\u00e9phone suite \u00e0 votre inscription.<\/p>\n<h2><span style=\"color: #008080\"><span style=\"text-decoration: underline\">&gt;&gt; Mercredi 9 d\u00e9cembre, 9h30-11h<\/span><\/span><\/h2>\n<p style=\"padding-left: 30px\">Soutenir ses \u00e9quipes dans le temps, apporter des r\u00e9ponses structur\u00e9es : construire des d\u00e9marches avec l&rsquo;appui de l&rsquo;ARACT, sur l&rsquo;ann\u00e9e 2020-2021. Inscriptions aupr\u00e8s du DLA Creuse : &#112;a&#x73;c&#x61;l&#x62;o&#x75;s&#x73;o&#x40;&#97;&#x6c;&#105;&#x73;&#111;&#x2e;&#102;&#x72;<\/p>\n<p>&nbsp;<\/p>\n","protected":false},"excerpt":{"rendered":"<p>Allier reconfinement et maintien de certaines activit\u00e9s, r\u00e9pondre aux questions des salari\u00e9s sur ce qu&rsquo;on peut faire et ne pas faire,&#8230; et garder le moral ! Pour y voir plus clair dans cette difficile \u00e9quation, le DLA Creuse vous propose un cycle de temps d&rsquo;information et d&rsquo;\u00e9changes en visio, en partenariat avec l&rsquo;ARACT Nouvelle Aquitaine&#8230;. <a class=\"excerpt-read-more button\" href=\"https:\/\/aliso.fr\/initiatives\/etre-employeur-associatif-en-periode-de-confinement\/\" title=\"ReadEtre employeur associatif en p\u00e9riode de confinement\">En savoir plus &raquo;<\/a><\/p>\n","protected":false},"author":5,"featured_media":1361,"comment_status":"closed","ping_status":"open","sticky":false,"template":"","format":"standard","meta":{"footnotes":""},"categories":[11,6,19],"tags":[],"class_list":["post-1384","post","type-post","status-publish","format-standard","has-post-thumbnail","hentry","category-actus","category-fonction-employeur","category-se-former-sinformer"],"yoast_head":"<!-- This site is optimized with the Yoast SEO plugin v27.5 - https:\/\/yoast.com\/product\/yoast-seo-wordpress\/ -->\n<title>Etre employeur associatif en p\u00e9riode de confinement - Aliso Initiatives<\/title>\n<meta name=\"robots\" content=\"index, follow, max-snippet:-1, max-image-preview:large, max-video-preview:-1\" \/>\n<link rel=\"canonical\" href=\"https:\/\/aliso.fr\/initiatives\/etre-employeur-associatif-en-periode-de-confinement\/\" \/>\n<meta property=\"og:locale\" content=\"fr_FR\" \/>\n<meta property=\"og:type\" content=\"article\" \/>\n<meta property=\"og:title\" content=\"Etre employeur associatif en p\u00e9riode de confinement - Aliso Initiatives\" \/>\n<meta property=\"og:description\" content=\"Allier reconfinement et maintien de certaines activit\u00e9s, r\u00e9pondre aux questions des salari\u00e9s sur ce qu&rsquo;on peut faire et ne pas faire,&#8230; et garder le moral ! Pour y voir plus clair dans cette difficile \u00e9quation, le DLA Creuse vous propose un cycle de temps d&rsquo;information et d&rsquo;\u00e9changes en visio, en partenariat avec l&rsquo;ARACT Nouvelle Aquitaine.... En savoir plus &raquo;\" \/>\n<meta property=\"og:url\" content=\"https:\/\/aliso.fr\/initiatives\/etre-employeur-associatif-en-periode-de-confinement\/\" \/>\n<meta property=\"og:site_name\" content=\"Aliso Initiatives\" \/>\n<meta property=\"article:published_time\" content=\"2020-11-05T10:04:03+00:00\" \/>\n<meta name=\"author\" content=\"pascal\" \/>\n<meta name=\"twitter:card\" content=\"summary_large_image\" \/>\n<script type=\"application\/ld+json\" class=\"yoast-schema-graph\">{\"@context\":\"https:\\\/\\\/schema.org\",\"@graph\":[{\"@type\":\"Article\",\"@id\":\"https:\\\/\\\/aliso.fr\\\/initiatives\\\/etre-employeur-associatif-en-periode-de-confinement\\\/#article\",\"isPartOf\":{\"@id\":\"https:\\\/\\\/aliso.fr\\\/initiatives\\\/etre-employeur-associatif-en-periode-de-confinement\\\/\"},\"author\":{\"name\":\"pascal\",\"@id\":\"https:\\\/\\\/aliso.fr\\\/initiatives\\\/#\\\/schema\\\/person\\\/ac5889082625d5c95b51fac19f3d9b86\"},\"headline\":\"Etre employeur associatif en p\u00e9riode de confinement\",\"datePublished\":\"2020-11-05T10:04:03+00:00\",\"mainEntityOfPage\":{\"@id\":\"https:\\\/\\\/aliso.fr\\\/initiatives\\\/etre-employeur-associatif-en-periode-de-confinement\\\/\"},\"wordCount\":210,\"publisher\":{\"@id\":\"https:\\\/\\\/aliso.fr\\\/initiatives\\\/#organization\"},\"image\":{\"@id\":\"https:\\\/\\\/aliso.fr\\\/initiatives\\\/etre-employeur-associatif-en-periode-de-confinement\\\/#primaryimage\"},\"thumbnailUrl\":\"\",\"articleSection\":[\"Actualit\u00e9s\",\"Fonction employeur\",\"Se former, s\u2019informer\"],\"inLanguage\":\"fr-FR\"},{\"@type\":\"WebPage\",\"@id\":\"https:\\\/\\\/aliso.fr\\\/initiatives\\\/etre-employeur-associatif-en-periode-de-confinement\\\/\",\"url\":\"https:\\\/\\\/aliso.fr\\\/initiatives\\\/etre-employeur-associatif-en-periode-de-confinement\\\/\",\"name\":\"Etre employeur associatif en p\u00e9riode de confinement - Aliso Initiatives\",\"isPartOf\":{\"@id\":\"https:\\\/\\\/aliso.fr\\\/initiatives\\\/#website\"},\"primaryImageOfPage\":{\"@id\":\"https:\\\/\\\/aliso.fr\\\/initiatives\\\/etre-employeur-associatif-en-periode-de-confinement\\\/#primaryimage\"},\"image\":{\"@id\":\"https:\\\/\\\/aliso.fr\\\/initiatives\\\/etre-employeur-associatif-en-periode-de-confinement\\\/#primaryimage\"},\"thumbnailUrl\":\"\",\"datePublished\":\"2020-11-05T10:04:03+00:00\",\"breadcrumb\":{\"@id\":\"https:\\\/\\\/aliso.fr\\\/initiatives\\\/etre-employeur-associatif-en-periode-de-confinement\\\/#breadcrumb\"},\"inLanguage\":\"fr-FR\",\"potentialAction\":[{\"@type\":\"ReadAction\",\"target\":[\"https:\\\/\\\/aliso.fr\\\/initiatives\\\/etre-employeur-associatif-en-periode-de-confinement\\\/\"]}]},{\"@type\":\"ImageObject\",\"inLanguage\":\"fr-FR\",\"@id\":\"https:\\\/\\\/aliso.fr\\\/initiatives\\\/etre-employeur-associatif-en-periode-de-confinement\\\/#primaryimage\",\"url\":\"\",\"contentUrl\":\"\"},{\"@type\":\"BreadcrumbList\",\"@id\":\"https:\\\/\\\/aliso.fr\\\/initiatives\\\/etre-employeur-associatif-en-periode-de-confinement\\\/#breadcrumb\",\"itemListElement\":[{\"@type\":\"ListItem\",\"position\":1,\"name\":\"Accueil\",\"item\":\"https:\\\/\\\/aliso.fr\\\/initiatives\\\/\"},{\"@type\":\"ListItem\",\"position\":2,\"name\":\"Ressources et outils\",\"item\":\"https:\\\/\\\/aliso.fr\\\/initiatives\\\/ressources-et-outils\\\/\"},{\"@type\":\"ListItem\",\"position\":3,\"name\":\"Fonction employeur\",\"item\":\"https:\\\/\\\/aliso.fr\\\/initiatives\\\/ressources-et-outils\\\/fonction-employeur\\\/\"},{\"@type\":\"ListItem\",\"position\":4,\"name\":\"Etre employeur associatif en p\u00e9riode de confinement\"}]},{\"@type\":\"WebSite\",\"@id\":\"https:\\\/\\\/aliso.fr\\\/initiatives\\\/#website\",\"url\":\"https:\\\/\\\/aliso.fr\\\/initiatives\\\/\",\"name\":\"Aliso Initiatives\",\"description\":\"R\u00e9seau Creusois des acteurs du lien social\",\"publisher\":{\"@id\":\"https:\\\/\\\/aliso.fr\\\/initiatives\\\/#organization\"},\"potentialAction\":[{\"@type\":\"SearchAction\",\"target\":{\"@type\":\"EntryPoint\",\"urlTemplate\":\"https:\\\/\\\/aliso.fr\\\/initiatives\\\/?s={search_term_string}\"},\"query-input\":{\"@type\":\"PropertyValueSpecification\",\"valueRequired\":true,\"valueName\":\"search_term_string\"}}],\"inLanguage\":\"fr-FR\"},{\"@type\":\"Organization\",\"@id\":\"https:\\\/\\\/aliso.fr\\\/initiatives\\\/#organization\",\"name\":\"Aliso Initiatives\",\"url\":\"https:\\\/\\\/aliso.fr\\\/initiatives\\\/\",\"logo\":{\"@type\":\"ImageObject\",\"inLanguage\":\"fr-FR\",\"@id\":\"https:\\\/\\\/aliso.fr\\\/initiatives\\\/#\\\/schema\\\/logo\\\/image\\\/\",\"url\":\"https:\\\/\\\/aliso.fr\\\/initiatives\\\/wp-content\\\/uploads\\\/sites\\\/2\\\/2022\\\/01\\\/Logo-ALISO-Initiatives-2.png\",\"contentUrl\":\"https:\\\/\\\/aliso.fr\\\/initiatives\\\/wp-content\\\/uploads\\\/sites\\\/2\\\/2022\\\/01\\\/Logo-ALISO-Initiatives-2.png\",\"width\":900,\"height\":657,\"caption\":\"Aliso Initiatives\"},\"image\":{\"@id\":\"https:\\\/\\\/aliso.fr\\\/initiatives\\\/#\\\/schema\\\/logo\\\/image\\\/\"}},{\"@type\":\"Person\",\"@id\":\"https:\\\/\\\/aliso.fr\\\/initiatives\\\/#\\\/schema\\\/person\\\/ac5889082625d5c95b51fac19f3d9b86\",\"name\":\"pascal\"}]}<\/script>\n<!-- \/ Yoast SEO plugin. -->","yoast_head_json":{"title":"Etre employeur associatif en p\u00e9riode de confinement - Aliso Initiatives","robots":{"index":"index","follow":"follow","max-snippet":"max-snippet:-1","max-image-preview":"max-image-preview:large","max-video-preview":"max-video-preview:-1"},"canonical":"https:\/\/aliso.fr\/initiatives\/etre-employeur-associatif-en-periode-de-confinement\/","og_locale":"fr_FR","og_type":"article","og_title":"Etre employeur associatif en p\u00e9riode de confinement - Aliso Initiatives","og_description":"Allier reconfinement et maintien de certaines activit\u00e9s, r\u00e9pondre aux questions des salari\u00e9s sur ce qu&rsquo;on peut faire et ne pas faire,&#8230; et garder le moral ! Pour y voir plus clair dans cette difficile \u00e9quation, le DLA Creuse vous propose un cycle de temps d&rsquo;information et d&rsquo;\u00e9changes en visio, en partenariat avec l&rsquo;ARACT Nouvelle Aquitaine.... En savoir plus &raquo;","og_url":"https:\/\/aliso.fr\/initiatives\/etre-employeur-associatif-en-periode-de-confinement\/","og_site_name":"Aliso Initiatives","article_published_time":"2020-11-05T10:04:03+00:00","author":"pascal","twitter_card":"summary_large_image","schema":{"@context":"https:\/\/schema.org","@graph":[{"@type":"Article","@id":"https:\/\/aliso.fr\/initiatives\/etre-employeur-associatif-en-periode-de-confinement\/#article","isPartOf":{"@id":"https:\/\/aliso.fr\/initiatives\/etre-employeur-associatif-en-periode-de-confinement\/"},"author":{"name":"pascal","@id":"https:\/\/aliso.fr\/initiatives\/#\/schema\/person\/ac5889082625d5c95b51fac19f3d9b86"},"headline":"Etre employeur associatif en p\u00e9riode de confinement","datePublished":"2020-11-05T10:04:03+00:00","mainEntityOfPage":{"@id":"https:\/\/aliso.fr\/initiatives\/etre-employeur-associatif-en-periode-de-confinement\/"},"wordCount":210,"publisher":{"@id":"https:\/\/aliso.fr\/initiatives\/#organization"},"image":{"@id":"https:\/\/aliso.fr\/initiatives\/etre-employeur-associatif-en-periode-de-confinement\/#primaryimage"},"thumbnailUrl":"","articleSection":["Actualit\u00e9s","Fonction employeur","Se former, s\u2019informer"],"inLanguage":"fr-FR"},{"@type":"WebPage","@id":"https:\/\/aliso.fr\/initiatives\/etre-employeur-associatif-en-periode-de-confinement\/","url":"https:\/\/aliso.fr\/initiatives\/etre-employeur-associatif-en-periode-de-confinement\/","name":"Etre employeur associatif en p\u00e9riode de confinement - Aliso Initiatives","isPartOf":{"@id":"https:\/\/aliso.fr\/initiatives\/#website"},"primaryImageOfPage":{"@id":"https:\/\/aliso.fr\/initiatives\/etre-employeur-associatif-en-periode-de-confinement\/#primaryimage"},"image":{"@id":"https:\/\/aliso.fr\/initiatives\/etre-employeur-associatif-en-periode-de-confinement\/#primaryimage"},"thumbnailUrl":"","datePublished":"2020-11-05T10:04:03+00:00","breadcrumb":{"@id":"https:\/\/aliso.fr\/initiatives\/etre-employeur-associatif-en-periode-de-confinement\/#breadcrumb"},"inLanguage":"fr-FR","potentialAction":[{"@type":"ReadAction","target":["https:\/\/aliso.fr\/initiatives\/etre-employeur-associatif-en-periode-de-confinement\/"]}]},{"@type":"ImageObject","inLanguage":"fr-FR","@id":"https:\/\/aliso.fr\/initiatives\/etre-employeur-associatif-en-periode-de-confinement\/#primaryimage","url":"","contentUrl":""},{"@type":"BreadcrumbList","@id":"https:\/\/aliso.fr\/initiatives\/etre-employeur-associatif-en-periode-de-confinement\/#breadcrumb","itemListElement":[{"@type":"ListItem","position":1,"name":"Accueil","item":"https:\/\/aliso.fr\/initiatives\/"},{"@type":"ListItem","position":2,"name":"Ressources et outils","item":"https:\/\/aliso.fr\/initiatives\/ressources-et-outils\/"},{"@type":"ListItem","position":3,"name":"Fonction employeur","item":"https:\/\/aliso.fr\/initiatives\/ressources-et-outils\/fonction-employeur\/"},{"@type":"ListItem","position":4,"name":"Etre employeur associatif en p\u00e9riode de confinement"}]},{"@type":"WebSite","@id":"https:\/\/aliso.fr\/initiatives\/#website","url":"https:\/\/aliso.fr\/initiatives\/","name":"Aliso Initiatives","description":"R\u00e9seau Creusois des acteurs du lien social","publisher":{"@id":"https:\/\/aliso.fr\/initiatives\/#organization"},"potentialAction":[{"@type":"SearchAction","target":{"@type":"EntryPoint","urlTemplate":"https:\/\/aliso.fr\/initiatives\/?s={search_term_string}"},"query-input":{"@type":"PropertyValueSpecification","valueRequired":true,"valueName":"search_term_string"}}],"inLanguage":"fr-FR"},{"@type":"Organization","@id":"https:\/\/aliso.fr\/initiatives\/#organization","name":"Aliso Initiatives","url":"https:\/\/aliso.fr\/initiatives\/","logo":{"@type":"ImageObject","inLanguage":"fr-FR","@id":"https:\/\/aliso.fr\/initiatives\/#\/schema\/logo\/image\/","url":"https:\/\/aliso.fr\/initiatives\/wp-content\/uploads\/sites\/2\/2022\/01\/Logo-ALISO-Initiatives-2.png","contentUrl":"https:\/\/aliso.fr\/initiatives\/wp-content\/uploads\/sites\/2\/2022\/01\/Logo-ALISO-Initiatives-2.png","width":900,"height":657,"caption":"Aliso Initiatives"},"image":{"@id":"https:\/\/aliso.fr\/initiatives\/#\/schema\/logo\/image\/"}},{"@type":"Person","@id":"https:\/\/aliso.fr\/initiatives\/#\/schema\/person\/ac5889082625d5c95b51fac19f3d9b86","name":"pascal"}]}},"_links":{"self":[{"href":"https:\/\/aliso.fr\/initiatives\/wp-json\/wp\/v2\/posts\/1384","targetHints":{"allow":["GET"]}}],"collection":[{"href":"https:\/\/aliso.fr\/initiatives\/wp-json\/wp\/v2\/posts"}],"about":[{"href":"https:\/\/aliso.fr\/initiatives\/wp-json\/wp\/v2\/types\/post"}],"author":[{"embeddable":true,"href":"https:\/\/aliso.fr\/initiatives\/wp-json\/wp\/v2\/users\/5"}],"replies":[{"embeddable":true,"href":"https:\/\/aliso.fr\/initiatives\/wp-json\/wp\/v2\/comments?post=1384"}],"version-history":[{"count":0,"href":"https:\/\/aliso.fr\/initiatives\/wp-json\/wp\/v2\/posts\/1384\/revisions"}],"wp:featuredmedia":[{"embeddable":true,"href":"https:\/\/aliso.fr\/initiatives\/wp-json\/"}],"wp:attachment":[{"href":"https:\/\/aliso.fr\/initiatives\/wp-json\/wp\/v2\/media?parent=1384"}],"wp:term":[{"taxonomy":"category","embeddable":true,"href":"https:\/\/aliso.fr\/initiatives\/wp-json\/wp\/v2\/categories?post=1384"},{"taxonomy":"post_tag","embeddable":true,"href":"https:\/\/aliso.fr\/initiatives\/wp-json\/wp\/v2\/tags?post=1384"}],"curies":[{"name":"wp","href":"https:\/\/api.w.org\/{rel}","templated":true}]}}