{"id":1451,"date":"2021-04-09T15:10:28","date_gmt":"2021-04-09T14:10:28","guid":{"rendered":"http:\/\/bij23.fr\/dla23\/?p=1451"},"modified":"2021-04-09T15:10:28","modified_gmt":"2021-04-09T14:10:28","slug":"urgenceess-une-aide-directe-de-5-a-8000-e-pour-les-petites-structures","status":"publish","type":"post","link":"https:\/\/aliso.fr\/initiatives\/urgenceess-une-aide-directe-de-5-a-8000-e-pour-les-petites-structures\/","title":{"rendered":"UrgenceESS : Une aide directe de 5 \u00e0 8000 \u20ac pour les petites structures"},"content":{"rendered":"<p>Lanc\u00e9 en janvier dernier, le fonds <span style=\"text-decoration: underline\"><strong><span style=\"color: #ff6600;text-decoration: underline\">Urgence-ESS<\/span><\/strong><\/span> est le fruit d&rsquo;une volont\u00e9 de proposer une mesure de soutien de Crise, adapt\u00e9e aux des petites associations et entreprises d&rsquo;\u00e9conomie sociale et solidaire. <strong>La formule de la subvention de fonctionnement<\/strong> forfaitaire est donc privil\u00e9gi\u00e9e, le dispositif vise les structures de &#8211; de 10 ETP au jour de la demande d&rsquo;aide.<\/p>\n<p>L&rsquo;aide est d&rsquo;un montant :<\/p>\n<p>&#8211; de 5000 \u20ac si vous \u00eates employeurs de &#8211; de 3 salari\u00e9s\u00a0 (inclus) <strong>en effectifs<\/strong>,<\/p>\n<p>&#8211; de 8000 \u20ac pour au del\u00e0 de 4 salari\u00e9s (quelque soit l&rsquo;effectif jusqu&rsquo;\u00e0 10 ETP).<\/p>\n<p>Notez que pour les SIAE, seuls les ETP et effectifs permanents sont pris en compte. Et que les emplois non directs (mis \u00e0 disposition) sont pris en compte dans l&rsquo;effectif.<\/p>\n<p><strong>Le principe d&rsquo;un guichet unique<\/strong> est aussi retenu : France Active est charg\u00e9 d&rsquo;analyser toutes les situations, et de r\u00e9pondre aux questions. Pour obtenir un RDV, s&rsquo;inscrire sur\u00a0 : <span style=\"text-decoration: underline\"><span style=\"color: #ff6600\"><a href=\"https:\/\/www.urgence-ess.fr\/\"><span style=\"color: #ff6600;text-decoration: underline\">https:\/\/www.urgence-ess.fr\/<\/span><\/a><\/span><\/span><\/p>\n<p><a href=\"http:\/\/bij23.fr\/dla23\/wp-content\/uploads\/2020\/11\/logo-\u00e9tat.jpg\"><img loading=\"lazy\" decoding=\"async\" class=\"size-full wp-image-1395 alignright\" src=\"http:\/\/bij23.fr\/dla23\/wp-content\/uploads\/2020\/11\/logo-\u00e9tat.jpg\" alt=\"logo \u00e9tat\" width=\"187\" height=\"111\" \/><\/a>Dot\u00e9 de 30 millions d\u2019euros, le fonds UrgenceESS,vot\u00e9 dans le cadre du quatri\u00e8me projet\u00a0 de\u00a0 loi\u00a0 de\u00a0 finances\u00a0 rectificative\u00a0 pour\u00a0 2020 au\u00a0 mois\u00a0 de\u00a0 novembre\u00a0 dernier, a \u00e9t\u00e9 lanc\u00e9 le 22 janvier dernier par Olivia\u00a0 Gr\u00e9goire,\u00a0 Secr\u00e9taire\u00a0 d&rsquo;\u00c9tat\u00a0 \u00e0\u00a0 l&rsquo;\u00c9conomie\u00a0 sociale,\u00a0 solidaire\u00a0 et\u00a0 responsable : \u00ab\u00a0<em>Les structures de l&rsquo;ESS sont pleinement \u00e9ligibles \u00e0 tous les dispositifs mis en place par le Gouvernement depuis le d\u00e9but de la crise. Mais nombre d&rsquo;entre elles ne demandent pas ces aides : l&rsquo;enjeu, c&rsquo;est de leur donner les moyens de les activer.\u00a0 Au-del\u00e0 de l&rsquo;information, si l&rsquo;acc\u00e8s aux aides reste\u00a0\u00a0 difficile,\u00a0\u00a0 il\u00a0\u00a0 faut\u00a0\u00a0 pouvoir\u00a0\u00a0 compl\u00e9ter\u00a0\u00a0 le\u00a0\u00a0 dispositif\u00a0\u00a0 :\u00a0\u00a0 c&rsquo;est\u00a0\u00a0 l&rsquo;objectif\u00a0\u00a0 du\u00a0\u00a0 fonds UrgenceESS<\/em>.\u00a0\u00bb<\/p>\n<p>Il est donc d\u00e9ploy\u00e9 \u00e0 compter du 22 janvier 2021 et propose :<\/p>\n<p>-un diagnostic de situation \u00e9conomique pour diriger les structures vers les aides et\u00a0 mesures\u00a0 de\u00a0 soutien\u00a0 auxquels\u00a0 ils\u00a0 ont\u00a0 d\u00e9j\u00e0droit\u00a0 ou\u00a0 vers\u00a0 de\u00a0 nouvelles\u00a0 solutions\u00a0 de financement;<\/p>\n<p>-une subvention de 5000\u20ac ou 8000\u20ac en fonction de la taille de la structure et de ses besoins;<\/p>\n<p>-un accompagnement via le dispositif local d\u2019accompagnement pour certaines structures \u00e9ligibles.<\/p>\n<p>Cette aide doit permettre aux structures relevant de l\u2019\u00e9conomie sociale et solidaire de poursuivre leur activit\u00e9 pendant la crise, de financer les emplois de leurs salari\u00e9s et de pallier les difficult\u00e9s li\u00e9es \u00e0 la tr\u00e9sorerie. L\u2019objectif : 5000 structures soutenues avant le printemps 2021.<\/p>\n","protected":false},"excerpt":{"rendered":"<p>Lanc\u00e9 en janvier dernier, le fonds Urgence-ESS est le fruit d&rsquo;une volont\u00e9 de proposer une mesure de soutien de Crise, adapt\u00e9e aux des petites associations et entreprises d&rsquo;\u00e9conomie sociale et solidaire. La formule de la subvention de fonctionnement forfaitaire est donc privil\u00e9gi\u00e9e, le dispositif vise les structures de &#8211; de 10 ETP au jour de&#8230; <a class=\"excerpt-read-more button\" href=\"https:\/\/aliso.fr\/initiatives\/urgenceess-une-aide-directe-de-5-a-8000-e-pour-les-petites-structures\/\" title=\"ReadUrgenceESS : Une aide directe de 5 \u00e0 8000 \u20ac pour les petites structures\">En savoir plus &raquo;<\/a><\/p>\n","protected":false},"author":5,"featured_media":590,"comment_status":"closed","ping_status":"open","sticky":false,"template":"","format":"standard","meta":{"footnotes":""},"categories":[11,5],"tags":[],"class_list":["post-1451","post","type-post","status-publish","format-standard","has-post-thumbnail","hentry","category-actus","category-gestion"],"yoast_head":"<!-- This site is optimized with the Yoast SEO plugin v27.5 - https:\/\/yoast.com\/product\/yoast-seo-wordpress\/ -->\n<title>UrgenceESS : Une aide directe de 5 \u00e0 8000 \u20ac pour les petites structures - Aliso Initiatives<\/title>\n<meta name=\"robots\" content=\"index, follow, max-snippet:-1, max-image-preview:large, max-video-preview:-1\" \/>\n<link rel=\"canonical\" href=\"https:\/\/aliso.fr\/initiatives\/urgenceess-une-aide-directe-de-5-a-8000-e-pour-les-petites-structures\/\" \/>\n<meta property=\"og:locale\" content=\"fr_FR\" \/>\n<meta property=\"og:type\" content=\"article\" \/>\n<meta property=\"og:title\" content=\"UrgenceESS : Une aide directe de 5 \u00e0 8000 \u20ac pour les petites structures - Aliso Initiatives\" \/>\n<meta property=\"og:description\" content=\"Lanc\u00e9 en janvier dernier, le fonds Urgence-ESS est le fruit d&rsquo;une volont\u00e9 de proposer une mesure de soutien de Crise, adapt\u00e9e aux des petites associations et entreprises d&rsquo;\u00e9conomie sociale et solidaire. La formule de la subvention de fonctionnement forfaitaire est donc privil\u00e9gi\u00e9e, le dispositif vise les structures de &#8211; de 10 ETP au jour de... En savoir plus &raquo;\" \/>\n<meta property=\"og:url\" content=\"https:\/\/aliso.fr\/initiatives\/urgenceess-une-aide-directe-de-5-a-8000-e-pour-les-petites-structures\/\" \/>\n<meta property=\"og:site_name\" content=\"Aliso Initiatives\" \/>\n<meta property=\"article:published_time\" content=\"2021-04-09T14:10:28+00:00\" \/>\n<meta name=\"author\" content=\"pascal\" \/>\n<meta name=\"twitter:card\" content=\"summary_large_image\" \/>\n<script type=\"application\/ld+json\" class=\"yoast-schema-graph\">{\"@context\":\"https:\\\/\\\/schema.org\",\"@graph\":[{\"@type\":\"Article\",\"@id\":\"https:\\\/\\\/aliso.fr\\\/initiatives\\\/urgenceess-une-aide-directe-de-5-a-8000-e-pour-les-petites-structures\\\/#article\",\"isPartOf\":{\"@id\":\"https:\\\/\\\/aliso.fr\\\/initiatives\\\/urgenceess-une-aide-directe-de-5-a-8000-e-pour-les-petites-structures\\\/\"},\"author\":{\"name\":\"pascal\",\"@id\":\"https:\\\/\\\/aliso.fr\\\/initiatives\\\/#\\\/schema\\\/person\\\/ac5889082625d5c95b51fac19f3d9b86\"},\"headline\":\"UrgenceESS : Une aide directe de 5 \u00e0 8000 \u20ac pour les petites structures\",\"datePublished\":\"2021-04-09T14:10:28+00:00\",\"mainEntityOfPage\":{\"@id\":\"https:\\\/\\\/aliso.fr\\\/initiatives\\\/urgenceess-une-aide-directe-de-5-a-8000-e-pour-les-petites-structures\\\/\"},\"wordCount\":403,\"publisher\":{\"@id\":\"https:\\\/\\\/aliso.fr\\\/initiatives\\\/#organization\"},\"image\":{\"@id\":\"https:\\\/\\\/aliso.fr\\\/initiatives\\\/urgenceess-une-aide-directe-de-5-a-8000-e-pour-les-petites-structures\\\/#primaryimage\"},\"thumbnailUrl\":\"\",\"articleSection\":[\"Actualit\u00e9s\",\"Gestion\"],\"inLanguage\":\"fr-FR\"},{\"@type\":\"WebPage\",\"@id\":\"https:\\\/\\\/aliso.fr\\\/initiatives\\\/urgenceess-une-aide-directe-de-5-a-8000-e-pour-les-petites-structures\\\/\",\"url\":\"https:\\\/\\\/aliso.fr\\\/initiatives\\\/urgenceess-une-aide-directe-de-5-a-8000-e-pour-les-petites-structures\\\/\",\"name\":\"UrgenceESS : Une aide directe de 5 \u00e0 8000 \u20ac pour les petites structures - Aliso Initiatives\",\"isPartOf\":{\"@id\":\"https:\\\/\\\/aliso.fr\\\/initiatives\\\/#website\"},\"primaryImageOfPage\":{\"@id\":\"https:\\\/\\\/aliso.fr\\\/initiatives\\\/urgenceess-une-aide-directe-de-5-a-8000-e-pour-les-petites-structures\\\/#primaryimage\"},\"image\":{\"@id\":\"https:\\\/\\\/aliso.fr\\\/initiatives\\\/urgenceess-une-aide-directe-de-5-a-8000-e-pour-les-petites-structures\\\/#primaryimage\"},\"thumbnailUrl\":\"\",\"datePublished\":\"2021-04-09T14:10:28+00:00\",\"breadcrumb\":{\"@id\":\"https:\\\/\\\/aliso.fr\\\/initiatives\\\/urgenceess-une-aide-directe-de-5-a-8000-e-pour-les-petites-structures\\\/#breadcrumb\"},\"inLanguage\":\"fr-FR\",\"potentialAction\":[{\"@type\":\"ReadAction\",\"target\":[\"https:\\\/\\\/aliso.fr\\\/initiatives\\\/urgenceess-une-aide-directe-de-5-a-8000-e-pour-les-petites-structures\\\/\"]}]},{\"@type\":\"ImageObject\",\"inLanguage\":\"fr-FR\",\"@id\":\"https:\\\/\\\/aliso.fr\\\/initiatives\\\/urgenceess-une-aide-directe-de-5-a-8000-e-pour-les-petites-structures\\\/#primaryimage\",\"url\":\"\",\"contentUrl\":\"\"},{\"@type\":\"BreadcrumbList\",\"@id\":\"https:\\\/\\\/aliso.fr\\\/initiatives\\\/urgenceess-une-aide-directe-de-5-a-8000-e-pour-les-petites-structures\\\/#breadcrumb\",\"itemListElement\":[{\"@type\":\"ListItem\",\"position\":1,\"name\":\"Accueil\",\"item\":\"https:\\\/\\\/aliso.fr\\\/initiatives\\\/\"},{\"@type\":\"ListItem\",\"position\":2,\"name\":\"Ressources et outils\",\"item\":\"https:\\\/\\\/aliso.fr\\\/initiatives\\\/ressources-et-outils\\\/\"},{\"@type\":\"ListItem\",\"position\":3,\"name\":\"Gestion\",\"item\":\"https:\\\/\\\/aliso.fr\\\/initiatives\\\/ressources-et-outils\\\/gestion\\\/\"},{\"@type\":\"ListItem\",\"position\":4,\"name\":\"UrgenceESS : Une aide directe de 5 \u00e0 8000 \u20ac pour les petites structures\"}]},{\"@type\":\"WebSite\",\"@id\":\"https:\\\/\\\/aliso.fr\\\/initiatives\\\/#website\",\"url\":\"https:\\\/\\\/aliso.fr\\\/initiatives\\\/\",\"name\":\"Aliso Initiatives\",\"description\":\"R\u00e9seau Creusois des acteurs du lien social\",\"publisher\":{\"@id\":\"https:\\\/\\\/aliso.fr\\\/initiatives\\\/#organization\"},\"potentialAction\":[{\"@type\":\"SearchAction\",\"target\":{\"@type\":\"EntryPoint\",\"urlTemplate\":\"https:\\\/\\\/aliso.fr\\\/initiatives\\\/?s={search_term_string}\"},\"query-input\":{\"@type\":\"PropertyValueSpecification\",\"valueRequired\":true,\"valueName\":\"search_term_string\"}}],\"inLanguage\":\"fr-FR\"},{\"@type\":\"Organization\",\"@id\":\"https:\\\/\\\/aliso.fr\\\/initiatives\\\/#organization\",\"name\":\"Aliso Initiatives\",\"url\":\"https:\\\/\\\/aliso.fr\\\/initiatives\\\/\",\"logo\":{\"@type\":\"ImageObject\",\"inLanguage\":\"fr-FR\",\"@id\":\"https:\\\/\\\/aliso.fr\\\/initiatives\\\/#\\\/schema\\\/logo\\\/image\\\/\",\"url\":\"https:\\\/\\\/aliso.fr\\\/initiatives\\\/wp-content\\\/uploads\\\/sites\\\/2\\\/2022\\\/01\\\/Logo-ALISO-Initiatives-2.png\",\"contentUrl\":\"https:\\\/\\\/aliso.fr\\\/initiatives\\\/wp-content\\\/uploads\\\/sites\\\/2\\\/2022\\\/01\\\/Logo-ALISO-Initiatives-2.png\",\"width\":900,\"height\":657,\"caption\":\"Aliso Initiatives\"},\"image\":{\"@id\":\"https:\\\/\\\/aliso.fr\\\/initiatives\\\/#\\\/schema\\\/logo\\\/image\\\/\"}},{\"@type\":\"Person\",\"@id\":\"https:\\\/\\\/aliso.fr\\\/initiatives\\\/#\\\/schema\\\/person\\\/ac5889082625d5c95b51fac19f3d9b86\",\"name\":\"pascal\"}]}<\/script>\n<!-- \/ Yoast SEO plugin. -->","yoast_head_json":{"title":"UrgenceESS : Une aide directe de 5 \u00e0 8000 \u20ac pour les petites structures - Aliso Initiatives","robots":{"index":"index","follow":"follow","max-snippet":"max-snippet:-1","max-image-preview":"max-image-preview:large","max-video-preview":"max-video-preview:-1"},"canonical":"https:\/\/aliso.fr\/initiatives\/urgenceess-une-aide-directe-de-5-a-8000-e-pour-les-petites-structures\/","og_locale":"fr_FR","og_type":"article","og_title":"UrgenceESS : Une aide directe de 5 \u00e0 8000 \u20ac pour les petites structures - Aliso Initiatives","og_description":"Lanc\u00e9 en janvier dernier, le fonds Urgence-ESS est le fruit d&rsquo;une volont\u00e9 de proposer une mesure de soutien de Crise, adapt\u00e9e aux des petites associations et entreprises d&rsquo;\u00e9conomie sociale et solidaire. La formule de la subvention de fonctionnement forfaitaire est donc privil\u00e9gi\u00e9e, le dispositif vise les structures de &#8211; de 10 ETP au jour de... En savoir plus &raquo;","og_url":"https:\/\/aliso.fr\/initiatives\/urgenceess-une-aide-directe-de-5-a-8000-e-pour-les-petites-structures\/","og_site_name":"Aliso Initiatives","article_published_time":"2021-04-09T14:10:28+00:00","author":"pascal","twitter_card":"summary_large_image","schema":{"@context":"https:\/\/schema.org","@graph":[{"@type":"Article","@id":"https:\/\/aliso.fr\/initiatives\/urgenceess-une-aide-directe-de-5-a-8000-e-pour-les-petites-structures\/#article","isPartOf":{"@id":"https:\/\/aliso.fr\/initiatives\/urgenceess-une-aide-directe-de-5-a-8000-e-pour-les-petites-structures\/"},"author":{"name":"pascal","@id":"https:\/\/aliso.fr\/initiatives\/#\/schema\/person\/ac5889082625d5c95b51fac19f3d9b86"},"headline":"UrgenceESS : Une aide directe de 5 \u00e0 8000 \u20ac pour les petites structures","datePublished":"2021-04-09T14:10:28+00:00","mainEntityOfPage":{"@id":"https:\/\/aliso.fr\/initiatives\/urgenceess-une-aide-directe-de-5-a-8000-e-pour-les-petites-structures\/"},"wordCount":403,"publisher":{"@id":"https:\/\/aliso.fr\/initiatives\/#organization"},"image":{"@id":"https:\/\/aliso.fr\/initiatives\/urgenceess-une-aide-directe-de-5-a-8000-e-pour-les-petites-structures\/#primaryimage"},"thumbnailUrl":"","articleSection":["Actualit\u00e9s","Gestion"],"inLanguage":"fr-FR"},{"@type":"WebPage","@id":"https:\/\/aliso.fr\/initiatives\/urgenceess-une-aide-directe-de-5-a-8000-e-pour-les-petites-structures\/","url":"https:\/\/aliso.fr\/initiatives\/urgenceess-une-aide-directe-de-5-a-8000-e-pour-les-petites-structures\/","name":"UrgenceESS : Une aide directe de 5 \u00e0 8000 \u20ac pour les petites structures - Aliso Initiatives","isPartOf":{"@id":"https:\/\/aliso.fr\/initiatives\/#website"},"primaryImageOfPage":{"@id":"https:\/\/aliso.fr\/initiatives\/urgenceess-une-aide-directe-de-5-a-8000-e-pour-les-petites-structures\/#primaryimage"},"image":{"@id":"https:\/\/aliso.fr\/initiatives\/urgenceess-une-aide-directe-de-5-a-8000-e-pour-les-petites-structures\/#primaryimage"},"thumbnailUrl":"","datePublished":"2021-04-09T14:10:28+00:00","breadcrumb":{"@id":"https:\/\/aliso.fr\/initiatives\/urgenceess-une-aide-directe-de-5-a-8000-e-pour-les-petites-structures\/#breadcrumb"},"inLanguage":"fr-FR","potentialAction":[{"@type":"ReadAction","target":["https:\/\/aliso.fr\/initiatives\/urgenceess-une-aide-directe-de-5-a-8000-e-pour-les-petites-structures\/"]}]},{"@type":"ImageObject","inLanguage":"fr-FR","@id":"https:\/\/aliso.fr\/initiatives\/urgenceess-une-aide-directe-de-5-a-8000-e-pour-les-petites-structures\/#primaryimage","url":"","contentUrl":""},{"@type":"BreadcrumbList","@id":"https:\/\/aliso.fr\/initiatives\/urgenceess-une-aide-directe-de-5-a-8000-e-pour-les-petites-structures\/#breadcrumb","itemListElement":[{"@type":"ListItem","position":1,"name":"Accueil","item":"https:\/\/aliso.fr\/initiatives\/"},{"@type":"ListItem","position":2,"name":"Ressources et outils","item":"https:\/\/aliso.fr\/initiatives\/ressources-et-outils\/"},{"@type":"ListItem","position":3,"name":"Gestion","item":"https:\/\/aliso.fr\/initiatives\/ressources-et-outils\/gestion\/"},{"@type":"ListItem","position":4,"name":"UrgenceESS : Une aide directe de 5 \u00e0 8000 \u20ac pour les petites structures"}]},{"@type":"WebSite","@id":"https:\/\/aliso.fr\/initiatives\/#website","url":"https:\/\/aliso.fr\/initiatives\/","name":"Aliso Initiatives","description":"R\u00e9seau Creusois des acteurs du lien social","publisher":{"@id":"https:\/\/aliso.fr\/initiatives\/#organization"},"potentialAction":[{"@type":"SearchAction","target":{"@type":"EntryPoint","urlTemplate":"https:\/\/aliso.fr\/initiatives\/?s={search_term_string}"},"query-input":{"@type":"PropertyValueSpecification","valueRequired":true,"valueName":"search_term_string"}}],"inLanguage":"fr-FR"},{"@type":"Organization","@id":"https:\/\/aliso.fr\/initiatives\/#organization","name":"Aliso Initiatives","url":"https:\/\/aliso.fr\/initiatives\/","logo":{"@type":"ImageObject","inLanguage":"fr-FR","@id":"https:\/\/aliso.fr\/initiatives\/#\/schema\/logo\/image\/","url":"https:\/\/aliso.fr\/initiatives\/wp-content\/uploads\/sites\/2\/2022\/01\/Logo-ALISO-Initiatives-2.png","contentUrl":"https:\/\/aliso.fr\/initiatives\/wp-content\/uploads\/sites\/2\/2022\/01\/Logo-ALISO-Initiatives-2.png","width":900,"height":657,"caption":"Aliso Initiatives"},"image":{"@id":"https:\/\/aliso.fr\/initiatives\/#\/schema\/logo\/image\/"}},{"@type":"Person","@id":"https:\/\/aliso.fr\/initiatives\/#\/schema\/person\/ac5889082625d5c95b51fac19f3d9b86","name":"pascal"}]}},"_links":{"self":[{"href":"https:\/\/aliso.fr\/initiatives\/wp-json\/wp\/v2\/posts\/1451","targetHints":{"allow":["GET"]}}],"collection":[{"href":"https:\/\/aliso.fr\/initiatives\/wp-json\/wp\/v2\/posts"}],"about":[{"href":"https:\/\/aliso.fr\/initiatives\/wp-json\/wp\/v2\/types\/post"}],"author":[{"embeddable":true,"href":"https:\/\/aliso.fr\/initiatives\/wp-json\/wp\/v2\/users\/5"}],"replies":[{"embeddable":true,"href":"https:\/\/aliso.fr\/initiatives\/wp-json\/wp\/v2\/comments?post=1451"}],"version-history":[{"count":0,"href":"https:\/\/aliso.fr\/initiatives\/wp-json\/wp\/v2\/posts\/1451\/revisions"}],"wp:featuredmedia":[{"embeddable":true,"href":"https:\/\/aliso.fr\/initiatives\/wp-json\/"}],"wp:attachment":[{"href":"https:\/\/aliso.fr\/initiatives\/wp-json\/wp\/v2\/media?parent=1451"}],"wp:term":[{"taxonomy":"category","embeddable":true,"href":"https:\/\/aliso.fr\/initiatives\/wp-json\/wp\/v2\/categories?post=1451"},{"taxonomy":"post_tag","embeddable":true,"href":"https:\/\/aliso.fr\/initiatives\/wp-json\/wp\/v2\/tags?post=1451"}],"curies":[{"name":"wp","href":"https:\/\/api.w.org\/{rel}","templated":true}]}}