{"id":1462,"date":"2026-03-31T14:24:01","date_gmt":"2026-03-31T12:24:01","guid":{"rendered":"http:\/\/bij23.fr\/dla23\/?p=1462"},"modified":"2026-04-21T15:09:30","modified_gmt":"2026-04-21T13:09:30","slug":"offres-demploi-creuse-associations-economie-sociale-et-solidaire","status":"publish","type":"post","link":"https:\/\/aliso.fr\/initiatives\/offres-demploi-creuse-associations-economie-sociale-et-solidaire\/","title":{"rendered":"Offres d&#8217;emploi &#8211; Creuse &#8211; Associations \/ Economie Sociale et Solidaire"},"content":{"rendered":"\n<blockquote class=\"wp-block-quote is-layout-flow wp-block-quote-is-layout-flow\">\n<blockquote class=\"wp-block-quote is-layout-flow wp-block-quote-is-layout-flow\">\n<p>&gt;<strong>[avant le 30 avril 2026]<\/strong> &#8211; <strong>L\u2019Association L\u2019ESCALE recrute<\/strong> <a href=\"https:\/\/nuage.aliso.fr\/index.php\/s\/Ky5bmDHfaPMpLWJ\"><strong>Un(e) Charg\u00e9(e) d\u2019accompagnement social et locatif<\/strong>, <\/a>CDI &#8211; poste \u00e0 pourvoir \u00e0 partir du 1<sup>er<\/sup> juin 2026, Gu\u00e9ret.<\/p>\n<\/blockquote>\n<\/blockquote>\n\n\n\n<blockquote class=\"wp-block-quote is-layout-flow wp-block-quote-is-layout-flow\">\n<p><em>&gt; <\/em><strong>[avant le 21 avril 2026]<\/strong> &#8211; entretiens les 4 et 11 mai 2026, d\u00e9marrage entre juin et septembre 2026 &#8211; <a href=\"https:\/\/nuage.aliso.fr\/index.php\/s\/rGCiTYiigyZXw2Z\">Court-circuit recrute 2 personnes pour rejoindre son \u00e9quipe permanente<br>d\u2019animateur-ices valoristes<\/a> &#8211; CDD de 12 mois \u2013 \u00e9volution vers CDI, 28h\/semaine avec adaptation des horaires \u00e0 l\u2019activit\u00e9 (1 samedi par mois), Poste bas\u00e9 \u00e0 Felletin, Creuse.<br>R\u00e9mun\u00e9ration SMIC horaire +10 %. Mutuelle prise en charge 100 %<\/p>\n\n\n\n<p>&gt; <strong>[15 Avril 2026]<\/strong> &#8211;<strong> <\/strong><a href=\"https:\/\/nuage.aliso.fr\/index.php\/s\/g7x7WYnjAtjsHsW\"><strong>Coop\u00e9rateur travailleur <strong>polyvalent<\/strong><\/strong> <strong>usinage bois <\/strong><\/a> d\u00e9butants bienvenus, Ambiance bois, Faux la Montagne, 26h\/semaine, CDD un an<\/p>\n\n\n\n<p><strong>[prise de poste en mai 2026]<\/strong> &#8211;<strong> <a href=\"https:\/\/nuage.aliso.fr\/index.php\/s\/28ps7dkbnLM385n\" target=\"_blank\" rel=\"noreferrer noopener\">Animateur.ice jeunesse,<\/a><\/strong> MJC CS La Souterraine, 35h\/semaine, CDI<\/p>\n<\/blockquote>\n\n\n\n<p><strong>D\u00e9marche d&rsquo;anticipation avant la fin 2027&#8230;.<\/strong>Les plateaux Limousins cherchent \u00e0 prendre contact avec une personne form\u00e9e ou int\u00e9ress\u00e9e <strong>pour un tuilage<\/strong> sur un poste autour de la <strong>comptabilit\u00e9<\/strong> et du suivi administratif &#8211;&gt; contacter Ga\u00eblle Morel, coordinatrice ou <a href=\"http:\/\/www.plateaux-limousins.org\" target=\"_blank\" rel=\"noreferrer noopener\">consultez leur site <\/a>pour plus d&rsquo;infos<\/p>\n\n\n\n<hr class=\"wp-block-separator has-alpha-channel-opacity\" \/>\n\n\n\n<p><em><strong>Offres Archiv\u00e9es<\/strong> :<\/em><\/p>\n\n\n\n<p><strong>[15 Fev 2026]<\/strong> &#8211; <a href=\"https:\/\/nuage.aliso.fr\/index.php\/s\/Xckqs5ksF8CyJN7\"><strong>Charg\u00e9.e d&rsquo;administration<\/strong><\/a>, <a href=\"https:\/\/telemillevaches.net\/\">T\u00e9l\u00e9Millevaches <\/a>, Faux La Montagne, 21h\/sem , CDI<\/p>\n\n\n\n<p><strong>[31 Jan 2026]<\/strong> &#8211;&nbsp;<strong><a href=\"https:\/\/nuage.aliso.fr\/index.php\/s\/pCd5C577yQzFGJ6\">Animateur sportif et mediateur H\/F<\/a><\/strong>, AGORA Centre d&rsquo;animation de la vie locale, Bourganeuf, temps plein, CDI<\/p>\n\n\n\n<p><strong>[06 Fev 2026]<\/strong> &#8211;&nbsp;<strong><a href=\"https:\/\/nuage.aliso.fr\/index.php\/s\/QDjFXZztG82LRkx\">Charg\u00e9.e de coordination et de relation avec le public<\/a><\/strong>, La Boutique des id\u00e9es, Pontarion, temps plein, CDD Temps partiel<\/p>\n\n\n\n<p><strong>[d\u00e8s que possible]<\/strong> &#8211;<a href=\"https:\/\/nuage.aliso.fr\/index.php\/s\/XbZdQNS3WYEHrY7\">&nbsp;<strong>Assistant(e) administrative et charg\u00e9(e) de communication<\/strong><\/a><a href=\"http:\/\/Assistant(e) administrative et charg\u00e9(e) de communication\" target=\"_blank\" rel=\"noreferrer noopener\">,<\/a> Centre social AGIR, temps plein, CDI<br>[candidature avant le 28\/12\/2025] <a href=\"https:\/\/nuage.aliso.fr\/index.php\/s\/dHQgrSbcriE4xXS\" target=\"_blank\" rel=\"noreferrer noopener\"><strong>DIRECTEUR\/TRICE DE CENTRE SOCIO-CULTUREL<\/strong> <strong>MJC CENTRE SOCIAL DE LA SOUTERRAINE<\/strong><\/a>, CDI temps plein<strong>&#8211;&gt; POURVU ! <\/strong><\/p>\n\n\n\n<p><strong>[d\u00e8s que possible]<\/strong> <strong><a href=\"https:\/\/nuage.aliso.fr\/index.php\/s\/pX6T8cd2ErdfFgx\" target=\"_blank\" rel=\"noreferrer noopener\">Animateur de son p\u00f4le Ados\/Familles<\/a><\/strong> Fursac &#8211; Creuse Toujours &#8211; CDI temps plein &#8211;&gt; <strong>POURVU ! <\/strong><\/p>\n\n\n\n<p>[<strong>candidatures jusqu&rsquo;au 30\/11\/2025]<\/strong> <strong>L&rsquo;incubateur LIESS <\/strong>de Limoges recherche <a href=\"https:\/\/nuage.aliso.fr\/index.php\/s\/focpScmwBECSzG4\" target=\"_blank\" rel=\"noreferrer noopener\">son\/sa directeur.ice <\/a>en CDI, pour janvier 2026<\/p>\n\n\n\n<p>[<strong>au plus t\u00f4t<\/strong> : ] Le CRAJEP NA recherche <a href=\"https:\/\/nuage.aliso.fr\/index.php\/s\/7jQ8PmAMSZa2oSr\" target=\"_blank\" rel=\"noreferrer noopener\">un.e coordinateur.rice,<\/a> en CDD de 10 mois, d\u00e9but d\u00e9cembre 2025 \u2013 fin septembre 2026, \u00e0 temps plein<\/p>\n\n\n\n<p>&gt;<strong>[avant le 20 octobre 2025]<\/strong> : <a href=\"https:\/\/nuage.aliso.fr\/index.php\/s\/TfBgcjX36fBGE8s\"><strong>Directeur-trice,<\/strong><\/a> ALISO, R\u00e9seau Creusois des Acteurs du Lien Social, CDI temps plein.<\/p>\n\n\n\n<p>&gt;[<strong>D\u00e8s que possible<\/strong>] : <strong><a href=\"https:\/\/nuage.aliso.fr\/index.php\/s\/dk38Q9tfFF5JEdq\">DIRECTION DES ALSH ENFANCE ET JEUNESSE<\/a><\/strong>, CDI, Temps plein 35h, CCN Eclat &#8211;<\/p>\n\n\n\n<p>&gt;<strong>[avant le 21 octobre 2025]<\/strong> : <a href=\"https:\/\/nuage.aliso.fr\/index.php\/s\/gf5FRcdMpnGsxPR\" target=\"_blank\" rel=\"noreferrer noopener\">PETR DU PAYS MONTS ET BARRAGES CHEF DE PROJET TERRITORIAL,<\/a> CDD de 3 ans renouvelable dans la limite d\u2019une dur\u00e9e maximale de 6 ans<\/p>\n\n\n\n<p>&gt;<strong>[30 Sept 2025] <\/strong>: <a href=\"https:\/\/nuage.aliso.fr\/index.php\/s\/Q26XinbEQK8Jx5Z\">Animateur-ices Valoristes<\/a>, Ressourcerie en autogestion Court Circuit, CDI 28h\/sem, Felletin &#8211; 2 postes ouverts, accueillant des comp\u00e9tences telles que r\u00e9paration electro-m\u00e9nager et\/ou Ma\u00eetrise compostage et\/ou gestion associative et\/ou Permis poids lourd<\/p>\n\n\n\n<p>&gt;<strong>[D\u00e8s que possible] <\/strong>: <a href=\"https:\/\/candidat.francetravail.fr\/offres\/recherche\/detail\/193FFNK\">Directeur-trice d&rsquo;un Centre d&rsquo;Animation de la Vie Locale<\/a>, Association CAVL AGIR , CDD de remplacement , temps plein<\/p>\n\n\n\n<p>&gt;<strong>[D\u00e8s que possible] <\/strong>: <strong><a href=\"https:\/\/nuage.aliso.fr\/index.php\/s\/2RkcQYGeqfLoAMN\" target=\"_blank\" rel=\"noreferrer noopener\">Charg\u00e9.e d&rsquo;administration associative<\/a><\/strong> Association Fran\u00e7aise du Po\u00eale Ma\u00e7onn\u00e9 Artisanal, Felletin, CDI 7h \/ semaine<\/p>\n\n\n\n<p>&gt;<strong>au plus t\u00f4t, pour l&rsquo;\u00e9t\u00e9 2025<\/strong> :<a href=\"https:\/\/nuage.aliso.fr\/index.php\/s\/WrpTsCPYpAPQ2Qj\" target=\"_blank\" rel=\"noreferrer noopener\"> <strong>ANIMATRICE JEUNESSE (ENFANCE)<\/strong><\/a>, MJC CS La Souterraine, &nbsp;Contrat saisonnier <strong>CEE<\/strong> \u2013 \u00e9t\u00e9 2025 (67.5\u20ac\/jour)<\/p>\n\n\n\n<p>&gt;<strong>[8 Juil 2025] <\/strong>: <strong><a href=\"https:\/\/nuage.aliso.fr\/index.php\/s\/sA8cs3fXKAQzoeS\" target=\"_blank\" rel=\"noreferrer noopener\">Coordinateur.trice d&rsquo;une ressourcerie <\/a><\/strong> Recyclabulle-Les Ateliers de la Creuse, Gu\u00e9ret &#8211; La Souterraine, CDI temps plein<\/p>\n\n\n\n<p>&gt;<strong>[D\u00e8s que possible] <\/strong>: <strong><a href=\"https:\/\/nuage.aliso.fr\/index.php\/s\/w2RP3jzgJR7r3n9\" target=\"_blank\" rel=\"noreferrer noopener\">Coordinateur.trice structure<\/a><\/strong> Association Fran\u00e7aise du Po\u00eale Ma\u00e7onn\u00e9 Artisanal, Felletin, CDI 28 \u00e0 35h<\/p>\n\n\n\n<p>&gt;<strong>[D\u00e8s que possible] <\/strong>: <a href=\"https:\/\/nuage.aliso.fr\/index.php\/s\/XTJYAgRaoWJJXqe\" target=\"_blank\" rel=\"noreferrer noopener\"><strong>Conseiller.e social logement <\/strong><\/a> UDAF, Gu\u00e9ret, CDD 7 mois Temps plein 35h<\/p>\n\n\n\n<p>&gt;<strong>[26 Mai 2025] <\/strong>: <a href=\"https:\/\/nuage.aliso.fr\/index.php\/s\/EPfR9JgXAg7bBiL\"><strong>Animatrice.teur Valoriste de Ressourcerie<\/strong> <\/a>: le Monde Allant Vers&#8230; , Eymoutiers, CDI Temps adaptable de 28 \u00e0 35h<\/p>\n\n\n\n<p><strong>&gt;d\u00e8s que possible : <\/strong>prestataire sportif pour assurer notamment des cours d\u2019aquagym suite au d\u00e9part \u00e0 la retraite de l&rsquo;animatrice sportive actuelle. Contact : MJC Centre Social &#8211; 05 55 63 19 06 &#8211; &nbsp;<a href=\"&#109;a&#x69;l&#x74;&#111;&#x3a;&#100;&#x69;&#114;e&#x63;t&#x69;&#111;&#x6e;&#109;&#x6a;&#99;&#x6c;&#97;s&#x6f;u&#x74;&#50;&#x33;&#64;&#x67;&#109;a&#x69;l&#x2e;&#99;&#x6f;&#109;\">&#100;&#x69;&#114;&#x65;&#99;&#x74;i&#x6f;n&#109;&#x6a;&#99;&#x6c;&#97;&#x73;o&#x75;t&#50;&#x33;&#64;&#x67;&#109;&#x61;&#105;&#x6c;&#46;&#x63;o&#109;<\/a><\/p>\n\n\n\n<p>&gt;<strong>candidature avant fin avril 2025 <\/strong>: poste \u00e0 pourvoir pour d\u00e9but octobre 2025, <a href=\"https:\/\/nuage.aliso.fr\/index.php\/s\/pezy3Cday5brMkQ\" target=\"_blank\" rel=\"noreferrer noopener\">Directeur.ice de Centre social<\/a><a href=\"https:\/\/nuage.aliso.fr\/index.php\/s\/BYcQyrWx5GbdKnT\" target=\"_blank\" rel=\"noreferrer noopener\">,<\/a> AGORA, Bourganeuf, Temps plein<\/p>\n\n\n\n<p>&gt; <strong>d\u00e8s que possible :<\/strong><a href=\"https:\/\/nuage.aliso.fr\/index.php\/s\/xn8y5dxznjQaf9E\" target=\"_blank\" rel=\"noreferrer noopener\"> Animatrice \/ Animateur Jeunesse <\/a>: VASI, Vidaillat, CDD 24h\/semaine pouvant d\u00e9boucher sur CDI<\/p>\n\n\n\n<p>&gt;<strong>[9 Mai 2025] <\/strong>: <strong><a href=\"https:\/\/nuage.aliso.fr\/index.php\/s\/GJqH6LKwYBJ6m5c\">Animatrice.teur gestionnaire d&rsquo;un site culturel et patrimonial<\/a><\/strong> : le Village de Masgot. Association Les Amis de la Pierre de Masgot, CDI Temps Plein<\/p>\n\n\n\n<p>&gt;<strong>D\u00e8s que possible <\/strong>: cet \u00e9t\u00e9, pour l&rsquo;accueil touristique sur le Village de Masgot (boutique, caf\u00e9, etc), l&rsquo;association recrute deux saisonniers en CDD : voir<a href=\"https:\/\/nuage.aliso.fr\/index.php\/s\/bwkJzz45F7a8NS5\"><strong> l&rsquo;offre ici.<\/strong><\/a><\/p>\n\n\n\n<p>&gt;<strong>D\u00e8s que possible <\/strong>: pour le d\u00e9veloppement de l&rsquo;accueil touristique autour de son nouveau parcours num\u00e9rique sur le Village de Masgot, l&rsquo;association accueille un <a href=\"https:\/\/nuage.aliso.fr\/index.php\/s\/8cnr9y73m9PGpqX\"><strong>Service Civique \u00e0 partir de Mai. Voir l&rsquo;offre ici.<\/strong><\/a><\/p>\n\n\n\n<p>&gt; <strong>D\u00e8s que possible :<a href=\"https:\/\/nuage.aliso.fr\/index.php\/s\/BexCsekc8qoAzLx\"> Animateur-trice du p\u00f4le Ados-Familles<\/a><\/strong>, Creuse Toujours, CDI temps plein, CCN Eclat<\/p>\n\n\n\n<p>&gt;<strong>D\u00e8s que possible <\/strong>: <a href=\"https:\/\/nuage.aliso.fr\/index.php\/s\/zak97oLDGRp8NPA\" target=\"_blank\" rel=\"noreferrer noopener\">Animateur.ice du GEM \u00e0 la Souterraine,<\/a> UDAF 23, 28h, CDD de 12 mois avec \u00e9volution possible <\/p>\n\n\n\n<p><strong>&gt; 27 Jan 2025<\/strong> : <a href=\"https:\/\/nuage.aliso.fr\/index.php\/s\/oateKRDngHgyXeW\">Salari\u00e9 cooperateur en usinage bois &#8211; polyvalent Vente, organisation, production<\/a>, Ambiance Bois &#8211; cooperative ouvri\u00e8re en autogestion, Faux la montagne, CDD 1 an <\/p>\n\n\n\n<p><strong>&gt; D\u00e8s que possible : <a href=\"https:\/\/nuage.aliso.fr\/index.php\/s\/5DNCbJfy4F8cf5L\" target=\"_blank\" rel=\"noreferrer noopener\">Conseiller logement Centre social Tzigane<\/a><\/strong>, UDAF de la Creuse, CDI, CCN Alisfa<\/p>\n\n\n\n<p>&gt;<strong>Avant le 12 f\u00e9vrier 2025<\/strong> : <strong><a href=\"https:\/\/nuage.aliso.fr\/index.php\/s\/Re7efQH7NqQmgQk\" target=\"_blank\" rel=\"noreferrer noopener\">Coordinateur.ice de la P&rsquo;tite Fabrique Solidaire<\/a><\/strong>, Uzerches Corr\u00e8ze, 80%  <br><br>&gt; <strong>Urgent f\u00e9vrier 2025<\/strong> : <strong><a href=\"http:\/\/Animateur (H\/F) POUR L'ACCUEIL DE LOISIRS ENFANTS\" target=\"_blank\" rel=\"noreferrer noopener\">Animateur (H\/F) POUR L&rsquo;ACCUEIL DE LOISIRS ENFANTS<\/a><\/strong>, CAVL AGIR, CDD 35h<\/p>\n\n\n\n<p>&gt;<strong>2025 :<\/strong><a href=\"https:\/\/nuage.aliso.fr\/index.php\/s\/TRFibX7x72EZbZ5\" target=\"_blank\" rel=\"noreferrer noopener\"><strong> <\/strong>Intervenant social et \u00e9ducatif<\/a>, R\u00e9sidence Habitat Jeunes de La Souterraine, CDD mois, 35h <\/p>\n\n\n\n<p>&gt; <strong>D\u00e8s que possible : <\/strong><a href=\"https:\/\/nuage.aliso.fr\/index.php\/s\/DgrM2BY3RkqBXBL\" target=\"_blank\" rel=\"noreferrer noopener\">Coordinateur(ice) \/ Antimateur(ice) de GEM<\/a>, UDAF 23, La Souterraine, CDI 35h<\/p>\n\n\n\n<p><strong>&gt;Avant Mars 2025<\/strong> : <strong><a href=\"https:\/\/nuage.aliso.fr\/index.php\/s\/wtXNysJgm8Bk7Pa\" target=\"_blank\" rel=\"noreferrer noopener\">Coordination de tiers-lieu<\/a>,<\/strong> Caf\u00e9 de l&rsquo;Espace, Flayat, CDI 28h\/semaine<\/p>\n\n\n\n<p>&gt; <strong>D\u00e8s que possible<\/strong> <strong>: <a href=\"https:\/\/nuage.aliso.fr\/index.php\/s\/gsFqPmKjJBHsYBM\">Menuisier experiment\u00e9<\/a> <\/strong>, Coop\u00e9rative Ambiance Bois, Faux la Montagne, tps complet CDD 1 an prolongeable<\/p>\n\n\n\n<p>&gt; <strong>D\u00e8s que possible<\/strong> : <strong><a href=\"https:\/\/nuage.aliso.fr\/index.php\/s\/gsFqPmKjJBHsYBM\">Agent d&rsquo;usina<\/a><a href=\"https:\/\/nuage.aliso.fr\/index.php\/s\/nm6Y2A3stt7fP9A\">ge bois<\/a>,<\/strong>  , Coop\u00e9rative Ambiance Bois, Faux la Montagne, tps complet CDD 1 an prolongeable<\/p>\n\n\n\n<p><strong>&gt; D\u00e8s que possible : <a href=\"https:\/\/candidat.francetravail.fr\/offres\/recherche\/detail\/182LFNP\" target=\"_blank\" rel=\"noreferrer noopener\">Charg\u00e9 de mission vie associative<\/a><\/strong>, F\u00e9d\u00e9ration des OEuvres La\u00efques, CDI Tps plein, CCN Eclat<\/p>\n\n\n\n<p><strong>&gt; 10\/10\/2024 : <a href=\"https:\/\/nuage.aliso.fr\/index.php\/s\/YsLAk4fcYrXBtiS\">Professeur de Guitare\/Basse<\/a><\/strong>, p\u00f4les musiques actuelles, P&rsquo;Art Si P&rsquo;Art La, CDI Tps partiel CCN Eclat<\/p>\n\n\n\n<p><strong>&gt; D\u00e8s que possible : <a href=\"https:\/\/candidat.francetravail.fr\/offres\/recherche\/detail\/179QHJQ\">Assitant.e de gestion en comptabilit\u00e9<\/a><\/strong>, Mission Locale de la Creuse, CDI 21h\/sem modulables<\/p>\n\n\n\n<p>&gt;<strong>  D\u00e8s que possible<\/strong> : <a href=\"https:\/\/nuage.aliso.fr\/index.php\/s\/GS5yFY5dLSj7Ebt\">Animateur Habitat Jeune<\/a>, Horizon Jeune, CDD Tps Plein<\/p>\n\n\n\n<p>&gt; <strong>01\/11\/2024<\/strong> <a href=\"https:\/\/aliso.fr\/initiatives\/wp-content\/uploads\/sites\/2\/2024\/07\/Offre-demploi1.png\">Coordinatrice<\/a> CDD Association 123 parents (remplacement)  24h\/semaine<\/p>\n\n\n\n<p>&gt; <strong>01\/09\/2024<\/strong> <a href=\"https:\/\/aliso.fr\/initiatives\/wp-content\/uploads\/sites\/2\/2024\/07\/Offre-Gestionnaire-2024.pdf\">gestionnaire de ressourcerie<\/a> CDI Temps plein &#8211; brut  2 173.51\u20ac<\/p>\n\n\n\n<p><\/p>\n\n\n\n<p><strong>&gt;  D\u00e8s que possible<\/strong> <a href=\"https:\/\/aliso.fr\/initiatives\/wp-content\/uploads\/sites\/2\/2024\/05\/2024-Offre-demploi-Directeur-La-souterraine.pdf\">Directeur\u00b7ice FJT<\/a> La Souterraine CDI Temps plein &#8211; d\u00e9but mission 29 juillet 2024<\/p>\n\n\n\n<p><strong>&gt;  D\u00e8s que possible<\/strong> <a href=\"https:\/\/aliso.fr\/initiatives\/wp-content\/uploads\/sites\/2\/2024\/05\/OE-ANIMATEUR-TRICE-ALSH-ADOS-LOUPIOTS-2024-CDI.pdf\">Animateur\u00b7ice enfance jeunesse MJC<\/a> La Souterraine CDI Temps plein<\/p>\n\n\n\n<p><strong>&gt;<\/strong> <strong>D\u00e8s que possible<\/strong>: <a href=\"https:\/\/aliso.fr\/initiatives\/wp-content\/uploads\/sites\/2\/2024\/05\/OE-AGENT-ADM-ET-D-ACCUEIL-RPLCMNT-2024.pdf\">AGENT ADMINISTRATIF ET D\u2019ACCUEIL<\/a> MJC La Souterraine CDD Remplacement<\/p>\n\n\n\n<p><strong>&gt; 12 Mai 2024 : <\/strong><a href=\"https:\/\/nuage.aliso.fr\/index.php\/s\/gtjPtzZN2EY4C9T\" target=\"_blank\" rel=\"noreferrer noopener\">Responsable d\u2019antenne et charg\u00e9.e de projet au sein de l\u2019antenne de la Creuse,<\/a> Promotion Sant\u00e9 Nouvelle-Aquitaine, CDI 35h\/sem.<\/p>\n\n\n\n<p>&gt; <strong>10 Mars 2024<\/strong> : <a href=\"https:\/\/nuage.aliso.fr\/index.php\/s\/rxCCQfFbLJ3mA3y\" target=\"_blank\" rel=\"noreferrer noopener\">Educateur-trice de Jeunes Enfants<\/a>, UDAF 23, Projet de cr\u00e9ation d&rsquo;un service itin\u00e9rant, CDI 35h\/sem<\/p>\n\n\n\n<p>&gt; <strong>10 Mars 2024<\/strong> : <a href=\"https:\/\/nuage.aliso.fr\/index.php\/s\/rxCCQfFbLJ3mA3y\" target=\"_blank\" rel=\"noreferrer noopener\">Conseiller.e Social Point Conseil <\/a><a href=\"https:\/\/nuage.aliso.fr\/index.php\/s\/wYMiN3WwAqTDqLH\" target=\"_blank\" rel=\"noreferrer noopener\">Budget<\/a>, UDAF 23, Gu\u00e9ret-Est Creuse, CDD 10 mois, 10h\/sem adaptables<\/p>\n\n\n\n<p>&gt; <strong>D\u00e8s que possible<\/strong> : <a href=\"https:\/\/candidat.francetravail.fr\/offres\/recherche?motsCles=169LZWB&amp;offresPartenaires=true&amp;rayon=10&amp;tri=0\">Charg\u00e9.e d&rsquo;Accueil touristique<\/a>, Felletin Patrimoine Environnement, Felletin, CDD Avril-Oct 2024, 28h\/sem<\/p>\n\n\n\n<p>&gt; <strong>D\u00e8s que possible<\/strong> : <a href=\"https:\/\/aliso.fr\/initiatives\/wp-content\/uploads\/sites\/2\/2024\/02\/Offre-demploi-entretien-maintenance-v20231122.pdf\">Salari\u00e9 en M\u00e9canique, Maintenance et Usinage Bois<\/a>, Coop\u00e9rative Ambiance Bois, Faux la Montagne, tps complet 4jrs\/sem<\/p>\n\n\n\n<p>&gt; <strong>D\u00e8s que possible<\/strong> : <a href=\"https:\/\/aliso.fr\/initiatives\/wp-content\/uploads\/sites\/2\/2024\/02\/Offre-demploi-Ambiance-Bois-Vente-Prod-v20240213.pdf\">Salari\u00e9 polyvalent Vente et transformation bois<\/a>, Coop\u00e9rative Ambiance Bois, Faux la Montagne<\/p>\n\n\n\n<p>&gt; <strong>[20 Janvier 2024]<\/strong> : <a href=\"https:\/\/aliso.fr\/initiatives\/wp-content\/uploads\/sites\/2\/2024\/01\/fiche-de-poste-comptable-MAS.pdf\">Comptable associative<\/a>, Montagne Accueil Solidarit\u00e9s, Peyrelevade, CDI Quart Temps, Peyrelevade\/T\u00e9l\u00e9travail.<\/p>\n\n\n\n<p>&gt; <strong>D\u00e8s que possible<\/strong> : <a href=\"https:\/\/candidat.pole-emploi.fr\/offres\/recherche\/detail\/164YGKY\">Directeur-trice de Centre Social<\/a>, Centre d&rsquo;Animation de la Vie Locale AGIR, CDI Temps plein, Auzances<\/p>\n\n\n\n<p>&gt; <strong>D\u00e8s que possible<\/strong> : T\u00e9l\u00e9Millevaches recrute \u00a0\u00bb et pas qu&rsquo;un peu&#8230; y&rsquo;a du Taf\u00a0\u00bb : <a href=\"https:\/\/aliso.fr\/initiatives\/wp-content\/uploads\/sites\/2\/2023\/11\/Fiches-de-poste-TMV4000.pdf\"><strong>4 postes<\/strong> : Journalisme AudioVisuel en milieu hyperrural + Animation-Coordi d&rsquo;ateliers audiovisuels +  Administration associative + Support Informatique <\/a> &gt;&gt; la plupart en CDI 60 \u00e0 100 % Temps, Faux la Montagne<\/p>\n\n\n\n<p>&gt; <strong>D\u00e8s que possible<\/strong> : <a href=\"https:\/\/aliso.fr\/initiatives\/wp-content\/uploads\/sites\/2\/2023\/10\/Profil-de-poste-directeur.pdf\">Directeur.trice d&rsquo;une Association d&rsquo;Aide \u00e0 Domicile<\/a>, ALIAD-UNA, CDi temps plein, Bas\u00e9 Gu\u00e9ret &gt; Cv et Lm \u00e0 envoyer \u00e0 <a href=\"m&#97;&#x69;&#x6c;&#x74;o&#58;&#x64;&#x69;&#x72;e&#99;&#x74;&#x69;&#x6f;n&#64;&#x61;&#x6c;&#x69;a&#100;&#x2d;&#x75;&#x6e;a&#46;&#x66;&#x72;\">di&#114;&#101;&#99;&#x74;&#x69;&#x6f;&#x6e;&#x40;al&#105;&#97;&#100;&#x2d;&#x75;&#x6e;&#x61;&#x2e;fr<\/a><\/p>\n\n\n\n<p>&gt; <strong>D\u00e8s que possible<\/strong> : Coordinateur-trice R\u00e9seau Creusois Structures d&rsquo;Insertion par l&rsquo;Activit\u00e9 Economique, <a href=\"https:\/\/aliso.fr\/initiatives\/wp-content\/uploads\/sites\/2\/2023\/10\/OE-Coordinateur\u00b7trice-RCSIAE_1.jpg\">page 1<\/a> et <a href=\"https:\/\/aliso.fr\/initiatives\/wp-content\/uploads\/sites\/2\/2023\/10\/OE-Coordinateur\u00b7trice-RCSIAE_2.jpg\">page 2<\/a>, CDD 6 mois 35h, bas\u00e9 \u00e0 Gu\u00e9ret<\/p>\n\n\n\n<p>&gt; <strong>D\u00e8s que possible :<\/strong> <a href=\"https:\/\/aliso.fr\/initiatives\/wp-content\/uploads\/sites\/2\/2023\/09\/OE-ANIMATEUR-TRICE-ALSH-REMPLACEMENT-v3-2023-2024.pdf\">Animateur-trice Enfance<\/a>, ALSH Les Loupiots, MJC la Souterraine, CDD remplacement<\/p>\n\n\n\n<p><strong>&gt; 20 octobre 2023<\/strong> : <strong><a href=\"https:\/\/aliso.fr\/initiatives\/wp-content\/uploads\/sites\/2\/2023\/09\/Animateurs-Prevention-des-dechets1.pdf\">2 Animateur\/trices prevention d\u00e9chets<\/a><\/strong>,<a href=\"https:\/\/www.evolis23.fr\/territoire\/\"> Evolis 23<\/a>, Noth, profil exp\u00e9rience de l&rsquo;animation et sensibilit\u00e9 environnementale, Temps plein, postes ouverts \u00e0 la voie contractuelle<\/p>\n\n\n\n<p>&gt; <strong>D\u00e8s que possible<\/strong> : <a href=\"https:\/\/aliso.fr\/initiatives\/wp-content\/uploads\/sites\/2\/2023\/09\/Profil-de-poste-coordonateur-2023.docx\">Coordinateur d&rsquo;une ressourcerie<\/a>, Recyclabulle &#8211; Les ateliers de la Creuse, Gu\u00e9ret, 35h, CDI<\/p>\n\n\n\n<p>&gt; <strong>1er Octobre 2023<\/strong> : <a href=\"https:\/\/aliso.fr\/initiatives\/wp-content\/uploads\/sites\/2\/2023\/08\/Offre-Encadrant-technique-La-Dynamo-092023.pdf\">Encadrant Technique<\/a>, La dynamo, 28h, CDI<\/p>\n\n\n\n<p>&gt; <strong>23 Aout 2023<\/strong> : <a href=\"https:\/\/aliso.fr\/initiatives\/wp-content\/uploads\/sites\/2\/2023\/07\/Fiche-de-poste-programmation-de-musiques-actuelles.pdf\">Charg\u00e9\u00b7e de programmation<\/a>, Caf\u00e9 de l&rsquo;espace, CDI, 35h par semaine.<\/p>\n\n\n\n<p>&gt; <strong>D\u00e8s que possible<\/strong> :<a href=\"https:\/\/aliso.fr\/initiatives\/wp-content\/uploads\/sites\/2\/2023\/07\/Fichedeposte_ADC2023.pdf\"> Coordinateur\u00b7ice de projets<\/a>, Association des communs, CDD, 24h par semaine.<br>&gt; <strong>D\u00e8s que possible<\/strong> :<a href=\"https:\/\/aliso.fr\/initiatives\/wp-content\/uploads\/sites\/2\/2023\/07\/FICHE-DE-POSTE-ANIMATEUR-SCIENTIFIQUE.pdf\"> Animateur.rice <\/a>scientifique, F\u00e9d\u00e9ration des Oeuvres La\u00efques de la Creuse, CDI Temps plein<\/p>\n\n\n\n<p>&gt;<strong> D\u00e8s que possible :<\/strong> C<a href=\"https:\/\/aliso.fr\/initiatives\/wp-content\/uploads\/sites\/2\/2023\/07\/offre-demploi-planning-23-chargee-projet-anim-prev.pdf\">harg\u00e9 de d\u00e9veloppement \/ Animateur\u00b7ice de pr\u00e9vention \/ Planning familial 23 \/ CDD<\/a><\/p>\n\n\n\n<p>&gt; <strong>26 juin 2023<\/strong> : <a href=\"https:\/\/aliso.fr\/initiatives\/wp-content\/uploads\/sites\/2\/2023\/06\/offre-emploi-LN-mai-2023.pdf\" target=\"_blank\" rel=\"noreferrer noopener\">R\u00e9daction et d\u00e9veloppement des relations partenariales, La Navette, CDI<\/a><\/p>\n\n\n\n<p>&gt; <strong>D\u00e8s juin 2023<\/strong> : <a href=\"https:\/\/candidat.pole-emploi.fr\/offres\/recherche\/detail\/155LJYY\">Animateur\u00b7ice enfants, La palette, Dun-le-palestel, CDI 24h annualis\u00e9<\/a><\/p>\n\n\n\n<p>&gt; <strong>D\u00e8s le 1er juin<\/strong> <strong>2023<\/strong> : <a href=\"https:\/\/aliso.fr\/initiatives\/wp-content\/uploads\/sites\/2\/2023\/05\/Offre-de-recrutement-Service-Civique-Ateliers-de-La-Mine.pdf\" target=\"_blank\" rel=\"noreferrer noopener\">Soutien au d\u00e9veloppement de la Micro-Folie du Tiers-Lieux des Ateliers de la Mine<\/a>, Service civique, 24h\/semaine du mardi au samedi, 6 \u00e0 8 mois <\/p>\n\n\n\n<p>&gt; <strong>D\u00e8s que possible<\/strong> : <a href=\"https:\/\/lamaisondacote23.fr\/2023\/04\/17\/missions-de-service-civique-2023\/\" target=\"_blank\" rel=\"noreferrer noopener\">Mission Service civique<\/a>, Maison d&rsquo;\u00e0 c\u00f4t\u00e9, La Souterraine<\/p>\n\n\n\n<p>&gt; <strong>17 avril 2023<\/strong> : <a href=\"https:\/\/www.agglo-grandgueret.fr\/offres-emploi\/cheffe-de-projet-politiques-territoriales-leader-hf\">Chef.fe de projet Politiques territoriales \/Leader<\/a>, Communaut\u00e9 d&rsquo;Agglom\u00e9ration du Grand Gu\u00e9ret, CDD Projet 3 ans, Temps plein<\/p>\n\n\n\n<p>&gt;<strong> 27 mars 2023<\/strong> : <a href=\"https:\/\/aliso.fr\/initiatives\/wp-content\/uploads\/sites\/2\/2023\/03\/Fiche-de-poste-animation-2023.docx.pdf\">Animateur\u00b7ice Tiers-lieux<\/a>, Caf\u00e9 de l&rsquo;espace \u00e0 Flayat, CDI Temps plein<\/p>\n\n\n\n<p>&gt;<strong> 20 janvier 2023 :<\/strong> <strong><a href=\"https:\/\/aliso.fr\/wp-content\/uploads\/2023\/01\/animateur-polyvalent.pdf\" target=\"_blank\" rel=\"noreferrer noopener\">Animateur.rice polyvalent.e<\/a><\/strong> ; CAVL Agora \u00e0 Bourganeuf ; CDI Temps Plein<\/p>\n\n\n\n<p>&gt; <strong>31 janvier 2023 : <a href=\"https:\/\/aliso.fr\/initiatives\/wp-content\/uploads\/sites\/2\/2023\/01\/Poste-de-directeur-Udaf-23.pdf\" target=\"_blank\" rel=\"noreferrer noopener\">Directeur.rice<\/a><\/strong> de l&rsquo;UDAF 23 \u00e0 Gu\u00e9ret, CDI Temps plein<\/p>\n\n\n\n<p>&gt; <strong>14 janvier 2023<\/strong> :<strong> <a href=\"https:\/\/aliso.fr\/initiatives\/wp-content\/uploads\/sites\/2\/2022\/12\/FICHE-DE-POSTE_EVS-LAM-FACILITATEUR_20221216.pdf\" target=\"_blank\" rel=\"noreferrer noopener\">Facilitateur.rice de Tiers-Lieux<\/a> <\/strong>\u00ab\u00a0Les Ateliers de la Mine\u00a0\u00bb Lavaveix-Les-Mines ; CDI temps plein <\/p>\n\n\n\n<p>&gt;<strong>Janvier 2023 : <a href=\"https:\/\/aliso.fr\/initiatives\/wp-content\/uploads\/sites\/2\/2022\/12\/FICHE-DE-POSTE-OASIS.pdf\" target=\"_blank\" rel=\"noreferrer noopener\">Coordinateur.rice espace de vie sociale<\/a> <\/strong>CDD 12 mois renouvelable 6 mois &#8211; Rattach\u00e9 au si\u00e8ge de la F\u00e9d\u00e9ration des \u0152uvres La\u00efques de la Creuse<\/p>\n\n\n\n<p>&gt; <strong>2<\/strong> <strong>Janvier 2023 : <a href=\"https:\/\/aliso.fr\/initiatives\/wp-content\/uploads\/sites\/2\/2022\/12\/Fiche-de-poste-TEC_5AQUITN_Gueret.pdf\" target=\"_blank\" rel=\"noreferrer noopener\">Technicien.ne d&rsquo;\u00e9tudes cliniques<\/a> <\/strong>CDD \u00e0 mi-temps de 6 mois renouvelable &#8211; Gu\u00e9ret<\/p>\n\n\n\n<p>&gt;<strong>Janvier 2023 : <a href=\"https:\/\/aliso.fr\/initiatives\/wp-content\/uploads\/sites\/2\/2022\/12\/OFFRE-DEMPLOI-MUTUALISE-CHAT-PERPLEXE-LA-BOUTIQUE-DES-IDEES.pdf\" target=\"_blank\" rel=\"noreferrer noopener\">Charg\u00e9.e de coordination et des relations avec les publics<\/a><\/strong> CDI Temps plein partag\u00e9 entre La Compagnie Les Arts Dits -association Le Chat Perplexe et la Boutique des id\u00e9es &#8211; Tiers-Lieux culturel et apprenant <\/p>\n\n\n\n<p>&gt;<strong>D\u00e8s que possible<\/strong> : <a href=\"https:\/\/aliso.fr\/initiatives\/wp-content\/uploads\/sites\/2\/2022\/11\/Offre-demploi-CDD.pdf\" target=\"_blank\" rel=\"noreferrer noopener\"><strong>Travailleur.euse social coordinateur.rice<\/strong><\/a> CDD temps plein jusqu&rsquo;au 31 ao\u00fbt 2023, L&rsquo;ESCALE (association Creusoise ayant pour objectif l\u2019acc\u00e8s au logement de ceux qui en sont exclus)<\/p>\n\n\n\n<p>&gt;<strong>30 Nov. 2022 : <a href=\"https:\/\/aliso.fr\/initiatives\/wp-content\/uploads\/sites\/2\/2022\/10\/FICHE-DE-POSTE_Charge\u00b4.e-dadministration.pdf\">Charg\u00e9.e d&rsquo;Administration<\/a>, <a href=\"http:\/\/instantslibres.fr\/\" target=\"_blank\" rel=\"noreferrer noopener\">Instants Libres <\/a><\/strong>cr\u00e9ation artistique \/ production \/ administration propre et 4 compagnies associ\u00e9es, temps plein, prise de poste Janvier 2023.<\/p>\n\n\n\n<p>&gt;<strong>21 oct. 2022 :<\/strong> <a href=\"https:\/\/aliso.fr\/initiatives\/wp-content\/uploads\/sites\/2\/2022\/10\/Offre-emploi-anim-LocalAdos.pdf\" target=\"_blank\" rel=\"noreferrer noopener\"><strong>Animateur.trice Jeunesse Local&rsquo;Ados<\/strong><\/a>, <a href=\"https:\/\/www.lapalette.tl\/\" target=\"_blank\" rel=\"noreferrer noopener\">La Palette<\/a> centre social et tiers lieu, Dun le Palestel, CDI Tps plein<\/p>\n\n\n\n<p>&gt;<strong>17 oct. 2022<\/strong> : <strong><a href=\"https:\/\/aliso.fr\/initiatives\/wp-content\/uploads\/sites\/2\/2022\/09\/Fiche_poste_Chargee-_Administrative_TELA_092022.pdf\">Charg\u00e9e de mission administrative<\/a><\/strong>, R\u00e9seau <a href=\"https:\/\/reseautela.org\/\">TELA<\/a>, CDD 1 an, temps partiel base 0,5 ETP, t\u00e9l\u00e9travail possible<\/p>\n\n\n\n<p><strong>&gt; 15 Sept. 2022 : <a href=\"https:\/\/aliso.fr\/initiatives\/wp-content\/uploads\/sites\/2\/2022\/08\/Fiche-de-poste-coordination.pdf\">Coordinateur de Tiers Lieu<\/a><\/strong>, <em><a href=\"http:\/\/cafedelespace.com\/\">Caf\u00e9 de l&rsquo;Espace<\/a><\/em>, Flayat, CDI tps plein, poste \u00e0 pourvoir d\u00e8s que possible<\/p>\n\n\n\n<p><strong>&gt; 15 septembre 2022<\/strong> : <strong><a href=\"https:\/\/aliso.fr\/initiatives\/wp-content\/uploads\/sites\/2\/2022\/08\/Profil-de-poste-coordonateur-1.pdf\">Coordinateur-trice d&rsquo;une ressourcerie<\/a><\/strong>, <em><a href=\"https:\/\/www.facebook.com\/recyclabulle\">Recyclabulle<\/a><\/em>, Gu\u00e9ret, CDI temps plein, poste \u00e0 pourvoir \u00e0 partir du 1er oct. 2022<\/p>\n\n\n\n<p><strong>&gt; 15 Sept. 2022 :<\/strong> <a href=\"https:\/\/www.pays-sage.net\/\">Animateur de programmation culturelle<\/a>, Pays Sage, Flayat, CDD 1 an \u00e9volutif, temps plein n\u00e9gociable, poste \u00e0 pourvoir fin sept.<\/p>\n\n\n\n<p><strong>&gt; 8 Sept 2022 :<\/strong> <strong><a href=\"https:\/\/aliso.fr\/initiatives\/wp-content\/uploads\/sites\/2\/2022\/09\/Appel-a-candidature-charge-de-projets-ireps-Creuse-aout-2022.pdf\">Charg\u00e9(e) de projet Education &amp; Promotion de la Sant\u00e9,<\/a> <\/strong>IREPS NA antenne Creuse, CDI tps plein, poste \u00e0 pourvoir d\u00e8s que possible.<\/p>\n\n\n\n<p><strong>[dead line candidatures &gt;&gt; 11 Juillet 2022]<\/strong> : <a href=\"https:\/\/aliso.fr\/initiatives\/wp-content\/uploads\/sites\/2\/2022\/06\/Offre-chargee-de-missions-initiatives.pdf\">Charg\u00e9.e de missions d&rsquo;Appui aux initiatives associatives et ESS<\/a>, R\u00e9seau ALISO, CDD 1 an transformable en CDI, tps complet n\u00e9gociable, poste \u00e0 pourvoir pour Sept.-Oct. 2022<\/p>\n\n\n\n<p><strong>&gt;&gt; 30 Juin 2022<\/strong> : <a href=\"https:\/\/aliso.fr\/initiatives\/wp-content\/uploads\/sites\/2\/2022\/06\/Fiche-de-poste-De\u00b4capsuleur-1.pdf\">Charg\u00e9.e de mission Incubateur ESS creusois \u00ab\u00a0Le D\u00e9capsuleur\u00a0\u00bb<\/a>, R\u00e9seau TELA,&nbsp; CDD 1 an renouvelable, 3-4 jrs\/semaine, Poste \u00e0 pourvoir pour d\u00e9but Septembre 2022.<\/p>\n\n\n\n<p><strong>&gt;&gt; \u00e9t\u00e9 2022<a href=\"https:\/\/nuage.aliso.fr\/index.php\/s\/nFj4dLWofYGxEd6\"> Directeur.trice<\/a>, <\/strong><span id=\"page3R_mcid6\" class=\"markedContent\"><span dir=\"ltr\" role=\"presentation\">L\u2019AROEVEN de Bordeaux<\/span><\/span>, <span id=\"page31R_mcid28\" class=\"markedContent\"><span dir=\"ltr\" role=\"presentation\">CD<\/span><span dir=\"ltr\" role=\"presentation\">I<\/span> t<span dir=\"ltr\" role=\"presentation\">emps<\/span> c<span dir=\"ltr\" role=\"presentation\">omplet<\/span> <span dir=\"ltr\" role=\"presentation\">bas\u00e9 sur Bordeaux<\/span><\/span><span id=\"page31R_mcid29\" class=\"markedContent\">, <span dir=\"ltr\" role=\"presentation\">Poste \u00e0 pourvoir<\/span> <span dir=\"ltr\" role=\"presentation\">d\u00e9b<\/span><span dir=\"ltr\" role=\"presentation\">ut septembre 2022<\/span><\/span><strong><br>&gt;&gt;11 juillet 2022&nbsp; <a href=\"https:\/\/nuage.aliso.fr\/index.php\/s\/qKfrtg6FXwc3RWr\">Responsable de micro-cr\u00e8che, Educateur de jeunes enfants <\/a><\/strong>\u00e0 Ahun et Ars, Emploi permanent, temps plein, CDC Creuse Sud Ouest, prise de poste le 22 ao\u00fbt 2022<\/p>\n\n\n\n<p><strong>&gt;&gt; 4 juillet 2022 <a href=\"https:\/\/irepsna.org\/chargee-de-projets-en-education-et-promotion-de-la-sante-en-creuse\/\">Charg\u00e9 de projet en \u00e9ducation et promotion de la sant\u00e9<\/a>, <\/strong>Antenne de Creuse CDI temps plein prise de poste septembre&nbsp; 2022<\/p>\n\n\n\n<p><strong>&gt;&gt; 15 juin 2022 : <a href=\"https:\/\/www.plateaux-limousins.org\/component\/acym\/archive\/131-rectrutement-aux-plateaux-limousins?userid=179-KnJwK97YzB9Y7h&amp;tmpl=raw&amp;utm_source=newsletter_89&amp;utm_medium=email&amp;utm_campaign=rectrutement-aux-plateaux-limo\">Responsable d&rsquo;une association de tourisme social et d&rsquo;\u00e9ducation populaire<\/a>, <\/strong>Les Plateaux Limousins, Roy\u00e8re de Vassivi\u00e8re, CDI temps plein, prise de poste septembre 2022.<strong><br><\/strong><\/p>\n\n\n\n<p><strong>&gt;&gt; 28 f\u00e9vrier<\/strong> : <span style=\"text-decoration: underline\"><span style=\"color: #ff6600\"><a href=\"http:\/\/bij23.fr\/dla23\/wp-content\/uploads\/2022\/02\/annonce-poste-insertion-sociale-2022.pdf\"><span style=\"color: #ff6600;text-decoration: underline\">1 charg\u00e9(e) de l\u2019accueil des publics, de la coordination et de l\u2019animation de dispositifs d\u2019accompagnement \u00e0 l\u2019insertion sociale et professionnelle<\/span><\/a><\/span><\/span>, MJC La Souterraine, CDI temps plein<br><strong>&gt;&gt; 27 f\u00e9vrier : <span style=\"text-decoration: underline\"><span style=\"color: #ff6600;text-decoration: underline\"><a href=\"http:\/\/bij23.fr\/dla23\/wp-content\/uploads\/2022\/02\/Fiche-de-Poste-Re\u00b4fe\u00b4rente-Famille-1.pdf\">R\u00e9f\u00e9rente Familles<\/a><\/span><\/span><\/strong>, La Palette Dun le Palestel, CDI Tps plein<\/p>\n\n\n\n<p><strong>&gt;&gt; 25 f\u00e9vrier (date limite de d\u00e9p\u00f4t des candidatures) : <\/strong><span style=\"text-decoration: underline\"><span style=\"color: #ff6600;text-decoration: underline\"><a href=\"http:\/\/bij23.fr\/dla23\/wp-content\/uploads\/2022\/02\/Fiches-de-postes-GEM.pdf\" target=\"_blank\" rel=\"noopener\">Coordinateur-Animateur H\/F de Groupement d&rsquo;entraide mutuelle<\/a><\/span><\/span>, Agora Bourganeuf, CDI 21h hebdo<strong><br><\/strong><\/p>\n\n\n\n<p><strong>&gt;&gt; 18 f\u00e9vrier :<\/strong> <span style=\"text-decoration: underline\"><span style=\"color: #ff6600;text-decoration: underline\"><a href=\"http:\/\/bij23.fr\/dla23\/wp-content\/uploads\/2022\/02\/animateur-polyvalent.pdf\">Animateur Jeunesse polyvalent<\/a><\/span><\/span>, Agora Bourganeuf, CDI Temps plein<\/p>\n\n\n\n<p><strong>&gt;&gt; 28 f\u00e9vrier : <\/strong><span style=\"text-decoration: underline\"><span style=\"color: #ff6600;text-decoration: underline\"><a href=\"http:\/\/bij23.fr\/dla23\/wp-content\/uploads\/2022\/02\/Fiche-de-mission-service-civique-Instants-Libres-2022.pdf\">Service civique en association culturelle de soutien au spectacle vivant<\/a><\/span><\/span>, Instants Libres Bourganeuf, 6 \u00e0 10 mois 26h\/semaine<strong><br><\/strong><\/p>\n\n\n\n<p><strong>&gt;&gt; 18 f\u00e9vrier : <\/strong><span style=\"text-decoration: underline\"><span style=\"color: #ff6600;text-decoration: underline\"><a href=\"http:\/\/bij23.fr\/dla23\/wp-content\/uploads\/2022\/02\/FICHE-DE-POSTE_Coordination-LAM.pdf\">Coordinateur.trice de Tiers lieu<\/a><\/span><\/span>, Les Ateliers de la Mine, Lavaveix les mines, Temps partiel 17,5 h\/sem, CDD 1 an<strong><br><\/strong><\/p>\n\n\n\n<p><strong>&gt;&gt; 18 f\u00e9vrier : <\/strong><span style=\"text-decoration: underline\"><span style=\"color: #ff6600;text-decoration: underline\"><a href=\"http:\/\/bij23.fr\/dla23\/wp-content\/uploads\/2022\/02\/FICHE-DE-POSTE_Conciergerie-LAM.pdf\">Concierge de Tiers Lieu,<\/a><\/span><\/span> Les Ateliers de la Mine, Lavaveix les mines, Temps partiel 17,5 h\/sem, CDD 1 an<strong><br><\/strong><\/p>\n\n\n\n<p><strong>&gt;&gt; 15 fevrier :<\/strong> <span style=\"text-decoration: underline\"><span style=\"color: #ff6600;text-decoration: underline\"><a href=\"https:\/\/www.plateaux-limousins.org\/component\/acym\/archive\/110-offre-d-emploi?userid=179-KnJwK97YzB9Y7h&amp;tmpl=raw&amp;utm_source=newsletter_110&amp;utm_medium=email&amp;utm_campaign=offre-d-emploi\">Charg\u00e9 d&rsquo;accueil lieu d&rsquo;h\u00e9bergement g\u00eetes collectif et individuel<\/a><\/span><\/span>, Association les Plateaux Limousins, Temps plein, CDD 1 an, candidatures \u00e0 envoyer avant le 15 f\u00e9vrier.<strong><br><\/strong><\/p>\n\n\n\n<p><strong>&gt;&gt; 23 Janvier 2022 : <\/strong><span style=\"text-decoration: underline\"><span style=\"color: #ff6600;text-decoration: underline\"><a href=\"https:\/\/www.lapalette.tl\/offre-demploi-directeur-rice-de-la-palette\/\">Directeur-trice de Centre social\/ Tiers Lieu<\/a><\/span><\/span>, La Palette, Dun le Palestel, CDI Temps Plein<strong><br><\/strong><\/p>\n\n\n\n<p><strong>&gt;&gt; 19 Janvier 2022 :<\/strong> <span style=\"text-decoration: underline\"><span style=\"color: #ff6600\"><a href=\"http:\/\/bij23.fr\/dla23\/wp-content\/uploads\/2022\/01\/Fiche-de-poste-Coordo.-Fabrique-Creusoise.pdf\"><span style=\"color: #ff6600;text-decoration: underline\">Coordinateur.trice de La Fabrique Creusoise<\/span><\/a><\/span><\/span>, R\u00e9seau Tela, CDD 1 an renouvelable, 21h\/semaine min.<\/p>\n\n\n\n<p><strong>&gt;&gt; Courant Janvier 2022 : <\/strong><span style=\"text-decoration: underline\"><span style=\"color: #ff6600\"><a href=\"http:\/\/bij23.fr\/dla23\/wp-content\/uploads\/2022\/01\/ANNONCE-DIRECTEUR-TRICE-LES-PITCHOUNETS.pdf\"><span style=\"color: #ff6600;text-decoration: underline\">Directreur-trice de Multiaccueil petite enfance<\/span><\/a><\/span><\/span>, La Souterraine, Les Pitchounets<strong><br><\/strong><\/p>\n\n\n\n<p><strong>&gt;&gt; 15 janvier 2022 :<\/strong> <span style=\"color: #ff6600\"><a href=\"http:\/\/bij23.fr\/dla23\/wp-content\/uploads\/2021\/12\/Offre-animateur-GEM-La-Souterraine.pdf\">Animateur de Groupe d&rsquo;entraide Mutuelle<\/a><\/span>, La Souterraine, UDAF, CDI temps plein<\/p>\n\n\n\n<p><strong>&gt;&gt; 15 janvier 2022 :<\/strong><span style=\"color: #ff6600\"><a href=\"http:\/\/bij23.fr\/dla23\/wp-content\/uploads\/2021\/12\/Offre-animateur-GEM-Gu\u00e9ret.pdf\"> Animateur de Groupe d&rsquo;entraide Mutuelle<\/a><\/span>, Gu\u00e9ret, UDAF, CDI temps plein<\/p>\n\n\n\n<p><strong>&gt;&gt; 15 janvier 2022<\/strong> :<span style=\"color: #ff6600\"><a href=\"http:\/\/bij23.fr\/dla23\/wp-content\/uploads\/2021\/12\/Offre-coordinateur-Centre-Social-Tsigane.pdf\"> Coordinateur Centre Social Tzigane<\/a><\/span>, UDAF Gu\u00e9ret et departement, CDI temps plein<\/p>\n\n\n\n<p><strong>&gt;&gt; 16 Janvier 2022 : <\/strong><a href=\"http:\/\/bij23.fr\/dla23\/wp-content\/uploads\/2021\/12\/Offres-demploi-La-metive.pdf\"><span style=\"text-decoration: underline\"><span style=\"color: #ff6600;text-decoration: underline\">Charg\u00e9e de communication et m\u00e9diation culturelle et Assistant(e) de production<\/span><\/span><\/a>, 2 postes en CDD 1 an 30h\/semaine<strong><br><\/strong><\/p>\n\n\n\n<p><strong>&gt;&gt; 15 Janvier 2022 : <\/strong><span style=\"text-decoration: underline\"><span style=\"color: #ff6600;text-decoration: underline\"><a href=\"http:\/\/bij23.fr\/dla23\/wp-content\/uploads\/2021\/12\/offre-dir-Belmont.pdf\">Direction d&rsquo;\u00e9tablissement<\/a><\/span><\/span>, FJT Belmont, La Souterraine, CDI Tps Plein.<strong><br><\/strong><\/p>\n\n\n\n<p><strong>&gt;&gt; 4 janvier 2022<\/strong> : <span style=\"text-decoration: underline\"><span style=\"color: #ff6600;text-decoration: underline\"><a href=\"https:\/\/www.dropbox.com\/s\/85gk3yuy4paa02s\/FICHE-POSTE-ANIMATEUR-CUISINE.pdf?dl=0\">Animateur.trice Caf\u00e9 Cuisine<\/a><\/span><\/span>, Association Pang!, CDD 1 ans perenisable, 24h\/sem.<\/p>\n\n\n\n<p><strong>&gt;&gt; 4 janvier 2022<\/strong> : <a href=\"https:\/\/www.dropbox.com\/s\/x1zperccytf0495\/FICHE-POSTE-COORDINATEUR-FACILITATEUR.pdf?dl=0\"><span style=\"text-decoration: underline\"><span style=\"color: #ff6600;text-decoration: underline\">Coordinateur.trice &#8211; Facilitateur.trice<\/span><\/span><\/a>, Association Pang!, CDD 1 ans perenisable, 24h\/sem.<\/p>\n\n\n\n<p><\/p>\n\n\n\n<p><\/p>\n","protected":false},"excerpt":{"rendered":"<p>&gt; [avant le 21 avril 2026] &#8211; entretiens les 4 et 11 mai 2026, d\u00e9marrage entre juin et septembre 2026 &#8211; Court-circuit recrute 2 personnes pour rejoindre son \u00e9quipe permanented\u2019animateur-ices valoristes &#8211; CDD de 12 mois \u2013 \u00e9volution vers CDI, 28h\/semaine avec adaptation des horaires \u00e0 l\u2019activit\u00e9 (1 samedi par mois), Poste bas\u00e9 \u00e0 Felletin,&#8230; <a class=\"excerpt-read-more button\" href=\"https:\/\/aliso.fr\/initiatives\/offres-demploi-creuse-associations-economie-sociale-et-solidaire\/\" title=\"ReadOffres d&#8217;emploi &#8211; Creuse &#8211; Associations \/ Economie Sociale et Solidaire\">En savoir plus &raquo;<\/a><\/p>\n","protected":false},"author":5,"featured_media":2861,"comment_status":"closed","ping_status":"open","sticky":false,"template":"","format":"standard","meta":{"footnotes":""},"categories":[11],"tags":[],"class_list":["post-1462","post","type-post","status-publish","format-standard","has-post-thumbnail","hentry","category-actus"],"yoast_head":"<!-- This site is optimized with the Yoast SEO plugin v27.5 - https:\/\/yoast.com\/product\/yoast-seo-wordpress\/ -->\n<title>Offres d&#039;emploi - Creuse - Associations \/ Economie Sociale et Solidaire - Aliso Initiatives<\/title>\n<meta name=\"robots\" content=\"index, follow, max-snippet:-1, max-image-preview:large, max-video-preview:-1\" \/>\n<link rel=\"canonical\" href=\"https:\/\/aliso.fr\/initiatives\/offres-demploi-creuse-associations-economie-sociale-et-solidaire\/\" \/>\n<meta property=\"og:locale\" content=\"fr_FR\" \/>\n<meta property=\"og:type\" content=\"article\" \/>\n<meta property=\"og:title\" content=\"Offres d&#039;emploi - Creuse - Associations \/ Economie Sociale et Solidaire - Aliso Initiatives\" \/>\n<meta property=\"og:description\" content=\"&gt; [avant le 21 avril 2026] &#8211; entretiens les 4 et 11 mai 2026, d\u00e9marrage entre juin et septembre 2026 &#8211; Court-circuit recrute 2 personnes pour rejoindre son \u00e9quipe permanented\u2019animateur-ices valoristes &#8211; CDD de 12 mois \u2013 \u00e9volution vers CDI, 28h\/semaine avec adaptation des horaires \u00e0 l\u2019activit\u00e9 (1 samedi par mois), Poste bas\u00e9 \u00e0 Felletin,... En savoir plus &raquo;\" \/>\n<meta property=\"og:url\" content=\"https:\/\/aliso.fr\/initiatives\/offres-demploi-creuse-associations-economie-sociale-et-solidaire\/\" \/>\n<meta property=\"og:site_name\" content=\"Aliso Initiatives\" \/>\n<meta property=\"article:published_time\" content=\"2026-03-31T12:24:01+00:00\" \/>\n<meta property=\"article:modified_time\" content=\"2026-04-21T13:09:30+00:00\" \/>\n<meta property=\"og:image\" content=\"https:\/\/aliso.fr\/initiatives\/wp-content\/uploads\/sites\/2\/2023\/10\/extrait-construire-ensemble.jpg\" \/>\n\t<meta property=\"og:image:width\" content=\"1646\" \/>\n\t<meta property=\"og:image:height\" content=\"2000\" \/>\n\t<meta property=\"og:image:type\" content=\"image\/jpeg\" \/>\n<meta name=\"author\" content=\"pascal\" \/>\n<meta name=\"twitter:card\" content=\"summary_large_image\" \/>\n<script type=\"application\/ld+json\" class=\"yoast-schema-graph\">{\"@context\":\"https:\\\/\\\/schema.org\",\"@graph\":[{\"@type\":\"Article\",\"@id\":\"https:\\\/\\\/aliso.fr\\\/initiatives\\\/offres-demploi-creuse-associations-economie-sociale-et-solidaire\\\/#article\",\"isPartOf\":{\"@id\":\"https:\\\/\\\/aliso.fr\\\/initiatives\\\/offres-demploi-creuse-associations-economie-sociale-et-solidaire\\\/\"},\"author\":{\"name\":\"pascal\",\"@id\":\"https:\\\/\\\/aliso.fr\\\/initiatives\\\/#\\\/schema\\\/person\\\/ac5889082625d5c95b51fac19f3d9b86\"},\"headline\":\"Offres d&#8217;emploi &#8211; Creuse &#8211; Associations \\\/ Economie Sociale et Solidaire\",\"datePublished\":\"2026-03-31T12:24:01+00:00\",\"dateModified\":\"2026-04-21T13:09:30+00:00\",\"mainEntityOfPage\":{\"@id\":\"https:\\\/\\\/aliso.fr\\\/initiatives\\\/offres-demploi-creuse-associations-economie-sociale-et-solidaire\\\/\"},\"wordCount\":2398,\"publisher\":{\"@id\":\"https:\\\/\\\/aliso.fr\\\/initiatives\\\/#organization\"},\"image\":{\"@id\":\"https:\\\/\\\/aliso.fr\\\/initiatives\\\/offres-demploi-creuse-associations-economie-sociale-et-solidaire\\\/#primaryimage\"},\"thumbnailUrl\":\"https:\\\/\\\/aliso.fr\\\/initiatives\\\/wp-content\\\/uploads\\\/sites\\\/2\\\/2023\\\/10\\\/extrait-construire-ensemble.jpg\",\"articleSection\":[\"Actualit\u00e9s\"],\"inLanguage\":\"fr-FR\"},{\"@type\":\"WebPage\",\"@id\":\"https:\\\/\\\/aliso.fr\\\/initiatives\\\/offres-demploi-creuse-associations-economie-sociale-et-solidaire\\\/\",\"url\":\"https:\\\/\\\/aliso.fr\\\/initiatives\\\/offres-demploi-creuse-associations-economie-sociale-et-solidaire\\\/\",\"name\":\"Offres d'emploi - Creuse - Associations \\\/ Economie Sociale et Solidaire - Aliso Initiatives\",\"isPartOf\":{\"@id\":\"https:\\\/\\\/aliso.fr\\\/initiatives\\\/#website\"},\"primaryImageOfPage\":{\"@id\":\"https:\\\/\\\/aliso.fr\\\/initiatives\\\/offres-demploi-creuse-associations-economie-sociale-et-solidaire\\\/#primaryimage\"},\"image\":{\"@id\":\"https:\\\/\\\/aliso.fr\\\/initiatives\\\/offres-demploi-creuse-associations-economie-sociale-et-solidaire\\\/#primaryimage\"},\"thumbnailUrl\":\"https:\\\/\\\/aliso.fr\\\/initiatives\\\/wp-content\\\/uploads\\\/sites\\\/2\\\/2023\\\/10\\\/extrait-construire-ensemble.jpg\",\"datePublished\":\"2026-03-31T12:24:01+00:00\",\"dateModified\":\"2026-04-21T13:09:30+00:00\",\"breadcrumb\":{\"@id\":\"https:\\\/\\\/aliso.fr\\\/initiatives\\\/offres-demploi-creuse-associations-economie-sociale-et-solidaire\\\/#breadcrumb\"},\"inLanguage\":\"fr-FR\",\"potentialAction\":[{\"@type\":\"ReadAction\",\"target\":[\"https:\\\/\\\/aliso.fr\\\/initiatives\\\/offres-demploi-creuse-associations-economie-sociale-et-solidaire\\\/\"]}]},{\"@type\":\"ImageObject\",\"inLanguage\":\"fr-FR\",\"@id\":\"https:\\\/\\\/aliso.fr\\\/initiatives\\\/offres-demploi-creuse-associations-economie-sociale-et-solidaire\\\/#primaryimage\",\"url\":\"https:\\\/\\\/aliso.fr\\\/initiatives\\\/wp-content\\\/uploads\\\/sites\\\/2\\\/2023\\\/10\\\/extrait-construire-ensemble.jpg\",\"contentUrl\":\"https:\\\/\\\/aliso.fr\\\/initiatives\\\/wp-content\\\/uploads\\\/sites\\\/2\\\/2023\\\/10\\\/extrait-construire-ensemble.jpg\",\"width\":1646,\"height\":2000},{\"@type\":\"BreadcrumbList\",\"@id\":\"https:\\\/\\\/aliso.fr\\\/initiatives\\\/offres-demploi-creuse-associations-economie-sociale-et-solidaire\\\/#breadcrumb\",\"itemListElement\":[{\"@type\":\"ListItem\",\"position\":1,\"name\":\"Accueil\",\"item\":\"https:\\\/\\\/aliso.fr\\\/initiatives\\\/\"},{\"@type\":\"ListItem\",\"position\":2,\"name\":\"Actualit\u00e9s\",\"item\":\"https:\\\/\\\/aliso.fr\\\/initiatives\\\/actus\\\/\"},{\"@type\":\"ListItem\",\"position\":3,\"name\":\"Offres d&#8217;emploi &#8211; Creuse &#8211; Associations \\\/ Economie Sociale et Solidaire\"}]},{\"@type\":\"WebSite\",\"@id\":\"https:\\\/\\\/aliso.fr\\\/initiatives\\\/#website\",\"url\":\"https:\\\/\\\/aliso.fr\\\/initiatives\\\/\",\"name\":\"Aliso Initiatives\",\"description\":\"R\u00e9seau Creusois des acteurs du lien social\",\"publisher\":{\"@id\":\"https:\\\/\\\/aliso.fr\\\/initiatives\\\/#organization\"},\"potentialAction\":[{\"@type\":\"SearchAction\",\"target\":{\"@type\":\"EntryPoint\",\"urlTemplate\":\"https:\\\/\\\/aliso.fr\\\/initiatives\\\/?s={search_term_string}\"},\"query-input\":{\"@type\":\"PropertyValueSpecification\",\"valueRequired\":true,\"valueName\":\"search_term_string\"}}],\"inLanguage\":\"fr-FR\"},{\"@type\":\"Organization\",\"@id\":\"https:\\\/\\\/aliso.fr\\\/initiatives\\\/#organization\",\"name\":\"Aliso Initiatives\",\"url\":\"https:\\\/\\\/aliso.fr\\\/initiatives\\\/\",\"logo\":{\"@type\":\"ImageObject\",\"inLanguage\":\"fr-FR\",\"@id\":\"https:\\\/\\\/aliso.fr\\\/initiatives\\\/#\\\/schema\\\/logo\\\/image\\\/\",\"url\":\"https:\\\/\\\/aliso.fr\\\/initiatives\\\/wp-content\\\/uploads\\\/sites\\\/2\\\/2022\\\/01\\\/Logo-ALISO-Initiatives-2.png\",\"contentUrl\":\"https:\\\/\\\/aliso.fr\\\/initiatives\\\/wp-content\\\/uploads\\\/sites\\\/2\\\/2022\\\/01\\\/Logo-ALISO-Initiatives-2.png\",\"width\":900,\"height\":657,\"caption\":\"Aliso Initiatives\"},\"image\":{\"@id\":\"https:\\\/\\\/aliso.fr\\\/initiatives\\\/#\\\/schema\\\/logo\\\/image\\\/\"}},{\"@type\":\"Person\",\"@id\":\"https:\\\/\\\/aliso.fr\\\/initiatives\\\/#\\\/schema\\\/person\\\/ac5889082625d5c95b51fac19f3d9b86\",\"name\":\"pascal\"}]}<\/script>\n<!-- \/ Yoast SEO plugin. -->","yoast_head_json":{"title":"Offres d'emploi - Creuse - Associations \/ Economie Sociale et Solidaire - Aliso Initiatives","robots":{"index":"index","follow":"follow","max-snippet":"max-snippet:-1","max-image-preview":"max-image-preview:large","max-video-preview":"max-video-preview:-1"},"canonical":"https:\/\/aliso.fr\/initiatives\/offres-demploi-creuse-associations-economie-sociale-et-solidaire\/","og_locale":"fr_FR","og_type":"article","og_title":"Offres d'emploi - Creuse - Associations \/ Economie Sociale et Solidaire - Aliso Initiatives","og_description":"&gt; [avant le 21 avril 2026] &#8211; entretiens les 4 et 11 mai 2026, d\u00e9marrage entre juin et septembre 2026 &#8211; Court-circuit recrute 2 personnes pour rejoindre son \u00e9quipe permanented\u2019animateur-ices valoristes &#8211; CDD de 12 mois \u2013 \u00e9volution vers CDI, 28h\/semaine avec adaptation des horaires \u00e0 l\u2019activit\u00e9 (1 samedi par mois), Poste bas\u00e9 \u00e0 Felletin,... En savoir plus &raquo;","og_url":"https:\/\/aliso.fr\/initiatives\/offres-demploi-creuse-associations-economie-sociale-et-solidaire\/","og_site_name":"Aliso Initiatives","article_published_time":"2026-03-31T12:24:01+00:00","article_modified_time":"2026-04-21T13:09:30+00:00","og_image":[{"width":1646,"height":2000,"url":"https:\/\/aliso.fr\/initiatives\/wp-content\/uploads\/sites\/2\/2023\/10\/extrait-construire-ensemble.jpg","type":"image\/jpeg"}],"author":"pascal","twitter_card":"summary_large_image","schema":{"@context":"https:\/\/schema.org","@graph":[{"@type":"Article","@id":"https:\/\/aliso.fr\/initiatives\/offres-demploi-creuse-associations-economie-sociale-et-solidaire\/#article","isPartOf":{"@id":"https:\/\/aliso.fr\/initiatives\/offres-demploi-creuse-associations-economie-sociale-et-solidaire\/"},"author":{"name":"pascal","@id":"https:\/\/aliso.fr\/initiatives\/#\/schema\/person\/ac5889082625d5c95b51fac19f3d9b86"},"headline":"Offres d&#8217;emploi &#8211; Creuse &#8211; Associations \/ Economie Sociale et Solidaire","datePublished":"2026-03-31T12:24:01+00:00","dateModified":"2026-04-21T13:09:30+00:00","mainEntityOfPage":{"@id":"https:\/\/aliso.fr\/initiatives\/offres-demploi-creuse-associations-economie-sociale-et-solidaire\/"},"wordCount":2398,"publisher":{"@id":"https:\/\/aliso.fr\/initiatives\/#organization"},"image":{"@id":"https:\/\/aliso.fr\/initiatives\/offres-demploi-creuse-associations-economie-sociale-et-solidaire\/#primaryimage"},"thumbnailUrl":"https:\/\/aliso.fr\/initiatives\/wp-content\/uploads\/sites\/2\/2023\/10\/extrait-construire-ensemble.jpg","articleSection":["Actualit\u00e9s"],"inLanguage":"fr-FR"},{"@type":"WebPage","@id":"https:\/\/aliso.fr\/initiatives\/offres-demploi-creuse-associations-economie-sociale-et-solidaire\/","url":"https:\/\/aliso.fr\/initiatives\/offres-demploi-creuse-associations-economie-sociale-et-solidaire\/","name":"Offres d'emploi - Creuse - Associations \/ Economie Sociale et Solidaire - Aliso Initiatives","isPartOf":{"@id":"https:\/\/aliso.fr\/initiatives\/#website"},"primaryImageOfPage":{"@id":"https:\/\/aliso.fr\/initiatives\/offres-demploi-creuse-associations-economie-sociale-et-solidaire\/#primaryimage"},"image":{"@id":"https:\/\/aliso.fr\/initiatives\/offres-demploi-creuse-associations-economie-sociale-et-solidaire\/#primaryimage"},"thumbnailUrl":"https:\/\/aliso.fr\/initiatives\/wp-content\/uploads\/sites\/2\/2023\/10\/extrait-construire-ensemble.jpg","datePublished":"2026-03-31T12:24:01+00:00","dateModified":"2026-04-21T13:09:30+00:00","breadcrumb":{"@id":"https:\/\/aliso.fr\/initiatives\/offres-demploi-creuse-associations-economie-sociale-et-solidaire\/#breadcrumb"},"inLanguage":"fr-FR","potentialAction":[{"@type":"ReadAction","target":["https:\/\/aliso.fr\/initiatives\/offres-demploi-creuse-associations-economie-sociale-et-solidaire\/"]}]},{"@type":"ImageObject","inLanguage":"fr-FR","@id":"https:\/\/aliso.fr\/initiatives\/offres-demploi-creuse-associations-economie-sociale-et-solidaire\/#primaryimage","url":"https:\/\/aliso.fr\/initiatives\/wp-content\/uploads\/sites\/2\/2023\/10\/extrait-construire-ensemble.jpg","contentUrl":"https:\/\/aliso.fr\/initiatives\/wp-content\/uploads\/sites\/2\/2023\/10\/extrait-construire-ensemble.jpg","width":1646,"height":2000},{"@type":"BreadcrumbList","@id":"https:\/\/aliso.fr\/initiatives\/offres-demploi-creuse-associations-economie-sociale-et-solidaire\/#breadcrumb","itemListElement":[{"@type":"ListItem","position":1,"name":"Accueil","item":"https:\/\/aliso.fr\/initiatives\/"},{"@type":"ListItem","position":2,"name":"Actualit\u00e9s","item":"https:\/\/aliso.fr\/initiatives\/actus\/"},{"@type":"ListItem","position":3,"name":"Offres d&#8217;emploi &#8211; Creuse &#8211; Associations \/ Economie Sociale et Solidaire"}]},{"@type":"WebSite","@id":"https:\/\/aliso.fr\/initiatives\/#website","url":"https:\/\/aliso.fr\/initiatives\/","name":"Aliso Initiatives","description":"R\u00e9seau Creusois des acteurs du lien social","publisher":{"@id":"https:\/\/aliso.fr\/initiatives\/#organization"},"potentialAction":[{"@type":"SearchAction","target":{"@type":"EntryPoint","urlTemplate":"https:\/\/aliso.fr\/initiatives\/?s={search_term_string}"},"query-input":{"@type":"PropertyValueSpecification","valueRequired":true,"valueName":"search_term_string"}}],"inLanguage":"fr-FR"},{"@type":"Organization","@id":"https:\/\/aliso.fr\/initiatives\/#organization","name":"Aliso Initiatives","url":"https:\/\/aliso.fr\/initiatives\/","logo":{"@type":"ImageObject","inLanguage":"fr-FR","@id":"https:\/\/aliso.fr\/initiatives\/#\/schema\/logo\/image\/","url":"https:\/\/aliso.fr\/initiatives\/wp-content\/uploads\/sites\/2\/2022\/01\/Logo-ALISO-Initiatives-2.png","contentUrl":"https:\/\/aliso.fr\/initiatives\/wp-content\/uploads\/sites\/2\/2022\/01\/Logo-ALISO-Initiatives-2.png","width":900,"height":657,"caption":"Aliso Initiatives"},"image":{"@id":"https:\/\/aliso.fr\/initiatives\/#\/schema\/logo\/image\/"}},{"@type":"Person","@id":"https:\/\/aliso.fr\/initiatives\/#\/schema\/person\/ac5889082625d5c95b51fac19f3d9b86","name":"pascal"}]}},"_links":{"self":[{"href":"https:\/\/aliso.fr\/initiatives\/wp-json\/wp\/v2\/posts\/1462","targetHints":{"allow":["GET"]}}],"collection":[{"href":"https:\/\/aliso.fr\/initiatives\/wp-json\/wp\/v2\/posts"}],"about":[{"href":"https:\/\/aliso.fr\/initiatives\/wp-json\/wp\/v2\/types\/post"}],"author":[{"embeddable":true,"href":"https:\/\/aliso.fr\/initiatives\/wp-json\/wp\/v2\/users\/5"}],"replies":[{"embeddable":true,"href":"https:\/\/aliso.fr\/initiatives\/wp-json\/wp\/v2\/comments?post=1462"}],"version-history":[{"count":5,"href":"https:\/\/aliso.fr\/initiatives\/wp-json\/wp\/v2\/posts\/1462\/revisions"}],"predecessor-version":[{"id":3851,"href":"https:\/\/aliso.fr\/initiatives\/wp-json\/wp\/v2\/posts\/1462\/revisions\/3851"}],"wp:featuredmedia":[{"embeddable":true,"href":"https:\/\/aliso.fr\/initiatives\/wp-json\/wp\/v2\/media\/2861"}],"wp:attachment":[{"href":"https:\/\/aliso.fr\/initiatives\/wp-json\/wp\/v2\/media?parent=1462"}],"wp:term":[{"taxonomy":"category","embeddable":true,"href":"https:\/\/aliso.fr\/initiatives\/wp-json\/wp\/v2\/categories?post=1462"},{"taxonomy":"post_tag","embeddable":true,"href":"https:\/\/aliso.fr\/initiatives\/wp-json\/wp\/v2\/tags?post=1462"}],"curies":[{"name":"wp","href":"https:\/\/api.w.org\/{rel}","templated":true}]}}