{"id":1506,"date":"2021-10-17T08:43:35","date_gmt":"2021-10-17T07:43:35","guid":{"rendered":"http:\/\/bij23.fr\/dla23\/?p=1506"},"modified":"2022-02-11T11:11:59","modified_gmt":"2022-02-11T10:11:59","slug":"creuse-les-soutiens-de-letat-a-lemploi-pour-les-associations","status":"publish","type":"post","link":"https:\/\/aliso.fr\/initiatives\/creuse-les-soutiens-de-letat-a-lemploi-pour-les-associations\/","title":{"rendered":"Emploi et Alternance : en Creuse, de fortes incitations financi\u00e8res \u00e0 l&#8217;embauche"},"content":{"rendered":"<p>Pour les associations et structures ESS creusoises (Zone de revitalisation rurale), les contrats PEC (CUI-CAE) sont pris en charge \u00e0 80% du Smic brut, pour une dur\u00e9e de travail hebdomadaire de 20h minimum jusqu&rsquo;au temps plein (la prise en charge \u00e0 80% \u00e9tant plafonn\u00e9e \u00e0 30h). Si l&rsquo;on tient compte des exon\u00e9rations de cotisations sociales, cette formule est particuli\u00e8rement incitative \u00e0 l&#8217;embauche de personnes identifi\u00e9es par Pole Emploi (*) comme pr\u00e9sentant des difficult\u00e9s d&rsquo;acc\u00e8s \u00e0 l&#8217;emploi, quelque soit leur niveau de dipl\u00f4me ou leur \u00e2ge.<\/p>\n<p>Au m\u00eame titre que certaines formules d&rsquo;Alternance, ces mesures d&#8217;emploi sont donc particuli\u00e8rement incitative en Creuse aujourd&rsquo;hui, ce jusqu&rsquo;au 31 decembre 2021. Voir<strong><span style=\"text-decoration: underline\"><span style=\"color: #ff6600;text-decoration: underline\"><a href=\"http:\/\/bij23.fr\/dla23\/wp-content\/uploads\/2021\/10\/202110_Mesures-pour-lemploi_Associations.pdf\"><span style=\"color: #ff6600;text-decoration: underline\"> ici <\/span><\/a><span style=\"color: #ff6600;text-decoration: underline\">la presentation<\/span><\/span><\/span><\/strong> des dispositifs d&rsquo;aide PEC et Alternance \u00e9dit\u00e9 en octobre par la DDETSPP de la Creuse.<\/p>\n<div id=\"attachment_1117\" style=\"width: 630px\" class=\"wp-caption aligncenter\"><img loading=\"lazy\" decoding=\"async\" aria-describedby=\"caption-attachment-1117\" class=\"wp-image-1117 size-large\" src=\"http:\/\/bij23.fr\/dla23\/wp-content\/uploads\/2018\/12\/IMG_soiree-crib-large-1024x224.jpg\" alt=\"All-focus\" width=\"620\" height=\"135\"><p id=\"caption-attachment-1117\" class=\"wp-caption-text\">Les associations encourag\u00e9es \u00e0 participer au retour \u00e0 l&#8217;emploi &#8211; photo d&rsquo;archive &#8211;<\/p><\/div>\n<p style=\"text-align: left\">En 2021, l&rsquo;Etat pr\u00e9voit 48000 contrats PEC en direction des ZRR et Quartiers politique de la ville. <strong><span style=\"text-decoration: underline\"><span style=\"color: #ff6600;text-decoration: underline\"><a href=\"https:\/\/travail-emploi.gouv.fr\/IMG\/pdf\/flyerpec.pdf\"><span style=\"color: #ff6600;text-decoration: underline\">Voir ici la plaquette nationale <\/span><\/a><\/span><\/span><\/strong>destin\u00e9e aux employeurs.<\/p>\n<p style=\"text-align: left\">Pour encourager les associations \u00e0 participer \u00e0 cet effort de retour \u00e0 l&#8217;emploi et mieux rep\u00e9rer les aides activables, la DDETSPP 23 et ALISO initiatives ont r\u00e9uni une vingtaine de structures participantes (associations et certaines collectivit\u00e9s) au cours d&rsquo;une visio de pr\u00e9sentation le Lundi 18 octobre dernier, de 14h \u00e0 15h.<\/p>\n<p>L&rsquo;alternance (contrat d&rsquo;apprentissage et contrat pro) b\u00e9n\u00e9ficie aussi d&rsquo;un fort soutien de la part de l&rsquo;Etat, permettant un reste \u00e0 charge parfois proche de zero dans certaines formules.<\/p>\n<p><em><strong>Vous avez un projet d&#8217;embauche en PEC ou en Alternance, qui contacter ?<\/strong><\/em><\/p>\n<p>(*) Pole Emploi, mais aussi Mission Locale (pour les -26 ans), Perspectives et Emploi (Travailleurs en situation de Handicap), le Conseil D\u00e9partemental (B\u00e9n\u00e9ficiaires du RSA) &gt;&gt; voir <span style=\"text-decoration: underline\"><span style=\"color: #ff6600\"><a href=\"http:\/\/bij23.fr\/dla23\/wp-content\/uploads\/2021\/10\/202110_Mesures-pour-lemploi_Associations.pdf\"><span style=\"color: #ff6600;text-decoration: underline\">ici<\/span><\/a><\/span><\/span> en fin de document les contacts employeurs des Mission Locale, P\u00f4le Emploi et Cap Emploi en Creuse.<\/p>\n<p>Si vous pressentez un candidat \u00e0 l&#8217;emploi, invitez le \u00e0 se rapprocher de son contact P\u00f4le Emploi (ou autre selon sa situation, voir ci-dessus) pour \u00e9tudier son dossier et pr\u00e9voir un RDV \u00e0 trois avec l&rsquo;association employeuse.<\/p>\n<p>Vous souhaitez travailler votre projet d&#8217;embauche, \u00e9tudier certains scenarios, n&rsquo;h\u00e9sitez pas \u00e0 contacter le Dispositif Local d&rsquo;Accompagnement port\u00e9 par ALISO Initiatives.<\/p>\n<p>&nbsp;<\/p>\n<p>&nbsp;<\/p>\n","protected":false},"excerpt":{"rendered":"<p>Pour les associations et structures ESS creusoises (Zone de revitalisation rurale), les contrats PEC (CUI-CAE) sont pris en charge \u00e0 80% du Smic brut, pour une dur\u00e9e de travail hebdomadaire de 20h minimum jusqu&rsquo;au temps plein (la prise en charge \u00e0 80% \u00e9tant plafonn\u00e9e \u00e0 30h). Si l&rsquo;on tient compte des exon\u00e9rations de cotisations sociales,&#8230; <a class=\"excerpt-read-more button\" href=\"https:\/\/aliso.fr\/initiatives\/creuse-les-soutiens-de-letat-a-lemploi-pour-les-associations\/\" title=\"ReadEmploi et Alternance : en Creuse, de fortes incitations financi\u00e8res \u00e0 l&#8217;embauche\">En savoir plus &raquo;<\/a><\/p>\n","protected":false},"author":5,"featured_media":1593,"comment_status":"closed","ping_status":"open","sticky":false,"template":"","format":"standard","meta":{"footnotes":""},"categories":[11,16],"tags":[],"class_list":["post-1506","post","type-post","status-publish","format-standard","has-post-thumbnail","hentry","category-actus","category-soutiens-emploi"],"yoast_head":"<!-- This site is optimized with the Yoast SEO plugin v27.5 - https:\/\/yoast.com\/product\/yoast-seo-wordpress\/ -->\n<title>Emploi et Alternance : en Creuse, de fortes incitations financi\u00e8res \u00e0 l&#039;embauche - Aliso Initiatives<\/title>\n<meta name=\"robots\" content=\"index, follow, max-snippet:-1, max-image-preview:large, max-video-preview:-1\" \/>\n<link rel=\"canonical\" href=\"https:\/\/aliso.fr\/initiatives\/creuse-les-soutiens-de-letat-a-lemploi-pour-les-associations\/\" \/>\n<meta property=\"og:locale\" content=\"fr_FR\" \/>\n<meta property=\"og:type\" content=\"article\" \/>\n<meta property=\"og:title\" content=\"Emploi et Alternance : en Creuse, de fortes incitations financi\u00e8res \u00e0 l&#039;embauche - Aliso Initiatives\" \/>\n<meta property=\"og:description\" content=\"Pour les associations et structures ESS creusoises (Zone de revitalisation rurale), les contrats PEC (CUI-CAE) sont pris en charge \u00e0 80% du Smic brut, pour une dur\u00e9e de travail hebdomadaire de 20h minimum jusqu&rsquo;au temps plein (la prise en charge \u00e0 80% \u00e9tant plafonn\u00e9e \u00e0 30h). Si l&rsquo;on tient compte des exon\u00e9rations de cotisations sociales,... En savoir plus &raquo;\" \/>\n<meta property=\"og:url\" content=\"https:\/\/aliso.fr\/initiatives\/creuse-les-soutiens-de-letat-a-lemploi-pour-les-associations\/\" \/>\n<meta property=\"og:site_name\" content=\"Aliso Initiatives\" \/>\n<meta property=\"article:published_time\" content=\"2021-10-17T07:43:35+00:00\" \/>\n<meta property=\"article:modified_time\" content=\"2022-02-11T10:11:59+00:00\" \/>\n<meta property=\"og:image\" content=\"https:\/\/aliso.fr\/initiatives\/wp-content\/uploads\/sites\/2\/\/2022\/02\/reunion-taf.jpeg\" \/>\n\t<meta property=\"og:image:width\" content=\"1\" \/>\n\t<meta property=\"og:image:height\" content=\"1\" \/>\n\t<meta property=\"og:image:type\" content=\"image\/jpeg\" \/>\n<meta name=\"author\" content=\"pascal\" \/>\n<meta name=\"twitter:card\" content=\"summary_large_image\" \/>\n<script type=\"application\/ld+json\" class=\"yoast-schema-graph\">{\"@context\":\"https:\\\/\\\/schema.org\",\"@graph\":[{\"@type\":\"Article\",\"@id\":\"https:\\\/\\\/aliso.fr\\\/initiatives\\\/creuse-les-soutiens-de-letat-a-lemploi-pour-les-associations\\\/#article\",\"isPartOf\":{\"@id\":\"https:\\\/\\\/aliso.fr\\\/initiatives\\\/creuse-les-soutiens-de-letat-a-lemploi-pour-les-associations\\\/\"},\"author\":{\"name\":\"pascal\",\"@id\":\"https:\\\/\\\/aliso.fr\\\/initiatives\\\/#\\\/schema\\\/person\\\/ac5889082625d5c95b51fac19f3d9b86\"},\"headline\":\"Emploi et Alternance : en Creuse, de fortes incitations financi\u00e8res \u00e0 l&#8217;embauche\",\"datePublished\":\"2021-10-17T07:43:35+00:00\",\"dateModified\":\"2022-02-11T10:11:59+00:00\",\"mainEntityOfPage\":{\"@id\":\"https:\\\/\\\/aliso.fr\\\/initiatives\\\/creuse-les-soutiens-de-letat-a-lemploi-pour-les-associations\\\/\"},\"wordCount\":406,\"publisher\":{\"@id\":\"https:\\\/\\\/aliso.fr\\\/initiatives\\\/#organization\"},\"image\":{\"@id\":\"https:\\\/\\\/aliso.fr\\\/initiatives\\\/creuse-les-soutiens-de-letat-a-lemploi-pour-les-associations\\\/#primaryimage\"},\"thumbnailUrl\":\"https:\\\/\\\/aliso.fr\\\/initiatives\\\/wp-content\\\/uploads\\\/sites\\\/2\\\/\\\/2022\\\/02\\\/reunion-taf.jpeg\",\"articleSection\":[\"Actualit\u00e9s\",\"Soutiens \u00e0 l'emploi\"],\"inLanguage\":\"fr-FR\"},{\"@type\":\"WebPage\",\"@id\":\"https:\\\/\\\/aliso.fr\\\/initiatives\\\/creuse-les-soutiens-de-letat-a-lemploi-pour-les-associations\\\/\",\"url\":\"https:\\\/\\\/aliso.fr\\\/initiatives\\\/creuse-les-soutiens-de-letat-a-lemploi-pour-les-associations\\\/\",\"name\":\"Emploi et Alternance : en Creuse, de fortes incitations financi\u00e8res \u00e0 l'embauche - Aliso Initiatives\",\"isPartOf\":{\"@id\":\"https:\\\/\\\/aliso.fr\\\/initiatives\\\/#website\"},\"primaryImageOfPage\":{\"@id\":\"https:\\\/\\\/aliso.fr\\\/initiatives\\\/creuse-les-soutiens-de-letat-a-lemploi-pour-les-associations\\\/#primaryimage\"},\"image\":{\"@id\":\"https:\\\/\\\/aliso.fr\\\/initiatives\\\/creuse-les-soutiens-de-letat-a-lemploi-pour-les-associations\\\/#primaryimage\"},\"thumbnailUrl\":\"https:\\\/\\\/aliso.fr\\\/initiatives\\\/wp-content\\\/uploads\\\/sites\\\/2\\\/\\\/2022\\\/02\\\/reunion-taf.jpeg\",\"datePublished\":\"2021-10-17T07:43:35+00:00\",\"dateModified\":\"2022-02-11T10:11:59+00:00\",\"breadcrumb\":{\"@id\":\"https:\\\/\\\/aliso.fr\\\/initiatives\\\/creuse-les-soutiens-de-letat-a-lemploi-pour-les-associations\\\/#breadcrumb\"},\"inLanguage\":\"fr-FR\",\"potentialAction\":[{\"@type\":\"ReadAction\",\"target\":[\"https:\\\/\\\/aliso.fr\\\/initiatives\\\/creuse-les-soutiens-de-letat-a-lemploi-pour-les-associations\\\/\"]}]},{\"@type\":\"ImageObject\",\"inLanguage\":\"fr-FR\",\"@id\":\"https:\\\/\\\/aliso.fr\\\/initiatives\\\/creuse-les-soutiens-de-letat-a-lemploi-pour-les-associations\\\/#primaryimage\",\"url\":\"https:\\\/\\\/aliso.fr\\\/initiatives\\\/wp-content\\\/uploads\\\/sites\\\/2\\\/\\\/2022\\\/02\\\/reunion-taf.jpeg\",\"contentUrl\":\"https:\\\/\\\/aliso.fr\\\/initiatives\\\/wp-content\\\/uploads\\\/sites\\\/2\\\/\\\/2022\\\/02\\\/reunion-taf.jpeg\"},{\"@type\":\"BreadcrumbList\",\"@id\":\"https:\\\/\\\/aliso.fr\\\/initiatives\\\/creuse-les-soutiens-de-letat-a-lemploi-pour-les-associations\\\/#breadcrumb\",\"itemListElement\":[{\"@type\":\"ListItem\",\"position\":1,\"name\":\"Accueil\",\"item\":\"https:\\\/\\\/aliso.fr\\\/initiatives\\\/\"},{\"@type\":\"ListItem\",\"position\":2,\"name\":\"Ressources et outils\",\"item\":\"https:\\\/\\\/aliso.fr\\\/initiatives\\\/ressources-et-outils\\\/\"},{\"@type\":\"ListItem\",\"position\":3,\"name\":\"Soutiens \u00e0 l'emploi\",\"item\":\"https:\\\/\\\/aliso.fr\\\/initiatives\\\/ressources-et-outils\\\/soutiens-emploi\\\/\"},{\"@type\":\"ListItem\",\"position\":4,\"name\":\"Emploi et Alternance : en Creuse, de fortes incitations financi\u00e8res \u00e0 l&#8217;embauche\"}]},{\"@type\":\"WebSite\",\"@id\":\"https:\\\/\\\/aliso.fr\\\/initiatives\\\/#website\",\"url\":\"https:\\\/\\\/aliso.fr\\\/initiatives\\\/\",\"name\":\"Aliso Initiatives\",\"description\":\"R\u00e9seau Creusois des acteurs du lien social\",\"publisher\":{\"@id\":\"https:\\\/\\\/aliso.fr\\\/initiatives\\\/#organization\"},\"potentialAction\":[{\"@type\":\"SearchAction\",\"target\":{\"@type\":\"EntryPoint\",\"urlTemplate\":\"https:\\\/\\\/aliso.fr\\\/initiatives\\\/?s={search_term_string}\"},\"query-input\":{\"@type\":\"PropertyValueSpecification\",\"valueRequired\":true,\"valueName\":\"search_term_string\"}}],\"inLanguage\":\"fr-FR\"},{\"@type\":\"Organization\",\"@id\":\"https:\\\/\\\/aliso.fr\\\/initiatives\\\/#organization\",\"name\":\"Aliso Initiatives\",\"url\":\"https:\\\/\\\/aliso.fr\\\/initiatives\\\/\",\"logo\":{\"@type\":\"ImageObject\",\"inLanguage\":\"fr-FR\",\"@id\":\"https:\\\/\\\/aliso.fr\\\/initiatives\\\/#\\\/schema\\\/logo\\\/image\\\/\",\"url\":\"https:\\\/\\\/aliso.fr\\\/initiatives\\\/wp-content\\\/uploads\\\/sites\\\/2\\\/2022\\\/01\\\/Logo-ALISO-Initiatives-2.png\",\"contentUrl\":\"https:\\\/\\\/aliso.fr\\\/initiatives\\\/wp-content\\\/uploads\\\/sites\\\/2\\\/2022\\\/01\\\/Logo-ALISO-Initiatives-2.png\",\"width\":900,\"height\":657,\"caption\":\"Aliso Initiatives\"},\"image\":{\"@id\":\"https:\\\/\\\/aliso.fr\\\/initiatives\\\/#\\\/schema\\\/logo\\\/image\\\/\"}},{\"@type\":\"Person\",\"@id\":\"https:\\\/\\\/aliso.fr\\\/initiatives\\\/#\\\/schema\\\/person\\\/ac5889082625d5c95b51fac19f3d9b86\",\"name\":\"pascal\"}]}<\/script>\n<!-- \/ Yoast SEO plugin. -->","yoast_head_json":{"title":"Emploi et Alternance : en Creuse, de fortes incitations financi\u00e8res \u00e0 l'embauche - Aliso Initiatives","robots":{"index":"index","follow":"follow","max-snippet":"max-snippet:-1","max-image-preview":"max-image-preview:large","max-video-preview":"max-video-preview:-1"},"canonical":"https:\/\/aliso.fr\/initiatives\/creuse-les-soutiens-de-letat-a-lemploi-pour-les-associations\/","og_locale":"fr_FR","og_type":"article","og_title":"Emploi et Alternance : en Creuse, de fortes incitations financi\u00e8res \u00e0 l'embauche - Aliso Initiatives","og_description":"Pour les associations et structures ESS creusoises (Zone de revitalisation rurale), les contrats PEC (CUI-CAE) sont pris en charge \u00e0 80% du Smic brut, pour une dur\u00e9e de travail hebdomadaire de 20h minimum jusqu&rsquo;au temps plein (la prise en charge \u00e0 80% \u00e9tant plafonn\u00e9e \u00e0 30h). Si l&rsquo;on tient compte des exon\u00e9rations de cotisations sociales,... En savoir plus &raquo;","og_url":"https:\/\/aliso.fr\/initiatives\/creuse-les-soutiens-de-letat-a-lemploi-pour-les-associations\/","og_site_name":"Aliso Initiatives","article_published_time":"2021-10-17T07:43:35+00:00","article_modified_time":"2022-02-11T10:11:59+00:00","og_image":[{"url":"https:\/\/aliso.fr\/initiatives\/wp-content\/uploads\/sites\/2\/\/2022\/02\/reunion-taf.jpeg","width":1,"height":1,"type":"image\/jpeg"}],"author":"pascal","twitter_card":"summary_large_image","schema":{"@context":"https:\/\/schema.org","@graph":[{"@type":"Article","@id":"https:\/\/aliso.fr\/initiatives\/creuse-les-soutiens-de-letat-a-lemploi-pour-les-associations\/#article","isPartOf":{"@id":"https:\/\/aliso.fr\/initiatives\/creuse-les-soutiens-de-letat-a-lemploi-pour-les-associations\/"},"author":{"name":"pascal","@id":"https:\/\/aliso.fr\/initiatives\/#\/schema\/person\/ac5889082625d5c95b51fac19f3d9b86"},"headline":"Emploi et Alternance : en Creuse, de fortes incitations financi\u00e8res \u00e0 l&#8217;embauche","datePublished":"2021-10-17T07:43:35+00:00","dateModified":"2022-02-11T10:11:59+00:00","mainEntityOfPage":{"@id":"https:\/\/aliso.fr\/initiatives\/creuse-les-soutiens-de-letat-a-lemploi-pour-les-associations\/"},"wordCount":406,"publisher":{"@id":"https:\/\/aliso.fr\/initiatives\/#organization"},"image":{"@id":"https:\/\/aliso.fr\/initiatives\/creuse-les-soutiens-de-letat-a-lemploi-pour-les-associations\/#primaryimage"},"thumbnailUrl":"https:\/\/aliso.fr\/initiatives\/wp-content\/uploads\/sites\/2\/\/2022\/02\/reunion-taf.jpeg","articleSection":["Actualit\u00e9s","Soutiens \u00e0 l'emploi"],"inLanguage":"fr-FR"},{"@type":"WebPage","@id":"https:\/\/aliso.fr\/initiatives\/creuse-les-soutiens-de-letat-a-lemploi-pour-les-associations\/","url":"https:\/\/aliso.fr\/initiatives\/creuse-les-soutiens-de-letat-a-lemploi-pour-les-associations\/","name":"Emploi et Alternance : en Creuse, de fortes incitations financi\u00e8res \u00e0 l'embauche - Aliso Initiatives","isPartOf":{"@id":"https:\/\/aliso.fr\/initiatives\/#website"},"primaryImageOfPage":{"@id":"https:\/\/aliso.fr\/initiatives\/creuse-les-soutiens-de-letat-a-lemploi-pour-les-associations\/#primaryimage"},"image":{"@id":"https:\/\/aliso.fr\/initiatives\/creuse-les-soutiens-de-letat-a-lemploi-pour-les-associations\/#primaryimage"},"thumbnailUrl":"https:\/\/aliso.fr\/initiatives\/wp-content\/uploads\/sites\/2\/\/2022\/02\/reunion-taf.jpeg","datePublished":"2021-10-17T07:43:35+00:00","dateModified":"2022-02-11T10:11:59+00:00","breadcrumb":{"@id":"https:\/\/aliso.fr\/initiatives\/creuse-les-soutiens-de-letat-a-lemploi-pour-les-associations\/#breadcrumb"},"inLanguage":"fr-FR","potentialAction":[{"@type":"ReadAction","target":["https:\/\/aliso.fr\/initiatives\/creuse-les-soutiens-de-letat-a-lemploi-pour-les-associations\/"]}]},{"@type":"ImageObject","inLanguage":"fr-FR","@id":"https:\/\/aliso.fr\/initiatives\/creuse-les-soutiens-de-letat-a-lemploi-pour-les-associations\/#primaryimage","url":"https:\/\/aliso.fr\/initiatives\/wp-content\/uploads\/sites\/2\/\/2022\/02\/reunion-taf.jpeg","contentUrl":"https:\/\/aliso.fr\/initiatives\/wp-content\/uploads\/sites\/2\/\/2022\/02\/reunion-taf.jpeg"},{"@type":"BreadcrumbList","@id":"https:\/\/aliso.fr\/initiatives\/creuse-les-soutiens-de-letat-a-lemploi-pour-les-associations\/#breadcrumb","itemListElement":[{"@type":"ListItem","position":1,"name":"Accueil","item":"https:\/\/aliso.fr\/initiatives\/"},{"@type":"ListItem","position":2,"name":"Ressources et outils","item":"https:\/\/aliso.fr\/initiatives\/ressources-et-outils\/"},{"@type":"ListItem","position":3,"name":"Soutiens \u00e0 l'emploi","item":"https:\/\/aliso.fr\/initiatives\/ressources-et-outils\/soutiens-emploi\/"},{"@type":"ListItem","position":4,"name":"Emploi et Alternance : en Creuse, de fortes incitations financi\u00e8res \u00e0 l&#8217;embauche"}]},{"@type":"WebSite","@id":"https:\/\/aliso.fr\/initiatives\/#website","url":"https:\/\/aliso.fr\/initiatives\/","name":"Aliso Initiatives","description":"R\u00e9seau Creusois des acteurs du lien social","publisher":{"@id":"https:\/\/aliso.fr\/initiatives\/#organization"},"potentialAction":[{"@type":"SearchAction","target":{"@type":"EntryPoint","urlTemplate":"https:\/\/aliso.fr\/initiatives\/?s={search_term_string}"},"query-input":{"@type":"PropertyValueSpecification","valueRequired":true,"valueName":"search_term_string"}}],"inLanguage":"fr-FR"},{"@type":"Organization","@id":"https:\/\/aliso.fr\/initiatives\/#organization","name":"Aliso Initiatives","url":"https:\/\/aliso.fr\/initiatives\/","logo":{"@type":"ImageObject","inLanguage":"fr-FR","@id":"https:\/\/aliso.fr\/initiatives\/#\/schema\/logo\/image\/","url":"https:\/\/aliso.fr\/initiatives\/wp-content\/uploads\/sites\/2\/2022\/01\/Logo-ALISO-Initiatives-2.png","contentUrl":"https:\/\/aliso.fr\/initiatives\/wp-content\/uploads\/sites\/2\/2022\/01\/Logo-ALISO-Initiatives-2.png","width":900,"height":657,"caption":"Aliso Initiatives"},"image":{"@id":"https:\/\/aliso.fr\/initiatives\/#\/schema\/logo\/image\/"}},{"@type":"Person","@id":"https:\/\/aliso.fr\/initiatives\/#\/schema\/person\/ac5889082625d5c95b51fac19f3d9b86","name":"pascal"}]}},"_links":{"self":[{"href":"https:\/\/aliso.fr\/initiatives\/wp-json\/wp\/v2\/posts\/1506","targetHints":{"allow":["GET"]}}],"collection":[{"href":"https:\/\/aliso.fr\/initiatives\/wp-json\/wp\/v2\/posts"}],"about":[{"href":"https:\/\/aliso.fr\/initiatives\/wp-json\/wp\/v2\/types\/post"}],"author":[{"embeddable":true,"href":"https:\/\/aliso.fr\/initiatives\/wp-json\/wp\/v2\/users\/5"}],"replies":[{"embeddable":true,"href":"https:\/\/aliso.fr\/initiatives\/wp-json\/wp\/v2\/comments?post=1506"}],"version-history":[{"count":1,"href":"https:\/\/aliso.fr\/initiatives\/wp-json\/wp\/v2\/posts\/1506\/revisions"}],"predecessor-version":[{"id":1637,"href":"https:\/\/aliso.fr\/initiatives\/wp-json\/wp\/v2\/posts\/1506\/revisions\/1637"}],"wp:featuredmedia":[{"embeddable":true,"href":"https:\/\/aliso.fr\/initiatives\/wp-json\/wp\/v2\/media\/1593"}],"wp:attachment":[{"href":"https:\/\/aliso.fr\/initiatives\/wp-json\/wp\/v2\/media?parent=1506"}],"wp:term":[{"taxonomy":"category","embeddable":true,"href":"https:\/\/aliso.fr\/initiatives\/wp-json\/wp\/v2\/categories?post=1506"},{"taxonomy":"post_tag","embeddable":true,"href":"https:\/\/aliso.fr\/initiatives\/wp-json\/wp\/v2\/tags?post=1506"}],"curies":[{"name":"wp","href":"https:\/\/api.w.org\/{rel}","templated":true}]}}