{"id":1531,"date":"2021-10-16T15:44:46","date_gmt":"2021-10-16T14:44:46","guid":{"rendered":"http:\/\/bij23.fr\/dla23\/?p=1531"},"modified":"2022-04-20T14:07:27","modified_gmt":"2022-04-20T12:07:27","slug":"monter-une-scic-8-octobre-14h30","status":"publish","type":"post","link":"https:\/\/aliso.fr\/initiatives\/monter-une-scic-8-octobre-14h30\/","title":{"rendered":"Les SCIC, du nouveau dans la tradition coop\u00e9rative creusoise"},"content":{"rendered":"<p><em><strong>Une entreprise agissant pour le territoire, co-g\u00e9r\u00e9e par ses habitants, ses salari\u00e9s, les collectivit\u00e9s locales : r\u00eave ou r\u00e9alit\u00e9 ?<\/strong><\/em><\/p>\n<div id=\"attachment_1551\" style=\"width: 310px\" class=\"wp-caption alignright\"><a href=\"http:\/\/bij23.fr\/dla23\/wp-content\/uploads\/2021\/10\/Faux_cartographier_l_occupation_des_logements.jpg\"><img loading=\"lazy\" decoding=\"async\" aria-describedby=\"caption-attachment-1551\" class=\"size-medium wp-image-1551\" src=\"http:\/\/bij23.fr\/dla23\/wp-content\/uploads\/2021\/10\/Faux_cartographier_l_occupation_des_logements-300x300.jpg\" alt=\"Habitants et salari\u00e9s sur le d\u00e9veloppement de logements - SCIC L'Arban\" width=\"300\" height=\"300\"><\/a><p id=\"caption-attachment-1551\" class=\"wp-caption-text\">Habitants et salari\u00e9s sur le d\u00e9veloppement de logements &#8211; SCIC L&rsquo;Arban<\/p><\/div>\n<p>C&rsquo;est bien une r\u00e9alit\u00e9, gr\u00e2ce au statut de Soci\u00e9t\u00e9 Coop\u00e9rative d&rsquo;Int\u00e9r\u00eat Collectif, cr\u00e9\u00e9 il y a vingt ans au niveau national. C&rsquo;est une r\u00e9alit\u00e9 v\u00e9cue en Creuse (4 SCIC ont \u00e9t\u00e9 cr\u00e9\u00e9es depuis l&rsquo;existence de ce statut d&rsquo;entreprise), et envisag\u00e9e par d&rsquo;autres acteurs, tiers lieux, collectivit\u00e9s, entrepreneurs, associations culturelles et de l&rsquo;environnement.<\/p>\n<p><strong>C&rsquo;est pour faire un point sur l&rsquo;exp\u00e9rience de ces coop\u00e9ratives qu&rsquo;une trentaine de personnes se sont r\u00e9unies \u00e0 Jarnages, Vendredi 8 octobre<\/strong> dernier. Cette session, propos\u00e9e par le DLA Creuse, le D\u00e9capsuleur et l&rsquo;<span style=\"text-decoration: underline\"><span style=\"color: #ff6600\"><a href=\"http:\/\/limousin.les-scop-nouvelle-aquitaine.coop\/\"><span style=\"color: #ff6600;text-decoration: underline\">URSCOP Nouvelle Aquitaine<\/span><\/a><\/span><\/span>,&nbsp; a permis \u00e0 plusieurs porteurs de projets, \u00e9lus, institutions de d\u00e9cortiquer l&rsquo;exp\u00e9rience de deux SCIC existantes sur le territoire et qui ont accept\u00e9 de t\u00e9moigner : la <span style=\"text-decoration: underline\"><span style=\"color: #ff6600\"><strong><a href=\"https:\/\/arban.fr\/\"><span style=\"color: #ff6600;text-decoration: underline\">SCIC l&rsquo;Arban<\/span><\/a><\/strong><\/span><\/span>, agence d&rsquo;urbanisme rural et coop\u00e9rative immobili\u00e8re, et la <span style=\"text-decoration: underline\"><span style=\"color: #ff6600\"><strong><a href=\"https:\/\/lamaisondacote23.fr\/actualites\/\"><span style=\"color: #ff6600;text-decoration: underline\">SCIC la Maison d&rsquo;\u00e0 C\u00f4t\u00e9<\/span><\/a><\/strong><\/span><\/span>, qui porte un projet de tiers lieu de soin et de lien social \u00e0 La Souterraine.<\/p>\n<p>&nbsp;<\/p>\n<p><strong>Monter une SCIC : Pourquoi et comment ?<\/strong> Les t\u00e9moignages de Stephane Grasser (SCIC L&rsquo;arban) et de Christelle Orange (SCIC La maison d&rsquo;\u00e0 c\u00f4t\u00e9) on permis d&rsquo;aborder les questions du pourquoi et du comment \u00e0 partir de v\u00e9cus pr\u00e9cis :<br \/>\n&#8211; voir notamment <span style=\"text-decoration: underline\"><span style=\"color: #ff6600\"><a href=\"http:\/\/bij23.fr\/dla23\/wp-content\/uploads\/2021\/10\/revue8_coop_des_tiers_lieux.pdf\"><span style=\"color: #ff6600;text-decoration: underline\">l&rsquo;article de l&rsquo;Arban<\/span><\/a><\/span><\/span> dans le dernier num\u00e9ro de la Revue des Tiers Lieux ;<br \/>\n&#8211; voir aussi la <span style=\"text-decoration: underline\"><span style=\"color: #ff6600\"><a href=\"http:\/\/bij23.fr\/dla23\/wp-content\/uploads\/2021\/10\/chronologie_lamaisondacote_oct_21.png\"><span style=\"color: #ff6600;text-decoration: underline\">pr\u00e9sentation du parcours<\/span><\/a><\/span><\/span> de La Maison d&rsquo;\u00e0 C\u00f4t\u00e9<\/p>\n<p><strong>Quelles<\/strong><strong> particularit\u00e9s du statut SCIC ?<\/strong><\/p>\n<div id=\"attachment_1552\" style=\"width: 234px\" class=\"wp-caption alignright\"><a href=\"http:\/\/bij23.fr\/dla23\/wp-content\/uploads\/2021\/09\/IMG_20211008_140632.jpg\"><img loading=\"lazy\" decoding=\"async\" aria-describedby=\"caption-attachment-1552\" class=\"size-medium wp-image-1552\" src=\"http:\/\/bij23.fr\/dla23\/wp-content\/uploads\/2021\/09\/IMG_20211008_140632-224x300.jpg\" alt=\"Multisoci\u00e9tariat au sein de la SCIC La Maison d'\u00e0 C\u00f4t\u00e9\" width=\"224\" height=\"300\"><\/a><p id=\"caption-attachment-1552\" class=\"wp-caption-text\">Multisoci\u00e9tariat au sein de la SCIC La Maison d&rsquo;\u00e0 C\u00f4t\u00e9<\/p><\/div>\n<p><strong>Voir<span style=\"text-decoration: underline\"><span style=\"color: #ff6600;text-decoration: underline\"> <a href=\"http:\/\/bij23.fr\/dla23\/wp-content\/uploads\/2021\/10\/Guide-Creation-entreprise-en-SCIC.pdf\"><span style=\"color: #ff6600;text-decoration: underline\">ici le Guide <em>Cr\u00e9er une Scic<\/em><\/span><\/a> <\/span><\/span>.<br \/>\n<\/strong>Un statut complexe mais souple et qui sait s&rsquo;adapter, selon l&rsquo;<span style=\"text-decoration: underline\"><span style=\"color: #ff6600\"><a href=\"http:\/\/limousin.les-scop-nouvelle-aquitaine.coop\/\"><span style=\"color: #ff6600;text-decoration: underline\">Union R\u00e9gionale des SCOP<\/span><\/a><\/span><\/span>, qui a pr\u00e9sent\u00e9 ses principales originalit\u00e9s. Celles-ci r\u00e9sident dans le multi-soci\u00e9tariat, puisque \u00e0 l&rsquo;instar des SCOP, les salari\u00e9s ont de facto une voix au sein de la gouvernance de la soci\u00e9t\u00e9, mais s&rsquo;ajoutent \u00e0 cela la repr\u00e9sentation n\u00e9cessaire des usagers et d&rsquo;une troisi\u00e8me cat\u00e9gorie de partie prenante, qu&rsquo;elle soit (au choix) une collectivit\u00e9, une association, des entrepreneurs, des financeurs.<\/p>\n<p>&nbsp;<\/p>\n<p>&nbsp;<\/p>\n<p>&nbsp;<\/p>\n<p><a href=\"http:\/\/bij23.fr\/dla23\/wp-content\/uploads\/2021\/09\/Session-SCIC-8-OCT.jpg\"><img loading=\"lazy\" decoding=\"async\" class=\"alignright wp-image-1533 size-full\" src=\"http:\/\/bij23.fr\/dla23\/wp-content\/uploads\/2021\/09\/Session-SCIC-8-OCT.jpg\" alt=\"Session SCIC 8 OCT\" width=\"726\" height=\"1016\"><\/a><\/p>\n","protected":false},"excerpt":{"rendered":"<p>Une entreprise agissant pour le territoire, co-g\u00e9r\u00e9e par ses habitants, ses salari\u00e9s, les collectivit\u00e9s locales : r\u00eave ou r\u00e9alit\u00e9 ? C&rsquo;est bien une r\u00e9alit\u00e9, gr\u00e2ce au statut de Soci\u00e9t\u00e9 Coop\u00e9rative d&rsquo;Int\u00e9r\u00eat Collectif, cr\u00e9\u00e9 il y a vingt ans au niveau national. C&rsquo;est une r\u00e9alit\u00e9 v\u00e9cue en Creuse (4 SCIC ont \u00e9t\u00e9 cr\u00e9\u00e9es depuis l&rsquo;existence de&#8230; <a class=\"excerpt-read-more button\" href=\"https:\/\/aliso.fr\/initiatives\/monter-une-scic-8-octobre-14h30\/\" title=\"ReadLes SCIC, du nouveau dans la tradition coop\u00e9rative creusoise\">En savoir plus &raquo;<\/a><\/p>\n","protected":false},"author":5,"featured_media":1534,"comment_status":"closed","ping_status":"open","sticky":false,"template":"","format":"standard","meta":{"footnotes":""},"categories":[11,24,19],"tags":[],"class_list":["post-1531","post","type-post","status-publish","format-standard","has-post-thumbnail","hentry","category-actus","category-ess-creuse","category-se-former-sinformer"],"yoast_head":"<!-- This site is optimized with the Yoast SEO plugin v27.4 - https:\/\/yoast.com\/product\/yoast-seo-wordpress\/ -->\n<title>Les SCIC, du nouveau dans la tradition coop\u00e9rative creusoise - Aliso Initiatives<\/title>\n<meta name=\"description\" content=\"Du nouveau dans la dynamique coop\u00e9rative creusoise avec l&#039;exemple des SCIC...ALISO. Dispositif d&#039;Accompagnement Local, Octobre 2021\" \/>\n<meta name=\"robots\" content=\"index, follow, max-snippet:-1, max-image-preview:large, max-video-preview:-1\" \/>\n<link rel=\"canonical\" href=\"https:\/\/aliso.fr\/initiatives\/monter-une-scic-8-octobre-14h30\/\" \/>\n<meta property=\"og:locale\" content=\"fr_FR\" \/>\n<meta property=\"og:type\" content=\"article\" \/>\n<meta property=\"og:title\" content=\"Les SCIC, du nouveau dans la tradition coop\u00e9rative creusoise - Aliso Initiatives\" \/>\n<meta property=\"og:description\" content=\"Du nouveau dans la dynamique coop\u00e9rative creusoise avec l&#039;exemple des SCIC...ALISO. Dispositif d&#039;Accompagnement Local, Octobre 2021\" \/>\n<meta property=\"og:url\" content=\"https:\/\/aliso.fr\/initiatives\/monter-une-scic-8-octobre-14h30\/\" \/>\n<meta property=\"og:site_name\" content=\"Aliso Initiatives\" \/>\n<meta property=\"article:published_time\" content=\"2021-10-16T14:44:46+00:00\" \/>\n<meta property=\"article:modified_time\" content=\"2022-04-20T12:07:27+00:00\" \/>\n<meta name=\"author\" content=\"pascal\" \/>\n<meta name=\"twitter:card\" content=\"summary_large_image\" \/>\n<script type=\"application\/ld+json\" class=\"yoast-schema-graph\">{\"@context\":\"https:\\\/\\\/schema.org\",\"@graph\":[{\"@type\":\"Article\",\"@id\":\"https:\\\/\\\/aliso.fr\\\/initiatives\\\/monter-une-scic-8-octobre-14h30\\\/#article\",\"isPartOf\":{\"@id\":\"https:\\\/\\\/aliso.fr\\\/initiatives\\\/monter-une-scic-8-octobre-14h30\\\/\"},\"author\":{\"name\":\"pascal\",\"@id\":\"https:\\\/\\\/aliso.fr\\\/initiatives\\\/#\\\/schema\\\/person\\\/ac5889082625d5c95b51fac19f3d9b86\"},\"headline\":\"Les SCIC, du nouveau dans la tradition coop\u00e9rative creusoise\",\"datePublished\":\"2021-10-16T14:44:46+00:00\",\"dateModified\":\"2022-04-20T12:07:27+00:00\",\"mainEntityOfPage\":{\"@id\":\"https:\\\/\\\/aliso.fr\\\/initiatives\\\/monter-une-scic-8-octobre-14h30\\\/\"},\"wordCount\":432,\"publisher\":{\"@id\":\"https:\\\/\\\/aliso.fr\\\/initiatives\\\/#organization\"},\"image\":{\"@id\":\"https:\\\/\\\/aliso.fr\\\/initiatives\\\/monter-une-scic-8-octobre-14h30\\\/#primaryimage\"},\"thumbnailUrl\":\"\",\"articleSection\":[\"Actualit\u00e9s\",\"L'ESS en Creuse\",\"Se former, s\u2019informer\"],\"inLanguage\":\"fr-FR\"},{\"@type\":\"WebPage\",\"@id\":\"https:\\\/\\\/aliso.fr\\\/initiatives\\\/monter-une-scic-8-octobre-14h30\\\/\",\"url\":\"https:\\\/\\\/aliso.fr\\\/initiatives\\\/monter-une-scic-8-octobre-14h30\\\/\",\"name\":\"Les SCIC, du nouveau dans la tradition coop\u00e9rative creusoise - Aliso Initiatives\",\"isPartOf\":{\"@id\":\"https:\\\/\\\/aliso.fr\\\/initiatives\\\/#website\"},\"primaryImageOfPage\":{\"@id\":\"https:\\\/\\\/aliso.fr\\\/initiatives\\\/monter-une-scic-8-octobre-14h30\\\/#primaryimage\"},\"image\":{\"@id\":\"https:\\\/\\\/aliso.fr\\\/initiatives\\\/monter-une-scic-8-octobre-14h30\\\/#primaryimage\"},\"thumbnailUrl\":\"\",\"datePublished\":\"2021-10-16T14:44:46+00:00\",\"dateModified\":\"2022-04-20T12:07:27+00:00\",\"description\":\"Du nouveau dans la dynamique coop\u00e9rative creusoise avec l'exemple des SCIC...ALISO. Dispositif d'Accompagnement Local, Octobre 2021\",\"breadcrumb\":{\"@id\":\"https:\\\/\\\/aliso.fr\\\/initiatives\\\/monter-une-scic-8-octobre-14h30\\\/#breadcrumb\"},\"inLanguage\":\"fr-FR\",\"potentialAction\":[{\"@type\":\"ReadAction\",\"target\":[\"https:\\\/\\\/aliso.fr\\\/initiatives\\\/monter-une-scic-8-octobre-14h30\\\/\"]}]},{\"@type\":\"ImageObject\",\"inLanguage\":\"fr-FR\",\"@id\":\"https:\\\/\\\/aliso.fr\\\/initiatives\\\/monter-une-scic-8-octobre-14h30\\\/#primaryimage\",\"url\":\"\",\"contentUrl\":\"\"},{\"@type\":\"BreadcrumbList\",\"@id\":\"https:\\\/\\\/aliso.fr\\\/initiatives\\\/monter-une-scic-8-octobre-14h30\\\/#breadcrumb\",\"itemListElement\":[{\"@type\":\"ListItem\",\"position\":1,\"name\":\"Accueil\",\"item\":\"https:\\\/\\\/aliso.fr\\\/initiatives\\\/\"},{\"@type\":\"ListItem\",\"position\":2,\"name\":\"Actualit\u00e9s\",\"item\":\"https:\\\/\\\/aliso.fr\\\/initiatives\\\/actus\\\/\"},{\"@type\":\"ListItem\",\"position\":3,\"name\":\"Les SCIC, du nouveau dans la tradition coop\u00e9rative creusoise\"}]},{\"@type\":\"WebSite\",\"@id\":\"https:\\\/\\\/aliso.fr\\\/initiatives\\\/#website\",\"url\":\"https:\\\/\\\/aliso.fr\\\/initiatives\\\/\",\"name\":\"Aliso Initiatives\",\"description\":\"R\u00e9seau Creusois des acteurs du lien social\",\"publisher\":{\"@id\":\"https:\\\/\\\/aliso.fr\\\/initiatives\\\/#organization\"},\"potentialAction\":[{\"@type\":\"SearchAction\",\"target\":{\"@type\":\"EntryPoint\",\"urlTemplate\":\"https:\\\/\\\/aliso.fr\\\/initiatives\\\/?s={search_term_string}\"},\"query-input\":{\"@type\":\"PropertyValueSpecification\",\"valueRequired\":true,\"valueName\":\"search_term_string\"}}],\"inLanguage\":\"fr-FR\"},{\"@type\":\"Organization\",\"@id\":\"https:\\\/\\\/aliso.fr\\\/initiatives\\\/#organization\",\"name\":\"Aliso Initiatives\",\"url\":\"https:\\\/\\\/aliso.fr\\\/initiatives\\\/\",\"logo\":{\"@type\":\"ImageObject\",\"inLanguage\":\"fr-FR\",\"@id\":\"https:\\\/\\\/aliso.fr\\\/initiatives\\\/#\\\/schema\\\/logo\\\/image\\\/\",\"url\":\"https:\\\/\\\/aliso.fr\\\/initiatives\\\/wp-content\\\/uploads\\\/sites\\\/2\\\/2022\\\/01\\\/Logo-ALISO-Initiatives-2.png\",\"contentUrl\":\"https:\\\/\\\/aliso.fr\\\/initiatives\\\/wp-content\\\/uploads\\\/sites\\\/2\\\/2022\\\/01\\\/Logo-ALISO-Initiatives-2.png\",\"width\":900,\"height\":657,\"caption\":\"Aliso Initiatives\"},\"image\":{\"@id\":\"https:\\\/\\\/aliso.fr\\\/initiatives\\\/#\\\/schema\\\/logo\\\/image\\\/\"}},{\"@type\":\"Person\",\"@id\":\"https:\\\/\\\/aliso.fr\\\/initiatives\\\/#\\\/schema\\\/person\\\/ac5889082625d5c95b51fac19f3d9b86\",\"name\":\"pascal\"}]}<\/script>\n<!-- \/ Yoast SEO plugin. -->","yoast_head_json":{"title":"Les SCIC, du nouveau dans la tradition coop\u00e9rative creusoise - Aliso Initiatives","description":"Du nouveau dans la dynamique coop\u00e9rative creusoise avec l'exemple des SCIC...ALISO. Dispositif d'Accompagnement Local, Octobre 2021","robots":{"index":"index","follow":"follow","max-snippet":"max-snippet:-1","max-image-preview":"max-image-preview:large","max-video-preview":"max-video-preview:-1"},"canonical":"https:\/\/aliso.fr\/initiatives\/monter-une-scic-8-octobre-14h30\/","og_locale":"fr_FR","og_type":"article","og_title":"Les SCIC, du nouveau dans la tradition coop\u00e9rative creusoise - Aliso Initiatives","og_description":"Du nouveau dans la dynamique coop\u00e9rative creusoise avec l'exemple des SCIC...ALISO. Dispositif d'Accompagnement Local, Octobre 2021","og_url":"https:\/\/aliso.fr\/initiatives\/monter-une-scic-8-octobre-14h30\/","og_site_name":"Aliso Initiatives","article_published_time":"2021-10-16T14:44:46+00:00","article_modified_time":"2022-04-20T12:07:27+00:00","author":"pascal","twitter_card":"summary_large_image","schema":{"@context":"https:\/\/schema.org","@graph":[{"@type":"Article","@id":"https:\/\/aliso.fr\/initiatives\/monter-une-scic-8-octobre-14h30\/#article","isPartOf":{"@id":"https:\/\/aliso.fr\/initiatives\/monter-une-scic-8-octobre-14h30\/"},"author":{"name":"pascal","@id":"https:\/\/aliso.fr\/initiatives\/#\/schema\/person\/ac5889082625d5c95b51fac19f3d9b86"},"headline":"Les SCIC, du nouveau dans la tradition coop\u00e9rative creusoise","datePublished":"2021-10-16T14:44:46+00:00","dateModified":"2022-04-20T12:07:27+00:00","mainEntityOfPage":{"@id":"https:\/\/aliso.fr\/initiatives\/monter-une-scic-8-octobre-14h30\/"},"wordCount":432,"publisher":{"@id":"https:\/\/aliso.fr\/initiatives\/#organization"},"image":{"@id":"https:\/\/aliso.fr\/initiatives\/monter-une-scic-8-octobre-14h30\/#primaryimage"},"thumbnailUrl":"","articleSection":["Actualit\u00e9s","L'ESS en Creuse","Se former, s\u2019informer"],"inLanguage":"fr-FR"},{"@type":"WebPage","@id":"https:\/\/aliso.fr\/initiatives\/monter-une-scic-8-octobre-14h30\/","url":"https:\/\/aliso.fr\/initiatives\/monter-une-scic-8-octobre-14h30\/","name":"Les SCIC, du nouveau dans la tradition coop\u00e9rative creusoise - Aliso Initiatives","isPartOf":{"@id":"https:\/\/aliso.fr\/initiatives\/#website"},"primaryImageOfPage":{"@id":"https:\/\/aliso.fr\/initiatives\/monter-une-scic-8-octobre-14h30\/#primaryimage"},"image":{"@id":"https:\/\/aliso.fr\/initiatives\/monter-une-scic-8-octobre-14h30\/#primaryimage"},"thumbnailUrl":"","datePublished":"2021-10-16T14:44:46+00:00","dateModified":"2022-04-20T12:07:27+00:00","description":"Du nouveau dans la dynamique coop\u00e9rative creusoise avec l'exemple des SCIC...ALISO. Dispositif d'Accompagnement Local, Octobre 2021","breadcrumb":{"@id":"https:\/\/aliso.fr\/initiatives\/monter-une-scic-8-octobre-14h30\/#breadcrumb"},"inLanguage":"fr-FR","potentialAction":[{"@type":"ReadAction","target":["https:\/\/aliso.fr\/initiatives\/monter-une-scic-8-octobre-14h30\/"]}]},{"@type":"ImageObject","inLanguage":"fr-FR","@id":"https:\/\/aliso.fr\/initiatives\/monter-une-scic-8-octobre-14h30\/#primaryimage","url":"","contentUrl":""},{"@type":"BreadcrumbList","@id":"https:\/\/aliso.fr\/initiatives\/monter-une-scic-8-octobre-14h30\/#breadcrumb","itemListElement":[{"@type":"ListItem","position":1,"name":"Accueil","item":"https:\/\/aliso.fr\/initiatives\/"},{"@type":"ListItem","position":2,"name":"Actualit\u00e9s","item":"https:\/\/aliso.fr\/initiatives\/actus\/"},{"@type":"ListItem","position":3,"name":"Les SCIC, du nouveau dans la tradition coop\u00e9rative creusoise"}]},{"@type":"WebSite","@id":"https:\/\/aliso.fr\/initiatives\/#website","url":"https:\/\/aliso.fr\/initiatives\/","name":"Aliso Initiatives","description":"R\u00e9seau Creusois des acteurs du lien social","publisher":{"@id":"https:\/\/aliso.fr\/initiatives\/#organization"},"potentialAction":[{"@type":"SearchAction","target":{"@type":"EntryPoint","urlTemplate":"https:\/\/aliso.fr\/initiatives\/?s={search_term_string}"},"query-input":{"@type":"PropertyValueSpecification","valueRequired":true,"valueName":"search_term_string"}}],"inLanguage":"fr-FR"},{"@type":"Organization","@id":"https:\/\/aliso.fr\/initiatives\/#organization","name":"Aliso Initiatives","url":"https:\/\/aliso.fr\/initiatives\/","logo":{"@type":"ImageObject","inLanguage":"fr-FR","@id":"https:\/\/aliso.fr\/initiatives\/#\/schema\/logo\/image\/","url":"https:\/\/aliso.fr\/initiatives\/wp-content\/uploads\/sites\/2\/2022\/01\/Logo-ALISO-Initiatives-2.png","contentUrl":"https:\/\/aliso.fr\/initiatives\/wp-content\/uploads\/sites\/2\/2022\/01\/Logo-ALISO-Initiatives-2.png","width":900,"height":657,"caption":"Aliso Initiatives"},"image":{"@id":"https:\/\/aliso.fr\/initiatives\/#\/schema\/logo\/image\/"}},{"@type":"Person","@id":"https:\/\/aliso.fr\/initiatives\/#\/schema\/person\/ac5889082625d5c95b51fac19f3d9b86","name":"pascal"}]}},"_links":{"self":[{"href":"https:\/\/aliso.fr\/initiatives\/wp-json\/wp\/v2\/posts\/1531","targetHints":{"allow":["GET"]}}],"collection":[{"href":"https:\/\/aliso.fr\/initiatives\/wp-json\/wp\/v2\/posts"}],"about":[{"href":"https:\/\/aliso.fr\/initiatives\/wp-json\/wp\/v2\/types\/post"}],"author":[{"embeddable":true,"href":"https:\/\/aliso.fr\/initiatives\/wp-json\/wp\/v2\/users\/5"}],"replies":[{"embeddable":true,"href":"https:\/\/aliso.fr\/initiatives\/wp-json\/wp\/v2\/comments?post=1531"}],"version-history":[{"count":1,"href":"https:\/\/aliso.fr\/initiatives\/wp-json\/wp\/v2\/posts\/1531\/revisions"}],"predecessor-version":[{"id":1931,"href":"https:\/\/aliso.fr\/initiatives\/wp-json\/wp\/v2\/posts\/1531\/revisions\/1931"}],"wp:featuredmedia":[{"embeddable":true,"href":"https:\/\/aliso.fr\/initiatives\/wp-json\/"}],"wp:attachment":[{"href":"https:\/\/aliso.fr\/initiatives\/wp-json\/wp\/v2\/media?parent=1531"}],"wp:term":[{"taxonomy":"category","embeddable":true,"href":"https:\/\/aliso.fr\/initiatives\/wp-json\/wp\/v2\/categories?post=1531"},{"taxonomy":"post_tag","embeddable":true,"href":"https:\/\/aliso.fr\/initiatives\/wp-json\/wp\/v2\/tags?post=1531"}],"curies":[{"name":"wp","href":"https:\/\/api.w.org\/{rel}","templated":true}]}}