{"id":1608,"date":"2022-02-03T17:48:47","date_gmt":"2022-02-03T16:48:47","guid":{"rendered":"https:\/\/aliso.fr\/initiatives\/?p=1608"},"modified":"2022-03-02T16:58:37","modified_gmt":"2022-03-02T15:58:37","slug":"test-actu-1","status":"publish","type":"post","link":"https:\/\/aliso.fr\/initiatives\/test-actu-1\/","title":{"rendered":"Financement : l&rsquo;Etat soutien la vie associative"},"content":{"rendered":"\n<p>L&rsquo;Etat contribue au d\u00e9veloppement de la vie associative par un soutien financier, \u00e0 travers le Fonds \u00ab\u00a0FDVA-2\u00a0\u00bb, soutien financier au fonctionnement ou aux projets innovants port\u00e9s par les associations du territoire. Les dossiers de demande doivent \u00eatre d\u00e9pos\u00e9s avant le 8 mars 2022.<\/p>\n\n\n\n<blockquote class=\"wp-block-quote is-style-large is-layout-flow wp-block-quote-is-layout-flow\"><p>Modalit\u00e9, crit\u00e8res, contacts sont pr\u00e9sent\u00e9s sur la <a href=\"http:\/\/bij23.fr\/dla23\/wp-content\/uploads\/2022\/02\/FDVA-2-Projet-Note-dorientation-Creuse-2022.pdf\" target=\"_blank\" rel=\"noreferrer noopener\">note d&rsquo;orientation FDVA2 pour 2022 en Creuse.<\/a><\/p><\/blockquote>\n\n\n\n<p><\/p>\n","protected":false},"excerpt":{"rendered":"<p>L&rsquo;Etat contribue au d\u00e9veloppement de la vie associative par un soutien financier, \u00e0 travers le Fonds \u00ab\u00a0FDVA-2\u00a0\u00bb, soutien financier au fonctionnement ou aux projets innovants port\u00e9s par les associations du territoire. Les dossiers de demande doivent \u00eatre d\u00e9pos\u00e9s avant le 8 mars 2022. Modalit\u00e9, crit\u00e8res, contacts sont pr\u00e9sent\u00e9s sur la note d&rsquo;orientation FDVA2 pour 2022&#8230; <a class=\"excerpt-read-more button\" href=\"https:\/\/aliso.fr\/initiatives\/test-actu-1\/\" title=\"ReadFinancement : l&rsquo;Etat soutien la vie associative\">En savoir plus &raquo;<\/a><\/p>\n","protected":false},"author":1,"featured_media":1659,"comment_status":"closed","ping_status":"open","sticky":false,"template":"","format":"standard","meta":{"footnotes":""},"categories":[11,73],"tags":[],"class_list":["post-1608","post","type-post","status-publish","format-standard","has-post-thumbnail","hentry","category-actus","category-offres-emploi-appels-a-projets"],"yoast_head":"<!-- This site is optimized with the Yoast SEO plugin v27.5 - https:\/\/yoast.com\/product\/yoast-seo-wordpress\/ -->\n<title>Financement : l&#039;Etat soutien la vie associative - Aliso Initiatives<\/title>\n<meta name=\"robots\" content=\"index, follow, max-snippet:-1, max-image-preview:large, max-video-preview:-1\" \/>\n<link rel=\"canonical\" href=\"https:\/\/aliso.fr\/initiatives\/test-actu-1\/\" \/>\n<meta property=\"og:locale\" content=\"fr_FR\" \/>\n<meta property=\"og:type\" content=\"article\" \/>\n<meta property=\"og:title\" content=\"Financement : l&#039;Etat soutien la vie associative - Aliso Initiatives\" \/>\n<meta property=\"og:description\" content=\"L&rsquo;Etat contribue au d\u00e9veloppement de la vie associative par un soutien financier, \u00e0 travers le Fonds \u00ab\u00a0FDVA-2\u00a0\u00bb, soutien financier au fonctionnement ou aux projets innovants port\u00e9s par les associations du territoire. Les dossiers de demande doivent \u00eatre d\u00e9pos\u00e9s avant le 8 mars 2022. Modalit\u00e9, crit\u00e8res, contacts sont pr\u00e9sent\u00e9s sur la note d&rsquo;orientation FDVA2 pour 2022... En savoir plus &raquo;\" \/>\n<meta property=\"og:url\" content=\"https:\/\/aliso.fr\/initiatives\/test-actu-1\/\" \/>\n<meta property=\"og:site_name\" content=\"Aliso Initiatives\" \/>\n<meta property=\"article:published_time\" content=\"2022-02-03T16:48:47+00:00\" \/>\n<meta property=\"article:modified_time\" content=\"2022-03-02T15:58:37+00:00\" \/>\n<meta property=\"og:image\" content=\"https:\/\/aliso.fr\/initiatives\/wp-content\/uploads\/sites\/2\/2022\/02\/fusee.jpg\" \/>\n\t<meta property=\"og:image:width\" content=\"692\" \/>\n\t<meta property=\"og:image:height\" content=\"620\" \/>\n\t<meta property=\"og:image:type\" content=\"image\/jpeg\" \/>\n<meta name=\"author\" content=\"Pierrick\" \/>\n<meta name=\"twitter:card\" content=\"summary_large_image\" \/>\n<script type=\"application\/ld+json\" class=\"yoast-schema-graph\">{\"@context\":\"https:\\\/\\\/schema.org\",\"@graph\":[{\"@type\":\"Article\",\"@id\":\"https:\\\/\\\/aliso.fr\\\/initiatives\\\/test-actu-1\\\/#article\",\"isPartOf\":{\"@id\":\"https:\\\/\\\/aliso.fr\\\/initiatives\\\/test-actu-1\\\/\"},\"author\":{\"name\":\"Pierrick\",\"@id\":\"https:\\\/\\\/aliso.fr\\\/initiatives\\\/#\\\/schema\\\/person\\\/de9ccfa9ea865c85f14d92395a86946d\"},\"headline\":\"Financement : l&rsquo;Etat soutien la vie associative\",\"datePublished\":\"2022-02-03T16:48:47+00:00\",\"dateModified\":\"2022-03-02T15:58:37+00:00\",\"mainEntityOfPage\":{\"@id\":\"https:\\\/\\\/aliso.fr\\\/initiatives\\\/test-actu-1\\\/\"},\"wordCount\":69,\"publisher\":{\"@id\":\"https:\\\/\\\/aliso.fr\\\/initiatives\\\/#organization\"},\"image\":{\"@id\":\"https:\\\/\\\/aliso.fr\\\/initiatives\\\/test-actu-1\\\/#primaryimage\"},\"thumbnailUrl\":\"https:\\\/\\\/aliso.fr\\\/initiatives\\\/wp-content\\\/uploads\\\/sites\\\/2\\\/2022\\\/02\\\/fusee.jpg\",\"articleSection\":[\"Actualit\u00e9s\",\"Appels \u00e0 projets\"],\"inLanguage\":\"fr-FR\"},{\"@type\":\"WebPage\",\"@id\":\"https:\\\/\\\/aliso.fr\\\/initiatives\\\/test-actu-1\\\/\",\"url\":\"https:\\\/\\\/aliso.fr\\\/initiatives\\\/test-actu-1\\\/\",\"name\":\"Financement : l'Etat soutien la vie associative - Aliso Initiatives\",\"isPartOf\":{\"@id\":\"https:\\\/\\\/aliso.fr\\\/initiatives\\\/#website\"},\"primaryImageOfPage\":{\"@id\":\"https:\\\/\\\/aliso.fr\\\/initiatives\\\/test-actu-1\\\/#primaryimage\"},\"image\":{\"@id\":\"https:\\\/\\\/aliso.fr\\\/initiatives\\\/test-actu-1\\\/#primaryimage\"},\"thumbnailUrl\":\"https:\\\/\\\/aliso.fr\\\/initiatives\\\/wp-content\\\/uploads\\\/sites\\\/2\\\/2022\\\/02\\\/fusee.jpg\",\"datePublished\":\"2022-02-03T16:48:47+00:00\",\"dateModified\":\"2022-03-02T15:58:37+00:00\",\"breadcrumb\":{\"@id\":\"https:\\\/\\\/aliso.fr\\\/initiatives\\\/test-actu-1\\\/#breadcrumb\"},\"inLanguage\":\"fr-FR\",\"potentialAction\":[{\"@type\":\"ReadAction\",\"target\":[\"https:\\\/\\\/aliso.fr\\\/initiatives\\\/test-actu-1\\\/\"]}]},{\"@type\":\"ImageObject\",\"inLanguage\":\"fr-FR\",\"@id\":\"https:\\\/\\\/aliso.fr\\\/initiatives\\\/test-actu-1\\\/#primaryimage\",\"url\":\"https:\\\/\\\/aliso.fr\\\/initiatives\\\/wp-content\\\/uploads\\\/sites\\\/2\\\/2022\\\/02\\\/fusee.jpg\",\"contentUrl\":\"https:\\\/\\\/aliso.fr\\\/initiatives\\\/wp-content\\\/uploads\\\/sites\\\/2\\\/2022\\\/02\\\/fusee.jpg\",\"width\":692,\"height\":620,\"caption\":\"Illustration of startup business\"},{\"@type\":\"BreadcrumbList\",\"@id\":\"https:\\\/\\\/aliso.fr\\\/initiatives\\\/test-actu-1\\\/#breadcrumb\",\"itemListElement\":[{\"@type\":\"ListItem\",\"position\":1,\"name\":\"Accueil\",\"item\":\"https:\\\/\\\/aliso.fr\\\/initiatives\\\/\"},{\"@type\":\"ListItem\",\"position\":2,\"name\":\"Actualit\u00e9s\",\"item\":\"https:\\\/\\\/aliso.fr\\\/initiatives\\\/actus\\\/\"},{\"@type\":\"ListItem\",\"position\":3,\"name\":\"Financement : l&rsquo;Etat soutien la vie associative\"}]},{\"@type\":\"WebSite\",\"@id\":\"https:\\\/\\\/aliso.fr\\\/initiatives\\\/#website\",\"url\":\"https:\\\/\\\/aliso.fr\\\/initiatives\\\/\",\"name\":\"Aliso Initiatives\",\"description\":\"R\u00e9seau Creusois des acteurs du lien social\",\"publisher\":{\"@id\":\"https:\\\/\\\/aliso.fr\\\/initiatives\\\/#organization\"},\"potentialAction\":[{\"@type\":\"SearchAction\",\"target\":{\"@type\":\"EntryPoint\",\"urlTemplate\":\"https:\\\/\\\/aliso.fr\\\/initiatives\\\/?s={search_term_string}\"},\"query-input\":{\"@type\":\"PropertyValueSpecification\",\"valueRequired\":true,\"valueName\":\"search_term_string\"}}],\"inLanguage\":\"fr-FR\"},{\"@type\":\"Organization\",\"@id\":\"https:\\\/\\\/aliso.fr\\\/initiatives\\\/#organization\",\"name\":\"Aliso Initiatives\",\"url\":\"https:\\\/\\\/aliso.fr\\\/initiatives\\\/\",\"logo\":{\"@type\":\"ImageObject\",\"inLanguage\":\"fr-FR\",\"@id\":\"https:\\\/\\\/aliso.fr\\\/initiatives\\\/#\\\/schema\\\/logo\\\/image\\\/\",\"url\":\"https:\\\/\\\/aliso.fr\\\/initiatives\\\/wp-content\\\/uploads\\\/sites\\\/2\\\/2022\\\/01\\\/Logo-ALISO-Initiatives-2.png\",\"contentUrl\":\"https:\\\/\\\/aliso.fr\\\/initiatives\\\/wp-content\\\/uploads\\\/sites\\\/2\\\/2022\\\/01\\\/Logo-ALISO-Initiatives-2.png\",\"width\":900,\"height\":657,\"caption\":\"Aliso Initiatives\"},\"image\":{\"@id\":\"https:\\\/\\\/aliso.fr\\\/initiatives\\\/#\\\/schema\\\/logo\\\/image\\\/\"}},{\"@type\":\"Person\",\"@id\":\"https:\\\/\\\/aliso.fr\\\/initiatives\\\/#\\\/schema\\\/person\\\/de9ccfa9ea865c85f14d92395a86946d\",\"name\":\"Pierrick\",\"sameAs\":[\"https:\\\/\\\/aliso.fr\"]}]}<\/script>\n<!-- \/ Yoast SEO plugin. -->","yoast_head_json":{"title":"Financement : l'Etat soutien la vie associative - Aliso Initiatives","robots":{"index":"index","follow":"follow","max-snippet":"max-snippet:-1","max-image-preview":"max-image-preview:large","max-video-preview":"max-video-preview:-1"},"canonical":"https:\/\/aliso.fr\/initiatives\/test-actu-1\/","og_locale":"fr_FR","og_type":"article","og_title":"Financement : l'Etat soutien la vie associative - Aliso Initiatives","og_description":"L&rsquo;Etat contribue au d\u00e9veloppement de la vie associative par un soutien financier, \u00e0 travers le Fonds \u00ab\u00a0FDVA-2\u00a0\u00bb, soutien financier au fonctionnement ou aux projets innovants port\u00e9s par les associations du territoire. Les dossiers de demande doivent \u00eatre d\u00e9pos\u00e9s avant le 8 mars 2022. Modalit\u00e9, crit\u00e8res, contacts sont pr\u00e9sent\u00e9s sur la note d&rsquo;orientation FDVA2 pour 2022... En savoir plus &raquo;","og_url":"https:\/\/aliso.fr\/initiatives\/test-actu-1\/","og_site_name":"Aliso Initiatives","article_published_time":"2022-02-03T16:48:47+00:00","article_modified_time":"2022-03-02T15:58:37+00:00","og_image":[{"width":692,"height":620,"url":"https:\/\/aliso.fr\/initiatives\/wp-content\/uploads\/sites\/2\/2022\/02\/fusee.jpg","type":"image\/jpeg"}],"author":"Pierrick","twitter_card":"summary_large_image","schema":{"@context":"https:\/\/schema.org","@graph":[{"@type":"Article","@id":"https:\/\/aliso.fr\/initiatives\/test-actu-1\/#article","isPartOf":{"@id":"https:\/\/aliso.fr\/initiatives\/test-actu-1\/"},"author":{"name":"Pierrick","@id":"https:\/\/aliso.fr\/initiatives\/#\/schema\/person\/de9ccfa9ea865c85f14d92395a86946d"},"headline":"Financement : l&rsquo;Etat soutien la vie associative","datePublished":"2022-02-03T16:48:47+00:00","dateModified":"2022-03-02T15:58:37+00:00","mainEntityOfPage":{"@id":"https:\/\/aliso.fr\/initiatives\/test-actu-1\/"},"wordCount":69,"publisher":{"@id":"https:\/\/aliso.fr\/initiatives\/#organization"},"image":{"@id":"https:\/\/aliso.fr\/initiatives\/test-actu-1\/#primaryimage"},"thumbnailUrl":"https:\/\/aliso.fr\/initiatives\/wp-content\/uploads\/sites\/2\/2022\/02\/fusee.jpg","articleSection":["Actualit\u00e9s","Appels \u00e0 projets"],"inLanguage":"fr-FR"},{"@type":"WebPage","@id":"https:\/\/aliso.fr\/initiatives\/test-actu-1\/","url":"https:\/\/aliso.fr\/initiatives\/test-actu-1\/","name":"Financement : l'Etat soutien la vie associative - Aliso Initiatives","isPartOf":{"@id":"https:\/\/aliso.fr\/initiatives\/#website"},"primaryImageOfPage":{"@id":"https:\/\/aliso.fr\/initiatives\/test-actu-1\/#primaryimage"},"image":{"@id":"https:\/\/aliso.fr\/initiatives\/test-actu-1\/#primaryimage"},"thumbnailUrl":"https:\/\/aliso.fr\/initiatives\/wp-content\/uploads\/sites\/2\/2022\/02\/fusee.jpg","datePublished":"2022-02-03T16:48:47+00:00","dateModified":"2022-03-02T15:58:37+00:00","breadcrumb":{"@id":"https:\/\/aliso.fr\/initiatives\/test-actu-1\/#breadcrumb"},"inLanguage":"fr-FR","potentialAction":[{"@type":"ReadAction","target":["https:\/\/aliso.fr\/initiatives\/test-actu-1\/"]}]},{"@type":"ImageObject","inLanguage":"fr-FR","@id":"https:\/\/aliso.fr\/initiatives\/test-actu-1\/#primaryimage","url":"https:\/\/aliso.fr\/initiatives\/wp-content\/uploads\/sites\/2\/2022\/02\/fusee.jpg","contentUrl":"https:\/\/aliso.fr\/initiatives\/wp-content\/uploads\/sites\/2\/2022\/02\/fusee.jpg","width":692,"height":620,"caption":"Illustration of startup business"},{"@type":"BreadcrumbList","@id":"https:\/\/aliso.fr\/initiatives\/test-actu-1\/#breadcrumb","itemListElement":[{"@type":"ListItem","position":1,"name":"Accueil","item":"https:\/\/aliso.fr\/initiatives\/"},{"@type":"ListItem","position":2,"name":"Actualit\u00e9s","item":"https:\/\/aliso.fr\/initiatives\/actus\/"},{"@type":"ListItem","position":3,"name":"Financement : l&rsquo;Etat soutien la vie associative"}]},{"@type":"WebSite","@id":"https:\/\/aliso.fr\/initiatives\/#website","url":"https:\/\/aliso.fr\/initiatives\/","name":"Aliso Initiatives","description":"R\u00e9seau Creusois des acteurs du lien social","publisher":{"@id":"https:\/\/aliso.fr\/initiatives\/#organization"},"potentialAction":[{"@type":"SearchAction","target":{"@type":"EntryPoint","urlTemplate":"https:\/\/aliso.fr\/initiatives\/?s={search_term_string}"},"query-input":{"@type":"PropertyValueSpecification","valueRequired":true,"valueName":"search_term_string"}}],"inLanguage":"fr-FR"},{"@type":"Organization","@id":"https:\/\/aliso.fr\/initiatives\/#organization","name":"Aliso Initiatives","url":"https:\/\/aliso.fr\/initiatives\/","logo":{"@type":"ImageObject","inLanguage":"fr-FR","@id":"https:\/\/aliso.fr\/initiatives\/#\/schema\/logo\/image\/","url":"https:\/\/aliso.fr\/initiatives\/wp-content\/uploads\/sites\/2\/2022\/01\/Logo-ALISO-Initiatives-2.png","contentUrl":"https:\/\/aliso.fr\/initiatives\/wp-content\/uploads\/sites\/2\/2022\/01\/Logo-ALISO-Initiatives-2.png","width":900,"height":657,"caption":"Aliso Initiatives"},"image":{"@id":"https:\/\/aliso.fr\/initiatives\/#\/schema\/logo\/image\/"}},{"@type":"Person","@id":"https:\/\/aliso.fr\/initiatives\/#\/schema\/person\/de9ccfa9ea865c85f14d92395a86946d","name":"Pierrick","sameAs":["https:\/\/aliso.fr"]}]}},"_links":{"self":[{"href":"https:\/\/aliso.fr\/initiatives\/wp-json\/wp\/v2\/posts\/1608","targetHints":{"allow":["GET"]}}],"collection":[{"href":"https:\/\/aliso.fr\/initiatives\/wp-json\/wp\/v2\/posts"}],"about":[{"href":"https:\/\/aliso.fr\/initiatives\/wp-json\/wp\/v2\/types\/post"}],"author":[{"embeddable":true,"href":"https:\/\/aliso.fr\/initiatives\/wp-json\/wp\/v2\/users\/1"}],"replies":[{"embeddable":true,"href":"https:\/\/aliso.fr\/initiatives\/wp-json\/wp\/v2\/comments?post=1608"}],"version-history":[{"count":3,"href":"https:\/\/aliso.fr\/initiatives\/wp-json\/wp\/v2\/posts\/1608\/revisions"}],"predecessor-version":[{"id":1660,"href":"https:\/\/aliso.fr\/initiatives\/wp-json\/wp\/v2\/posts\/1608\/revisions\/1660"}],"wp:featuredmedia":[{"embeddable":true,"href":"https:\/\/aliso.fr\/initiatives\/wp-json\/wp\/v2\/media\/1659"}],"wp:attachment":[{"href":"https:\/\/aliso.fr\/initiatives\/wp-json\/wp\/v2\/media?parent=1608"}],"wp:term":[{"taxonomy":"category","embeddable":true,"href":"https:\/\/aliso.fr\/initiatives\/wp-json\/wp\/v2\/categories?post=1608"},{"taxonomy":"post_tag","embeddable":true,"href":"https:\/\/aliso.fr\/initiatives\/wp-json\/wp\/v2\/tags?post=1608"}],"curies":[{"name":"wp","href":"https:\/\/api.w.org\/{rel}","templated":true}]}}