{"id":1772,"date":"2022-03-23T17:10:37","date_gmt":"2022-03-23T16:10:37","guid":{"rendered":"https:\/\/aliso.fr\/initiatives\/?p=1772"},"modified":"2022-03-25T10:57:15","modified_gmt":"2022-03-25T09:57:15","slug":"demeler-les-situations-structurer-sa-reflexion","status":"publish","type":"post","link":"https:\/\/aliso.fr\/initiatives\/demeler-les-situations-structurer-sa-reflexion\/","title":{"rendered":"d\u00e9m\u00ealer les situations, structurer sa reflexion"},"content":{"rendered":"\n<figure class=\"wp-block-pullquote\"><blockquote><p>Une formation propos\u00e9e par <a href=\"https:\/\/associationpivoine.wordpress.com\/actualites\/\" target=\"_blank\" rel=\"noreferrer noopener\">Pivoine<\/a>, du 9 au 13 mai 2022<\/p><cite>D\u00e9couvrez une m\u00e9thode d&rsquo;analyse des situations issue de l&rsquo;\u00e9ducation populaire<\/cite><\/blockquote><\/figure>\n\n\n\n<p><strong>\u2026une <u>m\u00e9thode<\/u> pas \u00e0 pas pour&nbsp;:<\/strong><\/p>\n\n\n\n<p>\u00ab&nbsp;D\u00e9serrer l\u2019\u00e9tau&nbsp;\u00bb, <strong>\u00ab&nbsp;sortir la t\u00eate de l\u2019eau&nbsp;\u00bb<\/strong>, \u00ab&nbsp;d\u00e9m\u00ealer la pelote&nbsp;\u00bb, <strong>\u00ab&nbsp;tenter d\u2019y voir clair&nbsp;\u00bb<\/strong>, \u00ab&nbsp;\u00eatre \u00e0 l\u2019\u00e9coute ou en trouver&nbsp;\u00bb, <strong>\u00ab&nbsp;ne pas rester seul.e avec \u00e7a&nbsp;\u00bb<\/strong>, \u00ab&nbsp;trouver les mots&nbsp;\u00bb, <strong>\u00ab&nbsp;sortir du r\u00e9gime de l\u2019\u00e9motion&nbsp;\u00bb<\/strong>, \u00ab&nbsp;d\u00e9placer les lignes&nbsp;\u00bb, <strong>\u00ab&nbsp;trouver un terrain d\u2019entente&nbsp;\u00bb<\/strong>, \u00ab&nbsp;mettre le doigt sur le probl\u00e8me&nbsp;\u00bb, <strong>\u00ab&nbsp;ne plus enfoncer les portes ouvertes&nbsp;\u00bb<\/strong>, \u00ab&nbsp;ne pas tomber dans le panneau&nbsp;\u00bb, <strong>\u00ab&nbsp;ne pas ajouter \u00e0 la confusion&nbsp;\u00bb<\/strong>, \u00ab&nbsp;ne plus faire l\u2019autruche&nbsp;\u00bb, <strong>\u00ab&nbsp;savoir par o\u00f9 commencer&nbsp;\u00bb<\/strong>, \u00ab&nbsp;identifier les donn\u00e9es du probl\u00e8me, les risques et les possibilit\u00e9s\u00bb, <strong>\u00ab&nbsp;ne pas sans cesse tourner autour du pot&nbsp;\u00bb<\/strong>, \u00ab&nbsp;tenter de ne pas se casser les dents&nbsp;\u00bb, <strong>\u00ab&nbsp;ne pas remettre \u00e0 la Saint Glin-Glin\u00bb<\/strong>, \u00ab&nbsp;se donner les moyens&nbsp;\u00bb, \u2026<em><strong>bref<\/strong><\/em>\u2026<\/p>\n\n\n\n<p><em>\u00ab&nbsp;ne plus \u00eatre battu.e.s sur les \u00e9ternels m\u00eames sentiers battus&nbsp;\u00bb, \u00ab&nbsp;penser <strong>et<\/strong> agir dans la complexit\u00e9&nbsp;\u00bb\u2026<\/em><\/p>\n","protected":false},"excerpt":{"rendered":"<p>Une formation propos\u00e9e par Pivoine, du 9 au 13 mai 2022 D\u00e9couvrez une m\u00e9thode d&rsquo;analyse des situations issue de l&rsquo;\u00e9ducation populaire \u2026une m\u00e9thode pas \u00e0 pas pour&nbsp;: \u00ab&nbsp;D\u00e9serrer l\u2019\u00e9tau&nbsp;\u00bb, \u00ab&nbsp;sortir la t\u00eate de l\u2019eau&nbsp;\u00bb, \u00ab&nbsp;d\u00e9m\u00ealer la pelote&nbsp;\u00bb, \u00ab&nbsp;tenter d\u2019y voir clair&nbsp;\u00bb, \u00ab&nbsp;\u00eatre \u00e0 l\u2019\u00e9coute ou en trouver&nbsp;\u00bb, \u00ab&nbsp;ne pas rester seul.e avec \u00e7a&nbsp;\u00bb, \u00ab&nbsp;trouver les&#8230; <a class=\"excerpt-read-more button\" href=\"https:\/\/aliso.fr\/initiatives\/demeler-les-situations-structurer-sa-reflexion\/\" title=\"Readd\u00e9m\u00ealer les situations, structurer sa reflexion\">En savoir plus &raquo;<\/a><\/p>\n","protected":false},"author":5,"featured_media":1790,"comment_status":"closed","ping_status":"open","sticky":false,"template":"","format":"standard","meta":{"footnotes":""},"categories":[11,19],"tags":[],"class_list":["post-1772","post","type-post","status-publish","format-standard","has-post-thumbnail","hentry","category-actus","category-se-former-sinformer"],"yoast_head":"<!-- This site is optimized with the Yoast SEO plugin v27.5 - https:\/\/yoast.com\/product\/yoast-seo-wordpress\/ -->\n<title>d\u00e9m\u00ealer les situations, structurer sa reflexion - Aliso Initiatives<\/title>\n<meta name=\"robots\" content=\"index, follow, max-snippet:-1, max-image-preview:large, max-video-preview:-1\" \/>\n<link rel=\"canonical\" href=\"https:\/\/aliso.fr\/initiatives\/demeler-les-situations-structurer-sa-reflexion\/\" \/>\n<meta property=\"og:locale\" content=\"fr_FR\" \/>\n<meta property=\"og:type\" content=\"article\" \/>\n<meta property=\"og:title\" content=\"d\u00e9m\u00ealer les situations, structurer sa reflexion - Aliso Initiatives\" \/>\n<meta property=\"og:description\" content=\"Une formation propos\u00e9e par Pivoine, du 9 au 13 mai 2022 D\u00e9couvrez une m\u00e9thode d&rsquo;analyse des situations issue de l&rsquo;\u00e9ducation populaire \u2026une m\u00e9thode pas \u00e0 pas pour&nbsp;: \u00ab&nbsp;D\u00e9serrer l\u2019\u00e9tau&nbsp;\u00bb, \u00ab&nbsp;sortir la t\u00eate de l\u2019eau&nbsp;\u00bb, \u00ab&nbsp;d\u00e9m\u00ealer la pelote&nbsp;\u00bb, \u00ab&nbsp;tenter d\u2019y voir clair&nbsp;\u00bb, \u00ab&nbsp;\u00eatre \u00e0 l\u2019\u00e9coute ou en trouver&nbsp;\u00bb, \u00ab&nbsp;ne pas rester seul.e avec \u00e7a&nbsp;\u00bb, \u00ab&nbsp;trouver les... En savoir plus &raquo;\" \/>\n<meta property=\"og:url\" content=\"https:\/\/aliso.fr\/initiatives\/demeler-les-situations-structurer-sa-reflexion\/\" \/>\n<meta property=\"og:site_name\" content=\"Aliso Initiatives\" \/>\n<meta property=\"article:published_time\" content=\"2022-03-23T16:10:37+00:00\" \/>\n<meta property=\"article:modified_time\" content=\"2022-03-25T09:57:15+00:00\" \/>\n<meta property=\"og:image\" content=\"https:\/\/aliso.fr\/initiatives\/wp-content\/uploads\/sites\/2\/2022\/03\/pivoine-asso-creuse.jpg\" \/>\n\t<meta property=\"og:image:width\" content=\"776\" \/>\n\t<meta property=\"og:image:height\" content=\"748\" \/>\n\t<meta property=\"og:image:type\" content=\"image\/jpeg\" \/>\n<meta name=\"author\" content=\"pascal\" \/>\n<meta name=\"twitter:card\" content=\"summary_large_image\" \/>\n<script type=\"application\/ld+json\" class=\"yoast-schema-graph\">{\"@context\":\"https:\\\/\\\/schema.org\",\"@graph\":[{\"@type\":\"Article\",\"@id\":\"https:\\\/\\\/aliso.fr\\\/initiatives\\\/demeler-les-situations-structurer-sa-reflexion\\\/#article\",\"isPartOf\":{\"@id\":\"https:\\\/\\\/aliso.fr\\\/initiatives\\\/demeler-les-situations-structurer-sa-reflexion\\\/\"},\"author\":{\"name\":\"pascal\",\"@id\":\"https:\\\/\\\/aliso.fr\\\/initiatives\\\/#\\\/schema\\\/person\\\/ac5889082625d5c95b51fac19f3d9b86\"},\"headline\":\"d\u00e9m\u00ealer les situations, structurer sa reflexion\",\"datePublished\":\"2022-03-23T16:10:37+00:00\",\"dateModified\":\"2022-03-25T09:57:15+00:00\",\"mainEntityOfPage\":{\"@id\":\"https:\\\/\\\/aliso.fr\\\/initiatives\\\/demeler-les-situations-structurer-sa-reflexion\\\/\"},\"wordCount\":227,\"publisher\":{\"@id\":\"https:\\\/\\\/aliso.fr\\\/initiatives\\\/#organization\"},\"image\":{\"@id\":\"https:\\\/\\\/aliso.fr\\\/initiatives\\\/demeler-les-situations-structurer-sa-reflexion\\\/#primaryimage\"},\"thumbnailUrl\":\"https:\\\/\\\/aliso.fr\\\/initiatives\\\/wp-content\\\/uploads\\\/sites\\\/2\\\/2022\\\/03\\\/pivoine-asso-creuse.jpg\",\"articleSection\":[\"Actualit\u00e9s\",\"Se former, s\u2019informer\"],\"inLanguage\":\"fr-FR\"},{\"@type\":\"WebPage\",\"@id\":\"https:\\\/\\\/aliso.fr\\\/initiatives\\\/demeler-les-situations-structurer-sa-reflexion\\\/\",\"url\":\"https:\\\/\\\/aliso.fr\\\/initiatives\\\/demeler-les-situations-structurer-sa-reflexion\\\/\",\"name\":\"d\u00e9m\u00ealer les situations, structurer sa reflexion - Aliso Initiatives\",\"isPartOf\":{\"@id\":\"https:\\\/\\\/aliso.fr\\\/initiatives\\\/#website\"},\"primaryImageOfPage\":{\"@id\":\"https:\\\/\\\/aliso.fr\\\/initiatives\\\/demeler-les-situations-structurer-sa-reflexion\\\/#primaryimage\"},\"image\":{\"@id\":\"https:\\\/\\\/aliso.fr\\\/initiatives\\\/demeler-les-situations-structurer-sa-reflexion\\\/#primaryimage\"},\"thumbnailUrl\":\"https:\\\/\\\/aliso.fr\\\/initiatives\\\/wp-content\\\/uploads\\\/sites\\\/2\\\/2022\\\/03\\\/pivoine-asso-creuse.jpg\",\"datePublished\":\"2022-03-23T16:10:37+00:00\",\"dateModified\":\"2022-03-25T09:57:15+00:00\",\"breadcrumb\":{\"@id\":\"https:\\\/\\\/aliso.fr\\\/initiatives\\\/demeler-les-situations-structurer-sa-reflexion\\\/#breadcrumb\"},\"inLanguage\":\"fr-FR\",\"potentialAction\":[{\"@type\":\"ReadAction\",\"target\":[\"https:\\\/\\\/aliso.fr\\\/initiatives\\\/demeler-les-situations-structurer-sa-reflexion\\\/\"]}]},{\"@type\":\"ImageObject\",\"inLanguage\":\"fr-FR\",\"@id\":\"https:\\\/\\\/aliso.fr\\\/initiatives\\\/demeler-les-situations-structurer-sa-reflexion\\\/#primaryimage\",\"url\":\"https:\\\/\\\/aliso.fr\\\/initiatives\\\/wp-content\\\/uploads\\\/sites\\\/2\\\/2022\\\/03\\\/pivoine-asso-creuse.jpg\",\"contentUrl\":\"https:\\\/\\\/aliso.fr\\\/initiatives\\\/wp-content\\\/uploads\\\/sites\\\/2\\\/2022\\\/03\\\/pivoine-asso-creuse.jpg\",\"width\":776,\"height\":748,\"caption\":\"Association Pivoine, Creuse\"},{\"@type\":\"BreadcrumbList\",\"@id\":\"https:\\\/\\\/aliso.fr\\\/initiatives\\\/demeler-les-situations-structurer-sa-reflexion\\\/#breadcrumb\",\"itemListElement\":[{\"@type\":\"ListItem\",\"position\":1,\"name\":\"Accueil\",\"item\":\"https:\\\/\\\/aliso.fr\\\/initiatives\\\/\"},{\"@type\":\"ListItem\",\"position\":2,\"name\":\"Actualit\u00e9s\",\"item\":\"https:\\\/\\\/aliso.fr\\\/initiatives\\\/actus\\\/\"},{\"@type\":\"ListItem\",\"position\":3,\"name\":\"d\u00e9m\u00ealer les situations, structurer sa reflexion\"}]},{\"@type\":\"WebSite\",\"@id\":\"https:\\\/\\\/aliso.fr\\\/initiatives\\\/#website\",\"url\":\"https:\\\/\\\/aliso.fr\\\/initiatives\\\/\",\"name\":\"Aliso Initiatives\",\"description\":\"R\u00e9seau Creusois des acteurs du lien social\",\"publisher\":{\"@id\":\"https:\\\/\\\/aliso.fr\\\/initiatives\\\/#organization\"},\"potentialAction\":[{\"@type\":\"SearchAction\",\"target\":{\"@type\":\"EntryPoint\",\"urlTemplate\":\"https:\\\/\\\/aliso.fr\\\/initiatives\\\/?s={search_term_string}\"},\"query-input\":{\"@type\":\"PropertyValueSpecification\",\"valueRequired\":true,\"valueName\":\"search_term_string\"}}],\"inLanguage\":\"fr-FR\"},{\"@type\":\"Organization\",\"@id\":\"https:\\\/\\\/aliso.fr\\\/initiatives\\\/#organization\",\"name\":\"Aliso Initiatives\",\"url\":\"https:\\\/\\\/aliso.fr\\\/initiatives\\\/\",\"logo\":{\"@type\":\"ImageObject\",\"inLanguage\":\"fr-FR\",\"@id\":\"https:\\\/\\\/aliso.fr\\\/initiatives\\\/#\\\/schema\\\/logo\\\/image\\\/\",\"url\":\"https:\\\/\\\/aliso.fr\\\/initiatives\\\/wp-content\\\/uploads\\\/sites\\\/2\\\/2022\\\/01\\\/Logo-ALISO-Initiatives-2.png\",\"contentUrl\":\"https:\\\/\\\/aliso.fr\\\/initiatives\\\/wp-content\\\/uploads\\\/sites\\\/2\\\/2022\\\/01\\\/Logo-ALISO-Initiatives-2.png\",\"width\":900,\"height\":657,\"caption\":\"Aliso Initiatives\"},\"image\":{\"@id\":\"https:\\\/\\\/aliso.fr\\\/initiatives\\\/#\\\/schema\\\/logo\\\/image\\\/\"}},{\"@type\":\"Person\",\"@id\":\"https:\\\/\\\/aliso.fr\\\/initiatives\\\/#\\\/schema\\\/person\\\/ac5889082625d5c95b51fac19f3d9b86\",\"name\":\"pascal\"}]}<\/script>\n<!-- \/ Yoast SEO plugin. -->","yoast_head_json":{"title":"d\u00e9m\u00ealer les situations, structurer sa reflexion - Aliso Initiatives","robots":{"index":"index","follow":"follow","max-snippet":"max-snippet:-1","max-image-preview":"max-image-preview:large","max-video-preview":"max-video-preview:-1"},"canonical":"https:\/\/aliso.fr\/initiatives\/demeler-les-situations-structurer-sa-reflexion\/","og_locale":"fr_FR","og_type":"article","og_title":"d\u00e9m\u00ealer les situations, structurer sa reflexion - Aliso Initiatives","og_description":"Une formation propos\u00e9e par Pivoine, du 9 au 13 mai 2022 D\u00e9couvrez une m\u00e9thode d&rsquo;analyse des situations issue de l&rsquo;\u00e9ducation populaire \u2026une m\u00e9thode pas \u00e0 pas pour&nbsp;: \u00ab&nbsp;D\u00e9serrer l\u2019\u00e9tau&nbsp;\u00bb, \u00ab&nbsp;sortir la t\u00eate de l\u2019eau&nbsp;\u00bb, \u00ab&nbsp;d\u00e9m\u00ealer la pelote&nbsp;\u00bb, \u00ab&nbsp;tenter d\u2019y voir clair&nbsp;\u00bb, \u00ab&nbsp;\u00eatre \u00e0 l\u2019\u00e9coute ou en trouver&nbsp;\u00bb, \u00ab&nbsp;ne pas rester seul.e avec \u00e7a&nbsp;\u00bb, \u00ab&nbsp;trouver les... En savoir plus &raquo;","og_url":"https:\/\/aliso.fr\/initiatives\/demeler-les-situations-structurer-sa-reflexion\/","og_site_name":"Aliso Initiatives","article_published_time":"2022-03-23T16:10:37+00:00","article_modified_time":"2022-03-25T09:57:15+00:00","og_image":[{"width":776,"height":748,"url":"https:\/\/aliso.fr\/initiatives\/wp-content\/uploads\/sites\/2\/2022\/03\/pivoine-asso-creuse.jpg","type":"image\/jpeg"}],"author":"pascal","twitter_card":"summary_large_image","schema":{"@context":"https:\/\/schema.org","@graph":[{"@type":"Article","@id":"https:\/\/aliso.fr\/initiatives\/demeler-les-situations-structurer-sa-reflexion\/#article","isPartOf":{"@id":"https:\/\/aliso.fr\/initiatives\/demeler-les-situations-structurer-sa-reflexion\/"},"author":{"name":"pascal","@id":"https:\/\/aliso.fr\/initiatives\/#\/schema\/person\/ac5889082625d5c95b51fac19f3d9b86"},"headline":"d\u00e9m\u00ealer les situations, structurer sa reflexion","datePublished":"2022-03-23T16:10:37+00:00","dateModified":"2022-03-25T09:57:15+00:00","mainEntityOfPage":{"@id":"https:\/\/aliso.fr\/initiatives\/demeler-les-situations-structurer-sa-reflexion\/"},"wordCount":227,"publisher":{"@id":"https:\/\/aliso.fr\/initiatives\/#organization"},"image":{"@id":"https:\/\/aliso.fr\/initiatives\/demeler-les-situations-structurer-sa-reflexion\/#primaryimage"},"thumbnailUrl":"https:\/\/aliso.fr\/initiatives\/wp-content\/uploads\/sites\/2\/2022\/03\/pivoine-asso-creuse.jpg","articleSection":["Actualit\u00e9s","Se former, s\u2019informer"],"inLanguage":"fr-FR"},{"@type":"WebPage","@id":"https:\/\/aliso.fr\/initiatives\/demeler-les-situations-structurer-sa-reflexion\/","url":"https:\/\/aliso.fr\/initiatives\/demeler-les-situations-structurer-sa-reflexion\/","name":"d\u00e9m\u00ealer les situations, structurer sa reflexion - Aliso Initiatives","isPartOf":{"@id":"https:\/\/aliso.fr\/initiatives\/#website"},"primaryImageOfPage":{"@id":"https:\/\/aliso.fr\/initiatives\/demeler-les-situations-structurer-sa-reflexion\/#primaryimage"},"image":{"@id":"https:\/\/aliso.fr\/initiatives\/demeler-les-situations-structurer-sa-reflexion\/#primaryimage"},"thumbnailUrl":"https:\/\/aliso.fr\/initiatives\/wp-content\/uploads\/sites\/2\/2022\/03\/pivoine-asso-creuse.jpg","datePublished":"2022-03-23T16:10:37+00:00","dateModified":"2022-03-25T09:57:15+00:00","breadcrumb":{"@id":"https:\/\/aliso.fr\/initiatives\/demeler-les-situations-structurer-sa-reflexion\/#breadcrumb"},"inLanguage":"fr-FR","potentialAction":[{"@type":"ReadAction","target":["https:\/\/aliso.fr\/initiatives\/demeler-les-situations-structurer-sa-reflexion\/"]}]},{"@type":"ImageObject","inLanguage":"fr-FR","@id":"https:\/\/aliso.fr\/initiatives\/demeler-les-situations-structurer-sa-reflexion\/#primaryimage","url":"https:\/\/aliso.fr\/initiatives\/wp-content\/uploads\/sites\/2\/2022\/03\/pivoine-asso-creuse.jpg","contentUrl":"https:\/\/aliso.fr\/initiatives\/wp-content\/uploads\/sites\/2\/2022\/03\/pivoine-asso-creuse.jpg","width":776,"height":748,"caption":"Association Pivoine, Creuse"},{"@type":"BreadcrumbList","@id":"https:\/\/aliso.fr\/initiatives\/demeler-les-situations-structurer-sa-reflexion\/#breadcrumb","itemListElement":[{"@type":"ListItem","position":1,"name":"Accueil","item":"https:\/\/aliso.fr\/initiatives\/"},{"@type":"ListItem","position":2,"name":"Actualit\u00e9s","item":"https:\/\/aliso.fr\/initiatives\/actus\/"},{"@type":"ListItem","position":3,"name":"d\u00e9m\u00ealer les situations, structurer sa reflexion"}]},{"@type":"WebSite","@id":"https:\/\/aliso.fr\/initiatives\/#website","url":"https:\/\/aliso.fr\/initiatives\/","name":"Aliso Initiatives","description":"R\u00e9seau Creusois des acteurs du lien social","publisher":{"@id":"https:\/\/aliso.fr\/initiatives\/#organization"},"potentialAction":[{"@type":"SearchAction","target":{"@type":"EntryPoint","urlTemplate":"https:\/\/aliso.fr\/initiatives\/?s={search_term_string}"},"query-input":{"@type":"PropertyValueSpecification","valueRequired":true,"valueName":"search_term_string"}}],"inLanguage":"fr-FR"},{"@type":"Organization","@id":"https:\/\/aliso.fr\/initiatives\/#organization","name":"Aliso Initiatives","url":"https:\/\/aliso.fr\/initiatives\/","logo":{"@type":"ImageObject","inLanguage":"fr-FR","@id":"https:\/\/aliso.fr\/initiatives\/#\/schema\/logo\/image\/","url":"https:\/\/aliso.fr\/initiatives\/wp-content\/uploads\/sites\/2\/2022\/01\/Logo-ALISO-Initiatives-2.png","contentUrl":"https:\/\/aliso.fr\/initiatives\/wp-content\/uploads\/sites\/2\/2022\/01\/Logo-ALISO-Initiatives-2.png","width":900,"height":657,"caption":"Aliso Initiatives"},"image":{"@id":"https:\/\/aliso.fr\/initiatives\/#\/schema\/logo\/image\/"}},{"@type":"Person","@id":"https:\/\/aliso.fr\/initiatives\/#\/schema\/person\/ac5889082625d5c95b51fac19f3d9b86","name":"pascal"}]}},"_links":{"self":[{"href":"https:\/\/aliso.fr\/initiatives\/wp-json\/wp\/v2\/posts\/1772","targetHints":{"allow":["GET"]}}],"collection":[{"href":"https:\/\/aliso.fr\/initiatives\/wp-json\/wp\/v2\/posts"}],"about":[{"href":"https:\/\/aliso.fr\/initiatives\/wp-json\/wp\/v2\/types\/post"}],"author":[{"embeddable":true,"href":"https:\/\/aliso.fr\/initiatives\/wp-json\/wp\/v2\/users\/5"}],"replies":[{"embeddable":true,"href":"https:\/\/aliso.fr\/initiatives\/wp-json\/wp\/v2\/comments?post=1772"}],"version-history":[{"count":1,"href":"https:\/\/aliso.fr\/initiatives\/wp-json\/wp\/v2\/posts\/1772\/revisions"}],"predecessor-version":[{"id":1773,"href":"https:\/\/aliso.fr\/initiatives\/wp-json\/wp\/v2\/posts\/1772\/revisions\/1773"}],"wp:featuredmedia":[{"embeddable":true,"href":"https:\/\/aliso.fr\/initiatives\/wp-json\/wp\/v2\/media\/1790"}],"wp:attachment":[{"href":"https:\/\/aliso.fr\/initiatives\/wp-json\/wp\/v2\/media?parent=1772"}],"wp:term":[{"taxonomy":"category","embeddable":true,"href":"https:\/\/aliso.fr\/initiatives\/wp-json\/wp\/v2\/categories?post=1772"},{"taxonomy":"post_tag","embeddable":true,"href":"https:\/\/aliso.fr\/initiatives\/wp-json\/wp\/v2\/tags?post=1772"}],"curies":[{"name":"wp","href":"https:\/\/api.w.org\/{rel}","templated":true}]}}