{"id":1837,"date":"2022-06-23T12:45:00","date_gmt":"2022-06-23T10:45:00","guid":{"rendered":"https:\/\/aliso.fr\/initiatives\/?p=1837"},"modified":"2022-07-19T17:34:14","modified_gmt":"2022-07-19T15:34:14","slug":"reactiver-lengagement","status":"publish","type":"post","link":"https:\/\/aliso.fr\/initiatives\/reactiver-lengagement\/","title":{"rendered":"[R\u00e9]Activer l&rsquo;Engagement : 5 Juillet 2022, Masgot"},"content":{"rendered":"\n<div class=\"wp-block-columns is-layout-flex wp-container-core-columns-is-layout-9d6595d7 wp-block-columns-is-layout-flex\">\n<div class=\"wp-block-column is-layout-flow wp-block-column-is-layout-flow\" style=\"flex-basis:50%\">\n<p class=\"has-medium-font-size\">Nous voil\u00e0 (presque) sortis de Crise sanitaire ! <br>Est-ce la crise du b\u00e9n\u00e9volat qui s&rsquo;annonce ?<br>Comment mobiliser ou remobiliser les habitants, jeunes et moins jeunes, autour de nos activit\u00e9s associatives et comment les amener \u00e0 prendre des responsabilit\u00e9s b\u00e9n\u00e9voles ?<\/p>\n\n\n\n<p class=\"has-medium-font-size\"><strong>Le 5 juillet 2022 \u00e0 Masgot, 16 personnes, b\u00e9n\u00e9voles et salari\u00e9s, se sont retrouv\u00e9s une journ\u00e9e pour \u00e9changer, s&rsquo;outiller, trouver des solutions pour (r\u00e9)activer l&rsquo;engagement b\u00e9n\u00e9vole au sein de nos associations creusoises.<\/strong><\/p>\n\n\n\n<blockquote class=\"wp-block-quote has-medium-font-size is-layout-flow wp-block-quote-is-layout-flow\"><p><strong><a href=\"https:\/\/aliso.fr\/initiatives\/les-benevoles-ressource-humaine-ou-citoyens\/\" target=\"_blank\" rel=\"noreferrer noopener sponsored nofollow\">Retrouvez le compte rendu de la journ\u00e9e ici !<\/a><\/strong><\/p><\/blockquote>\n\n\n\n<p class=\"has-medium-font-size\">Cet Atelier s&rsquo;est organis\u00e9 en deux temps : une matin\u00e9e consacr\u00e9e au rep\u00e9rage des moteurs de l&rsquo;engagement, une apr\u00e8s midi consacr\u00e9e \u00e0 la fa\u00e7on dont chaque association peut mobiliser ces moteurs pour favoriser l&rsquo;engagement b\u00e9n\u00e9vole.<\/p>\n\n\n\n<p class=\"has-medium-font-size\">Cette journ\u00e9e du 5 Juillet s&rsquo;inscrit dans un cycle intitul\u00e9 <strong>[R\u00e9]Activer l&rsquo;Engagement<\/strong>, progamme en cours de construction alliant \u00e9changes de pratiques, approches sociologiques, construction d&rsquo;outils,&#8230; <br>En effet, sorties de la crise sanitaires, nombreuses sont les associations qui s&rsquo;inqui\u00e8tent de la baisse de l&rsquo;engagement b\u00e9n\u00e9vole, c&rsquo;est pourquoi Aliso initiatives propose d&rsquo;en faire un chantier pour s&rsquo;outiller, \u00e9changer, se relancer !<\/p>\n<\/div>\n\n\n\n<div class=\"wp-block-column is-layout-flow wp-block-column-is-layout-flow\" style=\"flex-basis:50%\">\n<figure class=\"wp-block-image size-large\"><img loading=\"lazy\" decoding=\"async\" width=\"724\" height=\"1024\" src=\"https:\/\/aliso.fr\/initiatives\/wp-content\/uploads\/sites\/2\/2022\/06\/affiche-def-5-juillet-2-724x1024.png\" alt=\"\" class=\"wp-image-2027\" srcset=\"https:\/\/aliso.fr\/initiatives\/wp-content\/uploads\/sites\/2\/2022\/06\/affiche-def-5-juillet-2-724x1024.png 724w, https:\/\/aliso.fr\/initiatives\/wp-content\/uploads\/sites\/2\/2022\/06\/affiche-def-5-juillet-2-212x300.png 212w, https:\/\/aliso.fr\/initiatives\/wp-content\/uploads\/sites\/2\/2022\/06\/affiche-def-5-juillet-2-768x1086.png 768w, https:\/\/aliso.fr\/initiatives\/wp-content\/uploads\/sites\/2\/2022\/06\/affiche-def-5-juillet-2-1086x1536.png 1086w, https:\/\/aliso.fr\/initiatives\/wp-content\/uploads\/sites\/2\/2022\/06\/affiche-def-5-juillet-2.png 1414w\" sizes=\"auto, (max-width: 724px) 100vw, 724px\" \/><\/figure>\n<\/div>\n<\/div>\n\n\n\n<blockquote class=\"wp-block-quote is-style-large is-layout-flow wp-block-quote-is-layout-flow\"><p>\u00ab\u00a0Le b\u00e9n\u00e9volat, c&rsquo;est l&rsquo;\u00e9panouissement de soi m\u00eame pour permettre \u00e0 une oeuvre collective de prendre forme\u00a0\u00bb Huguette, 65 ans, b\u00e9n\u00e9vole<\/p><cite><a href=\"https:\/\/www.lecollectifdesfestivals.org\/collectif\/wp-content\/files\/Very_Important_Benevoles.pdf\" target=\"_blank\" rel=\"noreferrer noopener\">Very Important B\u00e9n\u00e9voles ! <em>le Collectif des Festivals,<\/em> Avril 2022<\/a>.<\/cite><\/blockquote>\n","protected":false},"excerpt":{"rendered":"<p>Nous voil\u00e0 (presque) sortis de Crise sanitaire ! Est-ce la crise du b\u00e9n\u00e9volat qui s&rsquo;annonce ?Comment mobiliser ou remobiliser les habitants, jeunes et moins jeunes, autour de nos activit\u00e9s associatives et comment les amener \u00e0 prendre des responsabilit\u00e9s b\u00e9n\u00e9voles ? Le 5 juillet 2022 \u00e0 Masgot, 16 personnes, b\u00e9n\u00e9voles et salari\u00e9s, se sont retrouv\u00e9s une&#8230; <a class=\"excerpt-read-more button\" href=\"https:\/\/aliso.fr\/initiatives\/reactiver-lengagement\/\" title=\"Read[R\u00e9]Activer l&rsquo;Engagement : 5 Juillet 2022, Masgot\">En savoir plus &raquo;<\/a><\/p>\n","protected":false},"author":3,"featured_media":2027,"comment_status":"closed","ping_status":"open","sticky":false,"template":"","format":"standard","meta":{"footnotes":""},"categories":[11,19,4],"tags":[],"class_list":["post-1837","post","type-post","status-publish","format-standard","has-post-thumbnail","hentry","category-actus","category-se-former-sinformer","category-vie-associative"],"yoast_head":"<!-- This site is optimized with the Yoast SEO plugin v27.5 - https:\/\/yoast.com\/product\/yoast-seo-wordpress\/ -->\n<title>[R\u00e9]Activer l&#039;Engagement : 5 Juillet 2022, Masgot - Aliso Initiatives<\/title>\n<meta name=\"description\" content=\"Journ\u00e9e d&#039;ateliers autour des moteurs de l&#039;engagement au Village de Masgot Mardi 7 juin.\" \/>\n<meta name=\"robots\" content=\"index, follow, max-snippet:-1, max-image-preview:large, max-video-preview:-1\" \/>\n<link rel=\"canonical\" href=\"https:\/\/aliso.fr\/initiatives\/reactiver-lengagement\/\" \/>\n<meta property=\"og:locale\" content=\"fr_FR\" \/>\n<meta property=\"og:type\" content=\"article\" \/>\n<meta property=\"og:title\" content=\"[R\u00e9]Activer l&#039;Engagement : 5 Juillet 2022, Masgot - Aliso Initiatives\" \/>\n<meta property=\"og:description\" content=\"Journ\u00e9e d&#039;ateliers autour des moteurs de l&#039;engagement au Village de Masgot Mardi 7 juin.\" \/>\n<meta property=\"og:url\" content=\"https:\/\/aliso.fr\/initiatives\/reactiver-lengagement\/\" \/>\n<meta property=\"og:site_name\" content=\"Aliso Initiatives\" \/>\n<meta property=\"article:published_time\" content=\"2022-06-23T10:45:00+00:00\" \/>\n<meta property=\"article:modified_time\" content=\"2022-07-19T15:34:14+00:00\" \/>\n<meta property=\"og:image\" content=\"https:\/\/aliso.fr\/initiatives\/wp-content\/uploads\/sites\/2\/2022\/06\/affiche-def-5-juillet-2.png\" \/>\n\t<meta property=\"og:image:width\" content=\"1414\" \/>\n\t<meta property=\"og:image:height\" content=\"2000\" \/>\n\t<meta property=\"og:image:type\" content=\"image\/png\" \/>\n<meta name=\"author\" content=\"laure\" \/>\n<meta name=\"twitter:card\" content=\"summary_large_image\" \/>\n<script type=\"application\/ld+json\" class=\"yoast-schema-graph\">{\"@context\":\"https:\\\/\\\/schema.org\",\"@graph\":[{\"@type\":\"Article\",\"@id\":\"https:\\\/\\\/aliso.fr\\\/initiatives\\\/reactiver-lengagement\\\/#article\",\"isPartOf\":{\"@id\":\"https:\\\/\\\/aliso.fr\\\/initiatives\\\/reactiver-lengagement\\\/\"},\"author\":{\"name\":\"laure\",\"@id\":\"https:\\\/\\\/aliso.fr\\\/initiatives\\\/#\\\/schema\\\/person\\\/056af145b9c52eee21a9f739489104a5\"},\"headline\":\"[R\u00e9]Activer l&rsquo;Engagement : 5 Juillet 2022, Masgot\",\"datePublished\":\"2022-06-23T10:45:00+00:00\",\"dateModified\":\"2022-07-19T15:34:14+00:00\",\"mainEntityOfPage\":{\"@id\":\"https:\\\/\\\/aliso.fr\\\/initiatives\\\/reactiver-lengagement\\\/\"},\"wordCount\":246,\"publisher\":{\"@id\":\"https:\\\/\\\/aliso.fr\\\/initiatives\\\/#organization\"},\"image\":{\"@id\":\"https:\\\/\\\/aliso.fr\\\/initiatives\\\/reactiver-lengagement\\\/#primaryimage\"},\"thumbnailUrl\":\"https:\\\/\\\/aliso.fr\\\/initiatives\\\/wp-content\\\/uploads\\\/sites\\\/2\\\/2022\\\/06\\\/affiche-def-5-juillet-2.png\",\"articleSection\":[\"Actualit\u00e9s\",\"Se former, s\u2019informer\",\"Vie associative\"],\"inLanguage\":\"fr-FR\"},{\"@type\":\"WebPage\",\"@id\":\"https:\\\/\\\/aliso.fr\\\/initiatives\\\/reactiver-lengagement\\\/\",\"url\":\"https:\\\/\\\/aliso.fr\\\/initiatives\\\/reactiver-lengagement\\\/\",\"name\":\"[R\u00e9]Activer l'Engagement : 5 Juillet 2022, Masgot - Aliso Initiatives\",\"isPartOf\":{\"@id\":\"https:\\\/\\\/aliso.fr\\\/initiatives\\\/#website\"},\"primaryImageOfPage\":{\"@id\":\"https:\\\/\\\/aliso.fr\\\/initiatives\\\/reactiver-lengagement\\\/#primaryimage\"},\"image\":{\"@id\":\"https:\\\/\\\/aliso.fr\\\/initiatives\\\/reactiver-lengagement\\\/#primaryimage\"},\"thumbnailUrl\":\"https:\\\/\\\/aliso.fr\\\/initiatives\\\/wp-content\\\/uploads\\\/sites\\\/2\\\/2022\\\/06\\\/affiche-def-5-juillet-2.png\",\"datePublished\":\"2022-06-23T10:45:00+00:00\",\"dateModified\":\"2022-07-19T15:34:14+00:00\",\"description\":\"Journ\u00e9e d'ateliers autour des moteurs de l'engagement au Village de Masgot Mardi 7 juin.\",\"breadcrumb\":{\"@id\":\"https:\\\/\\\/aliso.fr\\\/initiatives\\\/reactiver-lengagement\\\/#breadcrumb\"},\"inLanguage\":\"fr-FR\",\"potentialAction\":[{\"@type\":\"ReadAction\",\"target\":[\"https:\\\/\\\/aliso.fr\\\/initiatives\\\/reactiver-lengagement\\\/\"]}]},{\"@type\":\"ImageObject\",\"inLanguage\":\"fr-FR\",\"@id\":\"https:\\\/\\\/aliso.fr\\\/initiatives\\\/reactiver-lengagement\\\/#primaryimage\",\"url\":\"https:\\\/\\\/aliso.fr\\\/initiatives\\\/wp-content\\\/uploads\\\/sites\\\/2\\\/2022\\\/06\\\/affiche-def-5-juillet-2.png\",\"contentUrl\":\"https:\\\/\\\/aliso.fr\\\/initiatives\\\/wp-content\\\/uploads\\\/sites\\\/2\\\/2022\\\/06\\\/affiche-def-5-juillet-2.png\",\"width\":1414,\"height\":2000},{\"@type\":\"BreadcrumbList\",\"@id\":\"https:\\\/\\\/aliso.fr\\\/initiatives\\\/reactiver-lengagement\\\/#breadcrumb\",\"itemListElement\":[{\"@type\":\"ListItem\",\"position\":1,\"name\":\"Accueil\",\"item\":\"https:\\\/\\\/aliso.fr\\\/initiatives\\\/\"},{\"@type\":\"ListItem\",\"position\":2,\"name\":\"Ressources et outils\",\"item\":\"https:\\\/\\\/aliso.fr\\\/initiatives\\\/ressources-et-outils\\\/\"},{\"@type\":\"ListItem\",\"position\":3,\"name\":\"Vie associative\",\"item\":\"https:\\\/\\\/aliso.fr\\\/initiatives\\\/ressources-et-outils\\\/vie-associative\\\/\"},{\"@type\":\"ListItem\",\"position\":4,\"name\":\"[R\u00e9]Activer l&#8217;Engagement : 5 Juillet 2022, Masgot\"}]},{\"@type\":\"WebSite\",\"@id\":\"https:\\\/\\\/aliso.fr\\\/initiatives\\\/#website\",\"url\":\"https:\\\/\\\/aliso.fr\\\/initiatives\\\/\",\"name\":\"Aliso Initiatives\",\"description\":\"R\u00e9seau Creusois des acteurs du lien social\",\"publisher\":{\"@id\":\"https:\\\/\\\/aliso.fr\\\/initiatives\\\/#organization\"},\"potentialAction\":[{\"@type\":\"SearchAction\",\"target\":{\"@type\":\"EntryPoint\",\"urlTemplate\":\"https:\\\/\\\/aliso.fr\\\/initiatives\\\/?s={search_term_string}\"},\"query-input\":{\"@type\":\"PropertyValueSpecification\",\"valueRequired\":true,\"valueName\":\"search_term_string\"}}],\"inLanguage\":\"fr-FR\"},{\"@type\":\"Organization\",\"@id\":\"https:\\\/\\\/aliso.fr\\\/initiatives\\\/#organization\",\"name\":\"Aliso Initiatives\",\"url\":\"https:\\\/\\\/aliso.fr\\\/initiatives\\\/\",\"logo\":{\"@type\":\"ImageObject\",\"inLanguage\":\"fr-FR\",\"@id\":\"https:\\\/\\\/aliso.fr\\\/initiatives\\\/#\\\/schema\\\/logo\\\/image\\\/\",\"url\":\"https:\\\/\\\/aliso.fr\\\/initiatives\\\/wp-content\\\/uploads\\\/sites\\\/2\\\/2022\\\/01\\\/Logo-ALISO-Initiatives-2.png\",\"contentUrl\":\"https:\\\/\\\/aliso.fr\\\/initiatives\\\/wp-content\\\/uploads\\\/sites\\\/2\\\/2022\\\/01\\\/Logo-ALISO-Initiatives-2.png\",\"width\":900,\"height\":657,\"caption\":\"Aliso Initiatives\"},\"image\":{\"@id\":\"https:\\\/\\\/aliso.fr\\\/initiatives\\\/#\\\/schema\\\/logo\\\/image\\\/\"}},{\"@type\":\"Person\",\"@id\":\"https:\\\/\\\/aliso.fr\\\/initiatives\\\/#\\\/schema\\\/person\\\/056af145b9c52eee21a9f739489104a5\",\"name\":\"laure\"}]}<\/script>\n<!-- \/ Yoast SEO plugin. -->","yoast_head_json":{"title":"[R\u00e9]Activer l'Engagement : 5 Juillet 2022, Masgot - Aliso Initiatives","description":"Journ\u00e9e d'ateliers autour des moteurs de l'engagement au Village de Masgot Mardi 7 juin.","robots":{"index":"index","follow":"follow","max-snippet":"max-snippet:-1","max-image-preview":"max-image-preview:large","max-video-preview":"max-video-preview:-1"},"canonical":"https:\/\/aliso.fr\/initiatives\/reactiver-lengagement\/","og_locale":"fr_FR","og_type":"article","og_title":"[R\u00e9]Activer l'Engagement : 5 Juillet 2022, Masgot - Aliso Initiatives","og_description":"Journ\u00e9e d'ateliers autour des moteurs de l'engagement au Village de Masgot Mardi 7 juin.","og_url":"https:\/\/aliso.fr\/initiatives\/reactiver-lengagement\/","og_site_name":"Aliso Initiatives","article_published_time":"2022-06-23T10:45:00+00:00","article_modified_time":"2022-07-19T15:34:14+00:00","og_image":[{"width":1414,"height":2000,"url":"https:\/\/aliso.fr\/initiatives\/wp-content\/uploads\/sites\/2\/2022\/06\/affiche-def-5-juillet-2.png","type":"image\/png"}],"author":"laure","twitter_card":"summary_large_image","schema":{"@context":"https:\/\/schema.org","@graph":[{"@type":"Article","@id":"https:\/\/aliso.fr\/initiatives\/reactiver-lengagement\/#article","isPartOf":{"@id":"https:\/\/aliso.fr\/initiatives\/reactiver-lengagement\/"},"author":{"name":"laure","@id":"https:\/\/aliso.fr\/initiatives\/#\/schema\/person\/056af145b9c52eee21a9f739489104a5"},"headline":"[R\u00e9]Activer l&rsquo;Engagement : 5 Juillet 2022, Masgot","datePublished":"2022-06-23T10:45:00+00:00","dateModified":"2022-07-19T15:34:14+00:00","mainEntityOfPage":{"@id":"https:\/\/aliso.fr\/initiatives\/reactiver-lengagement\/"},"wordCount":246,"publisher":{"@id":"https:\/\/aliso.fr\/initiatives\/#organization"},"image":{"@id":"https:\/\/aliso.fr\/initiatives\/reactiver-lengagement\/#primaryimage"},"thumbnailUrl":"https:\/\/aliso.fr\/initiatives\/wp-content\/uploads\/sites\/2\/2022\/06\/affiche-def-5-juillet-2.png","articleSection":["Actualit\u00e9s","Se former, s\u2019informer","Vie associative"],"inLanguage":"fr-FR"},{"@type":"WebPage","@id":"https:\/\/aliso.fr\/initiatives\/reactiver-lengagement\/","url":"https:\/\/aliso.fr\/initiatives\/reactiver-lengagement\/","name":"[R\u00e9]Activer l'Engagement : 5 Juillet 2022, Masgot - Aliso Initiatives","isPartOf":{"@id":"https:\/\/aliso.fr\/initiatives\/#website"},"primaryImageOfPage":{"@id":"https:\/\/aliso.fr\/initiatives\/reactiver-lengagement\/#primaryimage"},"image":{"@id":"https:\/\/aliso.fr\/initiatives\/reactiver-lengagement\/#primaryimage"},"thumbnailUrl":"https:\/\/aliso.fr\/initiatives\/wp-content\/uploads\/sites\/2\/2022\/06\/affiche-def-5-juillet-2.png","datePublished":"2022-06-23T10:45:00+00:00","dateModified":"2022-07-19T15:34:14+00:00","description":"Journ\u00e9e d'ateliers autour des moteurs de l'engagement au Village de Masgot Mardi 7 juin.","breadcrumb":{"@id":"https:\/\/aliso.fr\/initiatives\/reactiver-lengagement\/#breadcrumb"},"inLanguage":"fr-FR","potentialAction":[{"@type":"ReadAction","target":["https:\/\/aliso.fr\/initiatives\/reactiver-lengagement\/"]}]},{"@type":"ImageObject","inLanguage":"fr-FR","@id":"https:\/\/aliso.fr\/initiatives\/reactiver-lengagement\/#primaryimage","url":"https:\/\/aliso.fr\/initiatives\/wp-content\/uploads\/sites\/2\/2022\/06\/affiche-def-5-juillet-2.png","contentUrl":"https:\/\/aliso.fr\/initiatives\/wp-content\/uploads\/sites\/2\/2022\/06\/affiche-def-5-juillet-2.png","width":1414,"height":2000},{"@type":"BreadcrumbList","@id":"https:\/\/aliso.fr\/initiatives\/reactiver-lengagement\/#breadcrumb","itemListElement":[{"@type":"ListItem","position":1,"name":"Accueil","item":"https:\/\/aliso.fr\/initiatives\/"},{"@type":"ListItem","position":2,"name":"Ressources et outils","item":"https:\/\/aliso.fr\/initiatives\/ressources-et-outils\/"},{"@type":"ListItem","position":3,"name":"Vie associative","item":"https:\/\/aliso.fr\/initiatives\/ressources-et-outils\/vie-associative\/"},{"@type":"ListItem","position":4,"name":"[R\u00e9]Activer l&#8217;Engagement : 5 Juillet 2022, Masgot"}]},{"@type":"WebSite","@id":"https:\/\/aliso.fr\/initiatives\/#website","url":"https:\/\/aliso.fr\/initiatives\/","name":"Aliso Initiatives","description":"R\u00e9seau Creusois des acteurs du lien social","publisher":{"@id":"https:\/\/aliso.fr\/initiatives\/#organization"},"potentialAction":[{"@type":"SearchAction","target":{"@type":"EntryPoint","urlTemplate":"https:\/\/aliso.fr\/initiatives\/?s={search_term_string}"},"query-input":{"@type":"PropertyValueSpecification","valueRequired":true,"valueName":"search_term_string"}}],"inLanguage":"fr-FR"},{"@type":"Organization","@id":"https:\/\/aliso.fr\/initiatives\/#organization","name":"Aliso Initiatives","url":"https:\/\/aliso.fr\/initiatives\/","logo":{"@type":"ImageObject","inLanguage":"fr-FR","@id":"https:\/\/aliso.fr\/initiatives\/#\/schema\/logo\/image\/","url":"https:\/\/aliso.fr\/initiatives\/wp-content\/uploads\/sites\/2\/2022\/01\/Logo-ALISO-Initiatives-2.png","contentUrl":"https:\/\/aliso.fr\/initiatives\/wp-content\/uploads\/sites\/2\/2022\/01\/Logo-ALISO-Initiatives-2.png","width":900,"height":657,"caption":"Aliso Initiatives"},"image":{"@id":"https:\/\/aliso.fr\/initiatives\/#\/schema\/logo\/image\/"}},{"@type":"Person","@id":"https:\/\/aliso.fr\/initiatives\/#\/schema\/person\/056af145b9c52eee21a9f739489104a5","name":"laure"}]}},"_links":{"self":[{"href":"https:\/\/aliso.fr\/initiatives\/wp-json\/wp\/v2\/posts\/1837","targetHints":{"allow":["GET"]}}],"collection":[{"href":"https:\/\/aliso.fr\/initiatives\/wp-json\/wp\/v2\/posts"}],"about":[{"href":"https:\/\/aliso.fr\/initiatives\/wp-json\/wp\/v2\/types\/post"}],"author":[{"embeddable":true,"href":"https:\/\/aliso.fr\/initiatives\/wp-json\/wp\/v2\/users\/3"}],"replies":[{"embeddable":true,"href":"https:\/\/aliso.fr\/initiatives\/wp-json\/wp\/v2\/comments?post=1837"}],"version-history":[{"count":5,"href":"https:\/\/aliso.fr\/initiatives\/wp-json\/wp\/v2\/posts\/1837\/revisions"}],"predecessor-version":[{"id":2076,"href":"https:\/\/aliso.fr\/initiatives\/wp-json\/wp\/v2\/posts\/1837\/revisions\/2076"}],"wp:featuredmedia":[{"embeddable":true,"href":"https:\/\/aliso.fr\/initiatives\/wp-json\/wp\/v2\/media\/2027"}],"wp:attachment":[{"href":"https:\/\/aliso.fr\/initiatives\/wp-json\/wp\/v2\/media?parent=1837"}],"wp:term":[{"taxonomy":"category","embeddable":true,"href":"https:\/\/aliso.fr\/initiatives\/wp-json\/wp\/v2\/categories?post=1837"},{"taxonomy":"post_tag","embeddable":true,"href":"https:\/\/aliso.fr\/initiatives\/wp-json\/wp\/v2\/tags?post=1837"}],"curies":[{"name":"wp","href":"https:\/\/api.w.org\/{rel}","templated":true}]}}