{"id":1850,"date":"2022-04-05T16:29:26","date_gmt":"2022-04-05T14:29:26","guid":{"rendered":"https:\/\/aliso.fr\/initiatives\/?p=1850"},"modified":"2022-04-05T16:39:10","modified_gmt":"2022-04-05T14:39:10","slug":"aides-couts-fixes","status":"publish","type":"post","link":"https:\/\/aliso.fr\/initiatives\/aides-couts-fixes\/","title":{"rendered":"Aides \u00ab\u00a0co\u00fbts fixes\u00a0\u00bb"},"content":{"rendered":"\n<p><strong>Deux aides exceptionnelles<\/strong> pour la prise en charge des co\u00fbts fixes des entreprises sous forme associative, ayant subi des pertes d\u2019exploitation importantes, seront ouvertes le <strong>14 avril 2022<\/strong>,<strong> pour une dur\u00e9e de deux semaines.<\/strong><\/p>\n\n\n\n<p>Si votre association a connu des difficult\u00e9s li\u00e9es \u00e0 la situation sanitaire durant les mois de janvier \u00e0 octobre 2021 et\/ou durant les mois de d\u00e9cembre 2021 et janvier 2022, ces aides sont faites pour vous.<\/p>\n\n\n\n<div id=\"https:\/\/www.ess-france.org\/system\/files\/inline-files\/Aides%20co%C3%BBts%20fixes%20associations%20-%20vdef.pdf\" class=\"wp-block-buttons is-content-justification-center is-layout-flex wp-container-core-buttons-is-layout-16018d1d wp-block-buttons-is-layout-flex\">\n<div class=\"wp-block-button is-style-outline is-style-outline--1\"><a class=\"wp-block-button__link\" href=\"https:\/\/www.ess-france.org\/system\/files\/inline-files\/Aides%20co%C3%BBts%20fixes%20associations%20-%20vdef.pdf\">En savoir + <\/a><\/div>\n<\/div>\n\n\n\n<p><br><em>Les demandes pourront \u00eatre d\u00e9pos\u00e9es \u00e0 partir du 14 avril 2022 et pour 2 semaines uniquement.<\/em><\/p>\n","protected":false},"excerpt":{"rendered":"<p>Deux aides exceptionnelles pour la prise en charge des co\u00fbts fixes des entreprises sous forme associative, ayant subi des pertes d\u2019exploitation importantes, seront ouvertes le 14 avril 2022, pour une dur\u00e9e de deux semaines. Si votre association a connu des difficult\u00e9s li\u00e9es \u00e0 la situation sanitaire durant les mois de janvier \u00e0 octobre 2021 et\/ou&#8230; <a class=\"excerpt-read-more button\" href=\"https:\/\/aliso.fr\/initiatives\/aides-couts-fixes\/\" title=\"ReadAides \u00ab\u00a0co\u00fbts fixes\u00a0\u00bb\">En savoir plus &raquo;<\/a><\/p>\n","protected":false},"author":5,"featured_media":1855,"comment_status":"closed","ping_status":"open","sticky":false,"template":"","format":"standard","meta":{"footnotes":""},"categories":[11,73],"tags":[],"class_list":["post-1850","post","type-post","status-publish","format-standard","has-post-thumbnail","hentry","category-actus","category-offres-emploi-appels-a-projets"],"yoast_head":"<!-- This site is optimized with the Yoast SEO plugin v27.5 - https:\/\/yoast.com\/product\/yoast-seo-wordpress\/ -->\n<title>Aides &quot;co\u00fbts fixes&quot; - Aliso Initiatives<\/title>\n<meta name=\"robots\" content=\"index, follow, max-snippet:-1, max-image-preview:large, max-video-preview:-1\" \/>\n<link rel=\"canonical\" href=\"https:\/\/aliso.fr\/initiatives\/aides-couts-fixes\/\" \/>\n<meta property=\"og:locale\" content=\"fr_FR\" \/>\n<meta property=\"og:type\" content=\"article\" \/>\n<meta property=\"og:title\" content=\"Aides &quot;co\u00fbts fixes&quot; - Aliso Initiatives\" \/>\n<meta property=\"og:description\" content=\"Deux aides exceptionnelles pour la prise en charge des co\u00fbts fixes des entreprises sous forme associative, ayant subi des pertes d\u2019exploitation importantes, seront ouvertes le 14 avril 2022, pour une dur\u00e9e de deux semaines. Si votre association a connu des difficult\u00e9s li\u00e9es \u00e0 la situation sanitaire durant les mois de janvier \u00e0 octobre 2021 et\/ou... En savoir plus &raquo;\" \/>\n<meta property=\"og:url\" content=\"https:\/\/aliso.fr\/initiatives\/aides-couts-fixes\/\" \/>\n<meta property=\"og:site_name\" content=\"Aliso Initiatives\" \/>\n<meta property=\"article:published_time\" content=\"2022-04-05T14:29:26+00:00\" \/>\n<meta property=\"article:modified_time\" content=\"2022-04-05T14:39:10+00:00\" \/>\n<meta property=\"og:image\" content=\"https:\/\/aliso.fr\/initiatives\/wp-content\/uploads\/sites\/2\/2022\/04\/etat.png\" \/>\n\t<meta property=\"og:image:width\" content=\"293\" \/>\n\t<meta property=\"og:image:height\" content=\"172\" \/>\n\t<meta property=\"og:image:type\" content=\"image\/png\" \/>\n<meta name=\"author\" content=\"pascal\" \/>\n<meta name=\"twitter:card\" content=\"summary_large_image\" \/>\n<script type=\"application\/ld+json\" class=\"yoast-schema-graph\">{\"@context\":\"https:\\\/\\\/schema.org\",\"@graph\":[{\"@type\":\"Article\",\"@id\":\"https:\\\/\\\/aliso.fr\\\/initiatives\\\/aides-couts-fixes\\\/#article\",\"isPartOf\":{\"@id\":\"https:\\\/\\\/aliso.fr\\\/initiatives\\\/aides-couts-fixes\\\/\"},\"author\":{\"name\":\"pascal\",\"@id\":\"https:\\\/\\\/aliso.fr\\\/initiatives\\\/#\\\/schema\\\/person\\\/ac5889082625d5c95b51fac19f3d9b86\"},\"headline\":\"Aides \u00ab\u00a0co\u00fbts fixes\u00a0\u00bb\",\"datePublished\":\"2022-04-05T14:29:26+00:00\",\"dateModified\":\"2022-04-05T14:39:10+00:00\",\"mainEntityOfPage\":{\"@id\":\"https:\\\/\\\/aliso.fr\\\/initiatives\\\/aides-couts-fixes\\\/\"},\"wordCount\":90,\"publisher\":{\"@id\":\"https:\\\/\\\/aliso.fr\\\/initiatives\\\/#organization\"},\"image\":{\"@id\":\"https:\\\/\\\/aliso.fr\\\/initiatives\\\/aides-couts-fixes\\\/#primaryimage\"},\"thumbnailUrl\":\"https:\\\/\\\/aliso.fr\\\/initiatives\\\/wp-content\\\/uploads\\\/sites\\\/2\\\/2022\\\/04\\\/etat.png\",\"articleSection\":[\"Actualit\u00e9s\",\"Appels \u00e0 projets\"],\"inLanguage\":\"fr-FR\"},{\"@type\":\"WebPage\",\"@id\":\"https:\\\/\\\/aliso.fr\\\/initiatives\\\/aides-couts-fixes\\\/\",\"url\":\"https:\\\/\\\/aliso.fr\\\/initiatives\\\/aides-couts-fixes\\\/\",\"name\":\"Aides \\\"co\u00fbts fixes\\\" - Aliso Initiatives\",\"isPartOf\":{\"@id\":\"https:\\\/\\\/aliso.fr\\\/initiatives\\\/#website\"},\"primaryImageOfPage\":{\"@id\":\"https:\\\/\\\/aliso.fr\\\/initiatives\\\/aides-couts-fixes\\\/#primaryimage\"},\"image\":{\"@id\":\"https:\\\/\\\/aliso.fr\\\/initiatives\\\/aides-couts-fixes\\\/#primaryimage\"},\"thumbnailUrl\":\"https:\\\/\\\/aliso.fr\\\/initiatives\\\/wp-content\\\/uploads\\\/sites\\\/2\\\/2022\\\/04\\\/etat.png\",\"datePublished\":\"2022-04-05T14:29:26+00:00\",\"dateModified\":\"2022-04-05T14:39:10+00:00\",\"breadcrumb\":{\"@id\":\"https:\\\/\\\/aliso.fr\\\/initiatives\\\/aides-couts-fixes\\\/#breadcrumb\"},\"inLanguage\":\"fr-FR\",\"potentialAction\":[{\"@type\":\"ReadAction\",\"target\":[\"https:\\\/\\\/aliso.fr\\\/initiatives\\\/aides-couts-fixes\\\/\"]}]},{\"@type\":\"ImageObject\",\"inLanguage\":\"fr-FR\",\"@id\":\"https:\\\/\\\/aliso.fr\\\/initiatives\\\/aides-couts-fixes\\\/#primaryimage\",\"url\":\"https:\\\/\\\/aliso.fr\\\/initiatives\\\/wp-content\\\/uploads\\\/sites\\\/2\\\/2022\\\/04\\\/etat.png\",\"contentUrl\":\"https:\\\/\\\/aliso.fr\\\/initiatives\\\/wp-content\\\/uploads\\\/sites\\\/2\\\/2022\\\/04\\\/etat.png\",\"width\":293,\"height\":172},{\"@type\":\"BreadcrumbList\",\"@id\":\"https:\\\/\\\/aliso.fr\\\/initiatives\\\/aides-couts-fixes\\\/#breadcrumb\",\"itemListElement\":[{\"@type\":\"ListItem\",\"position\":1,\"name\":\"Accueil\",\"item\":\"https:\\\/\\\/aliso.fr\\\/initiatives\\\/\"},{\"@type\":\"ListItem\",\"position\":2,\"name\":\"Actualit\u00e9s\",\"item\":\"https:\\\/\\\/aliso.fr\\\/initiatives\\\/actus\\\/\"},{\"@type\":\"ListItem\",\"position\":3,\"name\":\"Aides \u00ab\u00a0co\u00fbts fixes\u00a0\u00bb\"}]},{\"@type\":\"WebSite\",\"@id\":\"https:\\\/\\\/aliso.fr\\\/initiatives\\\/#website\",\"url\":\"https:\\\/\\\/aliso.fr\\\/initiatives\\\/\",\"name\":\"Aliso Initiatives\",\"description\":\"R\u00e9seau Creusois des acteurs du lien social\",\"publisher\":{\"@id\":\"https:\\\/\\\/aliso.fr\\\/initiatives\\\/#organization\"},\"potentialAction\":[{\"@type\":\"SearchAction\",\"target\":{\"@type\":\"EntryPoint\",\"urlTemplate\":\"https:\\\/\\\/aliso.fr\\\/initiatives\\\/?s={search_term_string}\"},\"query-input\":{\"@type\":\"PropertyValueSpecification\",\"valueRequired\":true,\"valueName\":\"search_term_string\"}}],\"inLanguage\":\"fr-FR\"},{\"@type\":\"Organization\",\"@id\":\"https:\\\/\\\/aliso.fr\\\/initiatives\\\/#organization\",\"name\":\"Aliso Initiatives\",\"url\":\"https:\\\/\\\/aliso.fr\\\/initiatives\\\/\",\"logo\":{\"@type\":\"ImageObject\",\"inLanguage\":\"fr-FR\",\"@id\":\"https:\\\/\\\/aliso.fr\\\/initiatives\\\/#\\\/schema\\\/logo\\\/image\\\/\",\"url\":\"https:\\\/\\\/aliso.fr\\\/initiatives\\\/wp-content\\\/uploads\\\/sites\\\/2\\\/2022\\\/01\\\/Logo-ALISO-Initiatives-2.png\",\"contentUrl\":\"https:\\\/\\\/aliso.fr\\\/initiatives\\\/wp-content\\\/uploads\\\/sites\\\/2\\\/2022\\\/01\\\/Logo-ALISO-Initiatives-2.png\",\"width\":900,\"height\":657,\"caption\":\"Aliso Initiatives\"},\"image\":{\"@id\":\"https:\\\/\\\/aliso.fr\\\/initiatives\\\/#\\\/schema\\\/logo\\\/image\\\/\"}},{\"@type\":\"Person\",\"@id\":\"https:\\\/\\\/aliso.fr\\\/initiatives\\\/#\\\/schema\\\/person\\\/ac5889082625d5c95b51fac19f3d9b86\",\"name\":\"pascal\"}]}<\/script>\n<!-- \/ Yoast SEO plugin. -->","yoast_head_json":{"title":"Aides \"co\u00fbts fixes\" - Aliso Initiatives","robots":{"index":"index","follow":"follow","max-snippet":"max-snippet:-1","max-image-preview":"max-image-preview:large","max-video-preview":"max-video-preview:-1"},"canonical":"https:\/\/aliso.fr\/initiatives\/aides-couts-fixes\/","og_locale":"fr_FR","og_type":"article","og_title":"Aides \"co\u00fbts fixes\" - Aliso Initiatives","og_description":"Deux aides exceptionnelles pour la prise en charge des co\u00fbts fixes des entreprises sous forme associative, ayant subi des pertes d\u2019exploitation importantes, seront ouvertes le 14 avril 2022, pour une dur\u00e9e de deux semaines. Si votre association a connu des difficult\u00e9s li\u00e9es \u00e0 la situation sanitaire durant les mois de janvier \u00e0 octobre 2021 et\/ou... En savoir plus &raquo;","og_url":"https:\/\/aliso.fr\/initiatives\/aides-couts-fixes\/","og_site_name":"Aliso Initiatives","article_published_time":"2022-04-05T14:29:26+00:00","article_modified_time":"2022-04-05T14:39:10+00:00","og_image":[{"width":293,"height":172,"url":"https:\/\/aliso.fr\/initiatives\/wp-content\/uploads\/sites\/2\/2022\/04\/etat.png","type":"image\/png"}],"author":"pascal","twitter_card":"summary_large_image","schema":{"@context":"https:\/\/schema.org","@graph":[{"@type":"Article","@id":"https:\/\/aliso.fr\/initiatives\/aides-couts-fixes\/#article","isPartOf":{"@id":"https:\/\/aliso.fr\/initiatives\/aides-couts-fixes\/"},"author":{"name":"pascal","@id":"https:\/\/aliso.fr\/initiatives\/#\/schema\/person\/ac5889082625d5c95b51fac19f3d9b86"},"headline":"Aides \u00ab\u00a0co\u00fbts fixes\u00a0\u00bb","datePublished":"2022-04-05T14:29:26+00:00","dateModified":"2022-04-05T14:39:10+00:00","mainEntityOfPage":{"@id":"https:\/\/aliso.fr\/initiatives\/aides-couts-fixes\/"},"wordCount":90,"publisher":{"@id":"https:\/\/aliso.fr\/initiatives\/#organization"},"image":{"@id":"https:\/\/aliso.fr\/initiatives\/aides-couts-fixes\/#primaryimage"},"thumbnailUrl":"https:\/\/aliso.fr\/initiatives\/wp-content\/uploads\/sites\/2\/2022\/04\/etat.png","articleSection":["Actualit\u00e9s","Appels \u00e0 projets"],"inLanguage":"fr-FR"},{"@type":"WebPage","@id":"https:\/\/aliso.fr\/initiatives\/aides-couts-fixes\/","url":"https:\/\/aliso.fr\/initiatives\/aides-couts-fixes\/","name":"Aides \"co\u00fbts fixes\" - Aliso Initiatives","isPartOf":{"@id":"https:\/\/aliso.fr\/initiatives\/#website"},"primaryImageOfPage":{"@id":"https:\/\/aliso.fr\/initiatives\/aides-couts-fixes\/#primaryimage"},"image":{"@id":"https:\/\/aliso.fr\/initiatives\/aides-couts-fixes\/#primaryimage"},"thumbnailUrl":"https:\/\/aliso.fr\/initiatives\/wp-content\/uploads\/sites\/2\/2022\/04\/etat.png","datePublished":"2022-04-05T14:29:26+00:00","dateModified":"2022-04-05T14:39:10+00:00","breadcrumb":{"@id":"https:\/\/aliso.fr\/initiatives\/aides-couts-fixes\/#breadcrumb"},"inLanguage":"fr-FR","potentialAction":[{"@type":"ReadAction","target":["https:\/\/aliso.fr\/initiatives\/aides-couts-fixes\/"]}]},{"@type":"ImageObject","inLanguage":"fr-FR","@id":"https:\/\/aliso.fr\/initiatives\/aides-couts-fixes\/#primaryimage","url":"https:\/\/aliso.fr\/initiatives\/wp-content\/uploads\/sites\/2\/2022\/04\/etat.png","contentUrl":"https:\/\/aliso.fr\/initiatives\/wp-content\/uploads\/sites\/2\/2022\/04\/etat.png","width":293,"height":172},{"@type":"BreadcrumbList","@id":"https:\/\/aliso.fr\/initiatives\/aides-couts-fixes\/#breadcrumb","itemListElement":[{"@type":"ListItem","position":1,"name":"Accueil","item":"https:\/\/aliso.fr\/initiatives\/"},{"@type":"ListItem","position":2,"name":"Actualit\u00e9s","item":"https:\/\/aliso.fr\/initiatives\/actus\/"},{"@type":"ListItem","position":3,"name":"Aides \u00ab\u00a0co\u00fbts fixes\u00a0\u00bb"}]},{"@type":"WebSite","@id":"https:\/\/aliso.fr\/initiatives\/#website","url":"https:\/\/aliso.fr\/initiatives\/","name":"Aliso Initiatives","description":"R\u00e9seau Creusois des acteurs du lien social","publisher":{"@id":"https:\/\/aliso.fr\/initiatives\/#organization"},"potentialAction":[{"@type":"SearchAction","target":{"@type":"EntryPoint","urlTemplate":"https:\/\/aliso.fr\/initiatives\/?s={search_term_string}"},"query-input":{"@type":"PropertyValueSpecification","valueRequired":true,"valueName":"search_term_string"}}],"inLanguage":"fr-FR"},{"@type":"Organization","@id":"https:\/\/aliso.fr\/initiatives\/#organization","name":"Aliso Initiatives","url":"https:\/\/aliso.fr\/initiatives\/","logo":{"@type":"ImageObject","inLanguage":"fr-FR","@id":"https:\/\/aliso.fr\/initiatives\/#\/schema\/logo\/image\/","url":"https:\/\/aliso.fr\/initiatives\/wp-content\/uploads\/sites\/2\/2022\/01\/Logo-ALISO-Initiatives-2.png","contentUrl":"https:\/\/aliso.fr\/initiatives\/wp-content\/uploads\/sites\/2\/2022\/01\/Logo-ALISO-Initiatives-2.png","width":900,"height":657,"caption":"Aliso Initiatives"},"image":{"@id":"https:\/\/aliso.fr\/initiatives\/#\/schema\/logo\/image\/"}},{"@type":"Person","@id":"https:\/\/aliso.fr\/initiatives\/#\/schema\/person\/ac5889082625d5c95b51fac19f3d9b86","name":"pascal"}]}},"_links":{"self":[{"href":"https:\/\/aliso.fr\/initiatives\/wp-json\/wp\/v2\/posts\/1850","targetHints":{"allow":["GET"]}}],"collection":[{"href":"https:\/\/aliso.fr\/initiatives\/wp-json\/wp\/v2\/posts"}],"about":[{"href":"https:\/\/aliso.fr\/initiatives\/wp-json\/wp\/v2\/types\/post"}],"author":[{"embeddable":true,"href":"https:\/\/aliso.fr\/initiatives\/wp-json\/wp\/v2\/users\/5"}],"replies":[{"embeddable":true,"href":"https:\/\/aliso.fr\/initiatives\/wp-json\/wp\/v2\/comments?post=1850"}],"version-history":[{"count":2,"href":"https:\/\/aliso.fr\/initiatives\/wp-json\/wp\/v2\/posts\/1850\/revisions"}],"predecessor-version":[{"id":1856,"href":"https:\/\/aliso.fr\/initiatives\/wp-json\/wp\/v2\/posts\/1850\/revisions\/1856"}],"wp:featuredmedia":[{"embeddable":true,"href":"https:\/\/aliso.fr\/initiatives\/wp-json\/wp\/v2\/media\/1855"}],"wp:attachment":[{"href":"https:\/\/aliso.fr\/initiatives\/wp-json\/wp\/v2\/media?parent=1850"}],"wp:term":[{"taxonomy":"category","embeddable":true,"href":"https:\/\/aliso.fr\/initiatives\/wp-json\/wp\/v2\/categories?post=1850"},{"taxonomy":"post_tag","embeddable":true,"href":"https:\/\/aliso.fr\/initiatives\/wp-json\/wp\/v2\/tags?post=1850"}],"curies":[{"name":"wp","href":"https:\/\/api.w.org\/{rel}","templated":true}]}}