{"id":1875,"date":"2022-04-05T17:38:36","date_gmt":"2022-04-05T15:38:36","guid":{"rendered":"https:\/\/aliso.fr\/initiatives\/?p=1875"},"modified":"2022-04-20T14:32:29","modified_gmt":"2022-04-20T12:32:29","slug":"11-avril-9h-12h-etre-responsable-benevole-dune-association","status":"publish","type":"post","link":"https:\/\/aliso.fr\/initiatives\/11-avril-9h-12h-etre-responsable-benevole-dune-association\/","title":{"rendered":"11 avril 9h-12h : \u00eatre responsable b\u00e9n\u00e9vole d&rsquo;une association"},"content":{"rendered":"\n<div class=\"wp-block-columns is-layout-flex wp-container-core-columns-is-layout-9d6595d7 wp-block-columns-is-layout-flex\">\n<div class=\"wp-block-column is-layout-flow wp-block-column-is-layout-flow\" style=\"flex-basis:50%\">\n<div class=\"wp-block-group\"><div class=\"wp-block-group__inner-container is-layout-flow wp-block-group-is-layout-flow\">\n<div class=\"wp-block-group\"><div class=\"wp-block-group__inner-container is-layout-flow wp-block-group-is-layout-flow\">\n<figure class=\"wp-block-pullquote\"><blockquote><p>Le RDV au Village de Masgot \u00e0 Frans\u00e8ches pour participer \u00e0 une session d&rsquo;\u00e9changes et d&rsquo;apports a permis de revenir sur les r\u00f4les, attentes, responsabilit\u00e9s d&rsquo;un dirigeant d&rsquo;association. Cette intervention d&rsquo;ALISO a \u00e9t\u00e9 propos\u00e9e par le Village de Masgot et le R\u00e9seau ALISO.<strong> <\/strong><\/p><\/blockquote><\/figure>\n\n\n\n<div class=\"wp-block-image\"><figure class=\"aligncenter size-large\"><img loading=\"lazy\" decoding=\"async\" width=\"1024\" height=\"768\" src=\"https:\/\/aliso.fr\/initiatives\/wp-content\/uploads\/sites\/2\/2022\/04\/IMG_20220411_115006-min-min-1-1024x768.jpg\" alt=\"\" class=\"wp-image-1942\" srcset=\"https:\/\/aliso.fr\/initiatives\/wp-content\/uploads\/sites\/2\/2022\/04\/IMG_20220411_115006-min-min-1-1024x768.jpg 1024w, https:\/\/aliso.fr\/initiatives\/wp-content\/uploads\/sites\/2\/2022\/04\/IMG_20220411_115006-min-min-1-300x225.jpg 300w, https:\/\/aliso.fr\/initiatives\/wp-content\/uploads\/sites\/2\/2022\/04\/IMG_20220411_115006-min-min-1-768x576.jpg 768w, https:\/\/aliso.fr\/initiatives\/wp-content\/uploads\/sites\/2\/2022\/04\/IMG_20220411_115006-min-min-1-1536x1152.jpg 1536w, https:\/\/aliso.fr\/initiatives\/wp-content\/uploads\/sites\/2\/2022\/04\/IMG_20220411_115006-min-min-1-2048x1536.jpg 2048w\" sizes=\"auto, (max-width: 1024px) 100vw, 1024px\" \/><figcaption>Intervention de l&rsquo;\u00e9quipe ALISO &#8211; lundi 11 Avril 2022 &#8211; <br>Aux c\u00f4t\u00e9s de b\u00e9n\u00e9voles responsables d&rsquo;associations locales<\/figcaption><\/figure><\/div>\n<\/div><\/div>\n<\/div><\/div>\n<\/div>\n\n\n\n<div class=\"wp-block-column is-layout-flow wp-block-column-is-layout-flow\" style=\"flex-basis:50%\">\n<div class=\"wp-block-image\"><figure class=\"aligncenter size-full is-resized\"><img loading=\"lazy\" decoding=\"async\" src=\"https:\/\/aliso.fr\/initiatives\/wp-content\/uploads\/sites\/2\/2022\/04\/role-et-responsabilites-dirigeants-11avril-9h-1.jpg\" alt=\"\" class=\"wp-image-1878\" width=\"426\" height=\"603\" srcset=\"https:\/\/aliso.fr\/initiatives\/wp-content\/uploads\/sites\/2\/2022\/04\/role-et-responsabilites-dirigeants-11avril-9h-1.jpg 1587w, https:\/\/aliso.fr\/initiatives\/wp-content\/uploads\/sites\/2\/2022\/04\/role-et-responsabilites-dirigeants-11avril-9h-1-212x300.jpg 212w, https:\/\/aliso.fr\/initiatives\/wp-content\/uploads\/sites\/2\/2022\/04\/role-et-responsabilites-dirigeants-11avril-9h-1-724x1024.jpg 724w, https:\/\/aliso.fr\/initiatives\/wp-content\/uploads\/sites\/2\/2022\/04\/role-et-responsabilites-dirigeants-11avril-9h-1-768x1086.jpg 768w, https:\/\/aliso.fr\/initiatives\/wp-content\/uploads\/sites\/2\/2022\/04\/role-et-responsabilites-dirigeants-11avril-9h-1-1086x1536.jpg 1086w, https:\/\/aliso.fr\/initiatives\/wp-content\/uploads\/sites\/2\/2022\/04\/role-et-responsabilites-dirigeants-11avril-9h-1-1448x2048.jpg 1448w\" sizes=\"auto, (max-width: 426px) 100vw, 426px\" \/><\/figure><\/div>\n<\/div>\n<\/div>\n\n\n\n<div class=\"wp-block-group\"><div class=\"wp-block-group__inner-container is-layout-flow wp-block-group-is-layout-flow\">\n<div class=\"wp-block-columns is-layout-flex wp-container-core-columns-is-layout-9d6595d7 wp-block-columns-is-layout-flex\">\n<div class=\"wp-block-column is-layout-flow wp-block-column-is-layout-flow\"><\/div>\n<\/div>\n<\/div><\/div>\n\n\n\n<p><\/p>\n","protected":false},"excerpt":{"rendered":"<p>Le RDV au Village de Masgot \u00e0 Frans\u00e8ches pour participer \u00e0 une session d&rsquo;\u00e9changes et d&rsquo;apports a permis de revenir sur les r\u00f4les, attentes, responsabilit\u00e9s d&rsquo;un dirigeant d&rsquo;association. Cette intervention d&rsquo;ALISO a \u00e9t\u00e9 propos\u00e9e par le Village de Masgot et le R\u00e9seau ALISO.<\/p>\n","protected":false},"author":5,"featured_media":1878,"comment_status":"closed","ping_status":"open","sticky":false,"template":"","format":"standard","meta":{"footnotes":""},"categories":[19,4],"tags":[],"class_list":["post-1875","post","type-post","status-publish","format-standard","has-post-thumbnail","hentry","category-se-former-sinformer","category-vie-associative"],"yoast_head":"<!-- This site is optimized with the Yoast SEO plugin v27.5 - https:\/\/yoast.com\/product\/yoast-seo-wordpress\/ -->\n<title>11 avril 9h-12h : \u00eatre responsable b\u00e9n\u00e9vole d&#039;une association - Aliso Initiatives<\/title>\n<meta name=\"robots\" content=\"index, follow, max-snippet:-1, max-image-preview:large, max-video-preview:-1\" \/>\n<link rel=\"canonical\" href=\"https:\/\/aliso.fr\/initiatives\/11-avril-9h-12h-etre-responsable-benevole-dune-association\/\" \/>\n<meta property=\"og:locale\" content=\"fr_FR\" \/>\n<meta property=\"og:type\" content=\"article\" \/>\n<meta property=\"og:title\" content=\"11 avril 9h-12h : \u00eatre responsable b\u00e9n\u00e9vole d&#039;une association - Aliso Initiatives\" \/>\n<meta property=\"og:description\" content=\"Le RDV au Village de Masgot \u00e0 Frans\u00e8ches pour participer \u00e0 une session d&rsquo;\u00e9changes et d&rsquo;apports a permis de revenir sur les r\u00f4les, attentes, responsabilit\u00e9s d&rsquo;un dirigeant d&rsquo;association. Cette intervention d&rsquo;ALISO a \u00e9t\u00e9 propos\u00e9e par le Village de Masgot et le R\u00e9seau ALISO.\" \/>\n<meta property=\"og:url\" content=\"https:\/\/aliso.fr\/initiatives\/11-avril-9h-12h-etre-responsable-benevole-dune-association\/\" \/>\n<meta property=\"og:site_name\" content=\"Aliso Initiatives\" \/>\n<meta property=\"article:published_time\" content=\"2022-04-05T15:38:36+00:00\" \/>\n<meta property=\"article:modified_time\" content=\"2022-04-20T12:32:29+00:00\" \/>\n<meta property=\"og:image\" content=\"https:\/\/aliso.fr\/initiatives\/wp-content\/uploads\/sites\/2\/2022\/04\/role-et-responsabilites-dirigeants-11avril-9h-1.jpg\" \/>\n\t<meta property=\"og:image:width\" content=\"1587\" \/>\n\t<meta property=\"og:image:height\" content=\"2245\" \/>\n\t<meta property=\"og:image:type\" content=\"image\/jpeg\" \/>\n<meta name=\"author\" content=\"pascal\" \/>\n<meta name=\"twitter:card\" content=\"summary_large_image\" \/>\n<script type=\"application\/ld+json\" class=\"yoast-schema-graph\">{\"@context\":\"https:\\\/\\\/schema.org\",\"@graph\":[{\"@type\":\"Article\",\"@id\":\"https:\\\/\\\/aliso.fr\\\/initiatives\\\/11-avril-9h-12h-etre-responsable-benevole-dune-association\\\/#article\",\"isPartOf\":{\"@id\":\"https:\\\/\\\/aliso.fr\\\/initiatives\\\/11-avril-9h-12h-etre-responsable-benevole-dune-association\\\/\"},\"author\":{\"name\":\"pascal\",\"@id\":\"https:\\\/\\\/aliso.fr\\\/initiatives\\\/#\\\/schema\\\/person\\\/ac5889082625d5c95b51fac19f3d9b86\"},\"headline\":\"11 avril 9h-12h : \u00eatre responsable b\u00e9n\u00e9vole d&rsquo;une association\",\"datePublished\":\"2022-04-05T15:38:36+00:00\",\"dateModified\":\"2022-04-20T12:32:29+00:00\",\"mainEntityOfPage\":{\"@id\":\"https:\\\/\\\/aliso.fr\\\/initiatives\\\/11-avril-9h-12h-etre-responsable-benevole-dune-association\\\/\"},\"wordCount\":83,\"publisher\":{\"@id\":\"https:\\\/\\\/aliso.fr\\\/initiatives\\\/#organization\"},\"image\":{\"@id\":\"https:\\\/\\\/aliso.fr\\\/initiatives\\\/11-avril-9h-12h-etre-responsable-benevole-dune-association\\\/#primaryimage\"},\"thumbnailUrl\":\"https:\\\/\\\/aliso.fr\\\/initiatives\\\/wp-content\\\/uploads\\\/sites\\\/2\\\/2022\\\/04\\\/role-et-responsabilites-dirigeants-11avril-9h-1.jpg\",\"articleSection\":[\"Se former, s\u2019informer\",\"Vie associative\"],\"inLanguage\":\"fr-FR\"},{\"@type\":\"WebPage\",\"@id\":\"https:\\\/\\\/aliso.fr\\\/initiatives\\\/11-avril-9h-12h-etre-responsable-benevole-dune-association\\\/\",\"url\":\"https:\\\/\\\/aliso.fr\\\/initiatives\\\/11-avril-9h-12h-etre-responsable-benevole-dune-association\\\/\",\"name\":\"11 avril 9h-12h : \u00eatre responsable b\u00e9n\u00e9vole d'une association - Aliso Initiatives\",\"isPartOf\":{\"@id\":\"https:\\\/\\\/aliso.fr\\\/initiatives\\\/#website\"},\"primaryImageOfPage\":{\"@id\":\"https:\\\/\\\/aliso.fr\\\/initiatives\\\/11-avril-9h-12h-etre-responsable-benevole-dune-association\\\/#primaryimage\"},\"image\":{\"@id\":\"https:\\\/\\\/aliso.fr\\\/initiatives\\\/11-avril-9h-12h-etre-responsable-benevole-dune-association\\\/#primaryimage\"},\"thumbnailUrl\":\"https:\\\/\\\/aliso.fr\\\/initiatives\\\/wp-content\\\/uploads\\\/sites\\\/2\\\/2022\\\/04\\\/role-et-responsabilites-dirigeants-11avril-9h-1.jpg\",\"datePublished\":\"2022-04-05T15:38:36+00:00\",\"dateModified\":\"2022-04-20T12:32:29+00:00\",\"breadcrumb\":{\"@id\":\"https:\\\/\\\/aliso.fr\\\/initiatives\\\/11-avril-9h-12h-etre-responsable-benevole-dune-association\\\/#breadcrumb\"},\"inLanguage\":\"fr-FR\",\"potentialAction\":[{\"@type\":\"ReadAction\",\"target\":[\"https:\\\/\\\/aliso.fr\\\/initiatives\\\/11-avril-9h-12h-etre-responsable-benevole-dune-association\\\/\"]}]},{\"@type\":\"ImageObject\",\"inLanguage\":\"fr-FR\",\"@id\":\"https:\\\/\\\/aliso.fr\\\/initiatives\\\/11-avril-9h-12h-etre-responsable-benevole-dune-association\\\/#primaryimage\",\"url\":\"https:\\\/\\\/aliso.fr\\\/initiatives\\\/wp-content\\\/uploads\\\/sites\\\/2\\\/2022\\\/04\\\/role-et-responsabilites-dirigeants-11avril-9h-1.jpg\",\"contentUrl\":\"https:\\\/\\\/aliso.fr\\\/initiatives\\\/wp-content\\\/uploads\\\/sites\\\/2\\\/2022\\\/04\\\/role-et-responsabilites-dirigeants-11avril-9h-1.jpg\",\"width\":1587,\"height\":2245},{\"@type\":\"BreadcrumbList\",\"@id\":\"https:\\\/\\\/aliso.fr\\\/initiatives\\\/11-avril-9h-12h-etre-responsable-benevole-dune-association\\\/#breadcrumb\",\"itemListElement\":[{\"@type\":\"ListItem\",\"position\":1,\"name\":\"Accueil\",\"item\":\"https:\\\/\\\/aliso.fr\\\/initiatives\\\/\"},{\"@type\":\"ListItem\",\"position\":2,\"name\":\"Se former, s\u2019informer\",\"item\":\"https:\\\/\\\/aliso.fr\\\/initiatives\\\/se-former-sinformer\\\/\"},{\"@type\":\"ListItem\",\"position\":3,\"name\":\"11 avril 9h-12h : \u00eatre responsable b\u00e9n\u00e9vole d&rsquo;une association\"}]},{\"@type\":\"WebSite\",\"@id\":\"https:\\\/\\\/aliso.fr\\\/initiatives\\\/#website\",\"url\":\"https:\\\/\\\/aliso.fr\\\/initiatives\\\/\",\"name\":\"Aliso Initiatives\",\"description\":\"R\u00e9seau Creusois des acteurs du lien social\",\"publisher\":{\"@id\":\"https:\\\/\\\/aliso.fr\\\/initiatives\\\/#organization\"},\"potentialAction\":[{\"@type\":\"SearchAction\",\"target\":{\"@type\":\"EntryPoint\",\"urlTemplate\":\"https:\\\/\\\/aliso.fr\\\/initiatives\\\/?s={search_term_string}\"},\"query-input\":{\"@type\":\"PropertyValueSpecification\",\"valueRequired\":true,\"valueName\":\"search_term_string\"}}],\"inLanguage\":\"fr-FR\"},{\"@type\":\"Organization\",\"@id\":\"https:\\\/\\\/aliso.fr\\\/initiatives\\\/#organization\",\"name\":\"Aliso Initiatives\",\"url\":\"https:\\\/\\\/aliso.fr\\\/initiatives\\\/\",\"logo\":{\"@type\":\"ImageObject\",\"inLanguage\":\"fr-FR\",\"@id\":\"https:\\\/\\\/aliso.fr\\\/initiatives\\\/#\\\/schema\\\/logo\\\/image\\\/\",\"url\":\"https:\\\/\\\/aliso.fr\\\/initiatives\\\/wp-content\\\/uploads\\\/sites\\\/2\\\/2022\\\/01\\\/Logo-ALISO-Initiatives-2.png\",\"contentUrl\":\"https:\\\/\\\/aliso.fr\\\/initiatives\\\/wp-content\\\/uploads\\\/sites\\\/2\\\/2022\\\/01\\\/Logo-ALISO-Initiatives-2.png\",\"width\":900,\"height\":657,\"caption\":\"Aliso Initiatives\"},\"image\":{\"@id\":\"https:\\\/\\\/aliso.fr\\\/initiatives\\\/#\\\/schema\\\/logo\\\/image\\\/\"}},{\"@type\":\"Person\",\"@id\":\"https:\\\/\\\/aliso.fr\\\/initiatives\\\/#\\\/schema\\\/person\\\/ac5889082625d5c95b51fac19f3d9b86\",\"name\":\"pascal\"}]}<\/script>\n<!-- \/ Yoast SEO plugin. -->","yoast_head_json":{"title":"11 avril 9h-12h : \u00eatre responsable b\u00e9n\u00e9vole d'une association - Aliso Initiatives","robots":{"index":"index","follow":"follow","max-snippet":"max-snippet:-1","max-image-preview":"max-image-preview:large","max-video-preview":"max-video-preview:-1"},"canonical":"https:\/\/aliso.fr\/initiatives\/11-avril-9h-12h-etre-responsable-benevole-dune-association\/","og_locale":"fr_FR","og_type":"article","og_title":"11 avril 9h-12h : \u00eatre responsable b\u00e9n\u00e9vole d'une association - Aliso Initiatives","og_description":"Le RDV au Village de Masgot \u00e0 Frans\u00e8ches pour participer \u00e0 une session d&rsquo;\u00e9changes et d&rsquo;apports a permis de revenir sur les r\u00f4les, attentes, responsabilit\u00e9s d&rsquo;un dirigeant d&rsquo;association. Cette intervention d&rsquo;ALISO a \u00e9t\u00e9 propos\u00e9e par le Village de Masgot et le R\u00e9seau ALISO.","og_url":"https:\/\/aliso.fr\/initiatives\/11-avril-9h-12h-etre-responsable-benevole-dune-association\/","og_site_name":"Aliso Initiatives","article_published_time":"2022-04-05T15:38:36+00:00","article_modified_time":"2022-04-20T12:32:29+00:00","og_image":[{"width":1587,"height":2245,"url":"https:\/\/aliso.fr\/initiatives\/wp-content\/uploads\/sites\/2\/2022\/04\/role-et-responsabilites-dirigeants-11avril-9h-1.jpg","type":"image\/jpeg"}],"author":"pascal","twitter_card":"summary_large_image","schema":{"@context":"https:\/\/schema.org","@graph":[{"@type":"Article","@id":"https:\/\/aliso.fr\/initiatives\/11-avril-9h-12h-etre-responsable-benevole-dune-association\/#article","isPartOf":{"@id":"https:\/\/aliso.fr\/initiatives\/11-avril-9h-12h-etre-responsable-benevole-dune-association\/"},"author":{"name":"pascal","@id":"https:\/\/aliso.fr\/initiatives\/#\/schema\/person\/ac5889082625d5c95b51fac19f3d9b86"},"headline":"11 avril 9h-12h : \u00eatre responsable b\u00e9n\u00e9vole d&rsquo;une association","datePublished":"2022-04-05T15:38:36+00:00","dateModified":"2022-04-20T12:32:29+00:00","mainEntityOfPage":{"@id":"https:\/\/aliso.fr\/initiatives\/11-avril-9h-12h-etre-responsable-benevole-dune-association\/"},"wordCount":83,"publisher":{"@id":"https:\/\/aliso.fr\/initiatives\/#organization"},"image":{"@id":"https:\/\/aliso.fr\/initiatives\/11-avril-9h-12h-etre-responsable-benevole-dune-association\/#primaryimage"},"thumbnailUrl":"https:\/\/aliso.fr\/initiatives\/wp-content\/uploads\/sites\/2\/2022\/04\/role-et-responsabilites-dirigeants-11avril-9h-1.jpg","articleSection":["Se former, s\u2019informer","Vie associative"],"inLanguage":"fr-FR"},{"@type":"WebPage","@id":"https:\/\/aliso.fr\/initiatives\/11-avril-9h-12h-etre-responsable-benevole-dune-association\/","url":"https:\/\/aliso.fr\/initiatives\/11-avril-9h-12h-etre-responsable-benevole-dune-association\/","name":"11 avril 9h-12h : \u00eatre responsable b\u00e9n\u00e9vole d'une association - Aliso Initiatives","isPartOf":{"@id":"https:\/\/aliso.fr\/initiatives\/#website"},"primaryImageOfPage":{"@id":"https:\/\/aliso.fr\/initiatives\/11-avril-9h-12h-etre-responsable-benevole-dune-association\/#primaryimage"},"image":{"@id":"https:\/\/aliso.fr\/initiatives\/11-avril-9h-12h-etre-responsable-benevole-dune-association\/#primaryimage"},"thumbnailUrl":"https:\/\/aliso.fr\/initiatives\/wp-content\/uploads\/sites\/2\/2022\/04\/role-et-responsabilites-dirigeants-11avril-9h-1.jpg","datePublished":"2022-04-05T15:38:36+00:00","dateModified":"2022-04-20T12:32:29+00:00","breadcrumb":{"@id":"https:\/\/aliso.fr\/initiatives\/11-avril-9h-12h-etre-responsable-benevole-dune-association\/#breadcrumb"},"inLanguage":"fr-FR","potentialAction":[{"@type":"ReadAction","target":["https:\/\/aliso.fr\/initiatives\/11-avril-9h-12h-etre-responsable-benevole-dune-association\/"]}]},{"@type":"ImageObject","inLanguage":"fr-FR","@id":"https:\/\/aliso.fr\/initiatives\/11-avril-9h-12h-etre-responsable-benevole-dune-association\/#primaryimage","url":"https:\/\/aliso.fr\/initiatives\/wp-content\/uploads\/sites\/2\/2022\/04\/role-et-responsabilites-dirigeants-11avril-9h-1.jpg","contentUrl":"https:\/\/aliso.fr\/initiatives\/wp-content\/uploads\/sites\/2\/2022\/04\/role-et-responsabilites-dirigeants-11avril-9h-1.jpg","width":1587,"height":2245},{"@type":"BreadcrumbList","@id":"https:\/\/aliso.fr\/initiatives\/11-avril-9h-12h-etre-responsable-benevole-dune-association\/#breadcrumb","itemListElement":[{"@type":"ListItem","position":1,"name":"Accueil","item":"https:\/\/aliso.fr\/initiatives\/"},{"@type":"ListItem","position":2,"name":"Se former, s\u2019informer","item":"https:\/\/aliso.fr\/initiatives\/se-former-sinformer\/"},{"@type":"ListItem","position":3,"name":"11 avril 9h-12h : \u00eatre responsable b\u00e9n\u00e9vole d&rsquo;une association"}]},{"@type":"WebSite","@id":"https:\/\/aliso.fr\/initiatives\/#website","url":"https:\/\/aliso.fr\/initiatives\/","name":"Aliso Initiatives","description":"R\u00e9seau Creusois des acteurs du lien social","publisher":{"@id":"https:\/\/aliso.fr\/initiatives\/#organization"},"potentialAction":[{"@type":"SearchAction","target":{"@type":"EntryPoint","urlTemplate":"https:\/\/aliso.fr\/initiatives\/?s={search_term_string}"},"query-input":{"@type":"PropertyValueSpecification","valueRequired":true,"valueName":"search_term_string"}}],"inLanguage":"fr-FR"},{"@type":"Organization","@id":"https:\/\/aliso.fr\/initiatives\/#organization","name":"Aliso Initiatives","url":"https:\/\/aliso.fr\/initiatives\/","logo":{"@type":"ImageObject","inLanguage":"fr-FR","@id":"https:\/\/aliso.fr\/initiatives\/#\/schema\/logo\/image\/","url":"https:\/\/aliso.fr\/initiatives\/wp-content\/uploads\/sites\/2\/2022\/01\/Logo-ALISO-Initiatives-2.png","contentUrl":"https:\/\/aliso.fr\/initiatives\/wp-content\/uploads\/sites\/2\/2022\/01\/Logo-ALISO-Initiatives-2.png","width":900,"height":657,"caption":"Aliso Initiatives"},"image":{"@id":"https:\/\/aliso.fr\/initiatives\/#\/schema\/logo\/image\/"}},{"@type":"Person","@id":"https:\/\/aliso.fr\/initiatives\/#\/schema\/person\/ac5889082625d5c95b51fac19f3d9b86","name":"pascal"}]}},"_links":{"self":[{"href":"https:\/\/aliso.fr\/initiatives\/wp-json\/wp\/v2\/posts\/1875","targetHints":{"allow":["GET"]}}],"collection":[{"href":"https:\/\/aliso.fr\/initiatives\/wp-json\/wp\/v2\/posts"}],"about":[{"href":"https:\/\/aliso.fr\/initiatives\/wp-json\/wp\/v2\/types\/post"}],"author":[{"embeddable":true,"href":"https:\/\/aliso.fr\/initiatives\/wp-json\/wp\/v2\/users\/5"}],"replies":[{"embeddable":true,"href":"https:\/\/aliso.fr\/initiatives\/wp-json\/wp\/v2\/comments?post=1875"}],"version-history":[{"count":5,"href":"https:\/\/aliso.fr\/initiatives\/wp-json\/wp\/v2\/posts\/1875\/revisions"}],"predecessor-version":[{"id":1946,"href":"https:\/\/aliso.fr\/initiatives\/wp-json\/wp\/v2\/posts\/1875\/revisions\/1946"}],"wp:featuredmedia":[{"embeddable":true,"href":"https:\/\/aliso.fr\/initiatives\/wp-json\/wp\/v2\/media\/1878"}],"wp:attachment":[{"href":"https:\/\/aliso.fr\/initiatives\/wp-json\/wp\/v2\/media?parent=1875"}],"wp:term":[{"taxonomy":"category","embeddable":true,"href":"https:\/\/aliso.fr\/initiatives\/wp-json\/wp\/v2\/categories?post=1875"},{"taxonomy":"post_tag","embeddable":true,"href":"https:\/\/aliso.fr\/initiatives\/wp-json\/wp\/v2\/tags?post=1875"}],"curies":[{"name":"wp","href":"https:\/\/api.w.org\/{rel}","templated":true}]}}