{"id":1987,"date":"2022-05-30T12:14:15","date_gmt":"2022-05-30T10:14:15","guid":{"rendered":"https:\/\/aliso.fr\/initiatives\/?p=1987"},"modified":"2022-06-02T10:17:14","modified_gmt":"2022-06-02T08:17:14","slug":"17-juin-journee-collectivites-et-ess","status":"publish","type":"post","link":"https:\/\/aliso.fr\/initiatives\/17-juin-journee-collectivites-et-ess\/","title":{"rendered":"17 Juin : Journ\u00e9e collectivit\u00e9s et ESS"},"content":{"rendered":"\n<p>Parce que les associations, coop\u00e9ratives et fondations sont des <a href=\"https:\/\/aliso.fr\/initiatives\/\" target=\"_blank\" rel=\"noreferrer noopener\">acteurs essentiels de l&rsquo;attractivit\u00e9 et de l&#8217;emploi sur le territoire Creusois<\/a>, il est temps d&rsquo;engager un dialogue de fond avec les collectivit\u00e9s : <\/p>\n\n\n\n<figure class=\"wp-block-image size-large\"><img loading=\"lazy\" decoding=\"async\" width=\"1024\" height=\"488\" src=\"https:\/\/aliso.fr\/initiatives\/wp-content\/uploads\/sites\/2\/2022\/05\/carton-invitation-flayat-2022-recto-1024x488.png\" alt=\"\" class=\"wp-image-1988\" srcset=\"https:\/\/aliso.fr\/initiatives\/wp-content\/uploads\/sites\/2\/2022\/05\/carton-invitation-flayat-2022-recto-1024x488.png 1024w, https:\/\/aliso.fr\/initiatives\/wp-content\/uploads\/sites\/2\/2022\/05\/carton-invitation-flayat-2022-recto-300x143.png 300w, https:\/\/aliso.fr\/initiatives\/wp-content\/uploads\/sites\/2\/2022\/05\/carton-invitation-flayat-2022-recto-768x366.png 768w, https:\/\/aliso.fr\/initiatives\/wp-content\/uploads\/sites\/2\/2022\/05\/carton-invitation-flayat-2022-recto-1536x731.png 1536w, https:\/\/aliso.fr\/initiatives\/wp-content\/uploads\/sites\/2\/2022\/05\/carton-invitation-flayat-2022-recto-2048x975.png 2048w\" sizes=\"auto, (max-width: 1024px) 100vw, 1024px\" \/><\/figure>\n\n\n\n<figure class=\"wp-block-image size-large\"><img loading=\"lazy\" decoding=\"async\" width=\"1024\" height=\"488\" src=\"https:\/\/aliso.fr\/initiatives\/wp-content\/uploads\/sites\/2\/2022\/05\/carton-invitation-Flayat-2022-1024x488.png\" alt=\"\" class=\"wp-image-1989\" srcset=\"https:\/\/aliso.fr\/initiatives\/wp-content\/uploads\/sites\/2\/2022\/05\/carton-invitation-Flayat-2022-1024x488.png 1024w, https:\/\/aliso.fr\/initiatives\/wp-content\/uploads\/sites\/2\/2022\/05\/carton-invitation-Flayat-2022-300x143.png 300w, https:\/\/aliso.fr\/initiatives\/wp-content\/uploads\/sites\/2\/2022\/05\/carton-invitation-Flayat-2022-768x366.png 768w, https:\/\/aliso.fr\/initiatives\/wp-content\/uploads\/sites\/2\/2022\/05\/carton-invitation-Flayat-2022-1536x731.png 1536w, https:\/\/aliso.fr\/initiatives\/wp-content\/uploads\/sites\/2\/2022\/05\/carton-invitation-Flayat-2022-2048x975.png 2048w\" sizes=\"auto, (max-width: 1024px) 100vw, 1024px\" \/><\/figure>\n","protected":false},"excerpt":{"rendered":"<p>Parce que les associations, coop\u00e9ratives et fondations sont des acteurs essentiels de l&rsquo;attractivit\u00e9 et de l&#8217;emploi sur le territoire Creusois, il est temps d&rsquo;engager un dialogue de fond avec les collectivit\u00e9s :<\/p>\n","protected":false},"author":5,"featured_media":1999,"comment_status":"closed","ping_status":"open","sticky":false,"template":"","format":"standard","meta":{"footnotes":""},"categories":[11,24],"tags":[],"class_list":["post-1987","post","type-post","status-publish","format-standard","has-post-thumbnail","hentry","category-actus","category-ess-creuse"],"yoast_head":"<!-- This site is optimized with the Yoast SEO plugin v27.5 - https:\/\/yoast.com\/product\/yoast-seo-wordpress\/ -->\n<title>17 Juin : Journ\u00e9e collectivit\u00e9s et ESS - Aliso Initiatives<\/title>\n<meta name=\"robots\" content=\"index, follow, max-snippet:-1, max-image-preview:large, max-video-preview:-1\" \/>\n<link rel=\"canonical\" href=\"https:\/\/aliso.fr\/initiatives\/17-juin-journee-collectivites-et-ess\/\" \/>\n<meta property=\"og:locale\" content=\"fr_FR\" \/>\n<meta property=\"og:type\" content=\"article\" \/>\n<meta property=\"og:title\" content=\"17 Juin : Journ\u00e9e collectivit\u00e9s et ESS - Aliso Initiatives\" \/>\n<meta property=\"og:description\" content=\"Parce que les associations, coop\u00e9ratives et fondations sont des acteurs essentiels de l&rsquo;attractivit\u00e9 et de l&#8217;emploi sur le territoire Creusois, il est temps d&rsquo;engager un dialogue de fond avec les collectivit\u00e9s :\" \/>\n<meta property=\"og:url\" content=\"https:\/\/aliso.fr\/initiatives\/17-juin-journee-collectivites-et-ess\/\" \/>\n<meta property=\"og:site_name\" content=\"Aliso Initiatives\" \/>\n<meta property=\"article:published_time\" content=\"2022-05-30T10:14:15+00:00\" \/>\n<meta property=\"article:modified_time\" content=\"2022-06-02T08:17:14+00:00\" \/>\n<meta property=\"og:image\" content=\"https:\/\/aliso.fr\/initiatives\/wp-content\/uploads\/sites\/2\/2022\/05\/carton-invitation-flayat-2022-reduit.jpg\" \/>\n\t<meta property=\"og:image:width\" content=\"970\" \/>\n\t<meta property=\"og:image:height\" content=\"271\" \/>\n\t<meta property=\"og:image:type\" content=\"image\/jpeg\" \/>\n<meta name=\"author\" content=\"pascal\" \/>\n<meta name=\"twitter:card\" content=\"summary_large_image\" \/>\n<script type=\"application\/ld+json\" class=\"yoast-schema-graph\">{\"@context\":\"https:\\\/\\\/schema.org\",\"@graph\":[{\"@type\":\"Article\",\"@id\":\"https:\\\/\\\/aliso.fr\\\/initiatives\\\/17-juin-journee-collectivites-et-ess\\\/#article\",\"isPartOf\":{\"@id\":\"https:\\\/\\\/aliso.fr\\\/initiatives\\\/17-juin-journee-collectivites-et-ess\\\/\"},\"author\":{\"name\":\"pascal\",\"@id\":\"https:\\\/\\\/aliso.fr\\\/initiatives\\\/#\\\/schema\\\/person\\\/ac5889082625d5c95b51fac19f3d9b86\"},\"headline\":\"17 Juin : Journ\u00e9e collectivit\u00e9s et ESS\",\"datePublished\":\"2022-05-30T10:14:15+00:00\",\"dateModified\":\"2022-06-02T08:17:14+00:00\",\"mainEntityOfPage\":{\"@id\":\"https:\\\/\\\/aliso.fr\\\/initiatives\\\/17-juin-journee-collectivites-et-ess\\\/\"},\"wordCount\":43,\"publisher\":{\"@id\":\"https:\\\/\\\/aliso.fr\\\/initiatives\\\/#organization\"},\"image\":{\"@id\":\"https:\\\/\\\/aliso.fr\\\/initiatives\\\/17-juin-journee-collectivites-et-ess\\\/#primaryimage\"},\"thumbnailUrl\":\"https:\\\/\\\/aliso.fr\\\/initiatives\\\/wp-content\\\/uploads\\\/sites\\\/2\\\/2022\\\/05\\\/carton-invitation-flayat-2022-reduit.jpg\",\"articleSection\":[\"Actualit\u00e9s\",\"L'ESS en Creuse\"],\"inLanguage\":\"fr-FR\"},{\"@type\":\"WebPage\",\"@id\":\"https:\\\/\\\/aliso.fr\\\/initiatives\\\/17-juin-journee-collectivites-et-ess\\\/\",\"url\":\"https:\\\/\\\/aliso.fr\\\/initiatives\\\/17-juin-journee-collectivites-et-ess\\\/\",\"name\":\"17 Juin : Journ\u00e9e collectivit\u00e9s et ESS - Aliso Initiatives\",\"isPartOf\":{\"@id\":\"https:\\\/\\\/aliso.fr\\\/initiatives\\\/#website\"},\"primaryImageOfPage\":{\"@id\":\"https:\\\/\\\/aliso.fr\\\/initiatives\\\/17-juin-journee-collectivites-et-ess\\\/#primaryimage\"},\"image\":{\"@id\":\"https:\\\/\\\/aliso.fr\\\/initiatives\\\/17-juin-journee-collectivites-et-ess\\\/#primaryimage\"},\"thumbnailUrl\":\"https:\\\/\\\/aliso.fr\\\/initiatives\\\/wp-content\\\/uploads\\\/sites\\\/2\\\/2022\\\/05\\\/carton-invitation-flayat-2022-reduit.jpg\",\"datePublished\":\"2022-05-30T10:14:15+00:00\",\"dateModified\":\"2022-06-02T08:17:14+00:00\",\"breadcrumb\":{\"@id\":\"https:\\\/\\\/aliso.fr\\\/initiatives\\\/17-juin-journee-collectivites-et-ess\\\/#breadcrumb\"},\"inLanguage\":\"fr-FR\",\"potentialAction\":[{\"@type\":\"ReadAction\",\"target\":[\"https:\\\/\\\/aliso.fr\\\/initiatives\\\/17-juin-journee-collectivites-et-ess\\\/\"]}]},{\"@type\":\"ImageObject\",\"inLanguage\":\"fr-FR\",\"@id\":\"https:\\\/\\\/aliso.fr\\\/initiatives\\\/17-juin-journee-collectivites-et-ess\\\/#primaryimage\",\"url\":\"https:\\\/\\\/aliso.fr\\\/initiatives\\\/wp-content\\\/uploads\\\/sites\\\/2\\\/2022\\\/05\\\/carton-invitation-flayat-2022-reduit.jpg\",\"contentUrl\":\"https:\\\/\\\/aliso.fr\\\/initiatives\\\/wp-content\\\/uploads\\\/sites\\\/2\\\/2022\\\/05\\\/carton-invitation-flayat-2022-reduit.jpg\",\"width\":970,\"height\":271},{\"@type\":\"BreadcrumbList\",\"@id\":\"https:\\\/\\\/aliso.fr\\\/initiatives\\\/17-juin-journee-collectivites-et-ess\\\/#breadcrumb\",\"itemListElement\":[{\"@type\":\"ListItem\",\"position\":1,\"name\":\"Accueil\",\"item\":\"https:\\\/\\\/aliso.fr\\\/initiatives\\\/\"},{\"@type\":\"ListItem\",\"position\":2,\"name\":\"Actualit\u00e9s\",\"item\":\"https:\\\/\\\/aliso.fr\\\/initiatives\\\/actus\\\/\"},{\"@type\":\"ListItem\",\"position\":3,\"name\":\"17 Juin : Journ\u00e9e collectivit\u00e9s et ESS\"}]},{\"@type\":\"WebSite\",\"@id\":\"https:\\\/\\\/aliso.fr\\\/initiatives\\\/#website\",\"url\":\"https:\\\/\\\/aliso.fr\\\/initiatives\\\/\",\"name\":\"Aliso Initiatives\",\"description\":\"R\u00e9seau Creusois des acteurs du lien social\",\"publisher\":{\"@id\":\"https:\\\/\\\/aliso.fr\\\/initiatives\\\/#organization\"},\"potentialAction\":[{\"@type\":\"SearchAction\",\"target\":{\"@type\":\"EntryPoint\",\"urlTemplate\":\"https:\\\/\\\/aliso.fr\\\/initiatives\\\/?s={search_term_string}\"},\"query-input\":{\"@type\":\"PropertyValueSpecification\",\"valueRequired\":true,\"valueName\":\"search_term_string\"}}],\"inLanguage\":\"fr-FR\"},{\"@type\":\"Organization\",\"@id\":\"https:\\\/\\\/aliso.fr\\\/initiatives\\\/#organization\",\"name\":\"Aliso Initiatives\",\"url\":\"https:\\\/\\\/aliso.fr\\\/initiatives\\\/\",\"logo\":{\"@type\":\"ImageObject\",\"inLanguage\":\"fr-FR\",\"@id\":\"https:\\\/\\\/aliso.fr\\\/initiatives\\\/#\\\/schema\\\/logo\\\/image\\\/\",\"url\":\"https:\\\/\\\/aliso.fr\\\/initiatives\\\/wp-content\\\/uploads\\\/sites\\\/2\\\/2022\\\/01\\\/Logo-ALISO-Initiatives-2.png\",\"contentUrl\":\"https:\\\/\\\/aliso.fr\\\/initiatives\\\/wp-content\\\/uploads\\\/sites\\\/2\\\/2022\\\/01\\\/Logo-ALISO-Initiatives-2.png\",\"width\":900,\"height\":657,\"caption\":\"Aliso Initiatives\"},\"image\":{\"@id\":\"https:\\\/\\\/aliso.fr\\\/initiatives\\\/#\\\/schema\\\/logo\\\/image\\\/\"}},{\"@type\":\"Person\",\"@id\":\"https:\\\/\\\/aliso.fr\\\/initiatives\\\/#\\\/schema\\\/person\\\/ac5889082625d5c95b51fac19f3d9b86\",\"name\":\"pascal\"}]}<\/script>\n<!-- \/ Yoast SEO plugin. -->","yoast_head_json":{"title":"17 Juin : Journ\u00e9e collectivit\u00e9s et ESS - Aliso Initiatives","robots":{"index":"index","follow":"follow","max-snippet":"max-snippet:-1","max-image-preview":"max-image-preview:large","max-video-preview":"max-video-preview:-1"},"canonical":"https:\/\/aliso.fr\/initiatives\/17-juin-journee-collectivites-et-ess\/","og_locale":"fr_FR","og_type":"article","og_title":"17 Juin : Journ\u00e9e collectivit\u00e9s et ESS - Aliso Initiatives","og_description":"Parce que les associations, coop\u00e9ratives et fondations sont des acteurs essentiels de l&rsquo;attractivit\u00e9 et de l&#8217;emploi sur le territoire Creusois, il est temps d&rsquo;engager un dialogue de fond avec les collectivit\u00e9s :","og_url":"https:\/\/aliso.fr\/initiatives\/17-juin-journee-collectivites-et-ess\/","og_site_name":"Aliso Initiatives","article_published_time":"2022-05-30T10:14:15+00:00","article_modified_time":"2022-06-02T08:17:14+00:00","og_image":[{"width":970,"height":271,"url":"https:\/\/aliso.fr\/initiatives\/wp-content\/uploads\/sites\/2\/2022\/05\/carton-invitation-flayat-2022-reduit.jpg","type":"image\/jpeg"}],"author":"pascal","twitter_card":"summary_large_image","schema":{"@context":"https:\/\/schema.org","@graph":[{"@type":"Article","@id":"https:\/\/aliso.fr\/initiatives\/17-juin-journee-collectivites-et-ess\/#article","isPartOf":{"@id":"https:\/\/aliso.fr\/initiatives\/17-juin-journee-collectivites-et-ess\/"},"author":{"name":"pascal","@id":"https:\/\/aliso.fr\/initiatives\/#\/schema\/person\/ac5889082625d5c95b51fac19f3d9b86"},"headline":"17 Juin : Journ\u00e9e collectivit\u00e9s et ESS","datePublished":"2022-05-30T10:14:15+00:00","dateModified":"2022-06-02T08:17:14+00:00","mainEntityOfPage":{"@id":"https:\/\/aliso.fr\/initiatives\/17-juin-journee-collectivites-et-ess\/"},"wordCount":43,"publisher":{"@id":"https:\/\/aliso.fr\/initiatives\/#organization"},"image":{"@id":"https:\/\/aliso.fr\/initiatives\/17-juin-journee-collectivites-et-ess\/#primaryimage"},"thumbnailUrl":"https:\/\/aliso.fr\/initiatives\/wp-content\/uploads\/sites\/2\/2022\/05\/carton-invitation-flayat-2022-reduit.jpg","articleSection":["Actualit\u00e9s","L'ESS en Creuse"],"inLanguage":"fr-FR"},{"@type":"WebPage","@id":"https:\/\/aliso.fr\/initiatives\/17-juin-journee-collectivites-et-ess\/","url":"https:\/\/aliso.fr\/initiatives\/17-juin-journee-collectivites-et-ess\/","name":"17 Juin : Journ\u00e9e collectivit\u00e9s et ESS - Aliso Initiatives","isPartOf":{"@id":"https:\/\/aliso.fr\/initiatives\/#website"},"primaryImageOfPage":{"@id":"https:\/\/aliso.fr\/initiatives\/17-juin-journee-collectivites-et-ess\/#primaryimage"},"image":{"@id":"https:\/\/aliso.fr\/initiatives\/17-juin-journee-collectivites-et-ess\/#primaryimage"},"thumbnailUrl":"https:\/\/aliso.fr\/initiatives\/wp-content\/uploads\/sites\/2\/2022\/05\/carton-invitation-flayat-2022-reduit.jpg","datePublished":"2022-05-30T10:14:15+00:00","dateModified":"2022-06-02T08:17:14+00:00","breadcrumb":{"@id":"https:\/\/aliso.fr\/initiatives\/17-juin-journee-collectivites-et-ess\/#breadcrumb"},"inLanguage":"fr-FR","potentialAction":[{"@type":"ReadAction","target":["https:\/\/aliso.fr\/initiatives\/17-juin-journee-collectivites-et-ess\/"]}]},{"@type":"ImageObject","inLanguage":"fr-FR","@id":"https:\/\/aliso.fr\/initiatives\/17-juin-journee-collectivites-et-ess\/#primaryimage","url":"https:\/\/aliso.fr\/initiatives\/wp-content\/uploads\/sites\/2\/2022\/05\/carton-invitation-flayat-2022-reduit.jpg","contentUrl":"https:\/\/aliso.fr\/initiatives\/wp-content\/uploads\/sites\/2\/2022\/05\/carton-invitation-flayat-2022-reduit.jpg","width":970,"height":271},{"@type":"BreadcrumbList","@id":"https:\/\/aliso.fr\/initiatives\/17-juin-journee-collectivites-et-ess\/#breadcrumb","itemListElement":[{"@type":"ListItem","position":1,"name":"Accueil","item":"https:\/\/aliso.fr\/initiatives\/"},{"@type":"ListItem","position":2,"name":"Actualit\u00e9s","item":"https:\/\/aliso.fr\/initiatives\/actus\/"},{"@type":"ListItem","position":3,"name":"17 Juin : Journ\u00e9e collectivit\u00e9s et ESS"}]},{"@type":"WebSite","@id":"https:\/\/aliso.fr\/initiatives\/#website","url":"https:\/\/aliso.fr\/initiatives\/","name":"Aliso Initiatives","description":"R\u00e9seau Creusois des acteurs du lien social","publisher":{"@id":"https:\/\/aliso.fr\/initiatives\/#organization"},"potentialAction":[{"@type":"SearchAction","target":{"@type":"EntryPoint","urlTemplate":"https:\/\/aliso.fr\/initiatives\/?s={search_term_string}"},"query-input":{"@type":"PropertyValueSpecification","valueRequired":true,"valueName":"search_term_string"}}],"inLanguage":"fr-FR"},{"@type":"Organization","@id":"https:\/\/aliso.fr\/initiatives\/#organization","name":"Aliso Initiatives","url":"https:\/\/aliso.fr\/initiatives\/","logo":{"@type":"ImageObject","inLanguage":"fr-FR","@id":"https:\/\/aliso.fr\/initiatives\/#\/schema\/logo\/image\/","url":"https:\/\/aliso.fr\/initiatives\/wp-content\/uploads\/sites\/2\/2022\/01\/Logo-ALISO-Initiatives-2.png","contentUrl":"https:\/\/aliso.fr\/initiatives\/wp-content\/uploads\/sites\/2\/2022\/01\/Logo-ALISO-Initiatives-2.png","width":900,"height":657,"caption":"Aliso Initiatives"},"image":{"@id":"https:\/\/aliso.fr\/initiatives\/#\/schema\/logo\/image\/"}},{"@type":"Person","@id":"https:\/\/aliso.fr\/initiatives\/#\/schema\/person\/ac5889082625d5c95b51fac19f3d9b86","name":"pascal"}]}},"_links":{"self":[{"href":"https:\/\/aliso.fr\/initiatives\/wp-json\/wp\/v2\/posts\/1987","targetHints":{"allow":["GET"]}}],"collection":[{"href":"https:\/\/aliso.fr\/initiatives\/wp-json\/wp\/v2\/posts"}],"about":[{"href":"https:\/\/aliso.fr\/initiatives\/wp-json\/wp\/v2\/types\/post"}],"author":[{"embeddable":true,"href":"https:\/\/aliso.fr\/initiatives\/wp-json\/wp\/v2\/users\/5"}],"replies":[{"embeddable":true,"href":"https:\/\/aliso.fr\/initiatives\/wp-json\/wp\/v2\/comments?post=1987"}],"version-history":[{"count":2,"href":"https:\/\/aliso.fr\/initiatives\/wp-json\/wp\/v2\/posts\/1987\/revisions"}],"predecessor-version":[{"id":1993,"href":"https:\/\/aliso.fr\/initiatives\/wp-json\/wp\/v2\/posts\/1987\/revisions\/1993"}],"wp:featuredmedia":[{"embeddable":true,"href":"https:\/\/aliso.fr\/initiatives\/wp-json\/wp\/v2\/media\/1999"}],"wp:attachment":[{"href":"https:\/\/aliso.fr\/initiatives\/wp-json\/wp\/v2\/media?parent=1987"}],"wp:term":[{"taxonomy":"category","embeddable":true,"href":"https:\/\/aliso.fr\/initiatives\/wp-json\/wp\/v2\/categories?post=1987"},{"taxonomy":"post_tag","embeddable":true,"href":"https:\/\/aliso.fr\/initiatives\/wp-json\/wp\/v2\/tags?post=1987"}],"curies":[{"name":"wp","href":"https:\/\/api.w.org\/{rel}","templated":true}]}}