{"id":2056,"date":"2022-07-10T11:48:00","date_gmt":"2022-07-10T09:48:00","guid":{"rendered":"https:\/\/aliso.fr\/initiatives\/?p=2056"},"modified":"2022-07-11T12:03:39","modified_gmt":"2022-07-11T10:03:39","slug":"la-region-relance-son-soutien-aux-tiers-lieux","status":"publish","type":"post","link":"https:\/\/aliso.fr\/initiatives\/la-region-relance-son-soutien-aux-tiers-lieux\/","title":{"rendered":"La R\u00e9gion relance son soutien aux Tiers Lieux"},"content":{"rendered":"\n<div class=\"wp-block-media-text alignwide has-media-on-the-right is-stacked-on-mobile\"><figure class=\"wp-block-media-text__media\"><img loading=\"lazy\" decoding=\"async\" width=\"393\" height=\"558\" src=\"https:\/\/aliso.fr\/initiatives\/wp-content\/uploads\/sites\/2\/2022\/07\/carte-TL-Region.png\" alt=\"\" class=\"wp-image-2057 size-full\" srcset=\"https:\/\/aliso.fr\/initiatives\/wp-content\/uploads\/sites\/2\/2022\/07\/carte-TL-Region.png 393w, https:\/\/aliso.fr\/initiatives\/wp-content\/uploads\/sites\/2\/2022\/07\/carte-TL-Region-211x300.png 211w\" sizes=\"auto, (max-width: 393px) 100vw, 393px\" \/><\/figure><div class=\"wp-block-media-text__content\">\n<p class=\"has-medium-font-size\">Un soutien qui s&rsquo;adresse :<\/p>\n\n\n\n<p class=\"has-medium-font-size\">&gt; \u00e0 des projets de tiers lieux en cr\u00e9ation dans les \u00ab\u00a0zones blanches\u00a0\u00bb r\u00e9pertori\u00e9s \u00e0 travers la carte ci-contre<\/p>\n\n\n\n<p>&gt; \u00e0 des projets port\u00e9s par des tiers lieux existants, qui souhaitent renforcer leur d\u00e9veloppement sur les axes suivants : Se former autrement \/ travailler et produire autrement dans l&rsquo;artisanat &amp; l&rsquo;agriculture \/ Exp\u00e9rimenter et innover<\/p>\n\n\n\n<p>D\u00e9p\u00f4t des projets \u00e0 partir de septembre 2022 jusqu&rsquo;\u00e0 sept.2024<\/p>\n\n\n\n<p>Pour en savoir + : <\/p>\n\n\n\n<p>L&rsquo;<a href=\"https:\/\/les-aides.nouvelle-aquitaine.fr\/amenagement-du-territoire\/ami-tiers-lieux-2022-2024?recherche=tiers%20lieu\" rel=\"sponsored nofollow\">Appel \u00e0 Manifestation d&rsquo;Int\u00e9r\u00eat Tiers lieux<\/a> \u00e9dit\u00e9 par la R\u00e9gion Nouvelle Aquitaine<\/p>\n\n\n\n<p>La <a href=\"https:\/\/coop.tierslieux.net\/\" rel=\"sponsored nofollow\">Coop des Tiers lieux<\/a>, site et r\u00e9seau r\u00e9gional ressources<\/p>\n\n\n\n<p>Le <a href=\"https:\/\/reseautela.org\/\" rel=\"sponsored nofollow\">R\u00e9seau Tela<\/a> pour vous accompagner sur le territoire Creusois.<\/p>\n\n\n\n<p> <\/p>\n<\/div><\/div>\n","protected":false},"excerpt":{"rendered":"<p>Un soutien qui s&rsquo;adresse : &gt; \u00e0 des projets de tiers lieux en cr\u00e9ation dans les \u00ab\u00a0zones blanches\u00a0\u00bb r\u00e9pertori\u00e9s \u00e0 travers la carte ci-contre &gt; \u00e0 des projets port\u00e9s par des tiers lieux existants, qui souhaitent renforcer leur d\u00e9veloppement sur les axes suivants : Se former autrement \/ travailler et produire autrement dans l&rsquo;artisanat &amp;&#8230; <a class=\"excerpt-read-more button\" href=\"https:\/\/aliso.fr\/initiatives\/la-region-relance-son-soutien-aux-tiers-lieux\/\" title=\"ReadLa R\u00e9gion relance son soutien aux Tiers Lieux\">En savoir plus &raquo;<\/a><\/p>\n","protected":false},"author":5,"featured_media":2057,"comment_status":"closed","ping_status":"open","sticky":false,"template":"","format":"standard","meta":{"footnotes":""},"categories":[11,73],"tags":[],"class_list":["post-2056","post","type-post","status-publish","format-standard","has-post-thumbnail","hentry","category-actus","category-offres-emploi-appels-a-projets"],"yoast_head":"<!-- This site is optimized with the Yoast SEO plugin v27.5 - https:\/\/yoast.com\/product\/yoast-seo-wordpress\/ -->\n<title>La R\u00e9gion relance son soutien aux Tiers Lieux - Aliso Initiatives<\/title>\n<meta name=\"robots\" content=\"index, follow, max-snippet:-1, max-image-preview:large, max-video-preview:-1\" \/>\n<link rel=\"canonical\" href=\"https:\/\/aliso.fr\/initiatives\/la-region-relance-son-soutien-aux-tiers-lieux\/\" \/>\n<meta property=\"og:locale\" content=\"fr_FR\" \/>\n<meta property=\"og:type\" content=\"article\" \/>\n<meta property=\"og:title\" content=\"La R\u00e9gion relance son soutien aux Tiers Lieux - Aliso Initiatives\" \/>\n<meta property=\"og:description\" content=\"Un soutien qui s&rsquo;adresse : &gt; \u00e0 des projets de tiers lieux en cr\u00e9ation dans les \u00ab\u00a0zones blanches\u00a0\u00bb r\u00e9pertori\u00e9s \u00e0 travers la carte ci-contre &gt; \u00e0 des projets port\u00e9s par des tiers lieux existants, qui souhaitent renforcer leur d\u00e9veloppement sur les axes suivants : Se former autrement \/ travailler et produire autrement dans l&rsquo;artisanat &amp;... En savoir plus &raquo;\" \/>\n<meta property=\"og:url\" content=\"https:\/\/aliso.fr\/initiatives\/la-region-relance-son-soutien-aux-tiers-lieux\/\" \/>\n<meta property=\"og:site_name\" content=\"Aliso Initiatives\" \/>\n<meta property=\"article:published_time\" content=\"2022-07-10T09:48:00+00:00\" \/>\n<meta property=\"article:modified_time\" content=\"2022-07-11T10:03:39+00:00\" \/>\n<meta property=\"og:image\" content=\"https:\/\/aliso.fr\/initiatives\/wp-content\/uploads\/sites\/2\/2022\/07\/carte-TL-Region.png\" \/>\n\t<meta property=\"og:image:width\" content=\"393\" \/>\n\t<meta property=\"og:image:height\" content=\"558\" \/>\n\t<meta property=\"og:image:type\" content=\"image\/png\" \/>\n<meta name=\"author\" content=\"pascal\" \/>\n<meta name=\"twitter:card\" content=\"summary_large_image\" \/>\n<script type=\"application\/ld+json\" class=\"yoast-schema-graph\">{\"@context\":\"https:\\\/\\\/schema.org\",\"@graph\":[{\"@type\":\"Article\",\"@id\":\"https:\\\/\\\/aliso.fr\\\/initiatives\\\/la-region-relance-son-soutien-aux-tiers-lieux\\\/#article\",\"isPartOf\":{\"@id\":\"https:\\\/\\\/aliso.fr\\\/initiatives\\\/la-region-relance-son-soutien-aux-tiers-lieux\\\/\"},\"author\":{\"name\":\"pascal\",\"@id\":\"https:\\\/\\\/aliso.fr\\\/initiatives\\\/#\\\/schema\\\/person\\\/ac5889082625d5c95b51fac19f3d9b86\"},\"headline\":\"La R\u00e9gion relance son soutien aux Tiers Lieux\",\"datePublished\":\"2022-07-10T09:48:00+00:00\",\"dateModified\":\"2022-07-11T10:03:39+00:00\",\"mainEntityOfPage\":{\"@id\":\"https:\\\/\\\/aliso.fr\\\/initiatives\\\/la-region-relance-son-soutien-aux-tiers-lieux\\\/\"},\"wordCount\":123,\"publisher\":{\"@id\":\"https:\\\/\\\/aliso.fr\\\/initiatives\\\/#organization\"},\"image\":{\"@id\":\"https:\\\/\\\/aliso.fr\\\/initiatives\\\/la-region-relance-son-soutien-aux-tiers-lieux\\\/#primaryimage\"},\"thumbnailUrl\":\"https:\\\/\\\/aliso.fr\\\/initiatives\\\/wp-content\\\/uploads\\\/sites\\\/2\\\/2022\\\/07\\\/carte-TL-Region.png\",\"articleSection\":[\"Actualit\u00e9s\",\"Appels \u00e0 projets\"],\"inLanguage\":\"fr-FR\"},{\"@type\":\"WebPage\",\"@id\":\"https:\\\/\\\/aliso.fr\\\/initiatives\\\/la-region-relance-son-soutien-aux-tiers-lieux\\\/\",\"url\":\"https:\\\/\\\/aliso.fr\\\/initiatives\\\/la-region-relance-son-soutien-aux-tiers-lieux\\\/\",\"name\":\"La R\u00e9gion relance son soutien aux Tiers Lieux - Aliso Initiatives\",\"isPartOf\":{\"@id\":\"https:\\\/\\\/aliso.fr\\\/initiatives\\\/#website\"},\"primaryImageOfPage\":{\"@id\":\"https:\\\/\\\/aliso.fr\\\/initiatives\\\/la-region-relance-son-soutien-aux-tiers-lieux\\\/#primaryimage\"},\"image\":{\"@id\":\"https:\\\/\\\/aliso.fr\\\/initiatives\\\/la-region-relance-son-soutien-aux-tiers-lieux\\\/#primaryimage\"},\"thumbnailUrl\":\"https:\\\/\\\/aliso.fr\\\/initiatives\\\/wp-content\\\/uploads\\\/sites\\\/2\\\/2022\\\/07\\\/carte-TL-Region.png\",\"datePublished\":\"2022-07-10T09:48:00+00:00\",\"dateModified\":\"2022-07-11T10:03:39+00:00\",\"breadcrumb\":{\"@id\":\"https:\\\/\\\/aliso.fr\\\/initiatives\\\/la-region-relance-son-soutien-aux-tiers-lieux\\\/#breadcrumb\"},\"inLanguage\":\"fr-FR\",\"potentialAction\":[{\"@type\":\"ReadAction\",\"target\":[\"https:\\\/\\\/aliso.fr\\\/initiatives\\\/la-region-relance-son-soutien-aux-tiers-lieux\\\/\"]}]},{\"@type\":\"ImageObject\",\"inLanguage\":\"fr-FR\",\"@id\":\"https:\\\/\\\/aliso.fr\\\/initiatives\\\/la-region-relance-son-soutien-aux-tiers-lieux\\\/#primaryimage\",\"url\":\"https:\\\/\\\/aliso.fr\\\/initiatives\\\/wp-content\\\/uploads\\\/sites\\\/2\\\/2022\\\/07\\\/carte-TL-Region.png\",\"contentUrl\":\"https:\\\/\\\/aliso.fr\\\/initiatives\\\/wp-content\\\/uploads\\\/sites\\\/2\\\/2022\\\/07\\\/carte-TL-Region.png\",\"width\":393,\"height\":558},{\"@type\":\"BreadcrumbList\",\"@id\":\"https:\\\/\\\/aliso.fr\\\/initiatives\\\/la-region-relance-son-soutien-aux-tiers-lieux\\\/#breadcrumb\",\"itemListElement\":[{\"@type\":\"ListItem\",\"position\":1,\"name\":\"Accueil\",\"item\":\"https:\\\/\\\/aliso.fr\\\/initiatives\\\/\"},{\"@type\":\"ListItem\",\"position\":2,\"name\":\"Actualit\u00e9s\",\"item\":\"https:\\\/\\\/aliso.fr\\\/initiatives\\\/actus\\\/\"},{\"@type\":\"ListItem\",\"position\":3,\"name\":\"La R\u00e9gion relance son soutien aux Tiers Lieux\"}]},{\"@type\":\"WebSite\",\"@id\":\"https:\\\/\\\/aliso.fr\\\/initiatives\\\/#website\",\"url\":\"https:\\\/\\\/aliso.fr\\\/initiatives\\\/\",\"name\":\"Aliso Initiatives\",\"description\":\"R\u00e9seau Creusois des acteurs du lien social\",\"publisher\":{\"@id\":\"https:\\\/\\\/aliso.fr\\\/initiatives\\\/#organization\"},\"potentialAction\":[{\"@type\":\"SearchAction\",\"target\":{\"@type\":\"EntryPoint\",\"urlTemplate\":\"https:\\\/\\\/aliso.fr\\\/initiatives\\\/?s={search_term_string}\"},\"query-input\":{\"@type\":\"PropertyValueSpecification\",\"valueRequired\":true,\"valueName\":\"search_term_string\"}}],\"inLanguage\":\"fr-FR\"},{\"@type\":\"Organization\",\"@id\":\"https:\\\/\\\/aliso.fr\\\/initiatives\\\/#organization\",\"name\":\"Aliso Initiatives\",\"url\":\"https:\\\/\\\/aliso.fr\\\/initiatives\\\/\",\"logo\":{\"@type\":\"ImageObject\",\"inLanguage\":\"fr-FR\",\"@id\":\"https:\\\/\\\/aliso.fr\\\/initiatives\\\/#\\\/schema\\\/logo\\\/image\\\/\",\"url\":\"https:\\\/\\\/aliso.fr\\\/initiatives\\\/wp-content\\\/uploads\\\/sites\\\/2\\\/2022\\\/01\\\/Logo-ALISO-Initiatives-2.png\",\"contentUrl\":\"https:\\\/\\\/aliso.fr\\\/initiatives\\\/wp-content\\\/uploads\\\/sites\\\/2\\\/2022\\\/01\\\/Logo-ALISO-Initiatives-2.png\",\"width\":900,\"height\":657,\"caption\":\"Aliso Initiatives\"},\"image\":{\"@id\":\"https:\\\/\\\/aliso.fr\\\/initiatives\\\/#\\\/schema\\\/logo\\\/image\\\/\"}},{\"@type\":\"Person\",\"@id\":\"https:\\\/\\\/aliso.fr\\\/initiatives\\\/#\\\/schema\\\/person\\\/ac5889082625d5c95b51fac19f3d9b86\",\"name\":\"pascal\"}]}<\/script>\n<!-- \/ Yoast SEO plugin. -->","yoast_head_json":{"title":"La R\u00e9gion relance son soutien aux Tiers Lieux - Aliso Initiatives","robots":{"index":"index","follow":"follow","max-snippet":"max-snippet:-1","max-image-preview":"max-image-preview:large","max-video-preview":"max-video-preview:-1"},"canonical":"https:\/\/aliso.fr\/initiatives\/la-region-relance-son-soutien-aux-tiers-lieux\/","og_locale":"fr_FR","og_type":"article","og_title":"La R\u00e9gion relance son soutien aux Tiers Lieux - Aliso Initiatives","og_description":"Un soutien qui s&rsquo;adresse : &gt; \u00e0 des projets de tiers lieux en cr\u00e9ation dans les \u00ab\u00a0zones blanches\u00a0\u00bb r\u00e9pertori\u00e9s \u00e0 travers la carte ci-contre &gt; \u00e0 des projets port\u00e9s par des tiers lieux existants, qui souhaitent renforcer leur d\u00e9veloppement sur les axes suivants : Se former autrement \/ travailler et produire autrement dans l&rsquo;artisanat &amp;... En savoir plus &raquo;","og_url":"https:\/\/aliso.fr\/initiatives\/la-region-relance-son-soutien-aux-tiers-lieux\/","og_site_name":"Aliso Initiatives","article_published_time":"2022-07-10T09:48:00+00:00","article_modified_time":"2022-07-11T10:03:39+00:00","og_image":[{"width":393,"height":558,"url":"https:\/\/aliso.fr\/initiatives\/wp-content\/uploads\/sites\/2\/2022\/07\/carte-TL-Region.png","type":"image\/png"}],"author":"pascal","twitter_card":"summary_large_image","schema":{"@context":"https:\/\/schema.org","@graph":[{"@type":"Article","@id":"https:\/\/aliso.fr\/initiatives\/la-region-relance-son-soutien-aux-tiers-lieux\/#article","isPartOf":{"@id":"https:\/\/aliso.fr\/initiatives\/la-region-relance-son-soutien-aux-tiers-lieux\/"},"author":{"name":"pascal","@id":"https:\/\/aliso.fr\/initiatives\/#\/schema\/person\/ac5889082625d5c95b51fac19f3d9b86"},"headline":"La R\u00e9gion relance son soutien aux Tiers Lieux","datePublished":"2022-07-10T09:48:00+00:00","dateModified":"2022-07-11T10:03:39+00:00","mainEntityOfPage":{"@id":"https:\/\/aliso.fr\/initiatives\/la-region-relance-son-soutien-aux-tiers-lieux\/"},"wordCount":123,"publisher":{"@id":"https:\/\/aliso.fr\/initiatives\/#organization"},"image":{"@id":"https:\/\/aliso.fr\/initiatives\/la-region-relance-son-soutien-aux-tiers-lieux\/#primaryimage"},"thumbnailUrl":"https:\/\/aliso.fr\/initiatives\/wp-content\/uploads\/sites\/2\/2022\/07\/carte-TL-Region.png","articleSection":["Actualit\u00e9s","Appels \u00e0 projets"],"inLanguage":"fr-FR"},{"@type":"WebPage","@id":"https:\/\/aliso.fr\/initiatives\/la-region-relance-son-soutien-aux-tiers-lieux\/","url":"https:\/\/aliso.fr\/initiatives\/la-region-relance-son-soutien-aux-tiers-lieux\/","name":"La R\u00e9gion relance son soutien aux Tiers Lieux - Aliso Initiatives","isPartOf":{"@id":"https:\/\/aliso.fr\/initiatives\/#website"},"primaryImageOfPage":{"@id":"https:\/\/aliso.fr\/initiatives\/la-region-relance-son-soutien-aux-tiers-lieux\/#primaryimage"},"image":{"@id":"https:\/\/aliso.fr\/initiatives\/la-region-relance-son-soutien-aux-tiers-lieux\/#primaryimage"},"thumbnailUrl":"https:\/\/aliso.fr\/initiatives\/wp-content\/uploads\/sites\/2\/2022\/07\/carte-TL-Region.png","datePublished":"2022-07-10T09:48:00+00:00","dateModified":"2022-07-11T10:03:39+00:00","breadcrumb":{"@id":"https:\/\/aliso.fr\/initiatives\/la-region-relance-son-soutien-aux-tiers-lieux\/#breadcrumb"},"inLanguage":"fr-FR","potentialAction":[{"@type":"ReadAction","target":["https:\/\/aliso.fr\/initiatives\/la-region-relance-son-soutien-aux-tiers-lieux\/"]}]},{"@type":"ImageObject","inLanguage":"fr-FR","@id":"https:\/\/aliso.fr\/initiatives\/la-region-relance-son-soutien-aux-tiers-lieux\/#primaryimage","url":"https:\/\/aliso.fr\/initiatives\/wp-content\/uploads\/sites\/2\/2022\/07\/carte-TL-Region.png","contentUrl":"https:\/\/aliso.fr\/initiatives\/wp-content\/uploads\/sites\/2\/2022\/07\/carte-TL-Region.png","width":393,"height":558},{"@type":"BreadcrumbList","@id":"https:\/\/aliso.fr\/initiatives\/la-region-relance-son-soutien-aux-tiers-lieux\/#breadcrumb","itemListElement":[{"@type":"ListItem","position":1,"name":"Accueil","item":"https:\/\/aliso.fr\/initiatives\/"},{"@type":"ListItem","position":2,"name":"Actualit\u00e9s","item":"https:\/\/aliso.fr\/initiatives\/actus\/"},{"@type":"ListItem","position":3,"name":"La R\u00e9gion relance son soutien aux Tiers Lieux"}]},{"@type":"WebSite","@id":"https:\/\/aliso.fr\/initiatives\/#website","url":"https:\/\/aliso.fr\/initiatives\/","name":"Aliso Initiatives","description":"R\u00e9seau Creusois des acteurs du lien social","publisher":{"@id":"https:\/\/aliso.fr\/initiatives\/#organization"},"potentialAction":[{"@type":"SearchAction","target":{"@type":"EntryPoint","urlTemplate":"https:\/\/aliso.fr\/initiatives\/?s={search_term_string}"},"query-input":{"@type":"PropertyValueSpecification","valueRequired":true,"valueName":"search_term_string"}}],"inLanguage":"fr-FR"},{"@type":"Organization","@id":"https:\/\/aliso.fr\/initiatives\/#organization","name":"Aliso Initiatives","url":"https:\/\/aliso.fr\/initiatives\/","logo":{"@type":"ImageObject","inLanguage":"fr-FR","@id":"https:\/\/aliso.fr\/initiatives\/#\/schema\/logo\/image\/","url":"https:\/\/aliso.fr\/initiatives\/wp-content\/uploads\/sites\/2\/2022\/01\/Logo-ALISO-Initiatives-2.png","contentUrl":"https:\/\/aliso.fr\/initiatives\/wp-content\/uploads\/sites\/2\/2022\/01\/Logo-ALISO-Initiatives-2.png","width":900,"height":657,"caption":"Aliso Initiatives"},"image":{"@id":"https:\/\/aliso.fr\/initiatives\/#\/schema\/logo\/image\/"}},{"@type":"Person","@id":"https:\/\/aliso.fr\/initiatives\/#\/schema\/person\/ac5889082625d5c95b51fac19f3d9b86","name":"pascal"}]}},"_links":{"self":[{"href":"https:\/\/aliso.fr\/initiatives\/wp-json\/wp\/v2\/posts\/2056","targetHints":{"allow":["GET"]}}],"collection":[{"href":"https:\/\/aliso.fr\/initiatives\/wp-json\/wp\/v2\/posts"}],"about":[{"href":"https:\/\/aliso.fr\/initiatives\/wp-json\/wp\/v2\/types\/post"}],"author":[{"embeddable":true,"href":"https:\/\/aliso.fr\/initiatives\/wp-json\/wp\/v2\/users\/5"}],"replies":[{"embeddable":true,"href":"https:\/\/aliso.fr\/initiatives\/wp-json\/wp\/v2\/comments?post=2056"}],"version-history":[{"count":1,"href":"https:\/\/aliso.fr\/initiatives\/wp-json\/wp\/v2\/posts\/2056\/revisions"}],"predecessor-version":[{"id":2058,"href":"https:\/\/aliso.fr\/initiatives\/wp-json\/wp\/v2\/posts\/2056\/revisions\/2058"}],"wp:featuredmedia":[{"embeddable":true,"href":"https:\/\/aliso.fr\/initiatives\/wp-json\/wp\/v2\/media\/2057"}],"wp:attachment":[{"href":"https:\/\/aliso.fr\/initiatives\/wp-json\/wp\/v2\/media?parent=2056"}],"wp:term":[{"taxonomy":"category","embeddable":true,"href":"https:\/\/aliso.fr\/initiatives\/wp-json\/wp\/v2\/categories?post=2056"},{"taxonomy":"post_tag","embeddable":true,"href":"https:\/\/aliso.fr\/initiatives\/wp-json\/wp\/v2\/tags?post=2056"}],"curies":[{"name":"wp","href":"https:\/\/api.w.org\/{rel}","templated":true}]}}