{"id":2227,"date":"2022-10-22T17:50:00","date_gmt":"2022-10-22T15:50:00","guid":{"rendered":"https:\/\/aliso.fr\/initiatives\/?p=2227"},"modified":"2023-02-06T15:14:33","modified_gmt":"2023-02-06T14:14:33","slug":"28-29-nov-se-familiariser-a-la-culture-comptable","status":"publish","type":"post","link":"https:\/\/aliso.fr\/initiatives\/28-29-nov-se-familiariser-a-la-culture-comptable\/","title":{"rendered":"[28-29 nov.] Se familiariser \u00e0 la culture comptable"},"content":{"rendered":"\n<div class=\"wp-block-media-text alignwide has-media-on-the-right is-stacked-on-mobile\"><div class=\"wp-block-media-text__content\">\n<p>Une formation propos\u00e9e par <a href=\"https:\/\/associationpivoine.wordpress.com\/\" target=\"_blank\" rel=\"noreferrer noopener\"><strong>Pivoine<\/strong><\/a>, les<\/p>\n\n\n\n<pre class=\"wp-block-code\"><code>28 et 29 novembre 2022 \u2013 sur la commune de Felletin (23).<\/code><\/pre>\n\n\n\n<p>Vous \u00eates b\u00e9n\u00e9vole ou salari\u00e9 dans une association, vous auriez besoin de faire un peu de comptabilit\u00e9 pour votre structure, et vous ne savez pas comment vous y prendre ? Cette intiation est faite pour vous !<\/p>\n\n\n\n<p>Vous pouvez vous inscrire en envoyant un mail \u00e0 c&#111;&#110;&#116;&#x61;&#x63;&#x74;&#46;p&#105;&#118;&#x6f;&#x69;&#x6e;&#x65;&#64;i&#108;&#105;&#x63;&#x6f;&#x2e;&#x6f;r&#103;. Merci de nous pr\u00e9ciser l&rsquo;association dans laquelle vous \u00eates pour une \u00e9ventuelle prise en charge.<\/p>\n\n\n\n<hr class=\"wp-block-separator has-alpha-channel-opacity\" \/>\n\n\n\n<p>OBJECTIF(S) VIS\u00c9(S)<\/p>\n\n\n\n<ul class=\"wp-block-list\">\n<li>Comprendre les principes de base de la comptabilit\u00e9 et le vocabulaire associ\u00e9.<\/li>\n\n\n\n<li>Approcher la r\u00e9daction des \u00e9critures et la circulation dans l\u2019environnement comptable.<\/li>\n<\/ul>\n\n\n\n<p>CONTENU<\/p>\n\n\n\n<p>\/\/ Jour 1<\/p>\n\n\n\n<p>Jeu pour passer de la comptabilit\u00e9 intuitive \u00e0 l\u2019introduction du vocabulaire comptable<\/p>\n\n\n\n<p>Apprentissage des \u00e9critures comptables : comment enregistrer un op\u00e9ration financi\u00e8re<\/p>\n\n\n\n<p>\/\/ Jour 2<\/p>\n\n\n\n<p>Aspects juridiques (obligations l\u00e9gales) et administratifs (organisation des papiers et du bureau)<\/p>\n\n\n\n<p>Ecritures particuli\u00e8res selon les besoins (immobilisations, paie, amortissements)<\/p>\n<\/div><figure class=\"wp-block-media-text__media\"><img loading=\"lazy\" decoding=\"async\" width=\"150\" height=\"134\" src=\"https:\/\/aliso.fr\/initiatives\/wp-content\/uploads\/sites\/2\/2022\/03\/logo-pivoine.jpg\" alt=\"\" class=\"wp-image-1775 size-full\" \/><\/figure><\/div>\n","protected":false},"excerpt":{"rendered":"","protected":false},"author":5,"featured_media":1775,"comment_status":"closed","ping_status":"open","sticky":false,"template":"","format":"standard","meta":{"footnotes":""},"categories":[11,5,19],"tags":[],"class_list":["post-2227","post","type-post","status-publish","format-standard","has-post-thumbnail","hentry","category-actus","category-gestion","category-se-former-sinformer"],"yoast_head":"<!-- This site is optimized with the Yoast SEO plugin v27.5 - https:\/\/yoast.com\/product\/yoast-seo-wordpress\/ -->\n<title>[28-29 nov.] Se familiariser \u00e0 la culture comptable - Aliso Initiatives<\/title>\n<meta name=\"robots\" content=\"index, follow, max-snippet:-1, max-image-preview:large, max-video-preview:-1\" \/>\n<link rel=\"canonical\" href=\"https:\/\/aliso.fr\/initiatives\/28-29-nov-se-familiariser-a-la-culture-comptable\/\" \/>\n<meta property=\"og:locale\" content=\"fr_FR\" \/>\n<meta property=\"og:type\" content=\"article\" \/>\n<meta property=\"og:title\" content=\"[28-29 nov.] Se familiariser \u00e0 la culture comptable - Aliso Initiatives\" \/>\n<meta property=\"og:url\" content=\"https:\/\/aliso.fr\/initiatives\/28-29-nov-se-familiariser-a-la-culture-comptable\/\" \/>\n<meta property=\"og:site_name\" content=\"Aliso Initiatives\" \/>\n<meta property=\"article:published_time\" content=\"2022-10-22T15:50:00+00:00\" \/>\n<meta property=\"article:modified_time\" content=\"2023-02-06T14:14:33+00:00\" \/>\n<meta property=\"og:image\" content=\"https:\/\/aliso.fr\/initiatives\/wp-content\/uploads\/sites\/2\/2022\/03\/logo-pivoine.jpg\" \/>\n\t<meta property=\"og:image:width\" content=\"150\" \/>\n\t<meta property=\"og:image:height\" content=\"134\" \/>\n\t<meta property=\"og:image:type\" content=\"image\/jpeg\" \/>\n<meta name=\"author\" content=\"pascal\" \/>\n<meta name=\"twitter:card\" content=\"summary_large_image\" \/>\n<script type=\"application\/ld+json\" class=\"yoast-schema-graph\">{\"@context\":\"https:\\\/\\\/schema.org\",\"@graph\":[{\"@type\":\"Article\",\"@id\":\"https:\\\/\\\/aliso.fr\\\/initiatives\\\/28-29-nov-se-familiariser-a-la-culture-comptable\\\/#article\",\"isPartOf\":{\"@id\":\"https:\\\/\\\/aliso.fr\\\/initiatives\\\/28-29-nov-se-familiariser-a-la-culture-comptable\\\/\"},\"author\":{\"name\":\"pascal\",\"@id\":\"https:\\\/\\\/aliso.fr\\\/initiatives\\\/#\\\/schema\\\/person\\\/ac5889082625d5c95b51fac19f3d9b86\"},\"headline\":\"[28-29 nov.] Se familiariser \u00e0 la culture comptable\",\"datePublished\":\"2022-10-22T15:50:00+00:00\",\"dateModified\":\"2023-02-06T14:14:33+00:00\",\"mainEntityOfPage\":{\"@id\":\"https:\\\/\\\/aliso.fr\\\/initiatives\\\/28-29-nov-se-familiariser-a-la-culture-comptable\\\/\"},\"wordCount\":157,\"publisher\":{\"@id\":\"https:\\\/\\\/aliso.fr\\\/initiatives\\\/#organization\"},\"image\":{\"@id\":\"https:\\\/\\\/aliso.fr\\\/initiatives\\\/28-29-nov-se-familiariser-a-la-culture-comptable\\\/#primaryimage\"},\"thumbnailUrl\":\"https:\\\/\\\/aliso.fr\\\/initiatives\\\/wp-content\\\/uploads\\\/sites\\\/2\\\/2022\\\/03\\\/logo-pivoine.jpg\",\"articleSection\":[\"Actualit\u00e9s\",\"Gestion\",\"Se former, s\u2019informer\"],\"inLanguage\":\"fr-FR\"},{\"@type\":\"WebPage\",\"@id\":\"https:\\\/\\\/aliso.fr\\\/initiatives\\\/28-29-nov-se-familiariser-a-la-culture-comptable\\\/\",\"url\":\"https:\\\/\\\/aliso.fr\\\/initiatives\\\/28-29-nov-se-familiariser-a-la-culture-comptable\\\/\",\"name\":\"[28-29 nov.] Se familiariser \u00e0 la culture comptable - Aliso Initiatives\",\"isPartOf\":{\"@id\":\"https:\\\/\\\/aliso.fr\\\/initiatives\\\/#website\"},\"primaryImageOfPage\":{\"@id\":\"https:\\\/\\\/aliso.fr\\\/initiatives\\\/28-29-nov-se-familiariser-a-la-culture-comptable\\\/#primaryimage\"},\"image\":{\"@id\":\"https:\\\/\\\/aliso.fr\\\/initiatives\\\/28-29-nov-se-familiariser-a-la-culture-comptable\\\/#primaryimage\"},\"thumbnailUrl\":\"https:\\\/\\\/aliso.fr\\\/initiatives\\\/wp-content\\\/uploads\\\/sites\\\/2\\\/2022\\\/03\\\/logo-pivoine.jpg\",\"datePublished\":\"2022-10-22T15:50:00+00:00\",\"dateModified\":\"2023-02-06T14:14:33+00:00\",\"breadcrumb\":{\"@id\":\"https:\\\/\\\/aliso.fr\\\/initiatives\\\/28-29-nov-se-familiariser-a-la-culture-comptable\\\/#breadcrumb\"},\"inLanguage\":\"fr-FR\",\"potentialAction\":[{\"@type\":\"ReadAction\",\"target\":[\"https:\\\/\\\/aliso.fr\\\/initiatives\\\/28-29-nov-se-familiariser-a-la-culture-comptable\\\/\"]}]},{\"@type\":\"ImageObject\",\"inLanguage\":\"fr-FR\",\"@id\":\"https:\\\/\\\/aliso.fr\\\/initiatives\\\/28-29-nov-se-familiariser-a-la-culture-comptable\\\/#primaryimage\",\"url\":\"https:\\\/\\\/aliso.fr\\\/initiatives\\\/wp-content\\\/uploads\\\/sites\\\/2\\\/2022\\\/03\\\/logo-pivoine.jpg\",\"contentUrl\":\"https:\\\/\\\/aliso.fr\\\/initiatives\\\/wp-content\\\/uploads\\\/sites\\\/2\\\/2022\\\/03\\\/logo-pivoine.jpg\",\"width\":150,\"height\":134},{\"@type\":\"BreadcrumbList\",\"@id\":\"https:\\\/\\\/aliso.fr\\\/initiatives\\\/28-29-nov-se-familiariser-a-la-culture-comptable\\\/#breadcrumb\",\"itemListElement\":[{\"@type\":\"ListItem\",\"position\":1,\"name\":\"Accueil\",\"item\":\"https:\\\/\\\/aliso.fr\\\/initiatives\\\/\"},{\"@type\":\"ListItem\",\"position\":2,\"name\":\"Actualit\u00e9s\",\"item\":\"https:\\\/\\\/aliso.fr\\\/initiatives\\\/actus\\\/\"},{\"@type\":\"ListItem\",\"position\":3,\"name\":\"[28-29 nov.] Se familiariser \u00e0 la culture comptable\"}]},{\"@type\":\"WebSite\",\"@id\":\"https:\\\/\\\/aliso.fr\\\/initiatives\\\/#website\",\"url\":\"https:\\\/\\\/aliso.fr\\\/initiatives\\\/\",\"name\":\"Aliso Initiatives\",\"description\":\"R\u00e9seau Creusois des acteurs du lien social\",\"publisher\":{\"@id\":\"https:\\\/\\\/aliso.fr\\\/initiatives\\\/#organization\"},\"potentialAction\":[{\"@type\":\"SearchAction\",\"target\":{\"@type\":\"EntryPoint\",\"urlTemplate\":\"https:\\\/\\\/aliso.fr\\\/initiatives\\\/?s={search_term_string}\"},\"query-input\":{\"@type\":\"PropertyValueSpecification\",\"valueRequired\":true,\"valueName\":\"search_term_string\"}}],\"inLanguage\":\"fr-FR\"},{\"@type\":\"Organization\",\"@id\":\"https:\\\/\\\/aliso.fr\\\/initiatives\\\/#organization\",\"name\":\"Aliso Initiatives\",\"url\":\"https:\\\/\\\/aliso.fr\\\/initiatives\\\/\",\"logo\":{\"@type\":\"ImageObject\",\"inLanguage\":\"fr-FR\",\"@id\":\"https:\\\/\\\/aliso.fr\\\/initiatives\\\/#\\\/schema\\\/logo\\\/image\\\/\",\"url\":\"https:\\\/\\\/aliso.fr\\\/initiatives\\\/wp-content\\\/uploads\\\/sites\\\/2\\\/2022\\\/01\\\/Logo-ALISO-Initiatives-2.png\",\"contentUrl\":\"https:\\\/\\\/aliso.fr\\\/initiatives\\\/wp-content\\\/uploads\\\/sites\\\/2\\\/2022\\\/01\\\/Logo-ALISO-Initiatives-2.png\",\"width\":900,\"height\":657,\"caption\":\"Aliso Initiatives\"},\"image\":{\"@id\":\"https:\\\/\\\/aliso.fr\\\/initiatives\\\/#\\\/schema\\\/logo\\\/image\\\/\"}},{\"@type\":\"Person\",\"@id\":\"https:\\\/\\\/aliso.fr\\\/initiatives\\\/#\\\/schema\\\/person\\\/ac5889082625d5c95b51fac19f3d9b86\",\"name\":\"pascal\"}]}<\/script>\n<!-- \/ Yoast SEO plugin. -->","yoast_head_json":{"title":"[28-29 nov.] Se familiariser \u00e0 la culture comptable - Aliso Initiatives","robots":{"index":"index","follow":"follow","max-snippet":"max-snippet:-1","max-image-preview":"max-image-preview:large","max-video-preview":"max-video-preview:-1"},"canonical":"https:\/\/aliso.fr\/initiatives\/28-29-nov-se-familiariser-a-la-culture-comptable\/","og_locale":"fr_FR","og_type":"article","og_title":"[28-29 nov.] Se familiariser \u00e0 la culture comptable - Aliso Initiatives","og_url":"https:\/\/aliso.fr\/initiatives\/28-29-nov-se-familiariser-a-la-culture-comptable\/","og_site_name":"Aliso Initiatives","article_published_time":"2022-10-22T15:50:00+00:00","article_modified_time":"2023-02-06T14:14:33+00:00","og_image":[{"width":150,"height":134,"url":"https:\/\/aliso.fr\/initiatives\/wp-content\/uploads\/sites\/2\/2022\/03\/logo-pivoine.jpg","type":"image\/jpeg"}],"author":"pascal","twitter_card":"summary_large_image","schema":{"@context":"https:\/\/schema.org","@graph":[{"@type":"Article","@id":"https:\/\/aliso.fr\/initiatives\/28-29-nov-se-familiariser-a-la-culture-comptable\/#article","isPartOf":{"@id":"https:\/\/aliso.fr\/initiatives\/28-29-nov-se-familiariser-a-la-culture-comptable\/"},"author":{"name":"pascal","@id":"https:\/\/aliso.fr\/initiatives\/#\/schema\/person\/ac5889082625d5c95b51fac19f3d9b86"},"headline":"[28-29 nov.] Se familiariser \u00e0 la culture comptable","datePublished":"2022-10-22T15:50:00+00:00","dateModified":"2023-02-06T14:14:33+00:00","mainEntityOfPage":{"@id":"https:\/\/aliso.fr\/initiatives\/28-29-nov-se-familiariser-a-la-culture-comptable\/"},"wordCount":157,"publisher":{"@id":"https:\/\/aliso.fr\/initiatives\/#organization"},"image":{"@id":"https:\/\/aliso.fr\/initiatives\/28-29-nov-se-familiariser-a-la-culture-comptable\/#primaryimage"},"thumbnailUrl":"https:\/\/aliso.fr\/initiatives\/wp-content\/uploads\/sites\/2\/2022\/03\/logo-pivoine.jpg","articleSection":["Actualit\u00e9s","Gestion","Se former, s\u2019informer"],"inLanguage":"fr-FR"},{"@type":"WebPage","@id":"https:\/\/aliso.fr\/initiatives\/28-29-nov-se-familiariser-a-la-culture-comptable\/","url":"https:\/\/aliso.fr\/initiatives\/28-29-nov-se-familiariser-a-la-culture-comptable\/","name":"[28-29 nov.] Se familiariser \u00e0 la culture comptable - Aliso Initiatives","isPartOf":{"@id":"https:\/\/aliso.fr\/initiatives\/#website"},"primaryImageOfPage":{"@id":"https:\/\/aliso.fr\/initiatives\/28-29-nov-se-familiariser-a-la-culture-comptable\/#primaryimage"},"image":{"@id":"https:\/\/aliso.fr\/initiatives\/28-29-nov-se-familiariser-a-la-culture-comptable\/#primaryimage"},"thumbnailUrl":"https:\/\/aliso.fr\/initiatives\/wp-content\/uploads\/sites\/2\/2022\/03\/logo-pivoine.jpg","datePublished":"2022-10-22T15:50:00+00:00","dateModified":"2023-02-06T14:14:33+00:00","breadcrumb":{"@id":"https:\/\/aliso.fr\/initiatives\/28-29-nov-se-familiariser-a-la-culture-comptable\/#breadcrumb"},"inLanguage":"fr-FR","potentialAction":[{"@type":"ReadAction","target":["https:\/\/aliso.fr\/initiatives\/28-29-nov-se-familiariser-a-la-culture-comptable\/"]}]},{"@type":"ImageObject","inLanguage":"fr-FR","@id":"https:\/\/aliso.fr\/initiatives\/28-29-nov-se-familiariser-a-la-culture-comptable\/#primaryimage","url":"https:\/\/aliso.fr\/initiatives\/wp-content\/uploads\/sites\/2\/2022\/03\/logo-pivoine.jpg","contentUrl":"https:\/\/aliso.fr\/initiatives\/wp-content\/uploads\/sites\/2\/2022\/03\/logo-pivoine.jpg","width":150,"height":134},{"@type":"BreadcrumbList","@id":"https:\/\/aliso.fr\/initiatives\/28-29-nov-se-familiariser-a-la-culture-comptable\/#breadcrumb","itemListElement":[{"@type":"ListItem","position":1,"name":"Accueil","item":"https:\/\/aliso.fr\/initiatives\/"},{"@type":"ListItem","position":2,"name":"Actualit\u00e9s","item":"https:\/\/aliso.fr\/initiatives\/actus\/"},{"@type":"ListItem","position":3,"name":"[28-29 nov.] Se familiariser \u00e0 la culture comptable"}]},{"@type":"WebSite","@id":"https:\/\/aliso.fr\/initiatives\/#website","url":"https:\/\/aliso.fr\/initiatives\/","name":"Aliso Initiatives","description":"R\u00e9seau Creusois des acteurs du lien social","publisher":{"@id":"https:\/\/aliso.fr\/initiatives\/#organization"},"potentialAction":[{"@type":"SearchAction","target":{"@type":"EntryPoint","urlTemplate":"https:\/\/aliso.fr\/initiatives\/?s={search_term_string}"},"query-input":{"@type":"PropertyValueSpecification","valueRequired":true,"valueName":"search_term_string"}}],"inLanguage":"fr-FR"},{"@type":"Organization","@id":"https:\/\/aliso.fr\/initiatives\/#organization","name":"Aliso Initiatives","url":"https:\/\/aliso.fr\/initiatives\/","logo":{"@type":"ImageObject","inLanguage":"fr-FR","@id":"https:\/\/aliso.fr\/initiatives\/#\/schema\/logo\/image\/","url":"https:\/\/aliso.fr\/initiatives\/wp-content\/uploads\/sites\/2\/2022\/01\/Logo-ALISO-Initiatives-2.png","contentUrl":"https:\/\/aliso.fr\/initiatives\/wp-content\/uploads\/sites\/2\/2022\/01\/Logo-ALISO-Initiatives-2.png","width":900,"height":657,"caption":"Aliso Initiatives"},"image":{"@id":"https:\/\/aliso.fr\/initiatives\/#\/schema\/logo\/image\/"}},{"@type":"Person","@id":"https:\/\/aliso.fr\/initiatives\/#\/schema\/person\/ac5889082625d5c95b51fac19f3d9b86","name":"pascal"}]}},"_links":{"self":[{"href":"https:\/\/aliso.fr\/initiatives\/wp-json\/wp\/v2\/posts\/2227","targetHints":{"allow":["GET"]}}],"collection":[{"href":"https:\/\/aliso.fr\/initiatives\/wp-json\/wp\/v2\/posts"}],"about":[{"href":"https:\/\/aliso.fr\/initiatives\/wp-json\/wp\/v2\/types\/post"}],"author":[{"embeddable":true,"href":"https:\/\/aliso.fr\/initiatives\/wp-json\/wp\/v2\/users\/5"}],"replies":[{"embeddable":true,"href":"https:\/\/aliso.fr\/initiatives\/wp-json\/wp\/v2\/comments?post=2227"}],"version-history":[{"count":2,"href":"https:\/\/aliso.fr\/initiatives\/wp-json\/wp\/v2\/posts\/2227\/revisions"}],"predecessor-version":[{"id":2302,"href":"https:\/\/aliso.fr\/initiatives\/wp-json\/wp\/v2\/posts\/2227\/revisions\/2302"}],"wp:featuredmedia":[{"embeddable":true,"href":"https:\/\/aliso.fr\/initiatives\/wp-json\/wp\/v2\/media\/1775"}],"wp:attachment":[{"href":"https:\/\/aliso.fr\/initiatives\/wp-json\/wp\/v2\/media?parent=2227"}],"wp:term":[{"taxonomy":"category","embeddable":true,"href":"https:\/\/aliso.fr\/initiatives\/wp-json\/wp\/v2\/categories?post=2227"},{"taxonomy":"post_tag","embeddable":true,"href":"https:\/\/aliso.fr\/initiatives\/wp-json\/wp\/v2\/tags?post=2227"}],"curies":[{"name":"wp","href":"https:\/\/api.w.org\/{rel}","templated":true}]}}