{"id":2280,"date":"2022-11-28T16:33:30","date_gmt":"2022-11-28T15:33:30","guid":{"rendered":"https:\/\/aliso.fr\/initiatives\/?p=2280"},"modified":"2023-01-26T14:08:52","modified_gmt":"2023-01-26T13:08:52","slug":"5-janvier-2023-lancer-la-formation-benevoles-2023","status":"publish","type":"post","link":"https:\/\/aliso.fr\/initiatives\/5-janvier-2023-lancer-la-formation-benevoles-2023\/","title":{"rendered":"La formation des b\u00e9n\u00e9voles"},"content":{"rendered":"\n<div class=\"wp-block-columns is-layout-flex wp-container-core-columns-is-layout-9d6595d7 wp-block-columns-is-layout-flex\">\n<div class=\"wp-block-column is-layout-flow wp-block-column-is-layout-flow\">\n<figure class=\"wp-block-image size-large\"><img loading=\"lazy\" decoding=\"async\" width=\"724\" height=\"1024\" src=\"https:\/\/aliso.fr\/initiatives\/wp-content\/uploads\/sites\/2\/2022\/11\/affiche-du-5janvier2023-724x1024.png\" alt=\"\" class=\"wp-image-2357\" srcset=\"https:\/\/aliso.fr\/initiatives\/wp-content\/uploads\/sites\/2\/2022\/11\/affiche-du-5janvier2023-724x1024.png 724w, https:\/\/aliso.fr\/initiatives\/wp-content\/uploads\/sites\/2\/2022\/11\/affiche-du-5janvier2023-212x300.png 212w, https:\/\/aliso.fr\/initiatives\/wp-content\/uploads\/sites\/2\/2022\/11\/affiche-du-5janvier2023-768x1086.png 768w, https:\/\/aliso.fr\/initiatives\/wp-content\/uploads\/sites\/2\/2022\/11\/affiche-du-5janvier2023-1086x1536.png 1086w, https:\/\/aliso.fr\/initiatives\/wp-content\/uploads\/sites\/2\/2022\/11\/affiche-du-5janvier2023-1320x1867.png 1320w, https:\/\/aliso.fr\/initiatives\/wp-content\/uploads\/sites\/2\/2022\/11\/affiche-du-5janvier2023.png 1414w\" sizes=\"auto, (max-width: 724px) 100vw, 724px\" \/><\/figure>\n\n\n\n<p><\/p>\n\n\n\n<p><\/p>\n\n\n\n<p><\/p>\n<\/div>\n\n\n\n<div class=\"wp-block-column is-layout-flow wp-block-column-is-layout-flow\">\n<p>Au cours des derni\u00e8res rencontres <em>[R\u00e9]activer l\u2019engagement&nbsp;!<\/em> l\u2019importance du r\u00f4le de b\u00e9n\u00e9vole et de son engagement a \u00e9t\u00e9 grandement soulev\u00e9e. <strong>Un temps collectif a \u00e9t\u00e9 men\u00e9 afin de d\u00e9terminer des formations \u00e0 mettre en place pour vos b\u00e9n\u00e9voles en 2023.<\/strong><\/p>\n\n\n\n<p>Ce fonds pour le d\u00e9veloppement de la vie associative permet aux associations de demander une subvention pour des formations collectives de b\u00e9n\u00e9voles r\u00e9unissant entre 12 et 25 participants (vous pouvez ouvrir les sessions de formations \u00e0 des b\u00e9n\u00e9voles d\u2019autres associations). Il permet chaque ann\u00e9e de financer, en Creuse, de nombreux projets de formations techniques li\u00e9es \u00e0 l\u2019activit\u00e9 ou au fonctionnement de votre association, s\u00e9minaires et regroupements autour du projet associatif.<\/p>\n\n\n\n<p><strong>CPO = Convention Pluriannuelle d\u2019Objectifs <\/strong>; nouvelle possibilit\u00e9 qui correspond \u00e0 des projets de formations avec des collectifs d\u2019associations sur 3 ans. \u2794 Si plusieurs associations ont d\u00e9j\u00e0 une volont\u00e9 de travailler en collectif autour de la mise en place de formation, n\u2019h\u00e9sitez pas \u00e0 contacter directement Charlotte Marchive conseill\u00e8re d&rsquo;\u00e9ducation populaire et de jeunesse (service jeunesse engagement et sports \u00e0 la DSDEN de la Creuse) pour avancer sur le sujet ; ce qui permettra de d\u00e9poser un dossier de demande de subvention FDVA 1 en 2024.<\/p>\n\n\n\n<p><em>+ d\u2019informations&nbsp;:<\/em><\/p>\n\n\n\n<p>&#8211; La demande de subvention est \u00e0 faire en ligne sur <a href=\"https:\/\/lecompteasso.associations.gouv.fr\/\" target=\"_blank\" rel=\"noreferrer noopener\">Lecompteasso \u2013 Le site officiel de gestion des associations<\/a>.<\/p>\n\n\n\n<p>&#8211; Trouver une th\u00e9matique et un.e intervenant.e local, <a href=\"https:\/\/formations-benevoles-nouvelleaquitaine.org\/\" target=\"_blank\" rel=\"noreferrer noopener\">Formation des B\u00e9n\u00e9voles Nouvelle Aquitaine : Le Portail R\u00e9gional (formations-benevoles-nouvelleaquitaine.org)<\/a><\/p>\n\n\n\n<p><a href=\"https:\/\/aliso.fr\/initiatives\/wp-content\/uploads\/sites\/2\/2023\/01\/ilovepdf_merged.pdf\" target=\"_blank\" rel=\"noreferrer noopener\">&#8211; Trame succincte du dossier de subvention FDVA1<\/a> <\/p>\n<\/div>\n<\/div>\n","protected":false},"excerpt":{"rendered":"<p>Au cours des derni\u00e8res rencontres [R\u00e9]activer l\u2019engagement&nbsp;! l\u2019importance du r\u00f4le de b\u00e9n\u00e9vole et de son engagement a \u00e9t\u00e9 grandement soulev\u00e9e. Un temps collectif a \u00e9t\u00e9 men\u00e9 afin de d\u00e9terminer des formations \u00e0 mettre en place pour vos b\u00e9n\u00e9voles en 2023. Ce fonds pour le d\u00e9veloppement de la vie associative permet aux associations de demander une&#8230; <a class=\"excerpt-read-more button\" href=\"https:\/\/aliso.fr\/initiatives\/5-janvier-2023-lancer-la-formation-benevoles-2023\/\" title=\"ReadLa formation des b\u00e9n\u00e9voles\">En savoir plus &raquo;<\/a><\/p>\n","protected":false},"author":7,"featured_media":2357,"comment_status":"closed","ping_status":"open","sticky":false,"template":"","format":"standard","meta":{"footnotes":""},"categories":[11,4],"tags":[],"class_list":["post-2280","post","type-post","status-publish","format-standard","has-post-thumbnail","hentry","category-actus","category-vie-associative"],"yoast_head":"<!-- This site is optimized with the Yoast SEO plugin v27.5 - https:\/\/yoast.com\/product\/yoast-seo-wordpress\/ -->\n<title>La formation des b\u00e9n\u00e9voles - Aliso Initiatives<\/title>\n<meta name=\"robots\" content=\"index, follow, max-snippet:-1, max-image-preview:large, max-video-preview:-1\" \/>\n<link rel=\"canonical\" href=\"https:\/\/aliso.fr\/initiatives\/5-janvier-2023-lancer-la-formation-benevoles-2023\/\" \/>\n<meta property=\"og:locale\" content=\"fr_FR\" \/>\n<meta property=\"og:type\" content=\"article\" \/>\n<meta property=\"og:title\" content=\"La formation des b\u00e9n\u00e9voles - Aliso Initiatives\" \/>\n<meta property=\"og:description\" content=\"Au cours des derni\u00e8res rencontres [R\u00e9]activer l\u2019engagement&nbsp;! l\u2019importance du r\u00f4le de b\u00e9n\u00e9vole et de son engagement a \u00e9t\u00e9 grandement soulev\u00e9e. Un temps collectif a \u00e9t\u00e9 men\u00e9 afin de d\u00e9terminer des formations \u00e0 mettre en place pour vos b\u00e9n\u00e9voles en 2023. Ce fonds pour le d\u00e9veloppement de la vie associative permet aux associations de demander une... En savoir plus &raquo;\" \/>\n<meta property=\"og:url\" content=\"https:\/\/aliso.fr\/initiatives\/5-janvier-2023-lancer-la-formation-benevoles-2023\/\" \/>\n<meta property=\"og:site_name\" content=\"Aliso Initiatives\" \/>\n<meta property=\"article:published_time\" content=\"2022-11-28T15:33:30+00:00\" \/>\n<meta property=\"article:modified_time\" content=\"2023-01-26T13:08:52+00:00\" \/>\n<meta property=\"og:image\" content=\"https:\/\/aliso.fr\/initiatives\/wp-content\/uploads\/sites\/2\/2022\/11\/affiche-du-5janvier2023.png\" \/>\n\t<meta property=\"og:image:width\" content=\"1414\" \/>\n\t<meta property=\"og:image:height\" content=\"2000\" \/>\n\t<meta property=\"og:image:type\" content=\"image\/png\" \/>\n<meta name=\"author\" content=\"pauline\" \/>\n<meta name=\"twitter:card\" content=\"summary_large_image\" \/>\n<script type=\"application\/ld+json\" class=\"yoast-schema-graph\">{\"@context\":\"https:\\\/\\\/schema.org\",\"@graph\":[{\"@type\":\"Article\",\"@id\":\"https:\\\/\\\/aliso.fr\\\/initiatives\\\/5-janvier-2023-lancer-la-formation-benevoles-2023\\\/#article\",\"isPartOf\":{\"@id\":\"https:\\\/\\\/aliso.fr\\\/initiatives\\\/5-janvier-2023-lancer-la-formation-benevoles-2023\\\/\"},\"author\":{\"name\":\"pauline\",\"@id\":\"https:\\\/\\\/aliso.fr\\\/initiatives\\\/#\\\/schema\\\/person\\\/f90e2d6119b8d689c2b8e654d54656b4\"},\"headline\":\"La formation des b\u00e9n\u00e9voles\",\"datePublished\":\"2022-11-28T15:33:30+00:00\",\"dateModified\":\"2023-01-26T13:08:52+00:00\",\"mainEntityOfPage\":{\"@id\":\"https:\\\/\\\/aliso.fr\\\/initiatives\\\/5-janvier-2023-lancer-la-formation-benevoles-2023\\\/\"},\"wordCount\":271,\"publisher\":{\"@id\":\"https:\\\/\\\/aliso.fr\\\/initiatives\\\/#organization\"},\"image\":{\"@id\":\"https:\\\/\\\/aliso.fr\\\/initiatives\\\/5-janvier-2023-lancer-la-formation-benevoles-2023\\\/#primaryimage\"},\"thumbnailUrl\":\"https:\\\/\\\/aliso.fr\\\/initiatives\\\/wp-content\\\/uploads\\\/sites\\\/2\\\/2022\\\/11\\\/affiche-du-5janvier2023.png\",\"articleSection\":[\"Actualit\u00e9s\",\"Vie associative\"],\"inLanguage\":\"fr-FR\"},{\"@type\":\"WebPage\",\"@id\":\"https:\\\/\\\/aliso.fr\\\/initiatives\\\/5-janvier-2023-lancer-la-formation-benevoles-2023\\\/\",\"url\":\"https:\\\/\\\/aliso.fr\\\/initiatives\\\/5-janvier-2023-lancer-la-formation-benevoles-2023\\\/\",\"name\":\"La formation des b\u00e9n\u00e9voles - Aliso Initiatives\",\"isPartOf\":{\"@id\":\"https:\\\/\\\/aliso.fr\\\/initiatives\\\/#website\"},\"primaryImageOfPage\":{\"@id\":\"https:\\\/\\\/aliso.fr\\\/initiatives\\\/5-janvier-2023-lancer-la-formation-benevoles-2023\\\/#primaryimage\"},\"image\":{\"@id\":\"https:\\\/\\\/aliso.fr\\\/initiatives\\\/5-janvier-2023-lancer-la-formation-benevoles-2023\\\/#primaryimage\"},\"thumbnailUrl\":\"https:\\\/\\\/aliso.fr\\\/initiatives\\\/wp-content\\\/uploads\\\/sites\\\/2\\\/2022\\\/11\\\/affiche-du-5janvier2023.png\",\"datePublished\":\"2022-11-28T15:33:30+00:00\",\"dateModified\":\"2023-01-26T13:08:52+00:00\",\"breadcrumb\":{\"@id\":\"https:\\\/\\\/aliso.fr\\\/initiatives\\\/5-janvier-2023-lancer-la-formation-benevoles-2023\\\/#breadcrumb\"},\"inLanguage\":\"fr-FR\",\"potentialAction\":[{\"@type\":\"ReadAction\",\"target\":[\"https:\\\/\\\/aliso.fr\\\/initiatives\\\/5-janvier-2023-lancer-la-formation-benevoles-2023\\\/\"]}]},{\"@type\":\"ImageObject\",\"inLanguage\":\"fr-FR\",\"@id\":\"https:\\\/\\\/aliso.fr\\\/initiatives\\\/5-janvier-2023-lancer-la-formation-benevoles-2023\\\/#primaryimage\",\"url\":\"https:\\\/\\\/aliso.fr\\\/initiatives\\\/wp-content\\\/uploads\\\/sites\\\/2\\\/2022\\\/11\\\/affiche-du-5janvier2023.png\",\"contentUrl\":\"https:\\\/\\\/aliso.fr\\\/initiatives\\\/wp-content\\\/uploads\\\/sites\\\/2\\\/2022\\\/11\\\/affiche-du-5janvier2023.png\",\"width\":1414,\"height\":2000},{\"@type\":\"BreadcrumbList\",\"@id\":\"https:\\\/\\\/aliso.fr\\\/initiatives\\\/5-janvier-2023-lancer-la-formation-benevoles-2023\\\/#breadcrumb\",\"itemListElement\":[{\"@type\":\"ListItem\",\"position\":1,\"name\":\"Accueil\",\"item\":\"https:\\\/\\\/aliso.fr\\\/initiatives\\\/\"},{\"@type\":\"ListItem\",\"position\":2,\"name\":\"Ressources et outils\",\"item\":\"https:\\\/\\\/aliso.fr\\\/initiatives\\\/ressources-et-outils\\\/\"},{\"@type\":\"ListItem\",\"position\":3,\"name\":\"Vie associative\",\"item\":\"https:\\\/\\\/aliso.fr\\\/initiatives\\\/ressources-et-outils\\\/vie-associative\\\/\"},{\"@type\":\"ListItem\",\"position\":4,\"name\":\"La formation des b\u00e9n\u00e9voles\"}]},{\"@type\":\"WebSite\",\"@id\":\"https:\\\/\\\/aliso.fr\\\/initiatives\\\/#website\",\"url\":\"https:\\\/\\\/aliso.fr\\\/initiatives\\\/\",\"name\":\"Aliso Initiatives\",\"description\":\"R\u00e9seau Creusois des acteurs du lien social\",\"publisher\":{\"@id\":\"https:\\\/\\\/aliso.fr\\\/initiatives\\\/#organization\"},\"potentialAction\":[{\"@type\":\"SearchAction\",\"target\":{\"@type\":\"EntryPoint\",\"urlTemplate\":\"https:\\\/\\\/aliso.fr\\\/initiatives\\\/?s={search_term_string}\"},\"query-input\":{\"@type\":\"PropertyValueSpecification\",\"valueRequired\":true,\"valueName\":\"search_term_string\"}}],\"inLanguage\":\"fr-FR\"},{\"@type\":\"Organization\",\"@id\":\"https:\\\/\\\/aliso.fr\\\/initiatives\\\/#organization\",\"name\":\"Aliso Initiatives\",\"url\":\"https:\\\/\\\/aliso.fr\\\/initiatives\\\/\",\"logo\":{\"@type\":\"ImageObject\",\"inLanguage\":\"fr-FR\",\"@id\":\"https:\\\/\\\/aliso.fr\\\/initiatives\\\/#\\\/schema\\\/logo\\\/image\\\/\",\"url\":\"https:\\\/\\\/aliso.fr\\\/initiatives\\\/wp-content\\\/uploads\\\/sites\\\/2\\\/2022\\\/01\\\/Logo-ALISO-Initiatives-2.png\",\"contentUrl\":\"https:\\\/\\\/aliso.fr\\\/initiatives\\\/wp-content\\\/uploads\\\/sites\\\/2\\\/2022\\\/01\\\/Logo-ALISO-Initiatives-2.png\",\"width\":900,\"height\":657,\"caption\":\"Aliso Initiatives\"},\"image\":{\"@id\":\"https:\\\/\\\/aliso.fr\\\/initiatives\\\/#\\\/schema\\\/logo\\\/image\\\/\"}},{\"@type\":\"Person\",\"@id\":\"https:\\\/\\\/aliso.fr\\\/initiatives\\\/#\\\/schema\\\/person\\\/f90e2d6119b8d689c2b8e654d54656b4\",\"name\":\"pauline\"}]}<\/script>\n<!-- \/ Yoast SEO plugin. -->","yoast_head_json":{"title":"La formation des b\u00e9n\u00e9voles - Aliso Initiatives","robots":{"index":"index","follow":"follow","max-snippet":"max-snippet:-1","max-image-preview":"max-image-preview:large","max-video-preview":"max-video-preview:-1"},"canonical":"https:\/\/aliso.fr\/initiatives\/5-janvier-2023-lancer-la-formation-benevoles-2023\/","og_locale":"fr_FR","og_type":"article","og_title":"La formation des b\u00e9n\u00e9voles - Aliso Initiatives","og_description":"Au cours des derni\u00e8res rencontres [R\u00e9]activer l\u2019engagement&nbsp;! l\u2019importance du r\u00f4le de b\u00e9n\u00e9vole et de son engagement a \u00e9t\u00e9 grandement soulev\u00e9e. Un temps collectif a \u00e9t\u00e9 men\u00e9 afin de d\u00e9terminer des formations \u00e0 mettre en place pour vos b\u00e9n\u00e9voles en 2023. Ce fonds pour le d\u00e9veloppement de la vie associative permet aux associations de demander une... En savoir plus &raquo;","og_url":"https:\/\/aliso.fr\/initiatives\/5-janvier-2023-lancer-la-formation-benevoles-2023\/","og_site_name":"Aliso Initiatives","article_published_time":"2022-11-28T15:33:30+00:00","article_modified_time":"2023-01-26T13:08:52+00:00","og_image":[{"width":1414,"height":2000,"url":"https:\/\/aliso.fr\/initiatives\/wp-content\/uploads\/sites\/2\/2022\/11\/affiche-du-5janvier2023.png","type":"image\/png"}],"author":"pauline","twitter_card":"summary_large_image","schema":{"@context":"https:\/\/schema.org","@graph":[{"@type":"Article","@id":"https:\/\/aliso.fr\/initiatives\/5-janvier-2023-lancer-la-formation-benevoles-2023\/#article","isPartOf":{"@id":"https:\/\/aliso.fr\/initiatives\/5-janvier-2023-lancer-la-formation-benevoles-2023\/"},"author":{"name":"pauline","@id":"https:\/\/aliso.fr\/initiatives\/#\/schema\/person\/f90e2d6119b8d689c2b8e654d54656b4"},"headline":"La formation des b\u00e9n\u00e9voles","datePublished":"2022-11-28T15:33:30+00:00","dateModified":"2023-01-26T13:08:52+00:00","mainEntityOfPage":{"@id":"https:\/\/aliso.fr\/initiatives\/5-janvier-2023-lancer-la-formation-benevoles-2023\/"},"wordCount":271,"publisher":{"@id":"https:\/\/aliso.fr\/initiatives\/#organization"},"image":{"@id":"https:\/\/aliso.fr\/initiatives\/5-janvier-2023-lancer-la-formation-benevoles-2023\/#primaryimage"},"thumbnailUrl":"https:\/\/aliso.fr\/initiatives\/wp-content\/uploads\/sites\/2\/2022\/11\/affiche-du-5janvier2023.png","articleSection":["Actualit\u00e9s","Vie associative"],"inLanguage":"fr-FR"},{"@type":"WebPage","@id":"https:\/\/aliso.fr\/initiatives\/5-janvier-2023-lancer-la-formation-benevoles-2023\/","url":"https:\/\/aliso.fr\/initiatives\/5-janvier-2023-lancer-la-formation-benevoles-2023\/","name":"La formation des b\u00e9n\u00e9voles - Aliso Initiatives","isPartOf":{"@id":"https:\/\/aliso.fr\/initiatives\/#website"},"primaryImageOfPage":{"@id":"https:\/\/aliso.fr\/initiatives\/5-janvier-2023-lancer-la-formation-benevoles-2023\/#primaryimage"},"image":{"@id":"https:\/\/aliso.fr\/initiatives\/5-janvier-2023-lancer-la-formation-benevoles-2023\/#primaryimage"},"thumbnailUrl":"https:\/\/aliso.fr\/initiatives\/wp-content\/uploads\/sites\/2\/2022\/11\/affiche-du-5janvier2023.png","datePublished":"2022-11-28T15:33:30+00:00","dateModified":"2023-01-26T13:08:52+00:00","breadcrumb":{"@id":"https:\/\/aliso.fr\/initiatives\/5-janvier-2023-lancer-la-formation-benevoles-2023\/#breadcrumb"},"inLanguage":"fr-FR","potentialAction":[{"@type":"ReadAction","target":["https:\/\/aliso.fr\/initiatives\/5-janvier-2023-lancer-la-formation-benevoles-2023\/"]}]},{"@type":"ImageObject","inLanguage":"fr-FR","@id":"https:\/\/aliso.fr\/initiatives\/5-janvier-2023-lancer-la-formation-benevoles-2023\/#primaryimage","url":"https:\/\/aliso.fr\/initiatives\/wp-content\/uploads\/sites\/2\/2022\/11\/affiche-du-5janvier2023.png","contentUrl":"https:\/\/aliso.fr\/initiatives\/wp-content\/uploads\/sites\/2\/2022\/11\/affiche-du-5janvier2023.png","width":1414,"height":2000},{"@type":"BreadcrumbList","@id":"https:\/\/aliso.fr\/initiatives\/5-janvier-2023-lancer-la-formation-benevoles-2023\/#breadcrumb","itemListElement":[{"@type":"ListItem","position":1,"name":"Accueil","item":"https:\/\/aliso.fr\/initiatives\/"},{"@type":"ListItem","position":2,"name":"Ressources et outils","item":"https:\/\/aliso.fr\/initiatives\/ressources-et-outils\/"},{"@type":"ListItem","position":3,"name":"Vie associative","item":"https:\/\/aliso.fr\/initiatives\/ressources-et-outils\/vie-associative\/"},{"@type":"ListItem","position":4,"name":"La formation des b\u00e9n\u00e9voles"}]},{"@type":"WebSite","@id":"https:\/\/aliso.fr\/initiatives\/#website","url":"https:\/\/aliso.fr\/initiatives\/","name":"Aliso Initiatives","description":"R\u00e9seau Creusois des acteurs du lien social","publisher":{"@id":"https:\/\/aliso.fr\/initiatives\/#organization"},"potentialAction":[{"@type":"SearchAction","target":{"@type":"EntryPoint","urlTemplate":"https:\/\/aliso.fr\/initiatives\/?s={search_term_string}"},"query-input":{"@type":"PropertyValueSpecification","valueRequired":true,"valueName":"search_term_string"}}],"inLanguage":"fr-FR"},{"@type":"Organization","@id":"https:\/\/aliso.fr\/initiatives\/#organization","name":"Aliso Initiatives","url":"https:\/\/aliso.fr\/initiatives\/","logo":{"@type":"ImageObject","inLanguage":"fr-FR","@id":"https:\/\/aliso.fr\/initiatives\/#\/schema\/logo\/image\/","url":"https:\/\/aliso.fr\/initiatives\/wp-content\/uploads\/sites\/2\/2022\/01\/Logo-ALISO-Initiatives-2.png","contentUrl":"https:\/\/aliso.fr\/initiatives\/wp-content\/uploads\/sites\/2\/2022\/01\/Logo-ALISO-Initiatives-2.png","width":900,"height":657,"caption":"Aliso Initiatives"},"image":{"@id":"https:\/\/aliso.fr\/initiatives\/#\/schema\/logo\/image\/"}},{"@type":"Person","@id":"https:\/\/aliso.fr\/initiatives\/#\/schema\/person\/f90e2d6119b8d689c2b8e654d54656b4","name":"pauline"}]}},"_links":{"self":[{"href":"https:\/\/aliso.fr\/initiatives\/wp-json\/wp\/v2\/posts\/2280","targetHints":{"allow":["GET"]}}],"collection":[{"href":"https:\/\/aliso.fr\/initiatives\/wp-json\/wp\/v2\/posts"}],"about":[{"href":"https:\/\/aliso.fr\/initiatives\/wp-json\/wp\/v2\/types\/post"}],"author":[{"embeddable":true,"href":"https:\/\/aliso.fr\/initiatives\/wp-json\/wp\/v2\/users\/7"}],"replies":[{"embeddable":true,"href":"https:\/\/aliso.fr\/initiatives\/wp-json\/wp\/v2\/comments?post=2280"}],"version-history":[{"count":5,"href":"https:\/\/aliso.fr\/initiatives\/wp-json\/wp\/v2\/posts\/2280\/revisions"}],"predecessor-version":[{"id":2441,"href":"https:\/\/aliso.fr\/initiatives\/wp-json\/wp\/v2\/posts\/2280\/revisions\/2441"}],"wp:featuredmedia":[{"embeddable":true,"href":"https:\/\/aliso.fr\/initiatives\/wp-json\/wp\/v2\/media\/2357"}],"wp:attachment":[{"href":"https:\/\/aliso.fr\/initiatives\/wp-json\/wp\/v2\/media?parent=2280"}],"wp:term":[{"taxonomy":"category","embeddable":true,"href":"https:\/\/aliso.fr\/initiatives\/wp-json\/wp\/v2\/categories?post=2280"},{"taxonomy":"post_tag","embeddable":true,"href":"https:\/\/aliso.fr\/initiatives\/wp-json\/wp\/v2\/tags?post=2280"}],"curies":[{"name":"wp","href":"https:\/\/api.w.org\/{rel}","templated":true}]}}