{"id":2457,"date":"2023-02-04T08:13:08","date_gmt":"2023-02-04T07:13:08","guid":{"rendered":"https:\/\/aliso.fr\/initiatives\/?p=2457"},"modified":"2023-02-04T08:20:18","modified_gmt":"2023-02-04T07:20:18","slug":"2457-2","status":"publish","type":"post","link":"https:\/\/aliso.fr\/initiatives\/2457-2\/","title":{"rendered":"[ Newsletter f\u00e9vrier 2023 ] Guid&rsquo;Asso"},"content":{"rendered":"\n<div class=\"wp-block-columns is-layout-flex wp-container-core-columns-is-layout-9d6595d7 wp-block-columns-is-layout-flex\">\n<div class=\"wp-block-column is-layout-flow wp-block-column-is-layout-flow\">\n<div data-wp-interactive=\"core\/file\" class=\"wp-block-file\"><object data-wp-bind--hidden=\"!state.hasPdfPreview\" hidden class=\"wp-block-file__embed\" data=\"https:\/\/aliso.fr\/initiatives\/wp-content\/uploads\/sites\/2\/2023\/02\/newsletter-4.pdf\" type=\"application\/pdf\" style=\"width:100%;height:600px\" aria-label=\"Contenu embarqu\u00e9 newsletter-4.\"><\/object><a id=\"wp-block-file--media-3a151188-e55d-43e5-998a-e4ddbbf6d727\" href=\"https:\/\/aliso.fr\/initiatives\/wp-content\/uploads\/sites\/2\/2023\/02\/newsletter-4.pdf\">newsletter-4<\/a><a href=\"https:\/\/aliso.fr\/initiatives\/wp-content\/uploads\/sites\/2\/2023\/02\/newsletter-4.pdf\" class=\"wp-block-file__button wp-element-button\" download aria-describedby=\"wp-block-file--media-3a151188-e55d-43e5-998a-e4ddbbf6d727\">T\u00e9l\u00e9charger<\/a><\/div>\n<\/div>\n\n\n\n<div class=\"wp-block-column is-layout-flow wp-block-column-is-layout-flow\">\n<p>Guid&rsquo;Asso a vocation d&rsquo;\u00eatre <strong>un r\u00e9seau d\u2019appui \u00e0 toute association, employeuse ou non, <\/strong>avec des points d\u2019information, d\u2019orientation et de conseil pr\u00e9sents sur le territoire d\u00e9partemental.<\/p>\n\n\n\n<p>Pour en savoir plus sur Guid\u2019Asso, voir la pr\u00e9sentation sur le <a href=\"https:\/\/prefig-appui-asso.fr\/demarche\" target=\"_blank\" rel=\"noreferrer noopener\">site de l\u2019Etat ici<\/a>, et la <a href=\"https:\/\/www.youtube.com\/watch?v=QuUW03jHFUY\" target=\"_blank\" rel=\"noreferrer noopener\">video de presentation ici<\/a>.<\/p>\n\n\n\n<p>ALISO s\u2019implique dans le d\u00e9ploiement de ce dispositif sur les territoires, soutenu par l\u2019Etat et le Mouvement Associatif. Nous nous inscrivons en niveau 2 ; accompagnement g\u00e9n\u00e9raliste. <\/p>\n\n\n\n<p>Pour toute demande, n&rsquo;h\u00e9sitez pas \u00e0 contacter l&rsquo;\u00e9quipe d&rsquo;Aliso ou directement p&#97;&#x75;&#x6c;&#x69;n&#101;&#109;&#x69;&#x63;h&#111;&#110;&#x40;&#x61;li&#115;&#x6f;&#x2e;&#x66;r<\/p>\n<\/div>\n<\/div>\n","protected":false},"excerpt":{"rendered":"<p>Guid&rsquo;Asso a vocation d&rsquo;\u00eatre un r\u00e9seau d\u2019appui \u00e0 toute association, employeuse ou non, avec des points d\u2019information, d\u2019orientation et de conseil pr\u00e9sents sur le territoire d\u00e9partemental. Pour en savoir plus sur Guid\u2019Asso, voir la pr\u00e9sentation sur le site de l\u2019Etat ici, et la video de presentation ici. ALISO s\u2019implique dans le d\u00e9ploiement de ce dispositif&#8230; <a class=\"excerpt-read-more button\" href=\"https:\/\/aliso.fr\/initiatives\/2457-2\/\" title=\"Read[ Newsletter f\u00e9vrier 2023 ] Guid&rsquo;Asso\">En savoir plus &raquo;<\/a><\/p>\n","protected":false},"author":7,"featured_media":2458,"comment_status":"closed","ping_status":"open","sticky":false,"template":"","format":"standard","meta":{"footnotes":""},"categories":[4],"tags":[27,40,30,15,47],"class_list":["post-2457","post","type-post","status-publish","format-standard","has-post-thumbnail","hentry","category-vie-associative","tag-association","tag-creuse","tag-ess","tag-guide","tag-initiatives"],"yoast_head":"<!-- This site is optimized with the Yoast SEO plugin v27.4 - https:\/\/yoast.com\/product\/yoast-seo-wordpress\/ -->\n<title>[ Newsletter f\u00e9vrier 2023 ] Guid&#039;Asso - Aliso Initiatives<\/title>\n<meta name=\"robots\" content=\"index, follow, max-snippet:-1, max-image-preview:large, max-video-preview:-1\" \/>\n<link rel=\"canonical\" href=\"https:\/\/aliso.fr\/initiatives\/2457-2\/\" \/>\n<meta property=\"og:locale\" content=\"fr_FR\" \/>\n<meta property=\"og:type\" content=\"article\" \/>\n<meta property=\"og:title\" content=\"[ Newsletter f\u00e9vrier 2023 ] Guid&#039;Asso - Aliso Initiatives\" \/>\n<meta property=\"og:description\" content=\"Guid&rsquo;Asso a vocation d&rsquo;\u00eatre un r\u00e9seau d\u2019appui \u00e0 toute association, employeuse ou non, avec des points d\u2019information, d\u2019orientation et de conseil pr\u00e9sents sur le territoire d\u00e9partemental. Pour en savoir plus sur Guid\u2019Asso, voir la pr\u00e9sentation sur le site de l\u2019Etat ici, et la video de presentation ici. ALISO s\u2019implique dans le d\u00e9ploiement de ce dispositif... En savoir plus &raquo;\" \/>\n<meta property=\"og:url\" content=\"https:\/\/aliso.fr\/initiatives\/2457-2\/\" \/>\n<meta property=\"og:site_name\" content=\"Aliso Initiatives\" \/>\n<meta property=\"article:published_time\" content=\"2023-02-04T07:13:08+00:00\" \/>\n<meta property=\"article:modified_time\" content=\"2023-02-04T07:20:18+00:00\" \/>\n<meta property=\"og:image\" content=\"https:\/\/aliso.fr\/initiatives\/wp-content\/uploads\/sites\/2\/2023\/02\/GuidAsso-logotype-accomp.-generaliste-CAP.png\" \/>\n\t<meta property=\"og:image:width\" content=\"2346\" \/>\n\t<meta property=\"og:image:height\" content=\"880\" \/>\n\t<meta property=\"og:image:type\" content=\"image\/png\" \/>\n<meta name=\"author\" content=\"pauline\" \/>\n<meta name=\"twitter:card\" content=\"summary_large_image\" \/>\n<script type=\"application\/ld+json\" class=\"yoast-schema-graph\">{\"@context\":\"https:\\\/\\\/schema.org\",\"@graph\":[{\"@type\":\"Article\",\"@id\":\"https:\\\/\\\/aliso.fr\\\/initiatives\\\/2457-2\\\/#article\",\"isPartOf\":{\"@id\":\"https:\\\/\\\/aliso.fr\\\/initiatives\\\/2457-2\\\/\"},\"author\":{\"name\":\"pauline\",\"@id\":\"https:\\\/\\\/aliso.fr\\\/initiatives\\\/#\\\/schema\\\/person\\\/f90e2d6119b8d689c2b8e654d54656b4\"},\"headline\":\"[ Newsletter f\u00e9vrier 2023 ] Guid&rsquo;Asso\",\"datePublished\":\"2023-02-04T07:13:08+00:00\",\"dateModified\":\"2023-02-04T07:20:18+00:00\",\"mainEntityOfPage\":{\"@id\":\"https:\\\/\\\/aliso.fr\\\/initiatives\\\/2457-2\\\/\"},\"wordCount\":113,\"publisher\":{\"@id\":\"https:\\\/\\\/aliso.fr\\\/initiatives\\\/#organization\"},\"image\":{\"@id\":\"https:\\\/\\\/aliso.fr\\\/initiatives\\\/2457-2\\\/#primaryimage\"},\"thumbnailUrl\":\"https:\\\/\\\/aliso.fr\\\/initiatives\\\/wp-content\\\/uploads\\\/sites\\\/2\\\/2023\\\/02\\\/GuidAsso-logotype-accomp.-generaliste-CAP.png\",\"keywords\":[\"association\",\"Creuse\",\"ESS\",\"guide\",\"initiatives\"],\"articleSection\":[\"Vie associative\"],\"inLanguage\":\"fr-FR\"},{\"@type\":\"WebPage\",\"@id\":\"https:\\\/\\\/aliso.fr\\\/initiatives\\\/2457-2\\\/\",\"url\":\"https:\\\/\\\/aliso.fr\\\/initiatives\\\/2457-2\\\/\",\"name\":\"[ Newsletter f\u00e9vrier 2023 ] Guid'Asso - Aliso Initiatives\",\"isPartOf\":{\"@id\":\"https:\\\/\\\/aliso.fr\\\/initiatives\\\/#website\"},\"primaryImageOfPage\":{\"@id\":\"https:\\\/\\\/aliso.fr\\\/initiatives\\\/2457-2\\\/#primaryimage\"},\"image\":{\"@id\":\"https:\\\/\\\/aliso.fr\\\/initiatives\\\/2457-2\\\/#primaryimage\"},\"thumbnailUrl\":\"https:\\\/\\\/aliso.fr\\\/initiatives\\\/wp-content\\\/uploads\\\/sites\\\/2\\\/2023\\\/02\\\/GuidAsso-logotype-accomp.-generaliste-CAP.png\",\"datePublished\":\"2023-02-04T07:13:08+00:00\",\"dateModified\":\"2023-02-04T07:20:18+00:00\",\"breadcrumb\":{\"@id\":\"https:\\\/\\\/aliso.fr\\\/initiatives\\\/2457-2\\\/#breadcrumb\"},\"inLanguage\":\"fr-FR\",\"potentialAction\":[{\"@type\":\"ReadAction\",\"target\":[\"https:\\\/\\\/aliso.fr\\\/initiatives\\\/2457-2\\\/\"]}]},{\"@type\":\"ImageObject\",\"inLanguage\":\"fr-FR\",\"@id\":\"https:\\\/\\\/aliso.fr\\\/initiatives\\\/2457-2\\\/#primaryimage\",\"url\":\"https:\\\/\\\/aliso.fr\\\/initiatives\\\/wp-content\\\/uploads\\\/sites\\\/2\\\/2023\\\/02\\\/GuidAsso-logotype-accomp.-generaliste-CAP.png\",\"contentUrl\":\"https:\\\/\\\/aliso.fr\\\/initiatives\\\/wp-content\\\/uploads\\\/sites\\\/2\\\/2023\\\/02\\\/GuidAsso-logotype-accomp.-generaliste-CAP.png\",\"width\":2346,\"height\":880},{\"@type\":\"BreadcrumbList\",\"@id\":\"https:\\\/\\\/aliso.fr\\\/initiatives\\\/2457-2\\\/#breadcrumb\",\"itemListElement\":[{\"@type\":\"ListItem\",\"position\":1,\"name\":\"Accueil\",\"item\":\"https:\\\/\\\/aliso.fr\\\/initiatives\\\/\"},{\"@type\":\"ListItem\",\"position\":2,\"name\":\"Ressources et outils\",\"item\":\"https:\\\/\\\/aliso.fr\\\/initiatives\\\/ressources-et-outils\\\/\"},{\"@type\":\"ListItem\",\"position\":3,\"name\":\"Vie associative\",\"item\":\"https:\\\/\\\/aliso.fr\\\/initiatives\\\/ressources-et-outils\\\/vie-associative\\\/\"},{\"@type\":\"ListItem\",\"position\":4,\"name\":\"[ Newsletter f\u00e9vrier 2023 ] Guid&#8217;Asso\"}]},{\"@type\":\"WebSite\",\"@id\":\"https:\\\/\\\/aliso.fr\\\/initiatives\\\/#website\",\"url\":\"https:\\\/\\\/aliso.fr\\\/initiatives\\\/\",\"name\":\"Aliso Initiatives\",\"description\":\"R\u00e9seau Creusois des acteurs du lien social\",\"publisher\":{\"@id\":\"https:\\\/\\\/aliso.fr\\\/initiatives\\\/#organization\"},\"potentialAction\":[{\"@type\":\"SearchAction\",\"target\":{\"@type\":\"EntryPoint\",\"urlTemplate\":\"https:\\\/\\\/aliso.fr\\\/initiatives\\\/?s={search_term_string}\"},\"query-input\":{\"@type\":\"PropertyValueSpecification\",\"valueRequired\":true,\"valueName\":\"search_term_string\"}}],\"inLanguage\":\"fr-FR\"},{\"@type\":\"Organization\",\"@id\":\"https:\\\/\\\/aliso.fr\\\/initiatives\\\/#organization\",\"name\":\"Aliso Initiatives\",\"url\":\"https:\\\/\\\/aliso.fr\\\/initiatives\\\/\",\"logo\":{\"@type\":\"ImageObject\",\"inLanguage\":\"fr-FR\",\"@id\":\"https:\\\/\\\/aliso.fr\\\/initiatives\\\/#\\\/schema\\\/logo\\\/image\\\/\",\"url\":\"https:\\\/\\\/aliso.fr\\\/initiatives\\\/wp-content\\\/uploads\\\/sites\\\/2\\\/2022\\\/01\\\/Logo-ALISO-Initiatives-2.png\",\"contentUrl\":\"https:\\\/\\\/aliso.fr\\\/initiatives\\\/wp-content\\\/uploads\\\/sites\\\/2\\\/2022\\\/01\\\/Logo-ALISO-Initiatives-2.png\",\"width\":900,\"height\":657,\"caption\":\"Aliso Initiatives\"},\"image\":{\"@id\":\"https:\\\/\\\/aliso.fr\\\/initiatives\\\/#\\\/schema\\\/logo\\\/image\\\/\"}},{\"@type\":\"Person\",\"@id\":\"https:\\\/\\\/aliso.fr\\\/initiatives\\\/#\\\/schema\\\/person\\\/f90e2d6119b8d689c2b8e654d54656b4\",\"name\":\"pauline\"}]}<\/script>\n<!-- \/ Yoast SEO plugin. -->","yoast_head_json":{"title":"[ Newsletter f\u00e9vrier 2023 ] Guid'Asso - Aliso Initiatives","robots":{"index":"index","follow":"follow","max-snippet":"max-snippet:-1","max-image-preview":"max-image-preview:large","max-video-preview":"max-video-preview:-1"},"canonical":"https:\/\/aliso.fr\/initiatives\/2457-2\/","og_locale":"fr_FR","og_type":"article","og_title":"[ Newsletter f\u00e9vrier 2023 ] Guid'Asso - Aliso Initiatives","og_description":"Guid&rsquo;Asso a vocation d&rsquo;\u00eatre un r\u00e9seau d\u2019appui \u00e0 toute association, employeuse ou non, avec des points d\u2019information, d\u2019orientation et de conseil pr\u00e9sents sur le territoire d\u00e9partemental. Pour en savoir plus sur Guid\u2019Asso, voir la pr\u00e9sentation sur le site de l\u2019Etat ici, et la video de presentation ici. ALISO s\u2019implique dans le d\u00e9ploiement de ce dispositif... En savoir plus &raquo;","og_url":"https:\/\/aliso.fr\/initiatives\/2457-2\/","og_site_name":"Aliso Initiatives","article_published_time":"2023-02-04T07:13:08+00:00","article_modified_time":"2023-02-04T07:20:18+00:00","og_image":[{"width":2346,"height":880,"url":"https:\/\/aliso.fr\/initiatives\/wp-content\/uploads\/sites\/2\/2023\/02\/GuidAsso-logotype-accomp.-generaliste-CAP.png","type":"image\/png"}],"author":"pauline","twitter_card":"summary_large_image","schema":{"@context":"https:\/\/schema.org","@graph":[{"@type":"Article","@id":"https:\/\/aliso.fr\/initiatives\/2457-2\/#article","isPartOf":{"@id":"https:\/\/aliso.fr\/initiatives\/2457-2\/"},"author":{"name":"pauline","@id":"https:\/\/aliso.fr\/initiatives\/#\/schema\/person\/f90e2d6119b8d689c2b8e654d54656b4"},"headline":"[ Newsletter f\u00e9vrier 2023 ] Guid&rsquo;Asso","datePublished":"2023-02-04T07:13:08+00:00","dateModified":"2023-02-04T07:20:18+00:00","mainEntityOfPage":{"@id":"https:\/\/aliso.fr\/initiatives\/2457-2\/"},"wordCount":113,"publisher":{"@id":"https:\/\/aliso.fr\/initiatives\/#organization"},"image":{"@id":"https:\/\/aliso.fr\/initiatives\/2457-2\/#primaryimage"},"thumbnailUrl":"https:\/\/aliso.fr\/initiatives\/wp-content\/uploads\/sites\/2\/2023\/02\/GuidAsso-logotype-accomp.-generaliste-CAP.png","keywords":["association","Creuse","ESS","guide","initiatives"],"articleSection":["Vie associative"],"inLanguage":"fr-FR"},{"@type":"WebPage","@id":"https:\/\/aliso.fr\/initiatives\/2457-2\/","url":"https:\/\/aliso.fr\/initiatives\/2457-2\/","name":"[ Newsletter f\u00e9vrier 2023 ] Guid'Asso - Aliso Initiatives","isPartOf":{"@id":"https:\/\/aliso.fr\/initiatives\/#website"},"primaryImageOfPage":{"@id":"https:\/\/aliso.fr\/initiatives\/2457-2\/#primaryimage"},"image":{"@id":"https:\/\/aliso.fr\/initiatives\/2457-2\/#primaryimage"},"thumbnailUrl":"https:\/\/aliso.fr\/initiatives\/wp-content\/uploads\/sites\/2\/2023\/02\/GuidAsso-logotype-accomp.-generaliste-CAP.png","datePublished":"2023-02-04T07:13:08+00:00","dateModified":"2023-02-04T07:20:18+00:00","breadcrumb":{"@id":"https:\/\/aliso.fr\/initiatives\/2457-2\/#breadcrumb"},"inLanguage":"fr-FR","potentialAction":[{"@type":"ReadAction","target":["https:\/\/aliso.fr\/initiatives\/2457-2\/"]}]},{"@type":"ImageObject","inLanguage":"fr-FR","@id":"https:\/\/aliso.fr\/initiatives\/2457-2\/#primaryimage","url":"https:\/\/aliso.fr\/initiatives\/wp-content\/uploads\/sites\/2\/2023\/02\/GuidAsso-logotype-accomp.-generaliste-CAP.png","contentUrl":"https:\/\/aliso.fr\/initiatives\/wp-content\/uploads\/sites\/2\/2023\/02\/GuidAsso-logotype-accomp.-generaliste-CAP.png","width":2346,"height":880},{"@type":"BreadcrumbList","@id":"https:\/\/aliso.fr\/initiatives\/2457-2\/#breadcrumb","itemListElement":[{"@type":"ListItem","position":1,"name":"Accueil","item":"https:\/\/aliso.fr\/initiatives\/"},{"@type":"ListItem","position":2,"name":"Ressources et outils","item":"https:\/\/aliso.fr\/initiatives\/ressources-et-outils\/"},{"@type":"ListItem","position":3,"name":"Vie associative","item":"https:\/\/aliso.fr\/initiatives\/ressources-et-outils\/vie-associative\/"},{"@type":"ListItem","position":4,"name":"[ Newsletter f\u00e9vrier 2023 ] Guid&#8217;Asso"}]},{"@type":"WebSite","@id":"https:\/\/aliso.fr\/initiatives\/#website","url":"https:\/\/aliso.fr\/initiatives\/","name":"Aliso Initiatives","description":"R\u00e9seau Creusois des acteurs du lien social","publisher":{"@id":"https:\/\/aliso.fr\/initiatives\/#organization"},"potentialAction":[{"@type":"SearchAction","target":{"@type":"EntryPoint","urlTemplate":"https:\/\/aliso.fr\/initiatives\/?s={search_term_string}"},"query-input":{"@type":"PropertyValueSpecification","valueRequired":true,"valueName":"search_term_string"}}],"inLanguage":"fr-FR"},{"@type":"Organization","@id":"https:\/\/aliso.fr\/initiatives\/#organization","name":"Aliso Initiatives","url":"https:\/\/aliso.fr\/initiatives\/","logo":{"@type":"ImageObject","inLanguage":"fr-FR","@id":"https:\/\/aliso.fr\/initiatives\/#\/schema\/logo\/image\/","url":"https:\/\/aliso.fr\/initiatives\/wp-content\/uploads\/sites\/2\/2022\/01\/Logo-ALISO-Initiatives-2.png","contentUrl":"https:\/\/aliso.fr\/initiatives\/wp-content\/uploads\/sites\/2\/2022\/01\/Logo-ALISO-Initiatives-2.png","width":900,"height":657,"caption":"Aliso Initiatives"},"image":{"@id":"https:\/\/aliso.fr\/initiatives\/#\/schema\/logo\/image\/"}},{"@type":"Person","@id":"https:\/\/aliso.fr\/initiatives\/#\/schema\/person\/f90e2d6119b8d689c2b8e654d54656b4","name":"pauline"}]}},"_links":{"self":[{"href":"https:\/\/aliso.fr\/initiatives\/wp-json\/wp\/v2\/posts\/2457","targetHints":{"allow":["GET"]}}],"collection":[{"href":"https:\/\/aliso.fr\/initiatives\/wp-json\/wp\/v2\/posts"}],"about":[{"href":"https:\/\/aliso.fr\/initiatives\/wp-json\/wp\/v2\/types\/post"}],"author":[{"embeddable":true,"href":"https:\/\/aliso.fr\/initiatives\/wp-json\/wp\/v2\/users\/7"}],"replies":[{"embeddable":true,"href":"https:\/\/aliso.fr\/initiatives\/wp-json\/wp\/v2\/comments?post=2457"}],"version-history":[{"count":5,"href":"https:\/\/aliso.fr\/initiatives\/wp-json\/wp\/v2\/posts\/2457\/revisions"}],"predecessor-version":[{"id":2466,"href":"https:\/\/aliso.fr\/initiatives\/wp-json\/wp\/v2\/posts\/2457\/revisions\/2466"}],"wp:featuredmedia":[{"embeddable":true,"href":"https:\/\/aliso.fr\/initiatives\/wp-json\/wp\/v2\/media\/2458"}],"wp:attachment":[{"href":"https:\/\/aliso.fr\/initiatives\/wp-json\/wp\/v2\/media?parent=2457"}],"wp:term":[{"taxonomy":"category","embeddable":true,"href":"https:\/\/aliso.fr\/initiatives\/wp-json\/wp\/v2\/categories?post=2457"},{"taxonomy":"post_tag","embeddable":true,"href":"https:\/\/aliso.fr\/initiatives\/wp-json\/wp\/v2\/tags?post=2457"}],"curies":[{"name":"wp","href":"https:\/\/api.w.org\/{rel}","templated":true}]}}