{"id":2473,"date":"2026-01-19T11:40:54","date_gmt":"2026-01-19T10:40:54","guid":{"rendered":"https:\/\/aliso.fr\/initiatives\/?p=2473"},"modified":"2026-01-20T14:53:10","modified_gmt":"2026-01-20T13:53:10","slug":"28-fev-fonds-de-developpement-de-la-vie-associative-fonctionnement-et-innovations","status":"publish","type":"post","link":"https:\/\/aliso.fr\/initiatives\/28-fev-fonds-de-developpement-de-la-vie-associative-fonctionnement-et-innovations\/","title":{"rendered":"&gt; 15 Mars 2026 : Fonds de d\u00e9veloppement de la vie associative &#8211; fonctionnement et innovations"},"content":{"rendered":"\n<div class=\"wp-block-media-text alignwide has-media-on-the-right is-stacked-on-mobile is-vertically-aligned-bottom\" style=\"grid-template-columns:auto 43%\"><div class=\"wp-block-media-text__content\">\n<h2 class=\"wp-block-heading\">A travers le Fonds de d\u00e9veloppement de la vie associative, l&rsquo;Etat s&rsquo;engage chaque ann\u00e9e aupr\u00e8s des associations pour soutenir leur \u00ab\u00a0fonctionnement global\u00a0\u00bb et les \u00ab\u00a0nouveaux projets ou activit\u00e9s innovantes\u00a0\u00bb. Cette ann\u00e9e 2026, les demandes <a href=\"https:\/\/www.ac-bordeaux.fr\/2022-fdva-2-fonctionnement-et-actions-innovantes-par-departement-125788\">FDVA2<\/a> sont \u00e0 r\u00e9aliser avant le 15 Mars en Creuse, uniquement en ligne via votre <a href=\"https:\/\/www.associations.gouv.fr\/le-compte-asso.html\" target=\"_blank\" rel=\"noreferrer noopener\">CompteAsso<\/a>. Les demandes seront ensuite analys\u00e9es selon la <a href=\"https:\/\/nuage.aliso.fr\/index.php\/s\/9qRKLw89QK6FTNt\">note d&rsquo;orientation du FDVA2 sp\u00e9cifique au d\u00e9partement de la Creuse pour 2026<\/a>.<\/h2>\n\n\n\n<blockquote class=\"wp-block-quote is-layout-flow wp-block-quote-is-layout-flow\">\n<p>Pour que l&rsquo;engagement associatif dure sur le territoire ! &gt; 50 ann\u00e9es des Plateaux limousins en 8 m\u00e8tre de fresque<\/p>\n<\/blockquote>\n<\/div><figure class=\"wp-block-media-text__media\"><img decoding=\"async\" src=\"https:\/\/aliso.fr\/initiatives\/wp-content\/uploads\/sites\/2\/2025\/09\/1000022086-300x67.jpg\" alt=\"\" class=\"wp-image-3712 size-medium\" \/><\/figure><\/div>\n\n\n\n<p><\/p>\n","protected":false},"excerpt":{"rendered":"","protected":false},"author":5,"featured_media":2179,"comment_status":"closed","ping_status":"open","sticky":false,"template":"","format":"standard","meta":{"footnotes":""},"categories":[11,73],"tags":[],"class_list":["post-2473","post","type-post","status-publish","format-standard","has-post-thumbnail","hentry","category-actus","category-offres-emploi-appels-a-projets"],"yoast_head":"<!-- This site is optimized with the Yoast SEO plugin v27.5 - https:\/\/yoast.com\/product\/yoast-seo-wordpress\/ -->\n<title>&gt; 15 Mars 2026 : Fonds de d\u00e9veloppement de la vie associative - fonctionnement et innovations - Aliso Initiatives<\/title>\n<meta name=\"robots\" content=\"index, follow, max-snippet:-1, max-image-preview:large, max-video-preview:-1\" \/>\n<link rel=\"canonical\" href=\"https:\/\/aliso.fr\/initiatives\/28-fev-fonds-de-developpement-de-la-vie-associative-fonctionnement-et-innovations\/\" \/>\n<meta property=\"og:locale\" content=\"fr_FR\" \/>\n<meta property=\"og:type\" content=\"article\" \/>\n<meta property=\"og:title\" content=\"&gt; 15 Mars 2026 : Fonds de d\u00e9veloppement de la vie associative - fonctionnement et innovations - Aliso Initiatives\" \/>\n<meta property=\"og:url\" content=\"https:\/\/aliso.fr\/initiatives\/28-fev-fonds-de-developpement-de-la-vie-associative-fonctionnement-et-innovations\/\" \/>\n<meta property=\"og:site_name\" content=\"Aliso Initiatives\" \/>\n<meta property=\"article:published_time\" content=\"2026-01-19T10:40:54+00:00\" \/>\n<meta property=\"article:modified_time\" content=\"2026-01-20T13:53:10+00:00\" \/>\n<meta property=\"og:image\" content=\"https:\/\/aliso.fr\/initiatives\/wp-content\/uploads\/sites\/2\/2022\/09\/20200918_143927-1.jpg\" \/>\n\t<meta property=\"og:image:width\" content=\"1200\" \/>\n\t<meta property=\"og:image:height\" content=\"675\" \/>\n\t<meta property=\"og:image:type\" content=\"image\/jpeg\" \/>\n<meta name=\"author\" content=\"pascal\" \/>\n<meta name=\"twitter:card\" content=\"summary_large_image\" \/>\n<script type=\"application\/ld+json\" class=\"yoast-schema-graph\">{\"@context\":\"https:\\\/\\\/schema.org\",\"@graph\":[{\"@type\":\"Article\",\"@id\":\"https:\\\/\\\/aliso.fr\\\/initiatives\\\/28-fev-fonds-de-developpement-de-la-vie-associative-fonctionnement-et-innovations\\\/#article\",\"isPartOf\":{\"@id\":\"https:\\\/\\\/aliso.fr\\\/initiatives\\\/28-fev-fonds-de-developpement-de-la-vie-associative-fonctionnement-et-innovations\\\/\"},\"author\":{\"name\":\"pascal\",\"@id\":\"https:\\\/\\\/aliso.fr\\\/initiatives\\\/#\\\/schema\\\/person\\\/ac5889082625d5c95b51fac19f3d9b86\"},\"headline\":\"&gt; 15 Mars 2026 : Fonds de d\u00e9veloppement de la vie associative &#8211; fonctionnement et innovations\",\"datePublished\":\"2026-01-19T10:40:54+00:00\",\"dateModified\":\"2026-01-20T13:53:10+00:00\",\"mainEntityOfPage\":{\"@id\":\"https:\\\/\\\/aliso.fr\\\/initiatives\\\/28-fev-fonds-de-developpement-de-la-vie-associative-fonctionnement-et-innovations\\\/\"},\"wordCount\":111,\"publisher\":{\"@id\":\"https:\\\/\\\/aliso.fr\\\/initiatives\\\/#organization\"},\"image\":{\"@id\":\"https:\\\/\\\/aliso.fr\\\/initiatives\\\/28-fev-fonds-de-developpement-de-la-vie-associative-fonctionnement-et-innovations\\\/#primaryimage\"},\"thumbnailUrl\":\"https:\\\/\\\/aliso.fr\\\/initiatives\\\/wp-content\\\/uploads\\\/sites\\\/2\\\/2022\\\/09\\\/20200918_143927-1.jpg\",\"articleSection\":[\"Actualit\u00e9s\",\"Appels \u00e0 projets\"],\"inLanguage\":\"fr-FR\"},{\"@type\":\"WebPage\",\"@id\":\"https:\\\/\\\/aliso.fr\\\/initiatives\\\/28-fev-fonds-de-developpement-de-la-vie-associative-fonctionnement-et-innovations\\\/\",\"url\":\"https:\\\/\\\/aliso.fr\\\/initiatives\\\/28-fev-fonds-de-developpement-de-la-vie-associative-fonctionnement-et-innovations\\\/\",\"name\":\"&gt; 15 Mars 2026 : Fonds de d\u00e9veloppement de la vie associative - fonctionnement et innovations - Aliso Initiatives\",\"isPartOf\":{\"@id\":\"https:\\\/\\\/aliso.fr\\\/initiatives\\\/#website\"},\"primaryImageOfPage\":{\"@id\":\"https:\\\/\\\/aliso.fr\\\/initiatives\\\/28-fev-fonds-de-developpement-de-la-vie-associative-fonctionnement-et-innovations\\\/#primaryimage\"},\"image\":{\"@id\":\"https:\\\/\\\/aliso.fr\\\/initiatives\\\/28-fev-fonds-de-developpement-de-la-vie-associative-fonctionnement-et-innovations\\\/#primaryimage\"},\"thumbnailUrl\":\"https:\\\/\\\/aliso.fr\\\/initiatives\\\/wp-content\\\/uploads\\\/sites\\\/2\\\/2022\\\/09\\\/20200918_143927-1.jpg\",\"datePublished\":\"2026-01-19T10:40:54+00:00\",\"dateModified\":\"2026-01-20T13:53:10+00:00\",\"breadcrumb\":{\"@id\":\"https:\\\/\\\/aliso.fr\\\/initiatives\\\/28-fev-fonds-de-developpement-de-la-vie-associative-fonctionnement-et-innovations\\\/#breadcrumb\"},\"inLanguage\":\"fr-FR\",\"potentialAction\":[{\"@type\":\"ReadAction\",\"target\":[\"https:\\\/\\\/aliso.fr\\\/initiatives\\\/28-fev-fonds-de-developpement-de-la-vie-associative-fonctionnement-et-innovations\\\/\"]}]},{\"@type\":\"ImageObject\",\"inLanguage\":\"fr-FR\",\"@id\":\"https:\\\/\\\/aliso.fr\\\/initiatives\\\/28-fev-fonds-de-developpement-de-la-vie-associative-fonctionnement-et-innovations\\\/#primaryimage\",\"url\":\"https:\\\/\\\/aliso.fr\\\/initiatives\\\/wp-content\\\/uploads\\\/sites\\\/2\\\/2022\\\/09\\\/20200918_143927-1.jpg\",\"contentUrl\":\"https:\\\/\\\/aliso.fr\\\/initiatives\\\/wp-content\\\/uploads\\\/sites\\\/2\\\/2022\\\/09\\\/20200918_143927-1.jpg\",\"width\":1200,\"height\":675},{\"@type\":\"BreadcrumbList\",\"@id\":\"https:\\\/\\\/aliso.fr\\\/initiatives\\\/28-fev-fonds-de-developpement-de-la-vie-associative-fonctionnement-et-innovations\\\/#breadcrumb\",\"itemListElement\":[{\"@type\":\"ListItem\",\"position\":1,\"name\":\"Accueil\",\"item\":\"https:\\\/\\\/aliso.fr\\\/initiatives\\\/\"},{\"@type\":\"ListItem\",\"position\":2,\"name\":\"Appels \u00e0 projets\",\"item\":\"https:\\\/\\\/aliso.fr\\\/initiatives\\\/offres-emploi-appels-a-projets\\\/\"},{\"@type\":\"ListItem\",\"position\":3,\"name\":\"&gt; 15 Mars 2026 : Fonds de d\u00e9veloppement de la vie associative &#8211; fonctionnement et innovations\"}]},{\"@type\":\"WebSite\",\"@id\":\"https:\\\/\\\/aliso.fr\\\/initiatives\\\/#website\",\"url\":\"https:\\\/\\\/aliso.fr\\\/initiatives\\\/\",\"name\":\"Aliso Initiatives\",\"description\":\"R\u00e9seau Creusois des acteurs du lien social\",\"publisher\":{\"@id\":\"https:\\\/\\\/aliso.fr\\\/initiatives\\\/#organization\"},\"potentialAction\":[{\"@type\":\"SearchAction\",\"target\":{\"@type\":\"EntryPoint\",\"urlTemplate\":\"https:\\\/\\\/aliso.fr\\\/initiatives\\\/?s={search_term_string}\"},\"query-input\":{\"@type\":\"PropertyValueSpecification\",\"valueRequired\":true,\"valueName\":\"search_term_string\"}}],\"inLanguage\":\"fr-FR\"},{\"@type\":\"Organization\",\"@id\":\"https:\\\/\\\/aliso.fr\\\/initiatives\\\/#organization\",\"name\":\"Aliso Initiatives\",\"url\":\"https:\\\/\\\/aliso.fr\\\/initiatives\\\/\",\"logo\":{\"@type\":\"ImageObject\",\"inLanguage\":\"fr-FR\",\"@id\":\"https:\\\/\\\/aliso.fr\\\/initiatives\\\/#\\\/schema\\\/logo\\\/image\\\/\",\"url\":\"https:\\\/\\\/aliso.fr\\\/initiatives\\\/wp-content\\\/uploads\\\/sites\\\/2\\\/2022\\\/01\\\/Logo-ALISO-Initiatives-2.png\",\"contentUrl\":\"https:\\\/\\\/aliso.fr\\\/initiatives\\\/wp-content\\\/uploads\\\/sites\\\/2\\\/2022\\\/01\\\/Logo-ALISO-Initiatives-2.png\",\"width\":900,\"height\":657,\"caption\":\"Aliso Initiatives\"},\"image\":{\"@id\":\"https:\\\/\\\/aliso.fr\\\/initiatives\\\/#\\\/schema\\\/logo\\\/image\\\/\"}},{\"@type\":\"Person\",\"@id\":\"https:\\\/\\\/aliso.fr\\\/initiatives\\\/#\\\/schema\\\/person\\\/ac5889082625d5c95b51fac19f3d9b86\",\"name\":\"pascal\"}]}<\/script>\n<!-- \/ Yoast SEO plugin. -->","yoast_head_json":{"title":"&gt; 15 Mars 2026 : Fonds de d\u00e9veloppement de la vie associative - fonctionnement et innovations - Aliso Initiatives","robots":{"index":"index","follow":"follow","max-snippet":"max-snippet:-1","max-image-preview":"max-image-preview:large","max-video-preview":"max-video-preview:-1"},"canonical":"https:\/\/aliso.fr\/initiatives\/28-fev-fonds-de-developpement-de-la-vie-associative-fonctionnement-et-innovations\/","og_locale":"fr_FR","og_type":"article","og_title":"&gt; 15 Mars 2026 : Fonds de d\u00e9veloppement de la vie associative - fonctionnement et innovations - Aliso Initiatives","og_url":"https:\/\/aliso.fr\/initiatives\/28-fev-fonds-de-developpement-de-la-vie-associative-fonctionnement-et-innovations\/","og_site_name":"Aliso Initiatives","article_published_time":"2026-01-19T10:40:54+00:00","article_modified_time":"2026-01-20T13:53:10+00:00","og_image":[{"width":1200,"height":675,"url":"https:\/\/aliso.fr\/initiatives\/wp-content\/uploads\/sites\/2\/2022\/09\/20200918_143927-1.jpg","type":"image\/jpeg"}],"author":"pascal","twitter_card":"summary_large_image","schema":{"@context":"https:\/\/schema.org","@graph":[{"@type":"Article","@id":"https:\/\/aliso.fr\/initiatives\/28-fev-fonds-de-developpement-de-la-vie-associative-fonctionnement-et-innovations\/#article","isPartOf":{"@id":"https:\/\/aliso.fr\/initiatives\/28-fev-fonds-de-developpement-de-la-vie-associative-fonctionnement-et-innovations\/"},"author":{"name":"pascal","@id":"https:\/\/aliso.fr\/initiatives\/#\/schema\/person\/ac5889082625d5c95b51fac19f3d9b86"},"headline":"&gt; 15 Mars 2026 : Fonds de d\u00e9veloppement de la vie associative &#8211; fonctionnement et innovations","datePublished":"2026-01-19T10:40:54+00:00","dateModified":"2026-01-20T13:53:10+00:00","mainEntityOfPage":{"@id":"https:\/\/aliso.fr\/initiatives\/28-fev-fonds-de-developpement-de-la-vie-associative-fonctionnement-et-innovations\/"},"wordCount":111,"publisher":{"@id":"https:\/\/aliso.fr\/initiatives\/#organization"},"image":{"@id":"https:\/\/aliso.fr\/initiatives\/28-fev-fonds-de-developpement-de-la-vie-associative-fonctionnement-et-innovations\/#primaryimage"},"thumbnailUrl":"https:\/\/aliso.fr\/initiatives\/wp-content\/uploads\/sites\/2\/2022\/09\/20200918_143927-1.jpg","articleSection":["Actualit\u00e9s","Appels \u00e0 projets"],"inLanguage":"fr-FR"},{"@type":"WebPage","@id":"https:\/\/aliso.fr\/initiatives\/28-fev-fonds-de-developpement-de-la-vie-associative-fonctionnement-et-innovations\/","url":"https:\/\/aliso.fr\/initiatives\/28-fev-fonds-de-developpement-de-la-vie-associative-fonctionnement-et-innovations\/","name":"&gt; 15 Mars 2026 : Fonds de d\u00e9veloppement de la vie associative - fonctionnement et innovations - Aliso Initiatives","isPartOf":{"@id":"https:\/\/aliso.fr\/initiatives\/#website"},"primaryImageOfPage":{"@id":"https:\/\/aliso.fr\/initiatives\/28-fev-fonds-de-developpement-de-la-vie-associative-fonctionnement-et-innovations\/#primaryimage"},"image":{"@id":"https:\/\/aliso.fr\/initiatives\/28-fev-fonds-de-developpement-de-la-vie-associative-fonctionnement-et-innovations\/#primaryimage"},"thumbnailUrl":"https:\/\/aliso.fr\/initiatives\/wp-content\/uploads\/sites\/2\/2022\/09\/20200918_143927-1.jpg","datePublished":"2026-01-19T10:40:54+00:00","dateModified":"2026-01-20T13:53:10+00:00","breadcrumb":{"@id":"https:\/\/aliso.fr\/initiatives\/28-fev-fonds-de-developpement-de-la-vie-associative-fonctionnement-et-innovations\/#breadcrumb"},"inLanguage":"fr-FR","potentialAction":[{"@type":"ReadAction","target":["https:\/\/aliso.fr\/initiatives\/28-fev-fonds-de-developpement-de-la-vie-associative-fonctionnement-et-innovations\/"]}]},{"@type":"ImageObject","inLanguage":"fr-FR","@id":"https:\/\/aliso.fr\/initiatives\/28-fev-fonds-de-developpement-de-la-vie-associative-fonctionnement-et-innovations\/#primaryimage","url":"https:\/\/aliso.fr\/initiatives\/wp-content\/uploads\/sites\/2\/2022\/09\/20200918_143927-1.jpg","contentUrl":"https:\/\/aliso.fr\/initiatives\/wp-content\/uploads\/sites\/2\/2022\/09\/20200918_143927-1.jpg","width":1200,"height":675},{"@type":"BreadcrumbList","@id":"https:\/\/aliso.fr\/initiatives\/28-fev-fonds-de-developpement-de-la-vie-associative-fonctionnement-et-innovations\/#breadcrumb","itemListElement":[{"@type":"ListItem","position":1,"name":"Accueil","item":"https:\/\/aliso.fr\/initiatives\/"},{"@type":"ListItem","position":2,"name":"Appels \u00e0 projets","item":"https:\/\/aliso.fr\/initiatives\/offres-emploi-appels-a-projets\/"},{"@type":"ListItem","position":3,"name":"&gt; 15 Mars 2026 : Fonds de d\u00e9veloppement de la vie associative &#8211; fonctionnement et innovations"}]},{"@type":"WebSite","@id":"https:\/\/aliso.fr\/initiatives\/#website","url":"https:\/\/aliso.fr\/initiatives\/","name":"Aliso Initiatives","description":"R\u00e9seau Creusois des acteurs du lien social","publisher":{"@id":"https:\/\/aliso.fr\/initiatives\/#organization"},"potentialAction":[{"@type":"SearchAction","target":{"@type":"EntryPoint","urlTemplate":"https:\/\/aliso.fr\/initiatives\/?s={search_term_string}"},"query-input":{"@type":"PropertyValueSpecification","valueRequired":true,"valueName":"search_term_string"}}],"inLanguage":"fr-FR"},{"@type":"Organization","@id":"https:\/\/aliso.fr\/initiatives\/#organization","name":"Aliso Initiatives","url":"https:\/\/aliso.fr\/initiatives\/","logo":{"@type":"ImageObject","inLanguage":"fr-FR","@id":"https:\/\/aliso.fr\/initiatives\/#\/schema\/logo\/image\/","url":"https:\/\/aliso.fr\/initiatives\/wp-content\/uploads\/sites\/2\/2022\/01\/Logo-ALISO-Initiatives-2.png","contentUrl":"https:\/\/aliso.fr\/initiatives\/wp-content\/uploads\/sites\/2\/2022\/01\/Logo-ALISO-Initiatives-2.png","width":900,"height":657,"caption":"Aliso Initiatives"},"image":{"@id":"https:\/\/aliso.fr\/initiatives\/#\/schema\/logo\/image\/"}},{"@type":"Person","@id":"https:\/\/aliso.fr\/initiatives\/#\/schema\/person\/ac5889082625d5c95b51fac19f3d9b86","name":"pascal"}]}},"_links":{"self":[{"href":"https:\/\/aliso.fr\/initiatives\/wp-json\/wp\/v2\/posts\/2473","targetHints":{"allow":["GET"]}}],"collection":[{"href":"https:\/\/aliso.fr\/initiatives\/wp-json\/wp\/v2\/posts"}],"about":[{"href":"https:\/\/aliso.fr\/initiatives\/wp-json\/wp\/v2\/types\/post"}],"author":[{"embeddable":true,"href":"https:\/\/aliso.fr\/initiatives\/wp-json\/wp\/v2\/users\/5"}],"replies":[{"embeddable":true,"href":"https:\/\/aliso.fr\/initiatives\/wp-json\/wp\/v2\/comments?post=2473"}],"version-history":[{"count":5,"href":"https:\/\/aliso.fr\/initiatives\/wp-json\/wp\/v2\/posts\/2473\/revisions"}],"predecessor-version":[{"id":3777,"href":"https:\/\/aliso.fr\/initiatives\/wp-json\/wp\/v2\/posts\/2473\/revisions\/3777"}],"wp:featuredmedia":[{"embeddable":true,"href":"https:\/\/aliso.fr\/initiatives\/wp-json\/wp\/v2\/media\/2179"}],"wp:attachment":[{"href":"https:\/\/aliso.fr\/initiatives\/wp-json\/wp\/v2\/media?parent=2473"}],"wp:term":[{"taxonomy":"category","embeddable":true,"href":"https:\/\/aliso.fr\/initiatives\/wp-json\/wp\/v2\/categories?post=2473"},{"taxonomy":"post_tag","embeddable":true,"href":"https:\/\/aliso.fr\/initiatives\/wp-json\/wp\/v2\/tags?post=2473"}],"curies":[{"name":"wp","href":"https:\/\/api.w.org\/{rel}","templated":true}]}}