{"id":2632,"date":"2023-12-20T16:53:00","date_gmt":"2023-12-20T15:53:00","guid":{"rendered":"https:\/\/aliso.fr\/initiatives\/?p=2632"},"modified":"2024-01-16T11:25:46","modified_gmt":"2024-01-16T10:25:46","slug":"formation-faciliter-lintelligence-collective-dans-son-organisation","status":"publish","type":"post","link":"https:\/\/aliso.fr\/initiatives\/formation-faciliter-lintelligence-collective-dans-son-organisation\/","title":{"rendered":"Formation \u00ab\u00a0Faciliter l&rsquo;intelligence collective dans son organisation\u00a0\u00bb"},"content":{"rendered":"\n<p>Grace au partenariat Coop des Tiers lieux et <a href=\"https:\/\/lamaisondacote23.fr\/2023\/12\/02\/faciliter-lintelligence-collective\/\">La Maison d&rsquo;\u00e0 c\u00f4t\u00e9, cette formation<\/a> est ouverte en Creuse ! Elle aura lieu \u00e0 La Souterraine, de Mars \u00e0 Septembre 2024 : un programme approfondi de 12 journ\u00e9es pour se doter de solides comp\u00e9tences en animation de collectifs (collectifs d&rsquo;acteurs, associations, coop\u00e9ratives, tiers lieux), en accompagnement, en management d&rsquo;\u00e9quipes et de r\u00e9seaux. Renseignement et inscriptions aupr\u00e8s de <strong>Marion <\/strong>: <strong> <a href=\"&#x6d;&#x61;&#x69;&#x6c;&#116;&#111;:tr&#x61;&#x6e;&#x73;&#x66;&#111;&#114;mat&#x69;&#x6f;&#x6e;&#x73;&#64;&#116;&#105;er&#x73;&#x6c;&#x69;&#x65;&#117;&#120;&#46;ne&#x74;\">transformati&#111;&#110;&#115;&#64;&#116;&#105;&#101;&#114;&#115;&#108;&#105;&#101;&#117;&#120;&#46;&#x6e;&#x65;&#x74;<\/a> \u2013 <a href=\"tel:+33658991406\">06 58 99 14 06<\/a><\/strong><\/p>\n\n\n\n<div data-wp-interactive=\"core\/file\" class=\"wp-block-file\"><object data-wp-bind--hidden=\"!state.hasPdfPreview\" hidden class=\"wp-block-file__embed\" data=\"https:\/\/aliso.fr\/initiatives\/wp-content\/uploads\/sites\/2\/2024\/01\/2024_formation_intelligence_collective.pdf\" type=\"application\/pdf\" style=\"width:100%;height:600px\" aria-label=\"Contenu embarqu\u00e9 2024_formation_intelligence_collective.\"><\/object><a id=\"wp-block-file--media-8d077bc2-c45c-48b2-ba0a-2f0983bbf064\" href=\"https:\/\/aliso.fr\/initiatives\/wp-content\/uploads\/sites\/2\/2024\/01\/2024_formation_intelligence_collective.pdf\">2024_formation_intelligence_collective<\/a><a href=\"https:\/\/aliso.fr\/initiatives\/wp-content\/uploads\/sites\/2\/2024\/01\/2024_formation_intelligence_collective.pdf\" class=\"wp-block-file__button wp-element-button\" download aria-describedby=\"wp-block-file--media-8d077bc2-c45c-48b2-ba0a-2f0983bbf064\">T\u00e9l\u00e9charger<\/a><\/div>\n","protected":false},"excerpt":{"rendered":"<p>Grace au partenariat Coop des Tiers lieux et La Maison d&rsquo;\u00e0 c\u00f4t\u00e9, cette formation est ouverte en Creuse ! Elle aura lieu \u00e0 La Souterraine, de Mars \u00e0 Septembre 2024 : un programme approfondi de 12 journ\u00e9es pour se doter de solides comp\u00e9tences en animation de collectifs (collectifs d&rsquo;acteurs, associations, coop\u00e9ratives, tiers lieux), en accompagnement,&#8230; <a class=\"excerpt-read-more button\" href=\"https:\/\/aliso.fr\/initiatives\/formation-faciliter-lintelligence-collective-dans-son-organisation\/\" title=\"ReadFormation \u00ab\u00a0Faciliter l&rsquo;intelligence collective dans son organisation\u00a0\u00bb\">En savoir plus &raquo;<\/a><\/p>\n","protected":false},"author":5,"featured_media":3056,"comment_status":"closed","ping_status":"open","sticky":false,"template":"","format":"standard","meta":{"footnotes":""},"categories":[19],"tags":[],"class_list":["post-2632","post","type-post","status-publish","format-standard","has-post-thumbnail","hentry","category-se-former-sinformer"],"yoast_head":"<!-- This site is optimized with the Yoast SEO plugin v27.4 - https:\/\/yoast.com\/product\/yoast-seo-wordpress\/ -->\n<title>Formation &quot;Faciliter l&#039;intelligence collective dans son organisation&quot; - Aliso Initiatives<\/title>\n<meta name=\"robots\" content=\"index, follow, max-snippet:-1, max-image-preview:large, max-video-preview:-1\" \/>\n<link rel=\"canonical\" href=\"https:\/\/aliso.fr\/initiatives\/formation-faciliter-lintelligence-collective-dans-son-organisation\/\" \/>\n<meta property=\"og:locale\" content=\"fr_FR\" \/>\n<meta property=\"og:type\" content=\"article\" \/>\n<meta property=\"og:title\" content=\"Formation &quot;Faciliter l&#039;intelligence collective dans son organisation&quot; - Aliso Initiatives\" \/>\n<meta property=\"og:description\" content=\"Grace au partenariat Coop des Tiers lieux et La Maison d&rsquo;\u00e0 c\u00f4t\u00e9, cette formation est ouverte en Creuse ! Elle aura lieu \u00e0 La Souterraine, de Mars \u00e0 Septembre 2024 : un programme approfondi de 12 journ\u00e9es pour se doter de solides comp\u00e9tences en animation de collectifs (collectifs d&rsquo;acteurs, associations, coop\u00e9ratives, tiers lieux), en accompagnement,... En savoir plus &raquo;\" \/>\n<meta property=\"og:url\" content=\"https:\/\/aliso.fr\/initiatives\/formation-faciliter-lintelligence-collective-dans-son-organisation\/\" \/>\n<meta property=\"og:site_name\" content=\"Aliso Initiatives\" \/>\n<meta property=\"article:published_time\" content=\"2023-12-20T15:53:00+00:00\" \/>\n<meta property=\"article:modified_time\" content=\"2024-01-16T10:25:46+00:00\" \/>\n<meta property=\"og:image\" content=\"https:\/\/aliso.fr\/initiatives\/wp-content\/uploads\/sites\/2\/2024\/12\/IC-formation.webp\" \/>\n\t<meta property=\"og:image:width\" content=\"940\" \/>\n\t<meta property=\"og:image:height\" content=\"788\" \/>\n\t<meta property=\"og:image:type\" content=\"image\/webp\" \/>\n<meta name=\"author\" content=\"pascal\" \/>\n<meta name=\"twitter:card\" content=\"summary_large_image\" \/>\n<script type=\"application\/ld+json\" class=\"yoast-schema-graph\">{\"@context\":\"https:\\\/\\\/schema.org\",\"@graph\":[{\"@type\":\"Article\",\"@id\":\"https:\\\/\\\/aliso.fr\\\/initiatives\\\/formation-faciliter-lintelligence-collective-dans-son-organisation\\\/#article\",\"isPartOf\":{\"@id\":\"https:\\\/\\\/aliso.fr\\\/initiatives\\\/formation-faciliter-lintelligence-collective-dans-son-organisation\\\/\"},\"author\":{\"name\":\"pascal\",\"@id\":\"https:\\\/\\\/aliso.fr\\\/initiatives\\\/#\\\/schema\\\/person\\\/ac5889082625d5c95b51fac19f3d9b86\"},\"headline\":\"Formation \u00ab\u00a0Faciliter l&rsquo;intelligence collective dans son organisation\u00a0\u00bb\",\"datePublished\":\"2023-12-20T15:53:00+00:00\",\"dateModified\":\"2024-01-16T10:25:46+00:00\",\"mainEntityOfPage\":{\"@id\":\"https:\\\/\\\/aliso.fr\\\/initiatives\\\/formation-faciliter-lintelligence-collective-dans-son-organisation\\\/\"},\"wordCount\":86,\"publisher\":{\"@id\":\"https:\\\/\\\/aliso.fr\\\/initiatives\\\/#organization\"},\"image\":{\"@id\":\"https:\\\/\\\/aliso.fr\\\/initiatives\\\/formation-faciliter-lintelligence-collective-dans-son-organisation\\\/#primaryimage\"},\"thumbnailUrl\":\"https:\\\/\\\/aliso.fr\\\/initiatives\\\/wp-content\\\/uploads\\\/sites\\\/2\\\/2024\\\/12\\\/IC-formation.webp\",\"articleSection\":[\"Se former, s\u2019informer\"],\"inLanguage\":\"fr-FR\"},{\"@type\":\"WebPage\",\"@id\":\"https:\\\/\\\/aliso.fr\\\/initiatives\\\/formation-faciliter-lintelligence-collective-dans-son-organisation\\\/\",\"url\":\"https:\\\/\\\/aliso.fr\\\/initiatives\\\/formation-faciliter-lintelligence-collective-dans-son-organisation\\\/\",\"name\":\"Formation \\\"Faciliter l'intelligence collective dans son organisation\\\" - Aliso Initiatives\",\"isPartOf\":{\"@id\":\"https:\\\/\\\/aliso.fr\\\/initiatives\\\/#website\"},\"primaryImageOfPage\":{\"@id\":\"https:\\\/\\\/aliso.fr\\\/initiatives\\\/formation-faciliter-lintelligence-collective-dans-son-organisation\\\/#primaryimage\"},\"image\":{\"@id\":\"https:\\\/\\\/aliso.fr\\\/initiatives\\\/formation-faciliter-lintelligence-collective-dans-son-organisation\\\/#primaryimage\"},\"thumbnailUrl\":\"https:\\\/\\\/aliso.fr\\\/initiatives\\\/wp-content\\\/uploads\\\/sites\\\/2\\\/2024\\\/12\\\/IC-formation.webp\",\"datePublished\":\"2023-12-20T15:53:00+00:00\",\"dateModified\":\"2024-01-16T10:25:46+00:00\",\"breadcrumb\":{\"@id\":\"https:\\\/\\\/aliso.fr\\\/initiatives\\\/formation-faciliter-lintelligence-collective-dans-son-organisation\\\/#breadcrumb\"},\"inLanguage\":\"fr-FR\",\"potentialAction\":[{\"@type\":\"ReadAction\",\"target\":[\"https:\\\/\\\/aliso.fr\\\/initiatives\\\/formation-faciliter-lintelligence-collective-dans-son-organisation\\\/\"]}]},{\"@type\":\"ImageObject\",\"inLanguage\":\"fr-FR\",\"@id\":\"https:\\\/\\\/aliso.fr\\\/initiatives\\\/formation-faciliter-lintelligence-collective-dans-son-organisation\\\/#primaryimage\",\"url\":\"https:\\\/\\\/aliso.fr\\\/initiatives\\\/wp-content\\\/uploads\\\/sites\\\/2\\\/2024\\\/12\\\/IC-formation.webp\",\"contentUrl\":\"https:\\\/\\\/aliso.fr\\\/initiatives\\\/wp-content\\\/uploads\\\/sites\\\/2\\\/2024\\\/12\\\/IC-formation.webp\",\"width\":940,\"height\":788},{\"@type\":\"BreadcrumbList\",\"@id\":\"https:\\\/\\\/aliso.fr\\\/initiatives\\\/formation-faciliter-lintelligence-collective-dans-son-organisation\\\/#breadcrumb\",\"itemListElement\":[{\"@type\":\"ListItem\",\"position\":1,\"name\":\"Accueil\",\"item\":\"https:\\\/\\\/aliso.fr\\\/initiatives\\\/\"},{\"@type\":\"ListItem\",\"position\":2,\"name\":\"Se former, s\u2019informer\",\"item\":\"https:\\\/\\\/aliso.fr\\\/initiatives\\\/se-former-sinformer\\\/\"},{\"@type\":\"ListItem\",\"position\":3,\"name\":\"Formation &#8220;Faciliter l&#8217;intelligence collective dans son organisation&#8221;\"}]},{\"@type\":\"WebSite\",\"@id\":\"https:\\\/\\\/aliso.fr\\\/initiatives\\\/#website\",\"url\":\"https:\\\/\\\/aliso.fr\\\/initiatives\\\/\",\"name\":\"Aliso Initiatives\",\"description\":\"R\u00e9seau Creusois des acteurs du lien social\",\"publisher\":{\"@id\":\"https:\\\/\\\/aliso.fr\\\/initiatives\\\/#organization\"},\"potentialAction\":[{\"@type\":\"SearchAction\",\"target\":{\"@type\":\"EntryPoint\",\"urlTemplate\":\"https:\\\/\\\/aliso.fr\\\/initiatives\\\/?s={search_term_string}\"},\"query-input\":{\"@type\":\"PropertyValueSpecification\",\"valueRequired\":true,\"valueName\":\"search_term_string\"}}],\"inLanguage\":\"fr-FR\"},{\"@type\":\"Organization\",\"@id\":\"https:\\\/\\\/aliso.fr\\\/initiatives\\\/#organization\",\"name\":\"Aliso Initiatives\",\"url\":\"https:\\\/\\\/aliso.fr\\\/initiatives\\\/\",\"logo\":{\"@type\":\"ImageObject\",\"inLanguage\":\"fr-FR\",\"@id\":\"https:\\\/\\\/aliso.fr\\\/initiatives\\\/#\\\/schema\\\/logo\\\/image\\\/\",\"url\":\"https:\\\/\\\/aliso.fr\\\/initiatives\\\/wp-content\\\/uploads\\\/sites\\\/2\\\/2022\\\/01\\\/Logo-ALISO-Initiatives-2.png\",\"contentUrl\":\"https:\\\/\\\/aliso.fr\\\/initiatives\\\/wp-content\\\/uploads\\\/sites\\\/2\\\/2022\\\/01\\\/Logo-ALISO-Initiatives-2.png\",\"width\":900,\"height\":657,\"caption\":\"Aliso Initiatives\"},\"image\":{\"@id\":\"https:\\\/\\\/aliso.fr\\\/initiatives\\\/#\\\/schema\\\/logo\\\/image\\\/\"}},{\"@type\":\"Person\",\"@id\":\"https:\\\/\\\/aliso.fr\\\/initiatives\\\/#\\\/schema\\\/person\\\/ac5889082625d5c95b51fac19f3d9b86\",\"name\":\"pascal\"}]}<\/script>\n<!-- \/ Yoast SEO plugin. -->","yoast_head_json":{"title":"Formation \"Faciliter l'intelligence collective dans son organisation\" - Aliso Initiatives","robots":{"index":"index","follow":"follow","max-snippet":"max-snippet:-1","max-image-preview":"max-image-preview:large","max-video-preview":"max-video-preview:-1"},"canonical":"https:\/\/aliso.fr\/initiatives\/formation-faciliter-lintelligence-collective-dans-son-organisation\/","og_locale":"fr_FR","og_type":"article","og_title":"Formation \"Faciliter l'intelligence collective dans son organisation\" - Aliso Initiatives","og_description":"Grace au partenariat Coop des Tiers lieux et La Maison d&rsquo;\u00e0 c\u00f4t\u00e9, cette formation est ouverte en Creuse ! Elle aura lieu \u00e0 La Souterraine, de Mars \u00e0 Septembre 2024 : un programme approfondi de 12 journ\u00e9es pour se doter de solides comp\u00e9tences en animation de collectifs (collectifs d&rsquo;acteurs, associations, coop\u00e9ratives, tiers lieux), en accompagnement,... En savoir plus &raquo;","og_url":"https:\/\/aliso.fr\/initiatives\/formation-faciliter-lintelligence-collective-dans-son-organisation\/","og_site_name":"Aliso Initiatives","article_published_time":"2023-12-20T15:53:00+00:00","article_modified_time":"2024-01-16T10:25:46+00:00","og_image":[{"width":940,"height":788,"url":"https:\/\/aliso.fr\/initiatives\/wp-content\/uploads\/sites\/2\/2024\/12\/IC-formation.webp","type":"image\/webp"}],"author":"pascal","twitter_card":"summary_large_image","schema":{"@context":"https:\/\/schema.org","@graph":[{"@type":"Article","@id":"https:\/\/aliso.fr\/initiatives\/formation-faciliter-lintelligence-collective-dans-son-organisation\/#article","isPartOf":{"@id":"https:\/\/aliso.fr\/initiatives\/formation-faciliter-lintelligence-collective-dans-son-organisation\/"},"author":{"name":"pascal","@id":"https:\/\/aliso.fr\/initiatives\/#\/schema\/person\/ac5889082625d5c95b51fac19f3d9b86"},"headline":"Formation \u00ab\u00a0Faciliter l&rsquo;intelligence collective dans son organisation\u00a0\u00bb","datePublished":"2023-12-20T15:53:00+00:00","dateModified":"2024-01-16T10:25:46+00:00","mainEntityOfPage":{"@id":"https:\/\/aliso.fr\/initiatives\/formation-faciliter-lintelligence-collective-dans-son-organisation\/"},"wordCount":86,"publisher":{"@id":"https:\/\/aliso.fr\/initiatives\/#organization"},"image":{"@id":"https:\/\/aliso.fr\/initiatives\/formation-faciliter-lintelligence-collective-dans-son-organisation\/#primaryimage"},"thumbnailUrl":"https:\/\/aliso.fr\/initiatives\/wp-content\/uploads\/sites\/2\/2024\/12\/IC-formation.webp","articleSection":["Se former, s\u2019informer"],"inLanguage":"fr-FR"},{"@type":"WebPage","@id":"https:\/\/aliso.fr\/initiatives\/formation-faciliter-lintelligence-collective-dans-son-organisation\/","url":"https:\/\/aliso.fr\/initiatives\/formation-faciliter-lintelligence-collective-dans-son-organisation\/","name":"Formation \"Faciliter l'intelligence collective dans son organisation\" - Aliso Initiatives","isPartOf":{"@id":"https:\/\/aliso.fr\/initiatives\/#website"},"primaryImageOfPage":{"@id":"https:\/\/aliso.fr\/initiatives\/formation-faciliter-lintelligence-collective-dans-son-organisation\/#primaryimage"},"image":{"@id":"https:\/\/aliso.fr\/initiatives\/formation-faciliter-lintelligence-collective-dans-son-organisation\/#primaryimage"},"thumbnailUrl":"https:\/\/aliso.fr\/initiatives\/wp-content\/uploads\/sites\/2\/2024\/12\/IC-formation.webp","datePublished":"2023-12-20T15:53:00+00:00","dateModified":"2024-01-16T10:25:46+00:00","breadcrumb":{"@id":"https:\/\/aliso.fr\/initiatives\/formation-faciliter-lintelligence-collective-dans-son-organisation\/#breadcrumb"},"inLanguage":"fr-FR","potentialAction":[{"@type":"ReadAction","target":["https:\/\/aliso.fr\/initiatives\/formation-faciliter-lintelligence-collective-dans-son-organisation\/"]}]},{"@type":"ImageObject","inLanguage":"fr-FR","@id":"https:\/\/aliso.fr\/initiatives\/formation-faciliter-lintelligence-collective-dans-son-organisation\/#primaryimage","url":"https:\/\/aliso.fr\/initiatives\/wp-content\/uploads\/sites\/2\/2024\/12\/IC-formation.webp","contentUrl":"https:\/\/aliso.fr\/initiatives\/wp-content\/uploads\/sites\/2\/2024\/12\/IC-formation.webp","width":940,"height":788},{"@type":"BreadcrumbList","@id":"https:\/\/aliso.fr\/initiatives\/formation-faciliter-lintelligence-collective-dans-son-organisation\/#breadcrumb","itemListElement":[{"@type":"ListItem","position":1,"name":"Accueil","item":"https:\/\/aliso.fr\/initiatives\/"},{"@type":"ListItem","position":2,"name":"Se former, s\u2019informer","item":"https:\/\/aliso.fr\/initiatives\/se-former-sinformer\/"},{"@type":"ListItem","position":3,"name":"Formation &#8220;Faciliter l&#8217;intelligence collective dans son organisation&#8221;"}]},{"@type":"WebSite","@id":"https:\/\/aliso.fr\/initiatives\/#website","url":"https:\/\/aliso.fr\/initiatives\/","name":"Aliso Initiatives","description":"R\u00e9seau Creusois des acteurs du lien social","publisher":{"@id":"https:\/\/aliso.fr\/initiatives\/#organization"},"potentialAction":[{"@type":"SearchAction","target":{"@type":"EntryPoint","urlTemplate":"https:\/\/aliso.fr\/initiatives\/?s={search_term_string}"},"query-input":{"@type":"PropertyValueSpecification","valueRequired":true,"valueName":"search_term_string"}}],"inLanguage":"fr-FR"},{"@type":"Organization","@id":"https:\/\/aliso.fr\/initiatives\/#organization","name":"Aliso Initiatives","url":"https:\/\/aliso.fr\/initiatives\/","logo":{"@type":"ImageObject","inLanguage":"fr-FR","@id":"https:\/\/aliso.fr\/initiatives\/#\/schema\/logo\/image\/","url":"https:\/\/aliso.fr\/initiatives\/wp-content\/uploads\/sites\/2\/2022\/01\/Logo-ALISO-Initiatives-2.png","contentUrl":"https:\/\/aliso.fr\/initiatives\/wp-content\/uploads\/sites\/2\/2022\/01\/Logo-ALISO-Initiatives-2.png","width":900,"height":657,"caption":"Aliso Initiatives"},"image":{"@id":"https:\/\/aliso.fr\/initiatives\/#\/schema\/logo\/image\/"}},{"@type":"Person","@id":"https:\/\/aliso.fr\/initiatives\/#\/schema\/person\/ac5889082625d5c95b51fac19f3d9b86","name":"pascal"}]}},"_links":{"self":[{"href":"https:\/\/aliso.fr\/initiatives\/wp-json\/wp\/v2\/posts\/2632","targetHints":{"allow":["GET"]}}],"collection":[{"href":"https:\/\/aliso.fr\/initiatives\/wp-json\/wp\/v2\/posts"}],"about":[{"href":"https:\/\/aliso.fr\/initiatives\/wp-json\/wp\/v2\/types\/post"}],"author":[{"embeddable":true,"href":"https:\/\/aliso.fr\/initiatives\/wp-json\/wp\/v2\/users\/5"}],"replies":[{"embeddable":true,"href":"https:\/\/aliso.fr\/initiatives\/wp-json\/wp\/v2\/comments?post=2632"}],"version-history":[{"count":4,"href":"https:\/\/aliso.fr\/initiatives\/wp-json\/wp\/v2\/posts\/2632\/revisions"}],"predecessor-version":[{"id":3050,"href":"https:\/\/aliso.fr\/initiatives\/wp-json\/wp\/v2\/posts\/2632\/revisions\/3050"}],"wp:featuredmedia":[{"embeddable":true,"href":"https:\/\/aliso.fr\/initiatives\/wp-json\/wp\/v2\/media\/3056"}],"wp:attachment":[{"href":"https:\/\/aliso.fr\/initiatives\/wp-json\/wp\/v2\/media?parent=2632"}],"wp:term":[{"taxonomy":"category","embeddable":true,"href":"https:\/\/aliso.fr\/initiatives\/wp-json\/wp\/v2\/categories?post=2632"},{"taxonomy":"post_tag","embeddable":true,"href":"https:\/\/aliso.fr\/initiatives\/wp-json\/wp\/v2\/tags?post=2632"}],"curies":[{"name":"wp","href":"https:\/\/api.w.org\/{rel}","templated":true}]}}