{"id":2850,"date":"2023-11-21T11:06:08","date_gmt":"2023-11-21T10:06:08","guid":{"rendered":"https:\/\/aliso.fr\/initiatives\/?p=2850"},"modified":"2023-11-21T12:03:35","modified_gmt":"2023-11-21T11:03:35","slug":"17-novembre-reactivez-votre-veille-partenariale","status":"publish","type":"post","link":"https:\/\/aliso.fr\/initiatives\/17-novembre-reactivez-votre-veille-partenariale\/","title":{"rendered":"50 Associations ont [R\u00e9]Activ\u00e9 leur veille partenariale"},"content":{"rendered":"\n<div class=\"wp-block-media-text is-stacked-on-mobile\"><figure class=\"wp-block-media-text__media\"><img loading=\"lazy\" decoding=\"async\" width=\"1024\" height=\"575\" src=\"https:\/\/aliso.fr\/initiatives\/wp-content\/uploads\/sites\/2\/2023\/10\/20231117_141603_resized-2-1024x575.jpg\" alt=\"\" class=\"wp-image-2974 size-full\" srcset=\"https:\/\/aliso.fr\/initiatives\/wp-content\/uploads\/sites\/2\/2023\/10\/20231117_141603_resized-2-1024x575.jpg 1024w, https:\/\/aliso.fr\/initiatives\/wp-content\/uploads\/sites\/2\/2023\/10\/20231117_141603_resized-2-300x169.jpg 300w, https:\/\/aliso.fr\/initiatives\/wp-content\/uploads\/sites\/2\/2023\/10\/20231117_141603_resized-2-768x432.jpg 768w, https:\/\/aliso.fr\/initiatives\/wp-content\/uploads\/sites\/2\/2023\/10\/20231117_141603_resized-2-1320x742.jpg 1320w, https:\/\/aliso.fr\/initiatives\/wp-content\/uploads\/sites\/2\/2023\/10\/20231117_141603_resized-2.jpg 1500w\" sizes=\"auto, (max-width: 1024px) 100vw, 1024px\" \/><\/figure><div class=\"wp-block-media-text__content\">\n<p class=\"has-large-font-size\">Le 17 novembre dernier \u00e0 la Quincaillerie (Gu\u00e9ret), 70 personnes ont pu profiter de la journ\u00e9e  pour [R\u00e9]Activer leurs interactions : une cinquantaine de repr\u00e9sentants d&rsquo;association et porteurs de projets d&rsquo;un c\u00f4t\u00e9, une vingtaine de repr\u00e9sentants d&rsquo;institutions : Etat, Collectivit\u00e9s, r\u00e9seaux bancaires et de finance solidaire, CRESS, Repr\u00e9sentants employeurs, Uniformation, etc<\/p>\n<\/div><\/div>\n\n\n\n<div class=\"wp-block-media-text has-media-on-the-right is-stacked-on-mobile has-large-font-size\"><div class=\"wp-block-media-text__content\">\n<div class=\"wp-block-group has-large-font-size\"><div class=\"wp-block-group__inner-container is-layout-constrained wp-block-group-is-layout-constrained\">\n<h3 class=\"wp-block-heading has-large-font-size\">Une journ\u00e9e d\u00e9di\u00e9e \u00e0 la rencontre avec les partenaires financeurs des Associations et initiatives d&rsquo;\u00e9conomie solidaire sur le territoire ! <\/h3>\n\n\n\n<p><strong>La table ronde en matin\u00e9e a permis de mieux comprendre qui finance quoi et dans quelles conditions.<\/strong><\/p>\n\n\n\n<p>En pr\u00e9sence  : <\/p>\n\n\n\n<ul class=\"wp-block-list\">\n<li>des services Vie Associative et ESS de la R\u00e9gion Nouvelle Aquitaine,<\/li>\n\n\n\n<li>des services Jeunesse et Sport de l&rsquo;Etat,<\/li>\n\n\n\n<li>de J&rsquo;adopte un projet (financement participatif)<\/li>\n\n\n\n<li>de l&rsquo;Agglom\u00e9ration du Grand Gu\u00e9ret<\/li>\n\n\n\n<li>de la Communaut\u00e9 de communes Creuse Grand Sud.<\/li>\n<\/ul>\n\n\n\n<h4 class=\"wp-block-heading\"><strong>L&rsquo;apr\u00e8s midi a \u00e9t\u00e9 organis\u00e9 par la CRESS en format \u00ab\u00a0ESS&rsquo;Presso\u00a0\u00bb, permettant la rencontre directe avec ces partenaires, et approfondir la relation.<\/strong><\/h4>\n<\/div><\/div>\n<\/div><figure class=\"wp-block-media-text__media\"><img loading=\"lazy\" decoding=\"async\" width=\"1320\" height=\"1868\" src=\"https:\/\/aliso.fr\/initiatives\/wp-content\/uploads\/sites\/2\/2023\/10\/Reactivez-votre-veille-partenarialev2-2-1320x1868.jpg\" alt=\"\" class=\"wp-image-2851 size-mailpoet_newsletter_max\" srcset=\"https:\/\/aliso.fr\/initiatives\/wp-content\/uploads\/sites\/2\/2023\/10\/Reactivez-votre-veille-partenarialev2-2-1320x1868.jpg 1320w, https:\/\/aliso.fr\/initiatives\/wp-content\/uploads\/sites\/2\/2023\/10\/Reactivez-votre-veille-partenarialev2-2-212x300.jpg 212w, https:\/\/aliso.fr\/initiatives\/wp-content\/uploads\/sites\/2\/2023\/10\/Reactivez-votre-veille-partenarialev2-2-723x1024.jpg 723w, https:\/\/aliso.fr\/initiatives\/wp-content\/uploads\/sites\/2\/2023\/10\/Reactivez-votre-veille-partenarialev2-2-768x1087.jpg 768w, https:\/\/aliso.fr\/initiatives\/wp-content\/uploads\/sites\/2\/2023\/10\/Reactivez-votre-veille-partenarialev2-2-1085x1536.jpg 1085w, https:\/\/aliso.fr\/initiatives\/wp-content\/uploads\/sites\/2\/2023\/10\/Reactivez-votre-veille-partenarialev2-2.jpg 1413w\" sizes=\"auto, (max-width: 1320px) 100vw, 1320px\" \/><\/figure><\/div>\n\n\n\n<div class=\"wp-block-media-text is-stacked-on-mobile\"><figure class=\"wp-block-media-text__media\"><img loading=\"lazy\" decoding=\"async\" width=\"1024\" height=\"576\" src=\"https:\/\/aliso.fr\/initiatives\/wp-content\/uploads\/sites\/2\/2023\/10\/20231117_141552_resized_2-1024x576.jpg\" alt=\"\" class=\"wp-image-2980 size-full\" srcset=\"https:\/\/aliso.fr\/initiatives\/wp-content\/uploads\/sites\/2\/2023\/10\/20231117_141552_resized_2-1024x576.jpg 1024w, https:\/\/aliso.fr\/initiatives\/wp-content\/uploads\/sites\/2\/2023\/10\/20231117_141552_resized_2-300x169.jpg 300w, https:\/\/aliso.fr\/initiatives\/wp-content\/uploads\/sites\/2\/2023\/10\/20231117_141552_resized_2-768x432.jpg 768w, https:\/\/aliso.fr\/initiatives\/wp-content\/uploads\/sites\/2\/2023\/10\/20231117_141552_resized_2.jpg 1152w\" sizes=\"auto, (max-width: 1024px) 100vw, 1024px\" \/><\/figure><div class=\"wp-block-media-text__content\">\n<h4 class=\"wp-block-heading has-text-align-left\">Un grand merci \u00e0 la Quincaillerie pour son Accueil, et \u00e0 tous les partenaires pr\u00e9sent.e.s qui ont jou\u00e9 le jeu de la rencontre ! <br><br><em>Journ\u00e9e propos\u00e9e par ALISO-Le DLA Creuse, TELA-Le D\u00e9capsuleur, la CRESS Nouvelle Aquitaine et les partenaires participants.<\/em><\/h4>\n<\/div><\/div>\n","protected":false},"excerpt":{"rendered":"<p>Le 17 novembre dernier \u00e0 la Quincaillerie (Gu\u00e9ret), 70 personnes ont pu profiter de la journ\u00e9e pour [R\u00e9]Activer leurs interactions : une cinquantaine de repr\u00e9sentants d&rsquo;association et porteurs de projets d&rsquo;un c\u00f4t\u00e9, une vingtaine de repr\u00e9sentants d&rsquo;institutions : Etat, Collectivit\u00e9s, r\u00e9seaux bancaires et de finance solidaire, CRESS, Repr\u00e9sentants employeurs, Uniformation, etc Un grand merci \u00e0&#8230; <a class=\"excerpt-read-more button\" href=\"https:\/\/aliso.fr\/initiatives\/17-novembre-reactivez-votre-veille-partenariale\/\" title=\"Read50 Associations ont [R\u00e9]Activ\u00e9 leur veille partenariale\">En savoir plus &raquo;<\/a><\/p>\n","protected":false},"author":5,"featured_media":2851,"comment_status":"closed","ping_status":"open","sticky":false,"template":"","format":"standard","meta":{"footnotes":""},"categories":[11,5,19],"tags":[30,14,47],"class_list":["post-2850","post","type-post","status-publish","format-standard","has-post-thumbnail","hentry","category-actus","category-gestion","category-se-former-sinformer","tag-ess","tag-financement","tag-initiatives"],"yoast_head":"<!-- This site is optimized with the Yoast SEO plugin v27.4 - https:\/\/yoast.com\/product\/yoast-seo-wordpress\/ -->\n<title>50 Associations ont [R\u00e9]Activ\u00e9 leur veille partenariale - Aliso Initiatives<\/title>\n<meta name=\"robots\" content=\"index, follow, max-snippet:-1, max-image-preview:large, max-video-preview:-1\" \/>\n<link rel=\"canonical\" href=\"https:\/\/aliso.fr\/initiatives\/17-novembre-reactivez-votre-veille-partenariale\/\" \/>\n<meta property=\"og:locale\" content=\"fr_FR\" \/>\n<meta property=\"og:type\" content=\"article\" \/>\n<meta property=\"og:title\" content=\"50 Associations ont [R\u00e9]Activ\u00e9 leur veille partenariale - Aliso Initiatives\" \/>\n<meta property=\"og:description\" content=\"Le 17 novembre dernier \u00e0 la Quincaillerie (Gu\u00e9ret), 70 personnes ont pu profiter de la journ\u00e9e pour [R\u00e9]Activer leurs interactions : une cinquantaine de repr\u00e9sentants d&rsquo;association et porteurs de projets d&rsquo;un c\u00f4t\u00e9, une vingtaine de repr\u00e9sentants d&rsquo;institutions : Etat, Collectivit\u00e9s, r\u00e9seaux bancaires et de finance solidaire, CRESS, Repr\u00e9sentants employeurs, Uniformation, etc Un grand merci \u00e0... En savoir plus &raquo;\" \/>\n<meta property=\"og:url\" content=\"https:\/\/aliso.fr\/initiatives\/17-novembre-reactivez-votre-veille-partenariale\/\" \/>\n<meta property=\"og:site_name\" content=\"Aliso Initiatives\" \/>\n<meta property=\"article:published_time\" content=\"2023-11-21T10:06:08+00:00\" \/>\n<meta property=\"article:modified_time\" content=\"2023-11-21T11:03:35+00:00\" \/>\n<meta property=\"og:image\" content=\"https:\/\/aliso.fr\/initiatives\/wp-content\/uploads\/sites\/2\/2023\/10\/Reactivez-votre-veille-partenarialev2-2.jpg\" \/>\n\t<meta property=\"og:image:width\" content=\"1413\" \/>\n\t<meta property=\"og:image:height\" content=\"2000\" \/>\n\t<meta property=\"og:image:type\" content=\"image\/jpeg\" \/>\n<meta name=\"author\" content=\"pascal\" \/>\n<meta name=\"twitter:card\" content=\"summary_large_image\" \/>\n<script type=\"application\/ld+json\" class=\"yoast-schema-graph\">{\"@context\":\"https:\\\/\\\/schema.org\",\"@graph\":[{\"@type\":\"Article\",\"@id\":\"https:\\\/\\\/aliso.fr\\\/initiatives\\\/17-novembre-reactivez-votre-veille-partenariale\\\/#article\",\"isPartOf\":{\"@id\":\"https:\\\/\\\/aliso.fr\\\/initiatives\\\/17-novembre-reactivez-votre-veille-partenariale\\\/\"},\"author\":{\"name\":\"pascal\",\"@id\":\"https:\\\/\\\/aliso.fr\\\/initiatives\\\/#\\\/schema\\\/person\\\/ac5889082625d5c95b51fac19f3d9b86\"},\"headline\":\"50 Associations ont [R\u00e9]Activ\u00e9 leur veille partenariale\",\"datePublished\":\"2023-11-21T10:06:08+00:00\",\"dateModified\":\"2023-11-21T11:03:35+00:00\",\"mainEntityOfPage\":{\"@id\":\"https:\\\/\\\/aliso.fr\\\/initiatives\\\/17-novembre-reactivez-votre-veille-partenariale\\\/\"},\"wordCount\":219,\"publisher\":{\"@id\":\"https:\\\/\\\/aliso.fr\\\/initiatives\\\/#organization\"},\"image\":{\"@id\":\"https:\\\/\\\/aliso.fr\\\/initiatives\\\/17-novembre-reactivez-votre-veille-partenariale\\\/#primaryimage\"},\"thumbnailUrl\":\"https:\\\/\\\/aliso.fr\\\/initiatives\\\/wp-content\\\/uploads\\\/sites\\\/2\\\/2023\\\/10\\\/Reactivez-votre-veille-partenarialev2-2.jpg\",\"keywords\":[\"ESS\",\"Financement\",\"initiatives\"],\"articleSection\":[\"Actualit\u00e9s\",\"Gestion\",\"Se former, s\u2019informer\"],\"inLanguage\":\"fr-FR\"},{\"@type\":\"WebPage\",\"@id\":\"https:\\\/\\\/aliso.fr\\\/initiatives\\\/17-novembre-reactivez-votre-veille-partenariale\\\/\",\"url\":\"https:\\\/\\\/aliso.fr\\\/initiatives\\\/17-novembre-reactivez-votre-veille-partenariale\\\/\",\"name\":\"50 Associations ont [R\u00e9]Activ\u00e9 leur veille partenariale - Aliso Initiatives\",\"isPartOf\":{\"@id\":\"https:\\\/\\\/aliso.fr\\\/initiatives\\\/#website\"},\"primaryImageOfPage\":{\"@id\":\"https:\\\/\\\/aliso.fr\\\/initiatives\\\/17-novembre-reactivez-votre-veille-partenariale\\\/#primaryimage\"},\"image\":{\"@id\":\"https:\\\/\\\/aliso.fr\\\/initiatives\\\/17-novembre-reactivez-votre-veille-partenariale\\\/#primaryimage\"},\"thumbnailUrl\":\"https:\\\/\\\/aliso.fr\\\/initiatives\\\/wp-content\\\/uploads\\\/sites\\\/2\\\/2023\\\/10\\\/Reactivez-votre-veille-partenarialev2-2.jpg\",\"datePublished\":\"2023-11-21T10:06:08+00:00\",\"dateModified\":\"2023-11-21T11:03:35+00:00\",\"breadcrumb\":{\"@id\":\"https:\\\/\\\/aliso.fr\\\/initiatives\\\/17-novembre-reactivez-votre-veille-partenariale\\\/#breadcrumb\"},\"inLanguage\":\"fr-FR\",\"potentialAction\":[{\"@type\":\"ReadAction\",\"target\":[\"https:\\\/\\\/aliso.fr\\\/initiatives\\\/17-novembre-reactivez-votre-veille-partenariale\\\/\"]}]},{\"@type\":\"ImageObject\",\"inLanguage\":\"fr-FR\",\"@id\":\"https:\\\/\\\/aliso.fr\\\/initiatives\\\/17-novembre-reactivez-votre-veille-partenariale\\\/#primaryimage\",\"url\":\"https:\\\/\\\/aliso.fr\\\/initiatives\\\/wp-content\\\/uploads\\\/sites\\\/2\\\/2023\\\/10\\\/Reactivez-votre-veille-partenarialev2-2.jpg\",\"contentUrl\":\"https:\\\/\\\/aliso.fr\\\/initiatives\\\/wp-content\\\/uploads\\\/sites\\\/2\\\/2023\\\/10\\\/Reactivez-votre-veille-partenarialev2-2.jpg\",\"width\":1413,\"height\":2000},{\"@type\":\"BreadcrumbList\",\"@id\":\"https:\\\/\\\/aliso.fr\\\/initiatives\\\/17-novembre-reactivez-votre-veille-partenariale\\\/#breadcrumb\",\"itemListElement\":[{\"@type\":\"ListItem\",\"position\":1,\"name\":\"Accueil\",\"item\":\"https:\\\/\\\/aliso.fr\\\/initiatives\\\/\"},{\"@type\":\"ListItem\",\"position\":2,\"name\":\"Actualit\u00e9s\",\"item\":\"https:\\\/\\\/aliso.fr\\\/initiatives\\\/actus\\\/\"},{\"@type\":\"ListItem\",\"position\":3,\"name\":\"50 Associations ont [R\u00e9]Activ\u00e9 leur veille partenariale\"}]},{\"@type\":\"WebSite\",\"@id\":\"https:\\\/\\\/aliso.fr\\\/initiatives\\\/#website\",\"url\":\"https:\\\/\\\/aliso.fr\\\/initiatives\\\/\",\"name\":\"Aliso Initiatives\",\"description\":\"R\u00e9seau Creusois des acteurs du lien social\",\"publisher\":{\"@id\":\"https:\\\/\\\/aliso.fr\\\/initiatives\\\/#organization\"},\"potentialAction\":[{\"@type\":\"SearchAction\",\"target\":{\"@type\":\"EntryPoint\",\"urlTemplate\":\"https:\\\/\\\/aliso.fr\\\/initiatives\\\/?s={search_term_string}\"},\"query-input\":{\"@type\":\"PropertyValueSpecification\",\"valueRequired\":true,\"valueName\":\"search_term_string\"}}],\"inLanguage\":\"fr-FR\"},{\"@type\":\"Organization\",\"@id\":\"https:\\\/\\\/aliso.fr\\\/initiatives\\\/#organization\",\"name\":\"Aliso Initiatives\",\"url\":\"https:\\\/\\\/aliso.fr\\\/initiatives\\\/\",\"logo\":{\"@type\":\"ImageObject\",\"inLanguage\":\"fr-FR\",\"@id\":\"https:\\\/\\\/aliso.fr\\\/initiatives\\\/#\\\/schema\\\/logo\\\/image\\\/\",\"url\":\"https:\\\/\\\/aliso.fr\\\/initiatives\\\/wp-content\\\/uploads\\\/sites\\\/2\\\/2022\\\/01\\\/Logo-ALISO-Initiatives-2.png\",\"contentUrl\":\"https:\\\/\\\/aliso.fr\\\/initiatives\\\/wp-content\\\/uploads\\\/sites\\\/2\\\/2022\\\/01\\\/Logo-ALISO-Initiatives-2.png\",\"width\":900,\"height\":657,\"caption\":\"Aliso Initiatives\"},\"image\":{\"@id\":\"https:\\\/\\\/aliso.fr\\\/initiatives\\\/#\\\/schema\\\/logo\\\/image\\\/\"}},{\"@type\":\"Person\",\"@id\":\"https:\\\/\\\/aliso.fr\\\/initiatives\\\/#\\\/schema\\\/person\\\/ac5889082625d5c95b51fac19f3d9b86\",\"name\":\"pascal\"}]}<\/script>\n<!-- \/ Yoast SEO plugin. -->","yoast_head_json":{"title":"50 Associations ont [R\u00e9]Activ\u00e9 leur veille partenariale - Aliso Initiatives","robots":{"index":"index","follow":"follow","max-snippet":"max-snippet:-1","max-image-preview":"max-image-preview:large","max-video-preview":"max-video-preview:-1"},"canonical":"https:\/\/aliso.fr\/initiatives\/17-novembre-reactivez-votre-veille-partenariale\/","og_locale":"fr_FR","og_type":"article","og_title":"50 Associations ont [R\u00e9]Activ\u00e9 leur veille partenariale - Aliso Initiatives","og_description":"Le 17 novembre dernier \u00e0 la Quincaillerie (Gu\u00e9ret), 70 personnes ont pu profiter de la journ\u00e9e pour [R\u00e9]Activer leurs interactions : une cinquantaine de repr\u00e9sentants d&rsquo;association et porteurs de projets d&rsquo;un c\u00f4t\u00e9, une vingtaine de repr\u00e9sentants d&rsquo;institutions : Etat, Collectivit\u00e9s, r\u00e9seaux bancaires et de finance solidaire, CRESS, Repr\u00e9sentants employeurs, Uniformation, etc Un grand merci \u00e0... En savoir plus &raquo;","og_url":"https:\/\/aliso.fr\/initiatives\/17-novembre-reactivez-votre-veille-partenariale\/","og_site_name":"Aliso Initiatives","article_published_time":"2023-11-21T10:06:08+00:00","article_modified_time":"2023-11-21T11:03:35+00:00","og_image":[{"width":1413,"height":2000,"url":"https:\/\/aliso.fr\/initiatives\/wp-content\/uploads\/sites\/2\/2023\/10\/Reactivez-votre-veille-partenarialev2-2.jpg","type":"image\/jpeg"}],"author":"pascal","twitter_card":"summary_large_image","schema":{"@context":"https:\/\/schema.org","@graph":[{"@type":"Article","@id":"https:\/\/aliso.fr\/initiatives\/17-novembre-reactivez-votre-veille-partenariale\/#article","isPartOf":{"@id":"https:\/\/aliso.fr\/initiatives\/17-novembre-reactivez-votre-veille-partenariale\/"},"author":{"name":"pascal","@id":"https:\/\/aliso.fr\/initiatives\/#\/schema\/person\/ac5889082625d5c95b51fac19f3d9b86"},"headline":"50 Associations ont [R\u00e9]Activ\u00e9 leur veille partenariale","datePublished":"2023-11-21T10:06:08+00:00","dateModified":"2023-11-21T11:03:35+00:00","mainEntityOfPage":{"@id":"https:\/\/aliso.fr\/initiatives\/17-novembre-reactivez-votre-veille-partenariale\/"},"wordCount":219,"publisher":{"@id":"https:\/\/aliso.fr\/initiatives\/#organization"},"image":{"@id":"https:\/\/aliso.fr\/initiatives\/17-novembre-reactivez-votre-veille-partenariale\/#primaryimage"},"thumbnailUrl":"https:\/\/aliso.fr\/initiatives\/wp-content\/uploads\/sites\/2\/2023\/10\/Reactivez-votre-veille-partenarialev2-2.jpg","keywords":["ESS","Financement","initiatives"],"articleSection":["Actualit\u00e9s","Gestion","Se former, s\u2019informer"],"inLanguage":"fr-FR"},{"@type":"WebPage","@id":"https:\/\/aliso.fr\/initiatives\/17-novembre-reactivez-votre-veille-partenariale\/","url":"https:\/\/aliso.fr\/initiatives\/17-novembre-reactivez-votre-veille-partenariale\/","name":"50 Associations ont [R\u00e9]Activ\u00e9 leur veille partenariale - Aliso Initiatives","isPartOf":{"@id":"https:\/\/aliso.fr\/initiatives\/#website"},"primaryImageOfPage":{"@id":"https:\/\/aliso.fr\/initiatives\/17-novembre-reactivez-votre-veille-partenariale\/#primaryimage"},"image":{"@id":"https:\/\/aliso.fr\/initiatives\/17-novembre-reactivez-votre-veille-partenariale\/#primaryimage"},"thumbnailUrl":"https:\/\/aliso.fr\/initiatives\/wp-content\/uploads\/sites\/2\/2023\/10\/Reactivez-votre-veille-partenarialev2-2.jpg","datePublished":"2023-11-21T10:06:08+00:00","dateModified":"2023-11-21T11:03:35+00:00","breadcrumb":{"@id":"https:\/\/aliso.fr\/initiatives\/17-novembre-reactivez-votre-veille-partenariale\/#breadcrumb"},"inLanguage":"fr-FR","potentialAction":[{"@type":"ReadAction","target":["https:\/\/aliso.fr\/initiatives\/17-novembre-reactivez-votre-veille-partenariale\/"]}]},{"@type":"ImageObject","inLanguage":"fr-FR","@id":"https:\/\/aliso.fr\/initiatives\/17-novembre-reactivez-votre-veille-partenariale\/#primaryimage","url":"https:\/\/aliso.fr\/initiatives\/wp-content\/uploads\/sites\/2\/2023\/10\/Reactivez-votre-veille-partenarialev2-2.jpg","contentUrl":"https:\/\/aliso.fr\/initiatives\/wp-content\/uploads\/sites\/2\/2023\/10\/Reactivez-votre-veille-partenarialev2-2.jpg","width":1413,"height":2000},{"@type":"BreadcrumbList","@id":"https:\/\/aliso.fr\/initiatives\/17-novembre-reactivez-votre-veille-partenariale\/#breadcrumb","itemListElement":[{"@type":"ListItem","position":1,"name":"Accueil","item":"https:\/\/aliso.fr\/initiatives\/"},{"@type":"ListItem","position":2,"name":"Actualit\u00e9s","item":"https:\/\/aliso.fr\/initiatives\/actus\/"},{"@type":"ListItem","position":3,"name":"50 Associations ont [R\u00e9]Activ\u00e9 leur veille partenariale"}]},{"@type":"WebSite","@id":"https:\/\/aliso.fr\/initiatives\/#website","url":"https:\/\/aliso.fr\/initiatives\/","name":"Aliso Initiatives","description":"R\u00e9seau Creusois des acteurs du lien social","publisher":{"@id":"https:\/\/aliso.fr\/initiatives\/#organization"},"potentialAction":[{"@type":"SearchAction","target":{"@type":"EntryPoint","urlTemplate":"https:\/\/aliso.fr\/initiatives\/?s={search_term_string}"},"query-input":{"@type":"PropertyValueSpecification","valueRequired":true,"valueName":"search_term_string"}}],"inLanguage":"fr-FR"},{"@type":"Organization","@id":"https:\/\/aliso.fr\/initiatives\/#organization","name":"Aliso Initiatives","url":"https:\/\/aliso.fr\/initiatives\/","logo":{"@type":"ImageObject","inLanguage":"fr-FR","@id":"https:\/\/aliso.fr\/initiatives\/#\/schema\/logo\/image\/","url":"https:\/\/aliso.fr\/initiatives\/wp-content\/uploads\/sites\/2\/2022\/01\/Logo-ALISO-Initiatives-2.png","contentUrl":"https:\/\/aliso.fr\/initiatives\/wp-content\/uploads\/sites\/2\/2022\/01\/Logo-ALISO-Initiatives-2.png","width":900,"height":657,"caption":"Aliso Initiatives"},"image":{"@id":"https:\/\/aliso.fr\/initiatives\/#\/schema\/logo\/image\/"}},{"@type":"Person","@id":"https:\/\/aliso.fr\/initiatives\/#\/schema\/person\/ac5889082625d5c95b51fac19f3d9b86","name":"pascal"}]}},"_links":{"self":[{"href":"https:\/\/aliso.fr\/initiatives\/wp-json\/wp\/v2\/posts\/2850","targetHints":{"allow":["GET"]}}],"collection":[{"href":"https:\/\/aliso.fr\/initiatives\/wp-json\/wp\/v2\/posts"}],"about":[{"href":"https:\/\/aliso.fr\/initiatives\/wp-json\/wp\/v2\/types\/post"}],"author":[{"embeddable":true,"href":"https:\/\/aliso.fr\/initiatives\/wp-json\/wp\/v2\/users\/5"}],"replies":[{"embeddable":true,"href":"https:\/\/aliso.fr\/initiatives\/wp-json\/wp\/v2\/comments?post=2850"}],"version-history":[{"count":5,"href":"https:\/\/aliso.fr\/initiatives\/wp-json\/wp\/v2\/posts\/2850\/revisions"}],"predecessor-version":[{"id":2986,"href":"https:\/\/aliso.fr\/initiatives\/wp-json\/wp\/v2\/posts\/2850\/revisions\/2986"}],"wp:featuredmedia":[{"embeddable":true,"href":"https:\/\/aliso.fr\/initiatives\/wp-json\/wp\/v2\/media\/2851"}],"wp:attachment":[{"href":"https:\/\/aliso.fr\/initiatives\/wp-json\/wp\/v2\/media?parent=2850"}],"wp:term":[{"taxonomy":"category","embeddable":true,"href":"https:\/\/aliso.fr\/initiatives\/wp-json\/wp\/v2\/categories?post=2850"},{"taxonomy":"post_tag","embeddable":true,"href":"https:\/\/aliso.fr\/initiatives\/wp-json\/wp\/v2\/tags?post=2850"}],"curies":[{"name":"wp","href":"https:\/\/api.w.org\/{rel}","templated":true}]}}