{"id":2908,"date":"2023-12-18T10:52:00","date_gmt":"2023-12-18T09:52:00","guid":{"rendered":"https:\/\/aliso.fr\/initiatives\/?p=2908"},"modified":"2024-01-16T11:19:24","modified_gmt":"2024-01-16T10:19:24","slug":"3-nov-la-vie-en-ruralite-sans-less-ca-ressemblerait-a-quoi","status":"publish","type":"post","link":"https:\/\/aliso.fr\/initiatives\/3-nov-la-vie-en-ruralite-sans-less-ca-ressemblerait-a-quoi\/","title":{"rendered":"[Enqu\u00eate] La vie en ruralit\u00e9 sans l&rsquo;ESS, \u00e7a ressemblerait \u00e0 quoi ?"},"content":{"rendered":"\n<div class=\"wp-block-group is-vertical is-content-justification-left is-layout-flex wp-container-core-group-is-layout-c0ca7d81 wp-block-group-is-layout-flex\">\n<div class=\"wp-block-columns are-vertically-aligned-top is-layout-flex wp-container-core-columns-is-layout-9d6595d7 wp-block-columns-is-layout-flex\">\n<div class=\"wp-block-column is-layout-flow wp-block-column-is-layout-flow\" style=\"flex-basis:58%\">\n<figure class=\"wp-block-image size-large is-resized\"><img loading=\"lazy\" decoding=\"async\" width=\"1024\" height=\"542\" src=\"https:\/\/aliso.fr\/initiatives\/wp-content\/uploads\/sites\/2\/2023\/10\/ruralite-sans-ess-1024x542.jpg\" alt=\"\" class=\"wp-image-3033\" style=\"width:482px;height:auto\" srcset=\"https:\/\/aliso.fr\/initiatives\/wp-content\/uploads\/sites\/2\/2023\/10\/ruralite-sans-ess-1024x542.jpg 1024w, https:\/\/aliso.fr\/initiatives\/wp-content\/uploads\/sites\/2\/2023\/10\/ruralite-sans-ess-300x159.jpg 300w, https:\/\/aliso.fr\/initiatives\/wp-content\/uploads\/sites\/2\/2023\/10\/ruralite-sans-ess-768x406.jpg 768w, https:\/\/aliso.fr\/initiatives\/wp-content\/uploads\/sites\/2\/2023\/10\/ruralite-sans-ess-1536x813.jpg 1536w, https:\/\/aliso.fr\/initiatives\/wp-content\/uploads\/sites\/2\/2023\/10\/ruralite-sans-ess-1320x698.jpg 1320w, https:\/\/aliso.fr\/initiatives\/wp-content\/uploads\/sites\/2\/2023\/10\/ruralite-sans-ess.jpg 2000w\" sizes=\"auto, (max-width: 1024px) 100vw, 1024px\" \/><\/figure>\n<\/div>\n\n\n\n<div class=\"wp-block-column is-layout-flow wp-block-column-is-layout-flow\" style=\"flex-basis:42%\">\n<p>Suite au temps d&rsquo;\u00e9changes \u00ab La vie en ruralit\u00e9 sans ESS, \u00e7a ressemblerait \u00e0 quoi ? \u00bb du 3 novembre 2023, organis\u00e9 \u00e0 Pang (Felletin), le collectif des acteurs ESS de Creuse souhaite approfondir la place que prend l\u2019Economie Sociale et Solidaire dans nos vies et dans nos zones rurales. Dans ce but, est lan\u00e7\u00e9 une enqu\u00eate \u00e0 destination des personnes et structures se sentant concern\u00e9es par l&rsquo;ESS en Creuse.<\/p>\n\n\n\n<p>Cette enqu\u00eate vise \u00e0 recueillir vos avis, vos r\u00e9flexions sur l&rsquo;importance des entreprises de l&rsquo;ESS \u00e0 travers l\u2019exploration d\u2019un sc\u00e9nario o\u00f9 l\u2019ESS aurait disparu du paysage. Elle est accessible ici : <a href=\"http:\/\/cress-nouvelle-aquitaine.org\/2030-ruralite-sans-ESS\/?ContrIbuer\" target=\"_blank\" rel=\"noreferrer noopener\">http:\/\/cress-nouvelle-aquitaine.org\/2030-ruralite-sans-ESS\/?AccUeil<\/a><\/p>\n\n\n\n<p>Une demi journ\u00e9e d\u2019\u00e9criture collective sera organis\u00e9e le 16 janvier \u00e0 la Quincaillerie (Gu\u00e9ret).<br>Vous y \u00eates bien entendu les bienvenu e s.<\/p>\n\n\n\n<p>A cette occasion, le collectif produira un manifeste qui sera diffus\u00e9 et pr\u00e9sent\u00e9 lors du forum national de l\u2019ESS et de l\u2019Innovation Sociale qui se d\u00e9roulera les 30, 31 janvier et 1er F\u00e9vrier \u00e0 Niort.<\/p>\n<\/div>\n<\/div>\n<\/div>\n","protected":false},"excerpt":{"rendered":"<p>Suite au temps d&rsquo;\u00e9changes \u00ab La vie en ruralit\u00e9 sans ESS, \u00e7a ressemblerait \u00e0 quoi ? \u00bb du 3 novembre 2023, organis\u00e9 \u00e0 Pang (Felletin), le collectif des acteurs ESS de Creuse souhaite approfondir la place que prend l\u2019Economie Sociale et Solidaire dans nos vies et dans nos zones rurales. Dans ce but, est lan\u00e7\u00e9&#8230; <a class=\"excerpt-read-more button\" href=\"https:\/\/aliso.fr\/initiatives\/3-nov-la-vie-en-ruralite-sans-less-ca-ressemblerait-a-quoi\/\" title=\"Read[Enqu\u00eate] La vie en ruralit\u00e9 sans l&rsquo;ESS, \u00e7a ressemblerait \u00e0 quoi ?\">En savoir plus &raquo;<\/a><\/p>\n","protected":false},"author":5,"featured_media":3033,"comment_status":"closed","ping_status":"open","sticky":false,"template":"","format":"standard","meta":{"footnotes":""},"categories":[11,24],"tags":[],"class_list":["post-2908","post","type-post","status-publish","format-standard","has-post-thumbnail","hentry","category-actus","category-ess-creuse"],"yoast_head":"<!-- This site is optimized with the Yoast SEO plugin v27.5 - https:\/\/yoast.com\/product\/yoast-seo-wordpress\/ -->\n<title>[Enqu\u00eate] La vie en ruralit\u00e9 sans l&#039;ESS, \u00e7a ressemblerait \u00e0 quoi ? - Aliso Initiatives<\/title>\n<meta name=\"robots\" content=\"index, follow, max-snippet:-1, max-image-preview:large, max-video-preview:-1\" \/>\n<link rel=\"canonical\" href=\"https:\/\/aliso.fr\/initiatives\/3-nov-la-vie-en-ruralite-sans-less-ca-ressemblerait-a-quoi\/\" \/>\n<meta property=\"og:locale\" content=\"fr_FR\" \/>\n<meta property=\"og:type\" content=\"article\" \/>\n<meta property=\"og:title\" content=\"[Enqu\u00eate] La vie en ruralit\u00e9 sans l&#039;ESS, \u00e7a ressemblerait \u00e0 quoi ? - Aliso Initiatives\" \/>\n<meta property=\"og:description\" content=\"Suite au temps d&rsquo;\u00e9changes \u00ab La vie en ruralit\u00e9 sans ESS, \u00e7a ressemblerait \u00e0 quoi ? \u00bb du 3 novembre 2023, organis\u00e9 \u00e0 Pang (Felletin), le collectif des acteurs ESS de Creuse souhaite approfondir la place que prend l\u2019Economie Sociale et Solidaire dans nos vies et dans nos zones rurales. Dans ce but, est lan\u00e7\u00e9... En savoir plus &raquo;\" \/>\n<meta property=\"og:url\" content=\"https:\/\/aliso.fr\/initiatives\/3-nov-la-vie-en-ruralite-sans-less-ca-ressemblerait-a-quoi\/\" \/>\n<meta property=\"og:site_name\" content=\"Aliso Initiatives\" \/>\n<meta property=\"article:published_time\" content=\"2023-12-18T09:52:00+00:00\" \/>\n<meta property=\"article:modified_time\" content=\"2024-01-16T10:19:24+00:00\" \/>\n<meta property=\"og:image\" content=\"https:\/\/aliso.fr\/initiatives\/wp-content\/uploads\/sites\/2\/2023\/10\/ruralite-sans-ess.jpg\" \/>\n\t<meta property=\"og:image:width\" content=\"2000\" \/>\n\t<meta property=\"og:image:height\" content=\"1058\" \/>\n\t<meta property=\"og:image:type\" content=\"image\/jpeg\" \/>\n<meta name=\"author\" content=\"pascal\" \/>\n<meta name=\"twitter:card\" content=\"summary_large_image\" \/>\n<script type=\"application\/ld+json\" class=\"yoast-schema-graph\">{\"@context\":\"https:\\\/\\\/schema.org\",\"@graph\":[{\"@type\":\"Article\",\"@id\":\"https:\\\/\\\/aliso.fr\\\/initiatives\\\/3-nov-la-vie-en-ruralite-sans-less-ca-ressemblerait-a-quoi\\\/#article\",\"isPartOf\":{\"@id\":\"https:\\\/\\\/aliso.fr\\\/initiatives\\\/3-nov-la-vie-en-ruralite-sans-less-ca-ressemblerait-a-quoi\\\/\"},\"author\":{\"name\":\"pascal\",\"@id\":\"https:\\\/\\\/aliso.fr\\\/initiatives\\\/#\\\/schema\\\/person\\\/ac5889082625d5c95b51fac19f3d9b86\"},\"headline\":\"[Enqu\u00eate] La vie en ruralit\u00e9 sans l&rsquo;ESS, \u00e7a ressemblerait \u00e0 quoi ?\",\"datePublished\":\"2023-12-18T09:52:00+00:00\",\"dateModified\":\"2024-01-16T10:19:24+00:00\",\"mainEntityOfPage\":{\"@id\":\"https:\\\/\\\/aliso.fr\\\/initiatives\\\/3-nov-la-vie-en-ruralite-sans-less-ca-ressemblerait-a-quoi\\\/\"},\"wordCount\":182,\"publisher\":{\"@id\":\"https:\\\/\\\/aliso.fr\\\/initiatives\\\/#organization\"},\"image\":{\"@id\":\"https:\\\/\\\/aliso.fr\\\/initiatives\\\/3-nov-la-vie-en-ruralite-sans-less-ca-ressemblerait-a-quoi\\\/#primaryimage\"},\"thumbnailUrl\":\"https:\\\/\\\/aliso.fr\\\/initiatives\\\/wp-content\\\/uploads\\\/sites\\\/2\\\/2023\\\/10\\\/ruralite-sans-ess.jpg\",\"articleSection\":[\"Actualit\u00e9s\",\"L'ESS en Creuse\"],\"inLanguage\":\"fr-FR\"},{\"@type\":\"WebPage\",\"@id\":\"https:\\\/\\\/aliso.fr\\\/initiatives\\\/3-nov-la-vie-en-ruralite-sans-less-ca-ressemblerait-a-quoi\\\/\",\"url\":\"https:\\\/\\\/aliso.fr\\\/initiatives\\\/3-nov-la-vie-en-ruralite-sans-less-ca-ressemblerait-a-quoi\\\/\",\"name\":\"[Enqu\u00eate] La vie en ruralit\u00e9 sans l'ESS, \u00e7a ressemblerait \u00e0 quoi ? - Aliso Initiatives\",\"isPartOf\":{\"@id\":\"https:\\\/\\\/aliso.fr\\\/initiatives\\\/#website\"},\"primaryImageOfPage\":{\"@id\":\"https:\\\/\\\/aliso.fr\\\/initiatives\\\/3-nov-la-vie-en-ruralite-sans-less-ca-ressemblerait-a-quoi\\\/#primaryimage\"},\"image\":{\"@id\":\"https:\\\/\\\/aliso.fr\\\/initiatives\\\/3-nov-la-vie-en-ruralite-sans-less-ca-ressemblerait-a-quoi\\\/#primaryimage\"},\"thumbnailUrl\":\"https:\\\/\\\/aliso.fr\\\/initiatives\\\/wp-content\\\/uploads\\\/sites\\\/2\\\/2023\\\/10\\\/ruralite-sans-ess.jpg\",\"datePublished\":\"2023-12-18T09:52:00+00:00\",\"dateModified\":\"2024-01-16T10:19:24+00:00\",\"breadcrumb\":{\"@id\":\"https:\\\/\\\/aliso.fr\\\/initiatives\\\/3-nov-la-vie-en-ruralite-sans-less-ca-ressemblerait-a-quoi\\\/#breadcrumb\"},\"inLanguage\":\"fr-FR\",\"potentialAction\":[{\"@type\":\"ReadAction\",\"target\":[\"https:\\\/\\\/aliso.fr\\\/initiatives\\\/3-nov-la-vie-en-ruralite-sans-less-ca-ressemblerait-a-quoi\\\/\"]}]},{\"@type\":\"ImageObject\",\"inLanguage\":\"fr-FR\",\"@id\":\"https:\\\/\\\/aliso.fr\\\/initiatives\\\/3-nov-la-vie-en-ruralite-sans-less-ca-ressemblerait-a-quoi\\\/#primaryimage\",\"url\":\"https:\\\/\\\/aliso.fr\\\/initiatives\\\/wp-content\\\/uploads\\\/sites\\\/2\\\/2023\\\/10\\\/ruralite-sans-ess.jpg\",\"contentUrl\":\"https:\\\/\\\/aliso.fr\\\/initiatives\\\/wp-content\\\/uploads\\\/sites\\\/2\\\/2023\\\/10\\\/ruralite-sans-ess.jpg\",\"width\":2000,\"height\":1058},{\"@type\":\"BreadcrumbList\",\"@id\":\"https:\\\/\\\/aliso.fr\\\/initiatives\\\/3-nov-la-vie-en-ruralite-sans-less-ca-ressemblerait-a-quoi\\\/#breadcrumb\",\"itemListElement\":[{\"@type\":\"ListItem\",\"position\":1,\"name\":\"Accueil\",\"item\":\"https:\\\/\\\/aliso.fr\\\/initiatives\\\/\"},{\"@type\":\"ListItem\",\"position\":2,\"name\":\"Actualit\u00e9s\",\"item\":\"https:\\\/\\\/aliso.fr\\\/initiatives\\\/actus\\\/\"},{\"@type\":\"ListItem\",\"position\":3,\"name\":\"[Enqu\u00eate] La vie en ruralit\u00e9 sans l&#8217;ESS, \u00e7a ressemblerait \u00e0 quoi ?\"}]},{\"@type\":\"WebSite\",\"@id\":\"https:\\\/\\\/aliso.fr\\\/initiatives\\\/#website\",\"url\":\"https:\\\/\\\/aliso.fr\\\/initiatives\\\/\",\"name\":\"Aliso Initiatives\",\"description\":\"R\u00e9seau Creusois des acteurs du lien social\",\"publisher\":{\"@id\":\"https:\\\/\\\/aliso.fr\\\/initiatives\\\/#organization\"},\"potentialAction\":[{\"@type\":\"SearchAction\",\"target\":{\"@type\":\"EntryPoint\",\"urlTemplate\":\"https:\\\/\\\/aliso.fr\\\/initiatives\\\/?s={search_term_string}\"},\"query-input\":{\"@type\":\"PropertyValueSpecification\",\"valueRequired\":true,\"valueName\":\"search_term_string\"}}],\"inLanguage\":\"fr-FR\"},{\"@type\":\"Organization\",\"@id\":\"https:\\\/\\\/aliso.fr\\\/initiatives\\\/#organization\",\"name\":\"Aliso Initiatives\",\"url\":\"https:\\\/\\\/aliso.fr\\\/initiatives\\\/\",\"logo\":{\"@type\":\"ImageObject\",\"inLanguage\":\"fr-FR\",\"@id\":\"https:\\\/\\\/aliso.fr\\\/initiatives\\\/#\\\/schema\\\/logo\\\/image\\\/\",\"url\":\"https:\\\/\\\/aliso.fr\\\/initiatives\\\/wp-content\\\/uploads\\\/sites\\\/2\\\/2022\\\/01\\\/Logo-ALISO-Initiatives-2.png\",\"contentUrl\":\"https:\\\/\\\/aliso.fr\\\/initiatives\\\/wp-content\\\/uploads\\\/sites\\\/2\\\/2022\\\/01\\\/Logo-ALISO-Initiatives-2.png\",\"width\":900,\"height\":657,\"caption\":\"Aliso Initiatives\"},\"image\":{\"@id\":\"https:\\\/\\\/aliso.fr\\\/initiatives\\\/#\\\/schema\\\/logo\\\/image\\\/\"}},{\"@type\":\"Person\",\"@id\":\"https:\\\/\\\/aliso.fr\\\/initiatives\\\/#\\\/schema\\\/person\\\/ac5889082625d5c95b51fac19f3d9b86\",\"name\":\"pascal\"}]}<\/script>\n<!-- \/ Yoast SEO plugin. -->","yoast_head_json":{"title":"[Enqu\u00eate] La vie en ruralit\u00e9 sans l'ESS, \u00e7a ressemblerait \u00e0 quoi ? - Aliso Initiatives","robots":{"index":"index","follow":"follow","max-snippet":"max-snippet:-1","max-image-preview":"max-image-preview:large","max-video-preview":"max-video-preview:-1"},"canonical":"https:\/\/aliso.fr\/initiatives\/3-nov-la-vie-en-ruralite-sans-less-ca-ressemblerait-a-quoi\/","og_locale":"fr_FR","og_type":"article","og_title":"[Enqu\u00eate] La vie en ruralit\u00e9 sans l'ESS, \u00e7a ressemblerait \u00e0 quoi ? - Aliso Initiatives","og_description":"Suite au temps d&rsquo;\u00e9changes \u00ab La vie en ruralit\u00e9 sans ESS, \u00e7a ressemblerait \u00e0 quoi ? \u00bb du 3 novembre 2023, organis\u00e9 \u00e0 Pang (Felletin), le collectif des acteurs ESS de Creuse souhaite approfondir la place que prend l\u2019Economie Sociale et Solidaire dans nos vies et dans nos zones rurales. Dans ce but, est lan\u00e7\u00e9... En savoir plus &raquo;","og_url":"https:\/\/aliso.fr\/initiatives\/3-nov-la-vie-en-ruralite-sans-less-ca-ressemblerait-a-quoi\/","og_site_name":"Aliso Initiatives","article_published_time":"2023-12-18T09:52:00+00:00","article_modified_time":"2024-01-16T10:19:24+00:00","og_image":[{"width":2000,"height":1058,"url":"https:\/\/aliso.fr\/initiatives\/wp-content\/uploads\/sites\/2\/2023\/10\/ruralite-sans-ess.jpg","type":"image\/jpeg"}],"author":"pascal","twitter_card":"summary_large_image","schema":{"@context":"https:\/\/schema.org","@graph":[{"@type":"Article","@id":"https:\/\/aliso.fr\/initiatives\/3-nov-la-vie-en-ruralite-sans-less-ca-ressemblerait-a-quoi\/#article","isPartOf":{"@id":"https:\/\/aliso.fr\/initiatives\/3-nov-la-vie-en-ruralite-sans-less-ca-ressemblerait-a-quoi\/"},"author":{"name":"pascal","@id":"https:\/\/aliso.fr\/initiatives\/#\/schema\/person\/ac5889082625d5c95b51fac19f3d9b86"},"headline":"[Enqu\u00eate] La vie en ruralit\u00e9 sans l&rsquo;ESS, \u00e7a ressemblerait \u00e0 quoi ?","datePublished":"2023-12-18T09:52:00+00:00","dateModified":"2024-01-16T10:19:24+00:00","mainEntityOfPage":{"@id":"https:\/\/aliso.fr\/initiatives\/3-nov-la-vie-en-ruralite-sans-less-ca-ressemblerait-a-quoi\/"},"wordCount":182,"publisher":{"@id":"https:\/\/aliso.fr\/initiatives\/#organization"},"image":{"@id":"https:\/\/aliso.fr\/initiatives\/3-nov-la-vie-en-ruralite-sans-less-ca-ressemblerait-a-quoi\/#primaryimage"},"thumbnailUrl":"https:\/\/aliso.fr\/initiatives\/wp-content\/uploads\/sites\/2\/2023\/10\/ruralite-sans-ess.jpg","articleSection":["Actualit\u00e9s","L'ESS en Creuse"],"inLanguage":"fr-FR"},{"@type":"WebPage","@id":"https:\/\/aliso.fr\/initiatives\/3-nov-la-vie-en-ruralite-sans-less-ca-ressemblerait-a-quoi\/","url":"https:\/\/aliso.fr\/initiatives\/3-nov-la-vie-en-ruralite-sans-less-ca-ressemblerait-a-quoi\/","name":"[Enqu\u00eate] La vie en ruralit\u00e9 sans l'ESS, \u00e7a ressemblerait \u00e0 quoi ? - Aliso Initiatives","isPartOf":{"@id":"https:\/\/aliso.fr\/initiatives\/#website"},"primaryImageOfPage":{"@id":"https:\/\/aliso.fr\/initiatives\/3-nov-la-vie-en-ruralite-sans-less-ca-ressemblerait-a-quoi\/#primaryimage"},"image":{"@id":"https:\/\/aliso.fr\/initiatives\/3-nov-la-vie-en-ruralite-sans-less-ca-ressemblerait-a-quoi\/#primaryimage"},"thumbnailUrl":"https:\/\/aliso.fr\/initiatives\/wp-content\/uploads\/sites\/2\/2023\/10\/ruralite-sans-ess.jpg","datePublished":"2023-12-18T09:52:00+00:00","dateModified":"2024-01-16T10:19:24+00:00","breadcrumb":{"@id":"https:\/\/aliso.fr\/initiatives\/3-nov-la-vie-en-ruralite-sans-less-ca-ressemblerait-a-quoi\/#breadcrumb"},"inLanguage":"fr-FR","potentialAction":[{"@type":"ReadAction","target":["https:\/\/aliso.fr\/initiatives\/3-nov-la-vie-en-ruralite-sans-less-ca-ressemblerait-a-quoi\/"]}]},{"@type":"ImageObject","inLanguage":"fr-FR","@id":"https:\/\/aliso.fr\/initiatives\/3-nov-la-vie-en-ruralite-sans-less-ca-ressemblerait-a-quoi\/#primaryimage","url":"https:\/\/aliso.fr\/initiatives\/wp-content\/uploads\/sites\/2\/2023\/10\/ruralite-sans-ess.jpg","contentUrl":"https:\/\/aliso.fr\/initiatives\/wp-content\/uploads\/sites\/2\/2023\/10\/ruralite-sans-ess.jpg","width":2000,"height":1058},{"@type":"BreadcrumbList","@id":"https:\/\/aliso.fr\/initiatives\/3-nov-la-vie-en-ruralite-sans-less-ca-ressemblerait-a-quoi\/#breadcrumb","itemListElement":[{"@type":"ListItem","position":1,"name":"Accueil","item":"https:\/\/aliso.fr\/initiatives\/"},{"@type":"ListItem","position":2,"name":"Actualit\u00e9s","item":"https:\/\/aliso.fr\/initiatives\/actus\/"},{"@type":"ListItem","position":3,"name":"[Enqu\u00eate] La vie en ruralit\u00e9 sans l&#8217;ESS, \u00e7a ressemblerait \u00e0 quoi ?"}]},{"@type":"WebSite","@id":"https:\/\/aliso.fr\/initiatives\/#website","url":"https:\/\/aliso.fr\/initiatives\/","name":"Aliso Initiatives","description":"R\u00e9seau Creusois des acteurs du lien social","publisher":{"@id":"https:\/\/aliso.fr\/initiatives\/#organization"},"potentialAction":[{"@type":"SearchAction","target":{"@type":"EntryPoint","urlTemplate":"https:\/\/aliso.fr\/initiatives\/?s={search_term_string}"},"query-input":{"@type":"PropertyValueSpecification","valueRequired":true,"valueName":"search_term_string"}}],"inLanguage":"fr-FR"},{"@type":"Organization","@id":"https:\/\/aliso.fr\/initiatives\/#organization","name":"Aliso Initiatives","url":"https:\/\/aliso.fr\/initiatives\/","logo":{"@type":"ImageObject","inLanguage":"fr-FR","@id":"https:\/\/aliso.fr\/initiatives\/#\/schema\/logo\/image\/","url":"https:\/\/aliso.fr\/initiatives\/wp-content\/uploads\/sites\/2\/2022\/01\/Logo-ALISO-Initiatives-2.png","contentUrl":"https:\/\/aliso.fr\/initiatives\/wp-content\/uploads\/sites\/2\/2022\/01\/Logo-ALISO-Initiatives-2.png","width":900,"height":657,"caption":"Aliso Initiatives"},"image":{"@id":"https:\/\/aliso.fr\/initiatives\/#\/schema\/logo\/image\/"}},{"@type":"Person","@id":"https:\/\/aliso.fr\/initiatives\/#\/schema\/person\/ac5889082625d5c95b51fac19f3d9b86","name":"pascal"}]}},"_links":{"self":[{"href":"https:\/\/aliso.fr\/initiatives\/wp-json\/wp\/v2\/posts\/2908","targetHints":{"allow":["GET"]}}],"collection":[{"href":"https:\/\/aliso.fr\/initiatives\/wp-json\/wp\/v2\/posts"}],"about":[{"href":"https:\/\/aliso.fr\/initiatives\/wp-json\/wp\/v2\/types\/post"}],"author":[{"embeddable":true,"href":"https:\/\/aliso.fr\/initiatives\/wp-json\/wp\/v2\/users\/5"}],"replies":[{"embeddable":true,"href":"https:\/\/aliso.fr\/initiatives\/wp-json\/wp\/v2\/comments?post=2908"}],"version-history":[{"count":5,"href":"https:\/\/aliso.fr\/initiatives\/wp-json\/wp\/v2\/posts\/2908\/revisions"}],"predecessor-version":[{"id":3051,"href":"https:\/\/aliso.fr\/initiatives\/wp-json\/wp\/v2\/posts\/2908\/revisions\/3051"}],"wp:featuredmedia":[{"embeddable":true,"href":"https:\/\/aliso.fr\/initiatives\/wp-json\/wp\/v2\/media\/3033"}],"wp:attachment":[{"href":"https:\/\/aliso.fr\/initiatives\/wp-json\/wp\/v2\/media?parent=2908"}],"wp:term":[{"taxonomy":"category","embeddable":true,"href":"https:\/\/aliso.fr\/initiatives\/wp-json\/wp\/v2\/categories?post=2908"},{"taxonomy":"post_tag","embeddable":true,"href":"https:\/\/aliso.fr\/initiatives\/wp-json\/wp\/v2\/tags?post=2908"}],"curies":[{"name":"wp","href":"https:\/\/api.w.org\/{rel}","templated":true}]}}