{"id":2995,"date":"2024-10-02T18:04:12","date_gmt":"2024-10-02T16:04:12","guid":{"rendered":"https:\/\/aliso.fr\/initiatives\/?p=2995"},"modified":"2024-10-02T18:56:33","modified_gmt":"2024-10-02T16:56:33","slug":"demeler-les-situations-structurer-sa-reflexion-5-6-decembre-2023","status":"publish","type":"post","link":"https:\/\/aliso.fr\/initiatives\/demeler-les-situations-structurer-sa-reflexion-5-6-decembre-2023\/","title":{"rendered":"[21-25 Oct, Gu\u00e9ret] : D\u00e9m\u00ealer les situations, structurer sa r\u00e9flexion"},"content":{"rendered":"\n<div class=\"wp-block-media-text has-media-on-the-right is-stacked-on-mobile\"><div class=\"wp-block-media-text__content\">\n<p>POUR QUI ? pour toutes les personnes qui cherchent une m\u00e9thode sur laquelle prendre appui pour observer et analyser une situation, afin de la probl\u00e9matiser et d&rsquo;\u00e9valuer les diff\u00e9rentes actions \u00e0 mener, ou encore toutes celles et ceux qui souhaitent faciliter et permettre l\u2019expression de points de vues et cultures diff\u00e9rentes dans la perspective de renforcer la compr\u00e9hension mutuelle et l\u2019\u00e9laboration collective.<\/p>\n\n\n\n<p>Une session propos\u00e9e par Pivoine, qui propose depuis de nombreuses ann\u00e9es des formations \u00e0 la m\u00e9thode de l&rsquo;Entra\u00eenement mental.<br>Du 21 au 25 Octobre, \u00e0 Gu\u00e9ret, Quincaillerie.<\/p>\n\n\n\n<ul class=\"wp-block-list\">\n<li><strong>Inscription, tarif de la formation et modalit\u00e9s de prise en charge : <strong><a href=\"&#x6d;&#x61;&#x69;&#x6c;&#x74;&#x6f;&#x3a;&#x66;&#x6f;&#x72;&#x6d;&#x61;&#x74;&#x69;&#x6f;&#x6e;&#x73;&#x40;&#x69;&#x6c;&#x69;&#x63;&#111;&#46;&#111;&#114;&#103;\">&#x66;&#x6f;&#114;&#109;a&#x74;&#x69;&#x6f;&#110;s&#64;&#x69;&#x6c;&#105;&#99;o&#x2e;&#x6f;&#x72;&#103;<\/a> \/ 05 55 54 93 49<\/strong><\/strong><\/li>\n<\/ul>\n\n\n\n<p>Plus d\u2019infos sur l\u2019entra\u00eenement mental : <a href=\"https:\/\/associationpivoine.wordpress.com\/2020\/12\/10\/decouvrir-lentrainement-mental\/\">Cliquez ici !<\/a><\/p>\n<\/div><figure class=\"wp-block-media-text__media\"><a href=\"https:\/\/associationpivoine.wordpress.com\/\" target=\"_blank\" rel=\"noreferrer noopener\"><img loading=\"lazy\" decoding=\"async\" width=\"527\" height=\"282\" src=\"https:\/\/aliso.fr\/initiatives\/wp-content\/uploads\/sites\/2\/2023\/11\/logo-pivoine-qualiopi.jpg\" alt=\"\" class=\"wp-image-2996 size-full\" srcset=\"https:\/\/aliso.fr\/initiatives\/wp-content\/uploads\/sites\/2\/2023\/11\/logo-pivoine-qualiopi.jpg 527w, https:\/\/aliso.fr\/initiatives\/wp-content\/uploads\/sites\/2\/2023\/11\/logo-pivoine-qualiopi-300x161.jpg 300w\" sizes=\"auto, (max-width: 527px) 100vw, 527px\" \/><\/a><\/figure><\/div>\n","protected":false},"excerpt":{"rendered":"","protected":false},"author":5,"featured_media":3276,"comment_status":"closed","ping_status":"open","sticky":false,"template":"","format":"standard","meta":{"footnotes":""},"categories":[19],"tags":[],"class_list":["post-2995","post","type-post","status-publish","format-standard","has-post-thumbnail","hentry","category-se-former-sinformer"],"yoast_head":"<!-- This site is optimized with the Yoast SEO plugin v27.4 - https:\/\/yoast.com\/product\/yoast-seo-wordpress\/ -->\n<title>[21-25 Oct, Gu\u00e9ret] : D\u00e9m\u00ealer les situations, structurer sa r\u00e9flexion - Aliso Initiatives<\/title>\n<meta name=\"robots\" content=\"index, follow, max-snippet:-1, max-image-preview:large, max-video-preview:-1\" \/>\n<link rel=\"canonical\" href=\"https:\/\/aliso.fr\/initiatives\/demeler-les-situations-structurer-sa-reflexion-5-6-decembre-2023\/\" \/>\n<meta property=\"og:locale\" content=\"fr_FR\" \/>\n<meta property=\"og:type\" content=\"article\" \/>\n<meta property=\"og:title\" content=\"[21-25 Oct, Gu\u00e9ret] : D\u00e9m\u00ealer les situations, structurer sa r\u00e9flexion - Aliso Initiatives\" \/>\n<meta property=\"og:url\" content=\"https:\/\/aliso.fr\/initiatives\/demeler-les-situations-structurer-sa-reflexion-5-6-decembre-2023\/\" \/>\n<meta property=\"og:site_name\" content=\"Aliso Initiatives\" \/>\n<meta property=\"article:published_time\" content=\"2024-10-02T16:04:12+00:00\" \/>\n<meta property=\"article:modified_time\" content=\"2024-10-02T16:56:33+00:00\" \/>\n<meta property=\"og:image\" content=\"https:\/\/aliso.fr\/initiatives\/wp-content\/uploads\/sites\/2\/2024\/09\/pivoine-prog.png\" \/>\n\t<meta property=\"og:image:width\" content=\"785\" \/>\n\t<meta property=\"og:image:height\" content=\"1121\" \/>\n\t<meta property=\"og:image:type\" content=\"image\/png\" \/>\n<meta name=\"author\" content=\"pascal\" \/>\n<meta name=\"twitter:card\" content=\"summary_large_image\" \/>\n<script type=\"application\/ld+json\" class=\"yoast-schema-graph\">{\"@context\":\"https:\\\/\\\/schema.org\",\"@graph\":[{\"@type\":\"Article\",\"@id\":\"https:\\\/\\\/aliso.fr\\\/initiatives\\\/demeler-les-situations-structurer-sa-reflexion-5-6-decembre-2023\\\/#article\",\"isPartOf\":{\"@id\":\"https:\\\/\\\/aliso.fr\\\/initiatives\\\/demeler-les-situations-structurer-sa-reflexion-5-6-decembre-2023\\\/\"},\"author\":{\"name\":\"pascal\",\"@id\":\"https:\\\/\\\/aliso.fr\\\/initiatives\\\/#\\\/schema\\\/person\\\/ac5889082625d5c95b51fac19f3d9b86\"},\"headline\":\"[21-25 Oct, Gu\u00e9ret] : D\u00e9m\u00ealer les situations, structurer sa r\u00e9flexion\",\"datePublished\":\"2024-10-02T16:04:12+00:00\",\"dateModified\":\"2024-10-02T16:56:33+00:00\",\"mainEntityOfPage\":{\"@id\":\"https:\\\/\\\/aliso.fr\\\/initiatives\\\/demeler-les-situations-structurer-sa-reflexion-5-6-decembre-2023\\\/\"},\"wordCount\":135,\"publisher\":{\"@id\":\"https:\\\/\\\/aliso.fr\\\/initiatives\\\/#organization\"},\"image\":{\"@id\":\"https:\\\/\\\/aliso.fr\\\/initiatives\\\/demeler-les-situations-structurer-sa-reflexion-5-6-decembre-2023\\\/#primaryimage\"},\"thumbnailUrl\":\"https:\\\/\\\/aliso.fr\\\/initiatives\\\/wp-content\\\/uploads\\\/sites\\\/2\\\/2024\\\/09\\\/pivoine-prog.png\",\"articleSection\":[\"Se former, s\u2019informer\"],\"inLanguage\":\"fr-FR\"},{\"@type\":\"WebPage\",\"@id\":\"https:\\\/\\\/aliso.fr\\\/initiatives\\\/demeler-les-situations-structurer-sa-reflexion-5-6-decembre-2023\\\/\",\"url\":\"https:\\\/\\\/aliso.fr\\\/initiatives\\\/demeler-les-situations-structurer-sa-reflexion-5-6-decembre-2023\\\/\",\"name\":\"[21-25 Oct, Gu\u00e9ret] : D\u00e9m\u00ealer les situations, structurer sa r\u00e9flexion - Aliso Initiatives\",\"isPartOf\":{\"@id\":\"https:\\\/\\\/aliso.fr\\\/initiatives\\\/#website\"},\"primaryImageOfPage\":{\"@id\":\"https:\\\/\\\/aliso.fr\\\/initiatives\\\/demeler-les-situations-structurer-sa-reflexion-5-6-decembre-2023\\\/#primaryimage\"},\"image\":{\"@id\":\"https:\\\/\\\/aliso.fr\\\/initiatives\\\/demeler-les-situations-structurer-sa-reflexion-5-6-decembre-2023\\\/#primaryimage\"},\"thumbnailUrl\":\"https:\\\/\\\/aliso.fr\\\/initiatives\\\/wp-content\\\/uploads\\\/sites\\\/2\\\/2024\\\/09\\\/pivoine-prog.png\",\"datePublished\":\"2024-10-02T16:04:12+00:00\",\"dateModified\":\"2024-10-02T16:56:33+00:00\",\"breadcrumb\":{\"@id\":\"https:\\\/\\\/aliso.fr\\\/initiatives\\\/demeler-les-situations-structurer-sa-reflexion-5-6-decembre-2023\\\/#breadcrumb\"},\"inLanguage\":\"fr-FR\",\"potentialAction\":[{\"@type\":\"ReadAction\",\"target\":[\"https:\\\/\\\/aliso.fr\\\/initiatives\\\/demeler-les-situations-structurer-sa-reflexion-5-6-decembre-2023\\\/\"]}]},{\"@type\":\"ImageObject\",\"inLanguage\":\"fr-FR\",\"@id\":\"https:\\\/\\\/aliso.fr\\\/initiatives\\\/demeler-les-situations-structurer-sa-reflexion-5-6-decembre-2023\\\/#primaryimage\",\"url\":\"https:\\\/\\\/aliso.fr\\\/initiatives\\\/wp-content\\\/uploads\\\/sites\\\/2\\\/2024\\\/09\\\/pivoine-prog.png\",\"contentUrl\":\"https:\\\/\\\/aliso.fr\\\/initiatives\\\/wp-content\\\/uploads\\\/sites\\\/2\\\/2024\\\/09\\\/pivoine-prog.png\",\"width\":785,\"height\":1121},{\"@type\":\"BreadcrumbList\",\"@id\":\"https:\\\/\\\/aliso.fr\\\/initiatives\\\/demeler-les-situations-structurer-sa-reflexion-5-6-decembre-2023\\\/#breadcrumb\",\"itemListElement\":[{\"@type\":\"ListItem\",\"position\":1,\"name\":\"Accueil\",\"item\":\"https:\\\/\\\/aliso.fr\\\/initiatives\\\/\"},{\"@type\":\"ListItem\",\"position\":2,\"name\":\"Se former, s\u2019informer\",\"item\":\"https:\\\/\\\/aliso.fr\\\/initiatives\\\/se-former-sinformer\\\/\"},{\"@type\":\"ListItem\",\"position\":3,\"name\":\"[21-25 Oct, Gu\u00e9ret] : D\u00e9m\u00ealer les situations, structurer sa r\u00e9flexion\"}]},{\"@type\":\"WebSite\",\"@id\":\"https:\\\/\\\/aliso.fr\\\/initiatives\\\/#website\",\"url\":\"https:\\\/\\\/aliso.fr\\\/initiatives\\\/\",\"name\":\"Aliso Initiatives\",\"description\":\"R\u00e9seau Creusois des acteurs du lien social\",\"publisher\":{\"@id\":\"https:\\\/\\\/aliso.fr\\\/initiatives\\\/#organization\"},\"potentialAction\":[{\"@type\":\"SearchAction\",\"target\":{\"@type\":\"EntryPoint\",\"urlTemplate\":\"https:\\\/\\\/aliso.fr\\\/initiatives\\\/?s={search_term_string}\"},\"query-input\":{\"@type\":\"PropertyValueSpecification\",\"valueRequired\":true,\"valueName\":\"search_term_string\"}}],\"inLanguage\":\"fr-FR\"},{\"@type\":\"Organization\",\"@id\":\"https:\\\/\\\/aliso.fr\\\/initiatives\\\/#organization\",\"name\":\"Aliso Initiatives\",\"url\":\"https:\\\/\\\/aliso.fr\\\/initiatives\\\/\",\"logo\":{\"@type\":\"ImageObject\",\"inLanguage\":\"fr-FR\",\"@id\":\"https:\\\/\\\/aliso.fr\\\/initiatives\\\/#\\\/schema\\\/logo\\\/image\\\/\",\"url\":\"https:\\\/\\\/aliso.fr\\\/initiatives\\\/wp-content\\\/uploads\\\/sites\\\/2\\\/2022\\\/01\\\/Logo-ALISO-Initiatives-2.png\",\"contentUrl\":\"https:\\\/\\\/aliso.fr\\\/initiatives\\\/wp-content\\\/uploads\\\/sites\\\/2\\\/2022\\\/01\\\/Logo-ALISO-Initiatives-2.png\",\"width\":900,\"height\":657,\"caption\":\"Aliso Initiatives\"},\"image\":{\"@id\":\"https:\\\/\\\/aliso.fr\\\/initiatives\\\/#\\\/schema\\\/logo\\\/image\\\/\"}},{\"@type\":\"Person\",\"@id\":\"https:\\\/\\\/aliso.fr\\\/initiatives\\\/#\\\/schema\\\/person\\\/ac5889082625d5c95b51fac19f3d9b86\",\"name\":\"pascal\"}]}<\/script>\n<!-- \/ Yoast SEO plugin. -->","yoast_head_json":{"title":"[21-25 Oct, Gu\u00e9ret] : D\u00e9m\u00ealer les situations, structurer sa r\u00e9flexion - Aliso Initiatives","robots":{"index":"index","follow":"follow","max-snippet":"max-snippet:-1","max-image-preview":"max-image-preview:large","max-video-preview":"max-video-preview:-1"},"canonical":"https:\/\/aliso.fr\/initiatives\/demeler-les-situations-structurer-sa-reflexion-5-6-decembre-2023\/","og_locale":"fr_FR","og_type":"article","og_title":"[21-25 Oct, Gu\u00e9ret] : D\u00e9m\u00ealer les situations, structurer sa r\u00e9flexion - Aliso Initiatives","og_url":"https:\/\/aliso.fr\/initiatives\/demeler-les-situations-structurer-sa-reflexion-5-6-decembre-2023\/","og_site_name":"Aliso Initiatives","article_published_time":"2024-10-02T16:04:12+00:00","article_modified_time":"2024-10-02T16:56:33+00:00","og_image":[{"width":785,"height":1121,"url":"https:\/\/aliso.fr\/initiatives\/wp-content\/uploads\/sites\/2\/2024\/09\/pivoine-prog.png","type":"image\/png"}],"author":"pascal","twitter_card":"summary_large_image","schema":{"@context":"https:\/\/schema.org","@graph":[{"@type":"Article","@id":"https:\/\/aliso.fr\/initiatives\/demeler-les-situations-structurer-sa-reflexion-5-6-decembre-2023\/#article","isPartOf":{"@id":"https:\/\/aliso.fr\/initiatives\/demeler-les-situations-structurer-sa-reflexion-5-6-decembre-2023\/"},"author":{"name":"pascal","@id":"https:\/\/aliso.fr\/initiatives\/#\/schema\/person\/ac5889082625d5c95b51fac19f3d9b86"},"headline":"[21-25 Oct, Gu\u00e9ret] : D\u00e9m\u00ealer les situations, structurer sa r\u00e9flexion","datePublished":"2024-10-02T16:04:12+00:00","dateModified":"2024-10-02T16:56:33+00:00","mainEntityOfPage":{"@id":"https:\/\/aliso.fr\/initiatives\/demeler-les-situations-structurer-sa-reflexion-5-6-decembre-2023\/"},"wordCount":135,"publisher":{"@id":"https:\/\/aliso.fr\/initiatives\/#organization"},"image":{"@id":"https:\/\/aliso.fr\/initiatives\/demeler-les-situations-structurer-sa-reflexion-5-6-decembre-2023\/#primaryimage"},"thumbnailUrl":"https:\/\/aliso.fr\/initiatives\/wp-content\/uploads\/sites\/2\/2024\/09\/pivoine-prog.png","articleSection":["Se former, s\u2019informer"],"inLanguage":"fr-FR"},{"@type":"WebPage","@id":"https:\/\/aliso.fr\/initiatives\/demeler-les-situations-structurer-sa-reflexion-5-6-decembre-2023\/","url":"https:\/\/aliso.fr\/initiatives\/demeler-les-situations-structurer-sa-reflexion-5-6-decembre-2023\/","name":"[21-25 Oct, Gu\u00e9ret] : D\u00e9m\u00ealer les situations, structurer sa r\u00e9flexion - Aliso Initiatives","isPartOf":{"@id":"https:\/\/aliso.fr\/initiatives\/#website"},"primaryImageOfPage":{"@id":"https:\/\/aliso.fr\/initiatives\/demeler-les-situations-structurer-sa-reflexion-5-6-decembre-2023\/#primaryimage"},"image":{"@id":"https:\/\/aliso.fr\/initiatives\/demeler-les-situations-structurer-sa-reflexion-5-6-decembre-2023\/#primaryimage"},"thumbnailUrl":"https:\/\/aliso.fr\/initiatives\/wp-content\/uploads\/sites\/2\/2024\/09\/pivoine-prog.png","datePublished":"2024-10-02T16:04:12+00:00","dateModified":"2024-10-02T16:56:33+00:00","breadcrumb":{"@id":"https:\/\/aliso.fr\/initiatives\/demeler-les-situations-structurer-sa-reflexion-5-6-decembre-2023\/#breadcrumb"},"inLanguage":"fr-FR","potentialAction":[{"@type":"ReadAction","target":["https:\/\/aliso.fr\/initiatives\/demeler-les-situations-structurer-sa-reflexion-5-6-decembre-2023\/"]}]},{"@type":"ImageObject","inLanguage":"fr-FR","@id":"https:\/\/aliso.fr\/initiatives\/demeler-les-situations-structurer-sa-reflexion-5-6-decembre-2023\/#primaryimage","url":"https:\/\/aliso.fr\/initiatives\/wp-content\/uploads\/sites\/2\/2024\/09\/pivoine-prog.png","contentUrl":"https:\/\/aliso.fr\/initiatives\/wp-content\/uploads\/sites\/2\/2024\/09\/pivoine-prog.png","width":785,"height":1121},{"@type":"BreadcrumbList","@id":"https:\/\/aliso.fr\/initiatives\/demeler-les-situations-structurer-sa-reflexion-5-6-decembre-2023\/#breadcrumb","itemListElement":[{"@type":"ListItem","position":1,"name":"Accueil","item":"https:\/\/aliso.fr\/initiatives\/"},{"@type":"ListItem","position":2,"name":"Se former, s\u2019informer","item":"https:\/\/aliso.fr\/initiatives\/se-former-sinformer\/"},{"@type":"ListItem","position":3,"name":"[21-25 Oct, Gu\u00e9ret] : D\u00e9m\u00ealer les situations, structurer sa r\u00e9flexion"}]},{"@type":"WebSite","@id":"https:\/\/aliso.fr\/initiatives\/#website","url":"https:\/\/aliso.fr\/initiatives\/","name":"Aliso Initiatives","description":"R\u00e9seau Creusois des acteurs du lien social","publisher":{"@id":"https:\/\/aliso.fr\/initiatives\/#organization"},"potentialAction":[{"@type":"SearchAction","target":{"@type":"EntryPoint","urlTemplate":"https:\/\/aliso.fr\/initiatives\/?s={search_term_string}"},"query-input":{"@type":"PropertyValueSpecification","valueRequired":true,"valueName":"search_term_string"}}],"inLanguage":"fr-FR"},{"@type":"Organization","@id":"https:\/\/aliso.fr\/initiatives\/#organization","name":"Aliso Initiatives","url":"https:\/\/aliso.fr\/initiatives\/","logo":{"@type":"ImageObject","inLanguage":"fr-FR","@id":"https:\/\/aliso.fr\/initiatives\/#\/schema\/logo\/image\/","url":"https:\/\/aliso.fr\/initiatives\/wp-content\/uploads\/sites\/2\/2022\/01\/Logo-ALISO-Initiatives-2.png","contentUrl":"https:\/\/aliso.fr\/initiatives\/wp-content\/uploads\/sites\/2\/2022\/01\/Logo-ALISO-Initiatives-2.png","width":900,"height":657,"caption":"Aliso Initiatives"},"image":{"@id":"https:\/\/aliso.fr\/initiatives\/#\/schema\/logo\/image\/"}},{"@type":"Person","@id":"https:\/\/aliso.fr\/initiatives\/#\/schema\/person\/ac5889082625d5c95b51fac19f3d9b86","name":"pascal"}]}},"_links":{"self":[{"href":"https:\/\/aliso.fr\/initiatives\/wp-json\/wp\/v2\/posts\/2995","targetHints":{"allow":["GET"]}}],"collection":[{"href":"https:\/\/aliso.fr\/initiatives\/wp-json\/wp\/v2\/posts"}],"about":[{"href":"https:\/\/aliso.fr\/initiatives\/wp-json\/wp\/v2\/types\/post"}],"author":[{"embeddable":true,"href":"https:\/\/aliso.fr\/initiatives\/wp-json\/wp\/v2\/users\/5"}],"replies":[{"embeddable":true,"href":"https:\/\/aliso.fr\/initiatives\/wp-json\/wp\/v2\/comments?post=2995"}],"version-history":[{"count":2,"href":"https:\/\/aliso.fr\/initiatives\/wp-json\/wp\/v2\/posts\/2995\/revisions"}],"predecessor-version":[{"id":3272,"href":"https:\/\/aliso.fr\/initiatives\/wp-json\/wp\/v2\/posts\/2995\/revisions\/3272"}],"wp:featuredmedia":[{"embeddable":true,"href":"https:\/\/aliso.fr\/initiatives\/wp-json\/wp\/v2\/media\/3276"}],"wp:attachment":[{"href":"https:\/\/aliso.fr\/initiatives\/wp-json\/wp\/v2\/media?parent=2995"}],"wp:term":[{"taxonomy":"category","embeddable":true,"href":"https:\/\/aliso.fr\/initiatives\/wp-json\/wp\/v2\/categories?post=2995"},{"taxonomy":"post_tag","embeddable":true,"href":"https:\/\/aliso.fr\/initiatives\/wp-json\/wp\/v2\/tags?post=2995"}],"curies":[{"name":"wp","href":"https:\/\/api.w.org\/{rel}","templated":true}]}}