{"id":3180,"date":"2024-05-30T18:46:55","date_gmt":"2024-05-30T16:46:55","guid":{"rendered":"https:\/\/aliso.fr\/initiatives\/?p=3180"},"modified":"2025-01-21T14:57:33","modified_gmt":"2025-01-21T13:57:33","slug":"a-la-rencontre-dhexopee-un-syndicat-employeur-qui-defend-deducation-populaire","status":"publish","type":"post","link":"https:\/\/aliso.fr\/initiatives\/a-la-rencontre-dhexopee-un-syndicat-employeur-qui-defend-deducation-populaire\/","title":{"rendered":"A la rencontre d&rsquo;Hexop\u00e9e, un syndicat employeur qui d\u00e9fend l&rsquo;Education Populaire"},"content":{"rendered":"\n<div class=\"wp-block-media-text has-media-on-the-right is-stacked-on-mobile is-vertically-aligned-top\"><div class=\"wp-block-media-text__content\">\n<p><a href=\"https:\/\/aliso.fr\/initiatives\/28-juin-2024-gueret-nos-associations-et-metiers-de-lanimation-et-du-lien-social-sont-ils-attractifs\/\">Le 12 Novembre prochain \u00e0 Gu\u00e9ret, la journ\u00e9e \u00ab\u00a0Soigner l&rsquo;attractivit\u00e9 de nos m\u00e9tiers\u00a0\u00bb<\/a> sera <em>enfin <\/em>l&rsquo;occasion, pour les dirigeants associatifs de Creuse, de rencontrer le syndicat national qui repr\u00e9sente une grande majorit\u00e9 des employeurs associatifs (1).<\/p>\n\n\n\n<p><em>Enfin <\/em>car jusqu&rsquo;\u00e0 pr\u00e9sent nous ne connaissions qu&rsquo;une facette d&rsquo;<strong><a href=\"https:\/\/www.hexopee.org\/publication\/577\">Hexop\u00e9e<\/a>. <\/strong>Lorsqu&rsquo;on est employeur ou que l&rsquo;on conseille les employeurs associatifs, Hexop\u00e9e ne nous est pas inconnu : on le connait surtout sous l&rsquo;angle des bons conseils juridiques qu&rsquo;il peut nous fournir ! Nous avons souvent mobilis\u00e9 en Creuse le Service Juridique Hexop\u00e9e, derni\u00e8rement lors de l&rsquo;\u00e9volution de la grille de r\u00e9mun\u00e9ration ECLAT, et nous avons eu l&rsquo;habitude de louer l&rsquo;int\u00e9r\u00eat d&rsquo;adh\u00e9rer \u00e0 Hexop\u00e9e pour renforcer sa fonction employeur.<\/p>\n<\/div><figure class=\"wp-block-media-text__media\"><img loading=\"lazy\" decoding=\"async\" width=\"1226\" height=\"540\" src=\"https:\/\/aliso.fr\/initiatives\/wp-content\/uploads\/sites\/2\/2024\/05\/Educ-Pop-Campagne-Hexopee.jpg\" alt=\"\" class=\"wp-image-3181 size-full\" srcset=\"https:\/\/aliso.fr\/initiatives\/wp-content\/uploads\/sites\/2\/2024\/05\/Educ-Pop-Campagne-Hexopee.jpg 1226w, https:\/\/aliso.fr\/initiatives\/wp-content\/uploads\/sites\/2\/2024\/05\/Educ-Pop-Campagne-Hexopee-300x132.jpg 300w, https:\/\/aliso.fr\/initiatives\/wp-content\/uploads\/sites\/2\/2024\/05\/Educ-Pop-Campagne-Hexopee-1024x451.jpg 1024w, https:\/\/aliso.fr\/initiatives\/wp-content\/uploads\/sites\/2\/2024\/05\/Educ-Pop-Campagne-Hexopee-768x338.jpg 768w\" sizes=\"auto, (max-width: 1226px) 100vw, 1226px\" \/><\/figure><\/div>\n\n\n\n<blockquote class=\"wp-block-quote is-layout-flow wp-block-quote-is-layout-flow\">\n<p>\u00ab\u00a01000 associations d&rsquo;\u00e9ducation populaire risquent un d\u00e9p\u00f4t de bilan dans l&rsquo;ann\u00e9e\u00a0\u00bb<\/p>\n<cite>David Cluzeau, d\u00e9l\u00e9gu\u00e9 g\u00e9n\u00e9ral Hexop\u00e9e<\/cite><\/blockquote>\n\n\n\n<p>Le 12 Novembre prochain, les rencontres territoriales nous permettrons d&rsquo;aborder la facette plus \u00ab\u00a0politique\u00a0\u00bb d&rsquo;Hexop\u00e9e. Un \u00ab\u00a0Syndicat employeur\u00a0\u00bb qui s&rsquo;engage dans la d\u00e9fense de l&rsquo;\u00e9ducation populaire, au nom de ses membres : \u00ab\u00a0plus de 30 % des associations n&rsquo;ont pas plus de trois mois de tr\u00e9sorerie d&rsquo;avance\u00a0\u00bb selon David Cluzeau, d\u00e9l\u00e9gu\u00e9 g\u00e9n\u00e9ral d&rsquo;Hexop\u00e9e. Il indique, le 3 Avril dernier, dans une <a href=\"https:\/\/youtu.be\/rhqdJOt8Ih8?si=Mi4vp4W3Nx8EseRd\">interview aupr\u00e8s de Mediatico<\/a>, que pr\u00e8s de \u00ab\u00a01000 associations d&rsquo;\u00e9ducation populaire risquent un d\u00e9p\u00f4t de bilan dans l&rsquo;ann\u00e9e\u00a0\u00bb. Apr\u00e8s s&rsquo;\u00eatre investie dans une revalorisation des r\u00e9mun\u00e9rations des salari\u00e9s de la branche, il s&rsquo;agit d&rsquo;investir la d\u00e9fense des structures et leur participation \u00e0 la coh\u00e9sion sociale et d\u00e9mocratique. A travers notamment la campagne <a href=\"https:\/\/www.hexopee.org\/publication\/1922\">#Soutienleducpop<\/a> lanc\u00e9e d\u00e9but 2024.<\/p>\n\n\n\n<p>Hexop\u00e9e investi aussi la question de l&rsquo;Attractivit\u00e9 des m\u00e9tiers de l&rsquo;Education populaire. Les m\u00e9tiers de l&rsquo;animation socio-culturels, les conditions d&rsquo;acc\u00e8s, d&rsquo;\u00e9volutions sont \u00e0 repenser et c&rsquo;est un chantier que m\u00e8ne Hexop\u00e9e. David Cluzeau r\u00e9v\u00e8le un ph\u00e9nom\u00e8ne structurel : auparavant les jeunes qui s&rsquo;int\u00e9ressaient \u00e0 ces m\u00e9tiers \u00e9taient ceux qui en avaient pris go\u00fbt dans leur enfance, au cours de camps, colonies de vacances, etc. Pour David Cluzeau, \u00ab\u00a0aujourd&rsquo;hui, ce qui peut expliquer cette moindre sensibilit\u00e9 \u00e0 l&rsquo;engagement \u00e9ducatif : en 20 ans, ce sont 100 000 jeunes qui n&rsquo;ont plus b\u00e9n\u00e9fici\u00e9 d&rsquo;un d\u00e9part en colonie de vacances\u00a0\u00bb<\/p>\n\n\n\n<p><a href=\"https:\/\/aliso.fr\/initiatives\/28-juin-2024-gueret-nos-associations-et-metiers-de-lanimation-et-du-lien-social-sont-ils-attractifs\/\">Rendez-vous \u00e0 la rencontre de David Cluzeau et l&rsquo;\u00e9quipe d&rsquo;Hexop\u00e9e le 12 Nov \u00e0 Gu\u00e9ret.<\/a><\/p>\n\n\n\n<p><\/p>\n\n\n\n<p>(1) Hexop\u00e9e est une organisation repr\u00e9sentative des employeurs dans les n\u00e9gociations des branches de l&rsquo;Animation (Eclat), du Sport, du Tourisme social et familial et des Foyers et services pour Jeunes travailleurs.<\/p>\n","protected":false},"excerpt":{"rendered":"<p>Le 12 Novembre prochain \u00e0 Gu\u00e9ret, la journ\u00e9e \u00ab\u00a0Soigner l&rsquo;attractivit\u00e9 de nos m\u00e9tiers\u00a0\u00bb sera enfin l&rsquo;occasion, pour les dirigeants associatifs de Creuse, de rencontrer le syndicat national qui repr\u00e9sente une grande majorit\u00e9 des employeurs associatifs (1). Enfin car jusqu&rsquo;\u00e0 pr\u00e9sent nous ne connaissions qu&rsquo;une facette d&rsquo;Hexop\u00e9e. Lorsqu&rsquo;on est employeur ou que l&rsquo;on conseille les employeurs&#8230; <a class=\"excerpt-read-more button\" href=\"https:\/\/aliso.fr\/initiatives\/a-la-rencontre-dhexopee-un-syndicat-employeur-qui-defend-deducation-populaire\/\" title=\"ReadA la rencontre d&rsquo;Hexop\u00e9e, un syndicat employeur qui d\u00e9fend l&rsquo;Education Populaire\">En savoir plus &raquo;<\/a><\/p>\n","protected":false},"author":5,"featured_media":3181,"comment_status":"closed","ping_status":"open","sticky":false,"template":"","format":"standard","meta":{"footnotes":""},"categories":[6],"tags":[],"class_list":["post-3180","post","type-post","status-publish","format-standard","has-post-thumbnail","hentry","category-fonction-employeur"],"yoast_head":"<!-- This site is optimized with the Yoast SEO plugin v27.5 - https:\/\/yoast.com\/product\/yoast-seo-wordpress\/ -->\n<title>A la rencontre d&#039;Hexop\u00e9e, un syndicat employeur qui d\u00e9fend l&#039;Education Populaire - Aliso Initiatives<\/title>\n<meta name=\"robots\" content=\"index, follow, max-snippet:-1, max-image-preview:large, max-video-preview:-1\" \/>\n<link rel=\"canonical\" href=\"https:\/\/aliso.fr\/initiatives\/a-la-rencontre-dhexopee-un-syndicat-employeur-qui-defend-deducation-populaire\/\" \/>\n<meta property=\"og:locale\" content=\"fr_FR\" \/>\n<meta property=\"og:type\" content=\"article\" \/>\n<meta property=\"og:title\" content=\"A la rencontre d&#039;Hexop\u00e9e, un syndicat employeur qui d\u00e9fend l&#039;Education Populaire - Aliso Initiatives\" \/>\n<meta property=\"og:description\" content=\"Le 12 Novembre prochain \u00e0 Gu\u00e9ret, la journ\u00e9e \u00ab\u00a0Soigner l&rsquo;attractivit\u00e9 de nos m\u00e9tiers\u00a0\u00bb sera enfin l&rsquo;occasion, pour les dirigeants associatifs de Creuse, de rencontrer le syndicat national qui repr\u00e9sente une grande majorit\u00e9 des employeurs associatifs (1). Enfin car jusqu&rsquo;\u00e0 pr\u00e9sent nous ne connaissions qu&rsquo;une facette d&rsquo;Hexop\u00e9e. Lorsqu&rsquo;on est employeur ou que l&rsquo;on conseille les employeurs... En savoir plus &raquo;\" \/>\n<meta property=\"og:url\" content=\"https:\/\/aliso.fr\/initiatives\/a-la-rencontre-dhexopee-un-syndicat-employeur-qui-defend-deducation-populaire\/\" \/>\n<meta property=\"og:site_name\" content=\"Aliso Initiatives\" \/>\n<meta property=\"article:published_time\" content=\"2024-05-30T16:46:55+00:00\" \/>\n<meta property=\"article:modified_time\" content=\"2025-01-21T13:57:33+00:00\" \/>\n<meta property=\"og:image\" content=\"https:\/\/aliso.fr\/initiatives\/wp-content\/uploads\/sites\/2\/2024\/05\/Educ-Pop-Campagne-Hexopee.jpg\" \/>\n\t<meta property=\"og:image:width\" content=\"1226\" \/>\n\t<meta property=\"og:image:height\" content=\"540\" \/>\n\t<meta property=\"og:image:type\" content=\"image\/jpeg\" \/>\n<meta name=\"author\" content=\"pascal\" \/>\n<meta name=\"twitter:card\" content=\"summary_large_image\" \/>\n<script type=\"application\/ld+json\" class=\"yoast-schema-graph\">{\"@context\":\"https:\\\/\\\/schema.org\",\"@graph\":[{\"@type\":\"Article\",\"@id\":\"https:\\\/\\\/aliso.fr\\\/initiatives\\\/a-la-rencontre-dhexopee-un-syndicat-employeur-qui-defend-deducation-populaire\\\/#article\",\"isPartOf\":{\"@id\":\"https:\\\/\\\/aliso.fr\\\/initiatives\\\/a-la-rencontre-dhexopee-un-syndicat-employeur-qui-defend-deducation-populaire\\\/\"},\"author\":{\"name\":\"pascal\",\"@id\":\"https:\\\/\\\/aliso.fr\\\/initiatives\\\/#\\\/schema\\\/person\\\/ac5889082625d5c95b51fac19f3d9b86\"},\"headline\":\"A la rencontre d&rsquo;Hexop\u00e9e, un syndicat employeur qui d\u00e9fend l&rsquo;Education Populaire\",\"datePublished\":\"2024-05-30T16:46:55+00:00\",\"dateModified\":\"2025-01-21T13:57:33+00:00\",\"mainEntityOfPage\":{\"@id\":\"https:\\\/\\\/aliso.fr\\\/initiatives\\\/a-la-rencontre-dhexopee-un-syndicat-employeur-qui-defend-deducation-populaire\\\/\"},\"wordCount\":484,\"publisher\":{\"@id\":\"https:\\\/\\\/aliso.fr\\\/initiatives\\\/#organization\"},\"image\":{\"@id\":\"https:\\\/\\\/aliso.fr\\\/initiatives\\\/a-la-rencontre-dhexopee-un-syndicat-employeur-qui-defend-deducation-populaire\\\/#primaryimage\"},\"thumbnailUrl\":\"https:\\\/\\\/aliso.fr\\\/initiatives\\\/wp-content\\\/uploads\\\/sites\\\/2\\\/2024\\\/05\\\/Educ-Pop-Campagne-Hexopee.jpg\",\"articleSection\":[\"Fonction employeur\"],\"inLanguage\":\"fr-FR\"},{\"@type\":\"WebPage\",\"@id\":\"https:\\\/\\\/aliso.fr\\\/initiatives\\\/a-la-rencontre-dhexopee-un-syndicat-employeur-qui-defend-deducation-populaire\\\/\",\"url\":\"https:\\\/\\\/aliso.fr\\\/initiatives\\\/a-la-rencontre-dhexopee-un-syndicat-employeur-qui-defend-deducation-populaire\\\/\",\"name\":\"A la rencontre d'Hexop\u00e9e, un syndicat employeur qui d\u00e9fend l'Education Populaire - Aliso Initiatives\",\"isPartOf\":{\"@id\":\"https:\\\/\\\/aliso.fr\\\/initiatives\\\/#website\"},\"primaryImageOfPage\":{\"@id\":\"https:\\\/\\\/aliso.fr\\\/initiatives\\\/a-la-rencontre-dhexopee-un-syndicat-employeur-qui-defend-deducation-populaire\\\/#primaryimage\"},\"image\":{\"@id\":\"https:\\\/\\\/aliso.fr\\\/initiatives\\\/a-la-rencontre-dhexopee-un-syndicat-employeur-qui-defend-deducation-populaire\\\/#primaryimage\"},\"thumbnailUrl\":\"https:\\\/\\\/aliso.fr\\\/initiatives\\\/wp-content\\\/uploads\\\/sites\\\/2\\\/2024\\\/05\\\/Educ-Pop-Campagne-Hexopee.jpg\",\"datePublished\":\"2024-05-30T16:46:55+00:00\",\"dateModified\":\"2025-01-21T13:57:33+00:00\",\"breadcrumb\":{\"@id\":\"https:\\\/\\\/aliso.fr\\\/initiatives\\\/a-la-rencontre-dhexopee-un-syndicat-employeur-qui-defend-deducation-populaire\\\/#breadcrumb\"},\"inLanguage\":\"fr-FR\",\"potentialAction\":[{\"@type\":\"ReadAction\",\"target\":[\"https:\\\/\\\/aliso.fr\\\/initiatives\\\/a-la-rencontre-dhexopee-un-syndicat-employeur-qui-defend-deducation-populaire\\\/\"]}]},{\"@type\":\"ImageObject\",\"inLanguage\":\"fr-FR\",\"@id\":\"https:\\\/\\\/aliso.fr\\\/initiatives\\\/a-la-rencontre-dhexopee-un-syndicat-employeur-qui-defend-deducation-populaire\\\/#primaryimage\",\"url\":\"https:\\\/\\\/aliso.fr\\\/initiatives\\\/wp-content\\\/uploads\\\/sites\\\/2\\\/2024\\\/05\\\/Educ-Pop-Campagne-Hexopee.jpg\",\"contentUrl\":\"https:\\\/\\\/aliso.fr\\\/initiatives\\\/wp-content\\\/uploads\\\/sites\\\/2\\\/2024\\\/05\\\/Educ-Pop-Campagne-Hexopee.jpg\",\"width\":1226,\"height\":540},{\"@type\":\"BreadcrumbList\",\"@id\":\"https:\\\/\\\/aliso.fr\\\/initiatives\\\/a-la-rencontre-dhexopee-un-syndicat-employeur-qui-defend-deducation-populaire\\\/#breadcrumb\",\"itemListElement\":[{\"@type\":\"ListItem\",\"position\":1,\"name\":\"Accueil\",\"item\":\"https:\\\/\\\/aliso.fr\\\/initiatives\\\/\"},{\"@type\":\"ListItem\",\"position\":2,\"name\":\"Ressources et outils\",\"item\":\"https:\\\/\\\/aliso.fr\\\/initiatives\\\/ressources-et-outils\\\/\"},{\"@type\":\"ListItem\",\"position\":3,\"name\":\"Fonction employeur\",\"item\":\"https:\\\/\\\/aliso.fr\\\/initiatives\\\/ressources-et-outils\\\/fonction-employeur\\\/\"},{\"@type\":\"ListItem\",\"position\":4,\"name\":\"A la rencontre d&rsquo;Hexop\u00e9e, un syndicat employeur qui d\u00e9fend l&rsquo;Education Populaire\"}]},{\"@type\":\"WebSite\",\"@id\":\"https:\\\/\\\/aliso.fr\\\/initiatives\\\/#website\",\"url\":\"https:\\\/\\\/aliso.fr\\\/initiatives\\\/\",\"name\":\"Aliso Initiatives\",\"description\":\"R\u00e9seau Creusois des acteurs du lien social\",\"publisher\":{\"@id\":\"https:\\\/\\\/aliso.fr\\\/initiatives\\\/#organization\"},\"potentialAction\":[{\"@type\":\"SearchAction\",\"target\":{\"@type\":\"EntryPoint\",\"urlTemplate\":\"https:\\\/\\\/aliso.fr\\\/initiatives\\\/?s={search_term_string}\"},\"query-input\":{\"@type\":\"PropertyValueSpecification\",\"valueRequired\":true,\"valueName\":\"search_term_string\"}}],\"inLanguage\":\"fr-FR\"},{\"@type\":\"Organization\",\"@id\":\"https:\\\/\\\/aliso.fr\\\/initiatives\\\/#organization\",\"name\":\"Aliso Initiatives\",\"url\":\"https:\\\/\\\/aliso.fr\\\/initiatives\\\/\",\"logo\":{\"@type\":\"ImageObject\",\"inLanguage\":\"fr-FR\",\"@id\":\"https:\\\/\\\/aliso.fr\\\/initiatives\\\/#\\\/schema\\\/logo\\\/image\\\/\",\"url\":\"https:\\\/\\\/aliso.fr\\\/initiatives\\\/wp-content\\\/uploads\\\/sites\\\/2\\\/2022\\\/01\\\/Logo-ALISO-Initiatives-2.png\",\"contentUrl\":\"https:\\\/\\\/aliso.fr\\\/initiatives\\\/wp-content\\\/uploads\\\/sites\\\/2\\\/2022\\\/01\\\/Logo-ALISO-Initiatives-2.png\",\"width\":900,\"height\":657,\"caption\":\"Aliso Initiatives\"},\"image\":{\"@id\":\"https:\\\/\\\/aliso.fr\\\/initiatives\\\/#\\\/schema\\\/logo\\\/image\\\/\"}},{\"@type\":\"Person\",\"@id\":\"https:\\\/\\\/aliso.fr\\\/initiatives\\\/#\\\/schema\\\/person\\\/ac5889082625d5c95b51fac19f3d9b86\",\"name\":\"pascal\"}]}<\/script>\n<!-- \/ Yoast SEO plugin. -->","yoast_head_json":{"title":"A la rencontre d'Hexop\u00e9e, un syndicat employeur qui d\u00e9fend l'Education Populaire - Aliso Initiatives","robots":{"index":"index","follow":"follow","max-snippet":"max-snippet:-1","max-image-preview":"max-image-preview:large","max-video-preview":"max-video-preview:-1"},"canonical":"https:\/\/aliso.fr\/initiatives\/a-la-rencontre-dhexopee-un-syndicat-employeur-qui-defend-deducation-populaire\/","og_locale":"fr_FR","og_type":"article","og_title":"A la rencontre d'Hexop\u00e9e, un syndicat employeur qui d\u00e9fend l'Education Populaire - Aliso Initiatives","og_description":"Le 12 Novembre prochain \u00e0 Gu\u00e9ret, la journ\u00e9e \u00ab\u00a0Soigner l&rsquo;attractivit\u00e9 de nos m\u00e9tiers\u00a0\u00bb sera enfin l&rsquo;occasion, pour les dirigeants associatifs de Creuse, de rencontrer le syndicat national qui repr\u00e9sente une grande majorit\u00e9 des employeurs associatifs (1). Enfin car jusqu&rsquo;\u00e0 pr\u00e9sent nous ne connaissions qu&rsquo;une facette d&rsquo;Hexop\u00e9e. Lorsqu&rsquo;on est employeur ou que l&rsquo;on conseille les employeurs... En savoir plus &raquo;","og_url":"https:\/\/aliso.fr\/initiatives\/a-la-rencontre-dhexopee-un-syndicat-employeur-qui-defend-deducation-populaire\/","og_site_name":"Aliso Initiatives","article_published_time":"2024-05-30T16:46:55+00:00","article_modified_time":"2025-01-21T13:57:33+00:00","og_image":[{"width":1226,"height":540,"url":"https:\/\/aliso.fr\/initiatives\/wp-content\/uploads\/sites\/2\/2024\/05\/Educ-Pop-Campagne-Hexopee.jpg","type":"image\/jpeg"}],"author":"pascal","twitter_card":"summary_large_image","schema":{"@context":"https:\/\/schema.org","@graph":[{"@type":"Article","@id":"https:\/\/aliso.fr\/initiatives\/a-la-rencontre-dhexopee-un-syndicat-employeur-qui-defend-deducation-populaire\/#article","isPartOf":{"@id":"https:\/\/aliso.fr\/initiatives\/a-la-rencontre-dhexopee-un-syndicat-employeur-qui-defend-deducation-populaire\/"},"author":{"name":"pascal","@id":"https:\/\/aliso.fr\/initiatives\/#\/schema\/person\/ac5889082625d5c95b51fac19f3d9b86"},"headline":"A la rencontre d&rsquo;Hexop\u00e9e, un syndicat employeur qui d\u00e9fend l&rsquo;Education Populaire","datePublished":"2024-05-30T16:46:55+00:00","dateModified":"2025-01-21T13:57:33+00:00","mainEntityOfPage":{"@id":"https:\/\/aliso.fr\/initiatives\/a-la-rencontre-dhexopee-un-syndicat-employeur-qui-defend-deducation-populaire\/"},"wordCount":484,"publisher":{"@id":"https:\/\/aliso.fr\/initiatives\/#organization"},"image":{"@id":"https:\/\/aliso.fr\/initiatives\/a-la-rencontre-dhexopee-un-syndicat-employeur-qui-defend-deducation-populaire\/#primaryimage"},"thumbnailUrl":"https:\/\/aliso.fr\/initiatives\/wp-content\/uploads\/sites\/2\/2024\/05\/Educ-Pop-Campagne-Hexopee.jpg","articleSection":["Fonction employeur"],"inLanguage":"fr-FR"},{"@type":"WebPage","@id":"https:\/\/aliso.fr\/initiatives\/a-la-rencontre-dhexopee-un-syndicat-employeur-qui-defend-deducation-populaire\/","url":"https:\/\/aliso.fr\/initiatives\/a-la-rencontre-dhexopee-un-syndicat-employeur-qui-defend-deducation-populaire\/","name":"A la rencontre d'Hexop\u00e9e, un syndicat employeur qui d\u00e9fend l'Education Populaire - Aliso Initiatives","isPartOf":{"@id":"https:\/\/aliso.fr\/initiatives\/#website"},"primaryImageOfPage":{"@id":"https:\/\/aliso.fr\/initiatives\/a-la-rencontre-dhexopee-un-syndicat-employeur-qui-defend-deducation-populaire\/#primaryimage"},"image":{"@id":"https:\/\/aliso.fr\/initiatives\/a-la-rencontre-dhexopee-un-syndicat-employeur-qui-defend-deducation-populaire\/#primaryimage"},"thumbnailUrl":"https:\/\/aliso.fr\/initiatives\/wp-content\/uploads\/sites\/2\/2024\/05\/Educ-Pop-Campagne-Hexopee.jpg","datePublished":"2024-05-30T16:46:55+00:00","dateModified":"2025-01-21T13:57:33+00:00","breadcrumb":{"@id":"https:\/\/aliso.fr\/initiatives\/a-la-rencontre-dhexopee-un-syndicat-employeur-qui-defend-deducation-populaire\/#breadcrumb"},"inLanguage":"fr-FR","potentialAction":[{"@type":"ReadAction","target":["https:\/\/aliso.fr\/initiatives\/a-la-rencontre-dhexopee-un-syndicat-employeur-qui-defend-deducation-populaire\/"]}]},{"@type":"ImageObject","inLanguage":"fr-FR","@id":"https:\/\/aliso.fr\/initiatives\/a-la-rencontre-dhexopee-un-syndicat-employeur-qui-defend-deducation-populaire\/#primaryimage","url":"https:\/\/aliso.fr\/initiatives\/wp-content\/uploads\/sites\/2\/2024\/05\/Educ-Pop-Campagne-Hexopee.jpg","contentUrl":"https:\/\/aliso.fr\/initiatives\/wp-content\/uploads\/sites\/2\/2024\/05\/Educ-Pop-Campagne-Hexopee.jpg","width":1226,"height":540},{"@type":"BreadcrumbList","@id":"https:\/\/aliso.fr\/initiatives\/a-la-rencontre-dhexopee-un-syndicat-employeur-qui-defend-deducation-populaire\/#breadcrumb","itemListElement":[{"@type":"ListItem","position":1,"name":"Accueil","item":"https:\/\/aliso.fr\/initiatives\/"},{"@type":"ListItem","position":2,"name":"Ressources et outils","item":"https:\/\/aliso.fr\/initiatives\/ressources-et-outils\/"},{"@type":"ListItem","position":3,"name":"Fonction employeur","item":"https:\/\/aliso.fr\/initiatives\/ressources-et-outils\/fonction-employeur\/"},{"@type":"ListItem","position":4,"name":"A la rencontre d&rsquo;Hexop\u00e9e, un syndicat employeur qui d\u00e9fend l&rsquo;Education Populaire"}]},{"@type":"WebSite","@id":"https:\/\/aliso.fr\/initiatives\/#website","url":"https:\/\/aliso.fr\/initiatives\/","name":"Aliso Initiatives","description":"R\u00e9seau Creusois des acteurs du lien social","publisher":{"@id":"https:\/\/aliso.fr\/initiatives\/#organization"},"potentialAction":[{"@type":"SearchAction","target":{"@type":"EntryPoint","urlTemplate":"https:\/\/aliso.fr\/initiatives\/?s={search_term_string}"},"query-input":{"@type":"PropertyValueSpecification","valueRequired":true,"valueName":"search_term_string"}}],"inLanguage":"fr-FR"},{"@type":"Organization","@id":"https:\/\/aliso.fr\/initiatives\/#organization","name":"Aliso Initiatives","url":"https:\/\/aliso.fr\/initiatives\/","logo":{"@type":"ImageObject","inLanguage":"fr-FR","@id":"https:\/\/aliso.fr\/initiatives\/#\/schema\/logo\/image\/","url":"https:\/\/aliso.fr\/initiatives\/wp-content\/uploads\/sites\/2\/2022\/01\/Logo-ALISO-Initiatives-2.png","contentUrl":"https:\/\/aliso.fr\/initiatives\/wp-content\/uploads\/sites\/2\/2022\/01\/Logo-ALISO-Initiatives-2.png","width":900,"height":657,"caption":"Aliso Initiatives"},"image":{"@id":"https:\/\/aliso.fr\/initiatives\/#\/schema\/logo\/image\/"}},{"@type":"Person","@id":"https:\/\/aliso.fr\/initiatives\/#\/schema\/person\/ac5889082625d5c95b51fac19f3d9b86","name":"pascal"}]}},"_links":{"self":[{"href":"https:\/\/aliso.fr\/initiatives\/wp-json\/wp\/v2\/posts\/3180","targetHints":{"allow":["GET"]}}],"collection":[{"href":"https:\/\/aliso.fr\/initiatives\/wp-json\/wp\/v2\/posts"}],"about":[{"href":"https:\/\/aliso.fr\/initiatives\/wp-json\/wp\/v2\/types\/post"}],"author":[{"embeddable":true,"href":"https:\/\/aliso.fr\/initiatives\/wp-json\/wp\/v2\/users\/5"}],"replies":[{"embeddable":true,"href":"https:\/\/aliso.fr\/initiatives\/wp-json\/wp\/v2\/comments?post=3180"}],"version-history":[{"count":5,"href":"https:\/\/aliso.fr\/initiatives\/wp-json\/wp\/v2\/posts\/3180\/revisions"}],"predecessor-version":[{"id":3261,"href":"https:\/\/aliso.fr\/initiatives\/wp-json\/wp\/v2\/posts\/3180\/revisions\/3261"}],"wp:featuredmedia":[{"embeddable":true,"href":"https:\/\/aliso.fr\/initiatives\/wp-json\/wp\/v2\/media\/3181"}],"wp:attachment":[{"href":"https:\/\/aliso.fr\/initiatives\/wp-json\/wp\/v2\/media?parent=3180"}],"wp:term":[{"taxonomy":"category","embeddable":true,"href":"https:\/\/aliso.fr\/initiatives\/wp-json\/wp\/v2\/categories?post=3180"},{"taxonomy":"post_tag","embeddable":true,"href":"https:\/\/aliso.fr\/initiatives\/wp-json\/wp\/v2\/tags?post=3180"}],"curies":[{"name":"wp","href":"https:\/\/api.w.org\/{rel}","templated":true}]}}