{"id":3219,"date":"2025-01-21T14:48:29","date_gmt":"2025-01-21T13:48:29","guid":{"rendered":"https:\/\/aliso.fr\/initiatives\/?p=3219"},"modified":"2025-01-21T14:48:31","modified_gmt":"2025-01-21T13:48:31","slug":"grandes-histoires-ayant-compte-pour-des-travailleur%c2%b7euses-associatif-de-creuse","status":"publish","type":"post","link":"https:\/\/aliso.fr\/initiatives\/grandes-histoires-ayant-compte-pour-des-travailleur%c2%b7euses-associatif-de-creuse\/","title":{"rendered":"Grandes histoires ayant compt\u00e9 pour des travailleur\u00b7euses associatif de Creuse"},"content":{"rendered":"\n<p>Vous trouverez le d\u00e9tail des \u00e9l\u00e9ments pr\u00e9sent\u00e9s dans la frise synth\u00e9tisant les diff\u00e9rentes \u00ab\u00a0grandes histoires\u00a0\u00bb ayant marqu\u00e9 les participant\u00b7es aux ateliers men\u00e9s dans le cadre du DLA sur la th\u00e9matique \u00ab\u00a0prendre soin de l&rsquo;attractivit\u00e9 de nos m\u00e9tiers\u00a0\u00bb. Ces \u00e9l\u00e9ments sont partiels et certains titres, notamment de loi, ont les noms publics et non les noms tels que pr\u00e9sent\u00e9 lors des votes.<\/p>\n\n\n\n<p><\/p>\n\n\n\n<h2 class=\"wp-block-heading\"><strong>1992<\/strong> <strong>sommet de rio &#8211; Intervention de Severn Cullis-Suzuki<\/strong><\/h2>\n\n\n\n<p><a href=\"https:\/\/epanews.fr\/profiles\/blogs\/discours-crit-en-fran-ais-de-severn-suzuki-l-onu-1992\">voici la version en texte traduite en Fran\u00e7ais <\/a><\/p>\n\n\n\n<figure class=\"wp-block-embed is-type-video is-provider-youtube wp-block-embed-youtube wp-embed-aspect-4-3 wp-has-aspect-ratio\"><div class=\"wp-block-embed__wrapper\">\n<iframe loading=\"lazy\" title=\"Severn Cullis-Suzuki at Rio Summit 1992\" width=\"1200\" height=\"900\" src=\"https:\/\/www.youtube.com\/embed\/oJJGuIZVfLM?feature=oembed\" frameborder=\"0\" allow=\"accelerometer; autoplay; clipboard-write; encrypted-media; gyroscope; picture-in-picture; web-share\" referrerpolicy=\"strict-origin-when-cross-origin\" allowfullscreen><\/iframe>\n<\/div><\/figure>\n\n\n\n<h2 class=\"wp-block-heading\">1998 Livre de Christophe Dejours Souffrance en France<\/h2>\n\n\n\n<p>Ce livre pr\u00e9sente la banalisation de l&rsquo;injustice sociale sur la d\u00e9gradation des conditions de vie des ch\u00f4meurs et travailleurs pauvres. Il questionne son acceptabilit\u00e9.<\/p>\n\n\n\n<h2 class=\"wp-block-heading\">2002 &#8211; Le viellissement actif<\/h2>\n\n\n\n<p>Cette notion appara\u00eet dans les ann\u00e9es 90 mais se d\u00e9cline au sein de politiques publiques \u00e0 partir du d\u00e9but des ann\u00e9es 2000, elle vise \u00e0 faire \u00e9voluer la soci\u00e9t\u00e9 la soci\u00e9t\u00e9 sur le vieillissement.<\/p>\n\n\n\n<p><a href=\"https:\/\/shs.cairn.info\/revue-retraite-et-societe1-2013-2-page-17?lang=fr#s2n2\">https:\/\/shs.cairn.info\/revue-retraite-et-societe1-2013-2-page-17?lang=fr#s2n2<\/a><\/p>\n\n\n\n<h2 class=\"wp-block-heading\">2002 &#8211; La loi 2002 &#8211; \u00ab\u00a0le droit des usager\u00a0\u00bb<\/h2>\n\n\n\n<p>Elle vient affirmer la prise en compte des personnes les plus vuln\u00e9rables en renfor\u00e7ant leurs droits, en cr\u00e9ant des instances pour \u00eatre \u00e9tendues, les moyens d&rsquo;\u00eatre autonome.  Pour globalement faciliter l&rsquo;acc\u00e8s aux droits de ses personnes et le rendre effectif.<\/p>\n\n\n\n<p><a href=\"https:\/\/www.legifrance.gouv.fr\/loda\/id\/JORFTEXT000000215460\/2023-07-28\/\">Voir le lien legifrance<\/a> ( site de service public d&rsquo;acc\u00e8s au droit)<\/p>\n\n\n\n<h2 class=\"wp-block-heading\">2004 \u00ab\u00a0Loi sur le voile\u00a0\u00bb<\/h2>\n\n\n\n<p>Voir une <a href=\"https:\/\/information.tv5monde.com\/terriennes\/port-du-voile-que-dit-la-loi-francaise-2715917\">r\u00e9trospective<\/a> des diff\u00e9rentes loi autour des signes religieux.<\/p>\n\n\n\n<h2 class=\"wp-block-heading\">2009 Affaire France Telecom<\/h2>\n\n\n\n<p>La mise en place d&rsquo;un plan NeXT et des m\u00e9thodes de management au sein de France Telecom (Orange aujourd&rsquo;hui) conduit \u00e0 la condamnation en 1\u00e8re instance (2019) et en appel (2022) introduit la notion de harc\u00e8lement moral institutionnel.<\/p>\n\n\n\n<p>voir <a href=\"https:\/\/fr.wikipedia.org\/wiki\/Affaire_France_T%C3%A9l%C3%A9com\">page wikipedia<\/a><\/p>\n\n\n\n<p>En 2023, un film sort sur le sujet \u00ab\u00a0Par la fen\u00eatre ou par la porte\u00a0\u00bb<\/p>\n\n\n\n<figure class=\"wp-block-embed is-type-video is-provider-youtube wp-block-embed-youtube wp-embed-aspect-16-9 wp-has-aspect-ratio\"><div class=\"wp-block-embed__wrapper\">\n<iframe loading=\"lazy\" title=\"Par la fen\u00eatre ou par la porte- Bande annonce version longue\" width=\"1200\" height=\"675\" src=\"https:\/\/www.youtube.com\/embed\/eItCKWFTiqo?feature=oembed\" frameborder=\"0\" allow=\"accelerometer; autoplay; clipboard-write; encrypted-media; gyroscope; picture-in-picture; web-share\" referrerpolicy=\"strict-origin-when-cross-origin\" allowfullscreen><\/iframe>\n<\/div><\/figure>\n\n\n\n<h2 class=\"wp-block-heading\">2011 &#8211; Rapport Bodier et Gollac sur les risques psychosciaux <\/h2>\n\n\n\n<p>Le rapport, conduit \u00e0 la suite de l&rsquo;affaire France Telecom popularise la notion de risques psychosociaux <\/p>\n\n\n\n<p><a href=\"https:\/\/www.inrs.fr\/risques\/psychosociaux\/ce-qu-il-faut-retenir.html\">Voir la synth\u00e8se <\/a><\/p>\n\n\n\n<p><a href=\"https:\/\/travail-emploi.gouv.fr\/IMG\/pdf\/rapport_SRPST_definitif_rectifie_11_05_10.pdf\">lire le rapport<\/a><br><\/p>\n\n\n<div class=\"wp-block-image\">\n<figure class=\"alignleft size-full is-resized\"><img loading=\"lazy\" decoding=\"async\" width=\"627\" height=\"843\" src=\"https:\/\/aliso.fr\/initiatives\/wp-content\/uploads\/sites\/2\/2024\/09\/image.png\" alt=\"\" class=\"wp-image-3253\" style=\"width:373px;height:auto\" srcset=\"https:\/\/aliso.fr\/initiatives\/wp-content\/uploads\/sites\/2\/2024\/09\/image.png 627w, https:\/\/aliso.fr\/initiatives\/wp-content\/uploads\/sites\/2\/2024\/09\/image-223x300.png 223w\" sizes=\"auto, (max-width: 627px) 100vw, 627px\" \/><\/figure>\n<\/div>\n\n\n<p><\/p>\n\n\n\n<p><\/p>\n\n\n\n<p><\/p>\n","protected":false},"excerpt":{"rendered":"<p>Vous trouverez le d\u00e9tail des \u00e9l\u00e9ments pr\u00e9sent\u00e9s dans la frise synth\u00e9tisant les diff\u00e9rentes \u00ab\u00a0grandes histoires\u00a0\u00bb ayant marqu\u00e9 les participant\u00b7es aux ateliers men\u00e9s dans le cadre du DLA sur la th\u00e9matique \u00ab\u00a0prendre soin de l&rsquo;attractivit\u00e9 de nos m\u00e9tiers\u00a0\u00bb. Ces \u00e9l\u00e9ments sont partiels et certains titres, notamment de loi, ont les noms publics et non les noms&#8230; <a class=\"excerpt-read-more button\" href=\"https:\/\/aliso.fr\/initiatives\/grandes-histoires-ayant-compte-pour-des-travailleur%c2%b7euses-associatif-de-creuse\/\" title=\"ReadGrandes histoires ayant compt\u00e9 pour des travailleur\u00b7euses associatif de Creuse\">En savoir plus &raquo;<\/a><\/p>\n","protected":false},"author":8,"featured_media":0,"comment_status":"closed","ping_status":"open","sticky":false,"template":"","format":"standard","meta":{"footnotes":""},"categories":[11,140],"tags":[],"class_list":["post-3219","post","type-post","status-publish","format-standard","hentry","category-actus","category-dynamiques-evenements"],"yoast_head":"<!-- This site is optimized with the Yoast SEO plugin v27.4 - https:\/\/yoast.com\/product\/yoast-seo-wordpress\/ -->\n<title>Grandes histoires ayant compt\u00e9 pour des travailleur\u00b7euses associatif de Creuse - Aliso Initiatives<\/title>\n<meta name=\"robots\" content=\"index, follow, max-snippet:-1, max-image-preview:large, max-video-preview:-1\" \/>\n<link rel=\"canonical\" href=\"https:\/\/aliso.fr\/initiatives\/grandes-histoires-ayant-compte-pour-des-travailleur\u00b7euses-associatif-de-creuse\/\" \/>\n<meta property=\"og:locale\" content=\"fr_FR\" \/>\n<meta property=\"og:type\" content=\"article\" \/>\n<meta property=\"og:title\" content=\"Grandes histoires ayant compt\u00e9 pour des travailleur\u00b7euses associatif de Creuse - Aliso Initiatives\" \/>\n<meta property=\"og:description\" content=\"Vous trouverez le d\u00e9tail des \u00e9l\u00e9ments pr\u00e9sent\u00e9s dans la frise synth\u00e9tisant les diff\u00e9rentes \u00ab\u00a0grandes histoires\u00a0\u00bb ayant marqu\u00e9 les participant\u00b7es aux ateliers men\u00e9s dans le cadre du DLA sur la th\u00e9matique \u00ab\u00a0prendre soin de l&rsquo;attractivit\u00e9 de nos m\u00e9tiers\u00a0\u00bb. Ces \u00e9l\u00e9ments sont partiels et certains titres, notamment de loi, ont les noms publics et non les noms... En savoir plus &raquo;\" \/>\n<meta property=\"og:url\" content=\"https:\/\/aliso.fr\/initiatives\/grandes-histoires-ayant-compte-pour-des-travailleur\u00b7euses-associatif-de-creuse\/\" \/>\n<meta property=\"og:site_name\" content=\"Aliso Initiatives\" \/>\n<meta property=\"article:published_time\" content=\"2025-01-21T13:48:29+00:00\" \/>\n<meta property=\"article:modified_time\" content=\"2025-01-21T13:48:31+00:00\" \/>\n<meta property=\"og:image\" content=\"https:\/\/aliso.fr\/initiatives\/wp-content\/uploads\/sites\/2\/2024\/09\/image.png\" \/>\n\t<meta property=\"og:image:width\" content=\"627\" \/>\n\t<meta property=\"og:image:height\" content=\"843\" \/>\n\t<meta property=\"og:image:type\" content=\"image\/png\" \/>\n<meta name=\"author\" content=\"quentinpaternoster\" \/>\n<meta name=\"twitter:card\" content=\"summary_large_image\" \/>\n<script type=\"application\/ld+json\" class=\"yoast-schema-graph\">{\"@context\":\"https:\\\/\\\/schema.org\",\"@graph\":[{\"@type\":\"Article\",\"@id\":\"https:\\\/\\\/aliso.fr\\\/initiatives\\\/grandes-histoires-ayant-compte-pour-des-travailleur%c2%b7euses-associatif-de-creuse\\\/#article\",\"isPartOf\":{\"@id\":\"https:\\\/\\\/aliso.fr\\\/initiatives\\\/grandes-histoires-ayant-compte-pour-des-travailleur%c2%b7euses-associatif-de-creuse\\\/\"},\"author\":{\"name\":\"quentinpaternoster\",\"@id\":\"https:\\\/\\\/aliso.fr\\\/initiatives\\\/#\\\/schema\\\/person\\\/53f228ce17550faf565032f413a9be4b\"},\"headline\":\"Grandes histoires ayant compt\u00e9 pour des travailleur\u00b7euses associatif de Creuse\",\"datePublished\":\"2025-01-21T13:48:29+00:00\",\"dateModified\":\"2025-01-21T13:48:31+00:00\",\"mainEntityOfPage\":{\"@id\":\"https:\\\/\\\/aliso.fr\\\/initiatives\\\/grandes-histoires-ayant-compte-pour-des-travailleur%c2%b7euses-associatif-de-creuse\\\/\"},\"wordCount\":373,\"publisher\":{\"@id\":\"https:\\\/\\\/aliso.fr\\\/initiatives\\\/#organization\"},\"image\":{\"@id\":\"https:\\\/\\\/aliso.fr\\\/initiatives\\\/grandes-histoires-ayant-compte-pour-des-travailleur%c2%b7euses-associatif-de-creuse\\\/#primaryimage\"},\"thumbnailUrl\":\"https:\\\/\\\/aliso.fr\\\/initiatives\\\/wp-content\\\/uploads\\\/sites\\\/2\\\/2024\\\/09\\\/image.png\",\"articleSection\":[\"Actualit\u00e9s\",\"Dynamiques - Evenements\"],\"inLanguage\":\"fr-FR\"},{\"@type\":\"WebPage\",\"@id\":\"https:\\\/\\\/aliso.fr\\\/initiatives\\\/grandes-histoires-ayant-compte-pour-des-travailleur%c2%b7euses-associatif-de-creuse\\\/\",\"url\":\"https:\\\/\\\/aliso.fr\\\/initiatives\\\/grandes-histoires-ayant-compte-pour-des-travailleur%c2%b7euses-associatif-de-creuse\\\/\",\"name\":\"Grandes histoires ayant compt\u00e9 pour des travailleur\u00b7euses associatif de Creuse - Aliso Initiatives\",\"isPartOf\":{\"@id\":\"https:\\\/\\\/aliso.fr\\\/initiatives\\\/#website\"},\"primaryImageOfPage\":{\"@id\":\"https:\\\/\\\/aliso.fr\\\/initiatives\\\/grandes-histoires-ayant-compte-pour-des-travailleur%c2%b7euses-associatif-de-creuse\\\/#primaryimage\"},\"image\":{\"@id\":\"https:\\\/\\\/aliso.fr\\\/initiatives\\\/grandes-histoires-ayant-compte-pour-des-travailleur%c2%b7euses-associatif-de-creuse\\\/#primaryimage\"},\"thumbnailUrl\":\"https:\\\/\\\/aliso.fr\\\/initiatives\\\/wp-content\\\/uploads\\\/sites\\\/2\\\/2024\\\/09\\\/image.png\",\"datePublished\":\"2025-01-21T13:48:29+00:00\",\"dateModified\":\"2025-01-21T13:48:31+00:00\",\"breadcrumb\":{\"@id\":\"https:\\\/\\\/aliso.fr\\\/initiatives\\\/grandes-histoires-ayant-compte-pour-des-travailleur%c2%b7euses-associatif-de-creuse\\\/#breadcrumb\"},\"inLanguage\":\"fr-FR\",\"potentialAction\":[{\"@type\":\"ReadAction\",\"target\":[\"https:\\\/\\\/aliso.fr\\\/initiatives\\\/grandes-histoires-ayant-compte-pour-des-travailleur%c2%b7euses-associatif-de-creuse\\\/\"]}]},{\"@type\":\"ImageObject\",\"inLanguage\":\"fr-FR\",\"@id\":\"https:\\\/\\\/aliso.fr\\\/initiatives\\\/grandes-histoires-ayant-compte-pour-des-travailleur%c2%b7euses-associatif-de-creuse\\\/#primaryimage\",\"url\":\"https:\\\/\\\/aliso.fr\\\/initiatives\\\/wp-content\\\/uploads\\\/sites\\\/2\\\/2024\\\/09\\\/image.png\",\"contentUrl\":\"https:\\\/\\\/aliso.fr\\\/initiatives\\\/wp-content\\\/uploads\\\/sites\\\/2\\\/2024\\\/09\\\/image.png\",\"width\":627,\"height\":843},{\"@type\":\"BreadcrumbList\",\"@id\":\"https:\\\/\\\/aliso.fr\\\/initiatives\\\/grandes-histoires-ayant-compte-pour-des-travailleur%c2%b7euses-associatif-de-creuse\\\/#breadcrumb\",\"itemListElement\":[{\"@type\":\"ListItem\",\"position\":1,\"name\":\"Accueil\",\"item\":\"https:\\\/\\\/aliso.fr\\\/initiatives\\\/\"},{\"@type\":\"ListItem\",\"position\":2,\"name\":\"Actualit\u00e9s\",\"item\":\"https:\\\/\\\/aliso.fr\\\/initiatives\\\/actus\\\/\"},{\"@type\":\"ListItem\",\"position\":3,\"name\":\"Grandes histoires ayant compt\u00e9 pour des travailleur\u00b7euses associatif de Creuse\"}]},{\"@type\":\"WebSite\",\"@id\":\"https:\\\/\\\/aliso.fr\\\/initiatives\\\/#website\",\"url\":\"https:\\\/\\\/aliso.fr\\\/initiatives\\\/\",\"name\":\"Aliso Initiatives\",\"description\":\"R\u00e9seau Creusois des acteurs du lien social\",\"publisher\":{\"@id\":\"https:\\\/\\\/aliso.fr\\\/initiatives\\\/#organization\"},\"potentialAction\":[{\"@type\":\"SearchAction\",\"target\":{\"@type\":\"EntryPoint\",\"urlTemplate\":\"https:\\\/\\\/aliso.fr\\\/initiatives\\\/?s={search_term_string}\"},\"query-input\":{\"@type\":\"PropertyValueSpecification\",\"valueRequired\":true,\"valueName\":\"search_term_string\"}}],\"inLanguage\":\"fr-FR\"},{\"@type\":\"Organization\",\"@id\":\"https:\\\/\\\/aliso.fr\\\/initiatives\\\/#organization\",\"name\":\"Aliso Initiatives\",\"url\":\"https:\\\/\\\/aliso.fr\\\/initiatives\\\/\",\"logo\":{\"@type\":\"ImageObject\",\"inLanguage\":\"fr-FR\",\"@id\":\"https:\\\/\\\/aliso.fr\\\/initiatives\\\/#\\\/schema\\\/logo\\\/image\\\/\",\"url\":\"https:\\\/\\\/aliso.fr\\\/initiatives\\\/wp-content\\\/uploads\\\/sites\\\/2\\\/2022\\\/01\\\/Logo-ALISO-Initiatives-2.png\",\"contentUrl\":\"https:\\\/\\\/aliso.fr\\\/initiatives\\\/wp-content\\\/uploads\\\/sites\\\/2\\\/2022\\\/01\\\/Logo-ALISO-Initiatives-2.png\",\"width\":900,\"height\":657,\"caption\":\"Aliso Initiatives\"},\"image\":{\"@id\":\"https:\\\/\\\/aliso.fr\\\/initiatives\\\/#\\\/schema\\\/logo\\\/image\\\/\"}},{\"@type\":\"Person\",\"@id\":\"https:\\\/\\\/aliso.fr\\\/initiatives\\\/#\\\/schema\\\/person\\\/53f228ce17550faf565032f413a9be4b\",\"name\":\"quentinpaternoster\"}]}<\/script>\n<!-- \/ Yoast SEO plugin. -->","yoast_head_json":{"title":"Grandes histoires ayant compt\u00e9 pour des travailleur\u00b7euses associatif de Creuse - Aliso Initiatives","robots":{"index":"index","follow":"follow","max-snippet":"max-snippet:-1","max-image-preview":"max-image-preview:large","max-video-preview":"max-video-preview:-1"},"canonical":"https:\/\/aliso.fr\/initiatives\/grandes-histoires-ayant-compte-pour-des-travailleur\u00b7euses-associatif-de-creuse\/","og_locale":"fr_FR","og_type":"article","og_title":"Grandes histoires ayant compt\u00e9 pour des travailleur\u00b7euses associatif de Creuse - Aliso Initiatives","og_description":"Vous trouverez le d\u00e9tail des \u00e9l\u00e9ments pr\u00e9sent\u00e9s dans la frise synth\u00e9tisant les diff\u00e9rentes \u00ab\u00a0grandes histoires\u00a0\u00bb ayant marqu\u00e9 les participant\u00b7es aux ateliers men\u00e9s dans le cadre du DLA sur la th\u00e9matique \u00ab\u00a0prendre soin de l&rsquo;attractivit\u00e9 de nos m\u00e9tiers\u00a0\u00bb. Ces \u00e9l\u00e9ments sont partiels et certains titres, notamment de loi, ont les noms publics et non les noms... En savoir plus &raquo;","og_url":"https:\/\/aliso.fr\/initiatives\/grandes-histoires-ayant-compte-pour-des-travailleur\u00b7euses-associatif-de-creuse\/","og_site_name":"Aliso Initiatives","article_published_time":"2025-01-21T13:48:29+00:00","article_modified_time":"2025-01-21T13:48:31+00:00","og_image":[{"width":627,"height":843,"url":"https:\/\/aliso.fr\/initiatives\/wp-content\/uploads\/sites\/2\/2024\/09\/image.png","type":"image\/png"}],"author":"quentinpaternoster","twitter_card":"summary_large_image","schema":{"@context":"https:\/\/schema.org","@graph":[{"@type":"Article","@id":"https:\/\/aliso.fr\/initiatives\/grandes-histoires-ayant-compte-pour-des-travailleur%c2%b7euses-associatif-de-creuse\/#article","isPartOf":{"@id":"https:\/\/aliso.fr\/initiatives\/grandes-histoires-ayant-compte-pour-des-travailleur%c2%b7euses-associatif-de-creuse\/"},"author":{"name":"quentinpaternoster","@id":"https:\/\/aliso.fr\/initiatives\/#\/schema\/person\/53f228ce17550faf565032f413a9be4b"},"headline":"Grandes histoires ayant compt\u00e9 pour des travailleur\u00b7euses associatif de Creuse","datePublished":"2025-01-21T13:48:29+00:00","dateModified":"2025-01-21T13:48:31+00:00","mainEntityOfPage":{"@id":"https:\/\/aliso.fr\/initiatives\/grandes-histoires-ayant-compte-pour-des-travailleur%c2%b7euses-associatif-de-creuse\/"},"wordCount":373,"publisher":{"@id":"https:\/\/aliso.fr\/initiatives\/#organization"},"image":{"@id":"https:\/\/aliso.fr\/initiatives\/grandes-histoires-ayant-compte-pour-des-travailleur%c2%b7euses-associatif-de-creuse\/#primaryimage"},"thumbnailUrl":"https:\/\/aliso.fr\/initiatives\/wp-content\/uploads\/sites\/2\/2024\/09\/image.png","articleSection":["Actualit\u00e9s","Dynamiques - Evenements"],"inLanguage":"fr-FR"},{"@type":"WebPage","@id":"https:\/\/aliso.fr\/initiatives\/grandes-histoires-ayant-compte-pour-des-travailleur%c2%b7euses-associatif-de-creuse\/","url":"https:\/\/aliso.fr\/initiatives\/grandes-histoires-ayant-compte-pour-des-travailleur%c2%b7euses-associatif-de-creuse\/","name":"Grandes histoires ayant compt\u00e9 pour des travailleur\u00b7euses associatif de Creuse - Aliso Initiatives","isPartOf":{"@id":"https:\/\/aliso.fr\/initiatives\/#website"},"primaryImageOfPage":{"@id":"https:\/\/aliso.fr\/initiatives\/grandes-histoires-ayant-compte-pour-des-travailleur%c2%b7euses-associatif-de-creuse\/#primaryimage"},"image":{"@id":"https:\/\/aliso.fr\/initiatives\/grandes-histoires-ayant-compte-pour-des-travailleur%c2%b7euses-associatif-de-creuse\/#primaryimage"},"thumbnailUrl":"https:\/\/aliso.fr\/initiatives\/wp-content\/uploads\/sites\/2\/2024\/09\/image.png","datePublished":"2025-01-21T13:48:29+00:00","dateModified":"2025-01-21T13:48:31+00:00","breadcrumb":{"@id":"https:\/\/aliso.fr\/initiatives\/grandes-histoires-ayant-compte-pour-des-travailleur%c2%b7euses-associatif-de-creuse\/#breadcrumb"},"inLanguage":"fr-FR","potentialAction":[{"@type":"ReadAction","target":["https:\/\/aliso.fr\/initiatives\/grandes-histoires-ayant-compte-pour-des-travailleur%c2%b7euses-associatif-de-creuse\/"]}]},{"@type":"ImageObject","inLanguage":"fr-FR","@id":"https:\/\/aliso.fr\/initiatives\/grandes-histoires-ayant-compte-pour-des-travailleur%c2%b7euses-associatif-de-creuse\/#primaryimage","url":"https:\/\/aliso.fr\/initiatives\/wp-content\/uploads\/sites\/2\/2024\/09\/image.png","contentUrl":"https:\/\/aliso.fr\/initiatives\/wp-content\/uploads\/sites\/2\/2024\/09\/image.png","width":627,"height":843},{"@type":"BreadcrumbList","@id":"https:\/\/aliso.fr\/initiatives\/grandes-histoires-ayant-compte-pour-des-travailleur%c2%b7euses-associatif-de-creuse\/#breadcrumb","itemListElement":[{"@type":"ListItem","position":1,"name":"Accueil","item":"https:\/\/aliso.fr\/initiatives\/"},{"@type":"ListItem","position":2,"name":"Actualit\u00e9s","item":"https:\/\/aliso.fr\/initiatives\/actus\/"},{"@type":"ListItem","position":3,"name":"Grandes histoires ayant compt\u00e9 pour des travailleur\u00b7euses associatif de Creuse"}]},{"@type":"WebSite","@id":"https:\/\/aliso.fr\/initiatives\/#website","url":"https:\/\/aliso.fr\/initiatives\/","name":"Aliso Initiatives","description":"R\u00e9seau Creusois des acteurs du lien social","publisher":{"@id":"https:\/\/aliso.fr\/initiatives\/#organization"},"potentialAction":[{"@type":"SearchAction","target":{"@type":"EntryPoint","urlTemplate":"https:\/\/aliso.fr\/initiatives\/?s={search_term_string}"},"query-input":{"@type":"PropertyValueSpecification","valueRequired":true,"valueName":"search_term_string"}}],"inLanguage":"fr-FR"},{"@type":"Organization","@id":"https:\/\/aliso.fr\/initiatives\/#organization","name":"Aliso Initiatives","url":"https:\/\/aliso.fr\/initiatives\/","logo":{"@type":"ImageObject","inLanguage":"fr-FR","@id":"https:\/\/aliso.fr\/initiatives\/#\/schema\/logo\/image\/","url":"https:\/\/aliso.fr\/initiatives\/wp-content\/uploads\/sites\/2\/2022\/01\/Logo-ALISO-Initiatives-2.png","contentUrl":"https:\/\/aliso.fr\/initiatives\/wp-content\/uploads\/sites\/2\/2022\/01\/Logo-ALISO-Initiatives-2.png","width":900,"height":657,"caption":"Aliso Initiatives"},"image":{"@id":"https:\/\/aliso.fr\/initiatives\/#\/schema\/logo\/image\/"}},{"@type":"Person","@id":"https:\/\/aliso.fr\/initiatives\/#\/schema\/person\/53f228ce17550faf565032f413a9be4b","name":"quentinpaternoster"}]}},"_links":{"self":[{"href":"https:\/\/aliso.fr\/initiatives\/wp-json\/wp\/v2\/posts\/3219","targetHints":{"allow":["GET"]}}],"collection":[{"href":"https:\/\/aliso.fr\/initiatives\/wp-json\/wp\/v2\/posts"}],"about":[{"href":"https:\/\/aliso.fr\/initiatives\/wp-json\/wp\/v2\/types\/post"}],"author":[{"embeddable":true,"href":"https:\/\/aliso.fr\/initiatives\/wp-json\/wp\/v2\/users\/8"}],"replies":[{"embeddable":true,"href":"https:\/\/aliso.fr\/initiatives\/wp-json\/wp\/v2\/comments?post=3219"}],"version-history":[{"count":2,"href":"https:\/\/aliso.fr\/initiatives\/wp-json\/wp\/v2\/posts\/3219\/revisions"}],"predecessor-version":[{"id":3254,"href":"https:\/\/aliso.fr\/initiatives\/wp-json\/wp\/v2\/posts\/3219\/revisions\/3254"}],"wp:attachment":[{"href":"https:\/\/aliso.fr\/initiatives\/wp-json\/wp\/v2\/media?parent=3219"}],"wp:term":[{"taxonomy":"category","embeddable":true,"href":"https:\/\/aliso.fr\/initiatives\/wp-json\/wp\/v2\/categories?post=3219"},{"taxonomy":"post_tag","embeddable":true,"href":"https:\/\/aliso.fr\/initiatives\/wp-json\/wp\/v2\/tags?post=3219"}],"curies":[{"name":"wp","href":"https:\/\/api.w.org\/{rel}","templated":true}]}}