{"id":3282,"date":"2025-01-14T15:24:09","date_gmt":"2025-01-14T14:24:09","guid":{"rendered":"https:\/\/aliso.fr\/initiatives\/?p=3282"},"modified":"2025-01-21T14:45:23","modified_gmt":"2025-01-21T13:45:23","slug":"12-nov-2024-gueret-soigner-lattractivite-de-nos-metiers-le-programme","status":"publish","type":"post","link":"https:\/\/aliso.fr\/initiatives\/12-nov-2024-gueret-soigner-lattractivite-de-nos-metiers-le-programme\/","title":{"rendered":"Emploi associatif : comment donner envie ?  Retour sur le 12 novembre 2024"},"content":{"rendered":"\n<h2 class=\"wp-block-heading\">de l&rsquo;attention, du soin, de la valorisation<\/h2>\n\n\n\n<p><\/p>\n\n\n\n<div class=\"wp-block-media-text has-media-on-the-right is-stacked-on-mobile is-vertically-aligned-top\"><div class=\"wp-block-media-text__content\">\n<p class=\"has-large-font-size\">Employeurs associatifs, salari\u00e9s, partenaires, syndicats : 75 participants ont rejoint, le 12 Novembre 2024, la journ\u00e9e d\u00e9di\u00e9e \u00e0 l&rsquo;Attractivit\u00e9 des M\u00e9tiers, organis\u00e9e par Hexopee et Aliso.<\/p>\n\n\n\n<blockquote class=\"wp-block-quote is-layout-flow wp-block-quote-is-layout-flow\">\n<p>\u00ab\u00a0Quand on parle Attractivit\u00e9, on pense \u00ab\u00a0Attirer des candidats\u00a0\u00bb : il faudrait d&rsquo;abord penser \u00e0 ceux, nombreux, qui quittent nos structures.\u00a0\u00bb Evanne Jeanne Rose<\/p>\n<cite>Evanne Jeanne Rose, rapporteur CESE<\/cite><\/blockquote>\n\n\n\n<p class=\"has-large-font-size\">Le d\u00e9cor a tout d&rsquo;abord \u00e9t\u00e9 plant\u00e9 par <strong>Evanne Jeanne-Rose, <\/strong><em>membre du CESE au titre du CNAJEP,<\/em> Rapporteur de l&rsquo;avis sur <em><a href=\"https:\/\/www.lecese.fr\/travaux-publies\/les-metiers-de-la-cohesion-sociale\" target=\"_blank\" rel=\"noreferrer noopener\">Les m\u00e9tiers de la coh\u00e9sion sociale<\/a> <\/em>: en enjeu central en ressort, celui de la qualit\u00e9 des conditions d&rsquo;exercice des m\u00e9tiers, la qualit\u00e9 de ce cadre d\u00e9pendant de l&#8217;employeur associatif, certes, mais surtout et en premier lieu des politiques publiques qui s&rsquo;appuient sur ces m\u00e9tiers&#8230; et \u00e0 trop tirer sur la corde&#8230;<\/p>\n\n\n\n<p class=\"has-large-font-size\">Suite \u00e0 l&rsquo;intervention de Evanne Jeanne Rose, la table ronde s&rsquo;est poursuivie, anim\u00e9e par <em><strong>Pierre Roussel, <\/strong>d\u00e9l\u00e9gu\u00e9 r\u00e9gional Hexop\u00e9e,<\/em> r\u00e9unissant <strong>Myl\u00e8ne Vantours-Burgui\u00e8re,<\/strong><br><em>d\u00e9l\u00e9gu\u00e9e r\u00e9gionale d&rsquo;Uniformation<\/em> et <\/p>\n\n\n\n<p class=\"has-large-font-size\"><strong><a href=\"https:\/\/aliso.fr\/initiatives\/a-la-rencontre-dhexopee-un-syndicat-employeur-qui-defend-deducation-populaire\/\">David Cluzeau,<\/a><\/strong><br><em>d\u00e9l\u00e9gu\u00e9 g\u00e9n\u00e9ral national d&rsquo;<a href=\"http:\/\/hexopee.org\">Hexop\u00e9e <\/a><\/em>: syndicat employeur repr\u00e9sentant les acteurs du lien social. <\/p>\n\n\n\n<p class=\"has-large-font-size\">Les participants ont ensuite \u00e9chang\u00e9 en Atelier sur 4 themes :<\/p>\n\n\n\n<ul class=\"wp-block-list\">\n<li><strong>Bien \u00eatre ou Souffrance au travail ? <\/strong>&gt; Anim\u00e9 par B. Larivi\u00e8re, La Boutique des id\u00e9es<\/li>\n\n\n\n<li>\u00ab\u00a0<strong>Te plains pas, c&rsquo;est pas l&rsquo;Usine !<\/strong>\u00a0\u00bb  Evolutions du rapport au travail associatif ces derni\u00e8res decennies. Anim\u00e9 par Quentin Paternoster &amp; Fabienne Clavaud, <em>Aliso<\/em><\/li>\n\n\n\n<li><strong>Employeur, Salari\u00e9 : Qui recrute Qui ? <\/strong>Face aux difficult\u00e9s de recrutement, que faire, Anim\u00e9 par Pascal Bousso, Agn\u00e8s Zeppa, Cl\u00e9ment Correia (<em>R\u00e9seau<\/em> <em>ALISO, UDAF 23, FOL<\/em> <em>23<\/em>)<\/li>\n\n\n\n<li><strong>La formation, outil d&rsquo;attractivit\u00e9 des m\u00e9tiers ?<\/strong> Anim\u00e9 par Benjamin Coly et Christelle Aufaure (<em>Uniformation, R\u00e9seau Aliso<\/em>)<\/li>\n\n\n\n<li>En pr\u00e9sence des repr\u00e9sentants du r\u00e9seau Aliso, d&rsquo;Hexop\u00e9e, d&rsquo;Uniformation, de la R\u00e9gion, de Philippe Lafrique &#8211; Vice Pr\u00e9sident du Conseil R\u00e9gional Nouvelle Aquitaine,&#8230;<br><br> <\/li>\n<\/ul>\n<\/div><figure class=\"wp-block-media-text__media\"><img loading=\"lazy\" decoding=\"async\" width=\"1024\" height=\"768\" src=\"https:\/\/aliso.fr\/initiatives\/wp-content\/uploads\/sites\/2\/2024\/09\/20241112_095520-1024x768.jpg\" alt=\"\" class=\"wp-image-3389 size-full\" srcset=\"https:\/\/aliso.fr\/initiatives\/wp-content\/uploads\/sites\/2\/2024\/09\/20241112_095520-1024x768.jpg 1024w, https:\/\/aliso.fr\/initiatives\/wp-content\/uploads\/sites\/2\/2024\/09\/20241112_095520-300x225.jpg 300w, https:\/\/aliso.fr\/initiatives\/wp-content\/uploads\/sites\/2\/2024\/09\/20241112_095520-768x576.jpg 768w, https:\/\/aliso.fr\/initiatives\/wp-content\/uploads\/sites\/2\/2024\/09\/20241112_095520-1536x1152.jpg 1536w, https:\/\/aliso.fr\/initiatives\/wp-content\/uploads\/sites\/2\/2024\/09\/20241112_095520-2048x1536.jpg 2048w, https:\/\/aliso.fr\/initiatives\/wp-content\/uploads\/sites\/2\/2024\/09\/20241112_095520-1320x990.jpg 1320w\" sizes=\"auto, (max-width: 1024px) 100vw, 1024px\" \/><\/figure><\/div>\n\n\n\n<p>Dans ces ateliers, les participants ont \u00e9t\u00e9 soucieux de proposer des alternatives et innovations concr\u00e8tes pour faciliter le recrutement, encourager la formation, prendre soin des salari\u00e9s et des b\u00e9n\u00e9voles, et leur permettre de mieux se rencontrer, se comprendre et se conna\u00eetre : <a href=\"https:\/\/nuage.aliso.fr\/index.php\/s\/bZe3XSKebtbrQZ7\" target=\"_blank\" rel=\"noreferrer noopener\">quelques notes et photos sur 12 pages ici<\/a> pour les absents ou vous rafra\u00eechir la m\u00e9moire (document en cours de formalisation).<br>Ces travaux s&rsquo;accompagnent de r\u00e9flexions r\u00e9currentes qui pourraient repr\u00e9senter la gen\u00e8se de prochains rendez-vous \u00e0 construire.<br><br>Voici un petit aper\u00e7u de questionnements \u00e0 m\u00fbrir : <br>&#8211; Etre employeur aujourd&rsquo;hui dans cet environnement, \u00e7a repr\u00e9sente quoi ?<br>&#8211; Entre direction et administrateur.ice.s, qui fait quoi ? qui porte quoi ? <br>&#8211; A-t-on raison d&rsquo;attendre beaucoup de ses administrateur.ices et\/ou de ses technicien.ne.s ? Qu&rsquo;est-on l\u00e9gitime \u00e0 attendre ? Quelle posture ? quelles responsabilit\u00e9s ? Quel engagement ? Dans quelles limites ?<br>La cohabitation de ces deux r\u00f4les\/repr\u00e9sentant.e.s ne vient elle pas freiner l&rsquo;engagement des un.e.s ou des autres ? <br>&#8211; Comment peut-on accompagner les b\u00e9n\u00e9voles des associations autrement qu&rsquo;en leur proposant des formations ? Les richesses humaines pourraient elles repr\u00e9senter une ressource sur laquelle s&rsquo;appuyer aussi pour les b\u00e9n\u00e9voles, pilier de nos vies associatives ? <br>&#8211; Comment rappeler les r\u00f4les et les travaux de chacun.e.s r\u00e9guli\u00e8rement et favoriser l&rsquo;interconnaissance et le travail commun entre les diff\u00e9rents acteurs en interne d&rsquo;une association ?<\/p>\n\n\n\n<p><em>Une journ\u00e9e co-organis\u00e9e par l&rsquo;organisation professionnelle Nationale <a href=\"https:\/\/www.hexopee.org\/\">Hexop\u00e9e<\/a> et l&rsquo;Opco <a href=\"https:\/\/www.uniformation.fr\/\">Uniformation<\/a> , le <a href=\"https:\/\/aliso.fr\/reseau\/\">R\u00e9seau Creusois des Acteurs du Lien Social &#8211; Aliso<\/a><\/em>.<\/p>\n\n\n\n<p><\/p>\n\n\n\n<div class=\"wp-block-columns is-layout-flex wp-container-core-columns-is-layout-9d6595d7 wp-block-columns-is-layout-flex\">\n<div class=\"wp-block-column is-layout-flow wp-block-column-is-layout-flow\" style=\"flex-basis:50%\">\n<p class=\"has-text-align-center\"><\/p>\n\n\n<div class=\"wp-block-image\">\n<figure class=\"aligncenter size-large\"><img loading=\"lazy\" decoding=\"async\" width=\"1024\" height=\"768\" src=\"https:\/\/aliso.fr\/initiatives\/wp-content\/uploads\/sites\/2\/2024\/10\/20241112_151907-1024x768.jpg\" alt=\"\" class=\"wp-image-3392\" srcset=\"https:\/\/aliso.fr\/initiatives\/wp-content\/uploads\/sites\/2\/2024\/10\/20241112_151907-1024x768.jpg 1024w, https:\/\/aliso.fr\/initiatives\/wp-content\/uploads\/sites\/2\/2024\/10\/20241112_151907-300x225.jpg 300w, https:\/\/aliso.fr\/initiatives\/wp-content\/uploads\/sites\/2\/2024\/10\/20241112_151907-768x576.jpg 768w, https:\/\/aliso.fr\/initiatives\/wp-content\/uploads\/sites\/2\/2024\/10\/20241112_151907-1536x1152.jpg 1536w, https:\/\/aliso.fr\/initiatives\/wp-content\/uploads\/sites\/2\/2024\/10\/20241112_151907-2048x1536.jpg 2048w, https:\/\/aliso.fr\/initiatives\/wp-content\/uploads\/sites\/2\/2024\/10\/20241112_151907-1320x990.jpg 1320w\" sizes=\"auto, (max-width: 1024px) 100vw, 1024px\" \/><\/figure>\n<\/div><\/div>\n<\/div>\n\n\n\n<hr class=\"wp-block-separator has-alpha-channel-opacity\" \/>\n","protected":false},"excerpt":{"rendered":"<p>de l&rsquo;attention, du soin, de la valorisation Dans ces ateliers, les participants ont \u00e9t\u00e9 soucieux de proposer des alternatives et innovations concr\u00e8tes pour faciliter le recrutement, encourager la formation, prendre soin des salari\u00e9s et des b\u00e9n\u00e9voles, et leur permettre de mieux se rencontrer, se comprendre et se conna\u00eetre : quelques notes et photos sur 12&#8230; <a class=\"excerpt-read-more button\" href=\"https:\/\/aliso.fr\/initiatives\/12-nov-2024-gueret-soigner-lattractivite-de-nos-metiers-le-programme\/\" title=\"ReadEmploi associatif : comment donner envie ?  Retour sur le 12 novembre 2024\">En savoir plus &raquo;<\/a><\/p>\n","protected":false},"author":5,"featured_media":3277,"comment_status":"closed","ping_status":"open","sticky":false,"template":"","format":"standard","meta":{"footnotes":""},"categories":[11,140,6],"tags":[],"class_list":["post-3282","post","type-post","status-publish","format-standard","has-post-thumbnail","hentry","category-actus","category-dynamiques-evenements","category-fonction-employeur"],"yoast_head":"<!-- This site is optimized with the Yoast SEO plugin v27.5 - https:\/\/yoast.com\/product\/yoast-seo-wordpress\/ -->\n<title>Emploi associatif : comment donner envie ? Retour sur le 12 novembre 2024 - Aliso Initiatives<\/title>\n<meta name=\"robots\" content=\"index, follow, max-snippet:-1, max-image-preview:large, max-video-preview:-1\" \/>\n<link rel=\"canonical\" href=\"https:\/\/aliso.fr\/initiatives\/12-nov-2024-gueret-soigner-lattractivite-de-nos-metiers-le-programme\/\" \/>\n<meta property=\"og:locale\" content=\"fr_FR\" \/>\n<meta property=\"og:type\" content=\"article\" \/>\n<meta property=\"og:title\" content=\"Emploi associatif : comment donner envie ? Retour sur le 12 novembre 2024 - Aliso Initiatives\" \/>\n<meta property=\"og:description\" content=\"de l&rsquo;attention, du soin, de la valorisation Dans ces ateliers, les participants ont \u00e9t\u00e9 soucieux de proposer des alternatives et innovations concr\u00e8tes pour faciliter le recrutement, encourager la formation, prendre soin des salari\u00e9s et des b\u00e9n\u00e9voles, et leur permettre de mieux se rencontrer, se comprendre et se conna\u00eetre : quelques notes et photos sur 12... En savoir plus &raquo;\" \/>\n<meta property=\"og:url\" content=\"https:\/\/aliso.fr\/initiatives\/12-nov-2024-gueret-soigner-lattractivite-de-nos-metiers-le-programme\/\" \/>\n<meta property=\"og:site_name\" content=\"Aliso Initiatives\" \/>\n<meta property=\"article:published_time\" content=\"2025-01-14T14:24:09+00:00\" \/>\n<meta property=\"article:modified_time\" content=\"2025-01-21T13:45:23+00:00\" \/>\n<meta property=\"og:image\" content=\"https:\/\/aliso.fr\/initiatives\/wp-content\/uploads\/sites\/2\/2024\/09\/associations-comment-soigner-lattractivite-de-nos-metiers.jpg\" \/>\n\t<meta property=\"og:image:width\" content=\"1587\" \/>\n\t<meta property=\"og:image:height\" content=\"2245\" \/>\n\t<meta property=\"og:image:type\" content=\"image\/jpeg\" \/>\n<meta name=\"author\" content=\"pascal\" \/>\n<meta name=\"twitter:card\" content=\"summary_large_image\" \/>\n<script type=\"application\/ld+json\" class=\"yoast-schema-graph\">{\"@context\":\"https:\\\/\\\/schema.org\",\"@graph\":[{\"@type\":\"Article\",\"@id\":\"https:\\\/\\\/aliso.fr\\\/initiatives\\\/12-nov-2024-gueret-soigner-lattractivite-de-nos-metiers-le-programme\\\/#article\",\"isPartOf\":{\"@id\":\"https:\\\/\\\/aliso.fr\\\/initiatives\\\/12-nov-2024-gueret-soigner-lattractivite-de-nos-metiers-le-programme\\\/\"},\"author\":{\"name\":\"pascal\",\"@id\":\"https:\\\/\\\/aliso.fr\\\/initiatives\\\/#\\\/schema\\\/person\\\/ac5889082625d5c95b51fac19f3d9b86\"},\"headline\":\"Emploi associatif : comment donner envie ? Retour sur le 12 novembre 2024\",\"datePublished\":\"2025-01-14T14:24:09+00:00\",\"dateModified\":\"2025-01-21T13:45:23+00:00\",\"mainEntityOfPage\":{\"@id\":\"https:\\\/\\\/aliso.fr\\\/initiatives\\\/12-nov-2024-gueret-soigner-lattractivite-de-nos-metiers-le-programme\\\/\"},\"wordCount\":628,\"publisher\":{\"@id\":\"https:\\\/\\\/aliso.fr\\\/initiatives\\\/#organization\"},\"image\":{\"@id\":\"https:\\\/\\\/aliso.fr\\\/initiatives\\\/12-nov-2024-gueret-soigner-lattractivite-de-nos-metiers-le-programme\\\/#primaryimage\"},\"thumbnailUrl\":\"https:\\\/\\\/aliso.fr\\\/initiatives\\\/wp-content\\\/uploads\\\/sites\\\/2\\\/2024\\\/09\\\/associations-comment-soigner-lattractivite-de-nos-metiers.jpg\",\"articleSection\":[\"Actualit\u00e9s\",\"Dynamiques - Evenements\",\"Fonction employeur\"],\"inLanguage\":\"fr-FR\"},{\"@type\":\"WebPage\",\"@id\":\"https:\\\/\\\/aliso.fr\\\/initiatives\\\/12-nov-2024-gueret-soigner-lattractivite-de-nos-metiers-le-programme\\\/\",\"url\":\"https:\\\/\\\/aliso.fr\\\/initiatives\\\/12-nov-2024-gueret-soigner-lattractivite-de-nos-metiers-le-programme\\\/\",\"name\":\"Emploi associatif : comment donner envie ? Retour sur le 12 novembre 2024 - Aliso Initiatives\",\"isPartOf\":{\"@id\":\"https:\\\/\\\/aliso.fr\\\/initiatives\\\/#website\"},\"primaryImageOfPage\":{\"@id\":\"https:\\\/\\\/aliso.fr\\\/initiatives\\\/12-nov-2024-gueret-soigner-lattractivite-de-nos-metiers-le-programme\\\/#primaryimage\"},\"image\":{\"@id\":\"https:\\\/\\\/aliso.fr\\\/initiatives\\\/12-nov-2024-gueret-soigner-lattractivite-de-nos-metiers-le-programme\\\/#primaryimage\"},\"thumbnailUrl\":\"https:\\\/\\\/aliso.fr\\\/initiatives\\\/wp-content\\\/uploads\\\/sites\\\/2\\\/2024\\\/09\\\/associations-comment-soigner-lattractivite-de-nos-metiers.jpg\",\"datePublished\":\"2025-01-14T14:24:09+00:00\",\"dateModified\":\"2025-01-21T13:45:23+00:00\",\"breadcrumb\":{\"@id\":\"https:\\\/\\\/aliso.fr\\\/initiatives\\\/12-nov-2024-gueret-soigner-lattractivite-de-nos-metiers-le-programme\\\/#breadcrumb\"},\"inLanguage\":\"fr-FR\",\"potentialAction\":[{\"@type\":\"ReadAction\",\"target\":[\"https:\\\/\\\/aliso.fr\\\/initiatives\\\/12-nov-2024-gueret-soigner-lattractivite-de-nos-metiers-le-programme\\\/\"]}]},{\"@type\":\"ImageObject\",\"inLanguage\":\"fr-FR\",\"@id\":\"https:\\\/\\\/aliso.fr\\\/initiatives\\\/12-nov-2024-gueret-soigner-lattractivite-de-nos-metiers-le-programme\\\/#primaryimage\",\"url\":\"https:\\\/\\\/aliso.fr\\\/initiatives\\\/wp-content\\\/uploads\\\/sites\\\/2\\\/2024\\\/09\\\/associations-comment-soigner-lattractivite-de-nos-metiers.jpg\",\"contentUrl\":\"https:\\\/\\\/aliso.fr\\\/initiatives\\\/wp-content\\\/uploads\\\/sites\\\/2\\\/2024\\\/09\\\/associations-comment-soigner-lattractivite-de-nos-metiers.jpg\",\"width\":1587,\"height\":2245},{\"@type\":\"BreadcrumbList\",\"@id\":\"https:\\\/\\\/aliso.fr\\\/initiatives\\\/12-nov-2024-gueret-soigner-lattractivite-de-nos-metiers-le-programme\\\/#breadcrumb\",\"itemListElement\":[{\"@type\":\"ListItem\",\"position\":1,\"name\":\"Accueil\",\"item\":\"https:\\\/\\\/aliso.fr\\\/initiatives\\\/\"},{\"@type\":\"ListItem\",\"position\":2,\"name\":\"Actualit\u00e9s\",\"item\":\"https:\\\/\\\/aliso.fr\\\/initiatives\\\/actus\\\/\"},{\"@type\":\"ListItem\",\"position\":3,\"name\":\"Emploi associatif : comment donner envie ? Retour sur le 12 novembre 2024\"}]},{\"@type\":\"WebSite\",\"@id\":\"https:\\\/\\\/aliso.fr\\\/initiatives\\\/#website\",\"url\":\"https:\\\/\\\/aliso.fr\\\/initiatives\\\/\",\"name\":\"Aliso Initiatives\",\"description\":\"R\u00e9seau Creusois des acteurs du lien social\",\"publisher\":{\"@id\":\"https:\\\/\\\/aliso.fr\\\/initiatives\\\/#organization\"},\"potentialAction\":[{\"@type\":\"SearchAction\",\"target\":{\"@type\":\"EntryPoint\",\"urlTemplate\":\"https:\\\/\\\/aliso.fr\\\/initiatives\\\/?s={search_term_string}\"},\"query-input\":{\"@type\":\"PropertyValueSpecification\",\"valueRequired\":true,\"valueName\":\"search_term_string\"}}],\"inLanguage\":\"fr-FR\"},{\"@type\":\"Organization\",\"@id\":\"https:\\\/\\\/aliso.fr\\\/initiatives\\\/#organization\",\"name\":\"Aliso Initiatives\",\"url\":\"https:\\\/\\\/aliso.fr\\\/initiatives\\\/\",\"logo\":{\"@type\":\"ImageObject\",\"inLanguage\":\"fr-FR\",\"@id\":\"https:\\\/\\\/aliso.fr\\\/initiatives\\\/#\\\/schema\\\/logo\\\/image\\\/\",\"url\":\"https:\\\/\\\/aliso.fr\\\/initiatives\\\/wp-content\\\/uploads\\\/sites\\\/2\\\/2022\\\/01\\\/Logo-ALISO-Initiatives-2.png\",\"contentUrl\":\"https:\\\/\\\/aliso.fr\\\/initiatives\\\/wp-content\\\/uploads\\\/sites\\\/2\\\/2022\\\/01\\\/Logo-ALISO-Initiatives-2.png\",\"width\":900,\"height\":657,\"caption\":\"Aliso Initiatives\"},\"image\":{\"@id\":\"https:\\\/\\\/aliso.fr\\\/initiatives\\\/#\\\/schema\\\/logo\\\/image\\\/\"}},{\"@type\":\"Person\",\"@id\":\"https:\\\/\\\/aliso.fr\\\/initiatives\\\/#\\\/schema\\\/person\\\/ac5889082625d5c95b51fac19f3d9b86\",\"name\":\"pascal\"}]}<\/script>\n<!-- \/ Yoast SEO plugin. -->","yoast_head_json":{"title":"Emploi associatif : comment donner envie ? Retour sur le 12 novembre 2024 - Aliso Initiatives","robots":{"index":"index","follow":"follow","max-snippet":"max-snippet:-1","max-image-preview":"max-image-preview:large","max-video-preview":"max-video-preview:-1"},"canonical":"https:\/\/aliso.fr\/initiatives\/12-nov-2024-gueret-soigner-lattractivite-de-nos-metiers-le-programme\/","og_locale":"fr_FR","og_type":"article","og_title":"Emploi associatif : comment donner envie ? Retour sur le 12 novembre 2024 - Aliso Initiatives","og_description":"de l&rsquo;attention, du soin, de la valorisation Dans ces ateliers, les participants ont \u00e9t\u00e9 soucieux de proposer des alternatives et innovations concr\u00e8tes pour faciliter le recrutement, encourager la formation, prendre soin des salari\u00e9s et des b\u00e9n\u00e9voles, et leur permettre de mieux se rencontrer, se comprendre et se conna\u00eetre : quelques notes et photos sur 12... En savoir plus &raquo;","og_url":"https:\/\/aliso.fr\/initiatives\/12-nov-2024-gueret-soigner-lattractivite-de-nos-metiers-le-programme\/","og_site_name":"Aliso Initiatives","article_published_time":"2025-01-14T14:24:09+00:00","article_modified_time":"2025-01-21T13:45:23+00:00","og_image":[{"width":1587,"height":2245,"url":"https:\/\/aliso.fr\/initiatives\/wp-content\/uploads\/sites\/2\/2024\/09\/associations-comment-soigner-lattractivite-de-nos-metiers.jpg","type":"image\/jpeg"}],"author":"pascal","twitter_card":"summary_large_image","schema":{"@context":"https:\/\/schema.org","@graph":[{"@type":"Article","@id":"https:\/\/aliso.fr\/initiatives\/12-nov-2024-gueret-soigner-lattractivite-de-nos-metiers-le-programme\/#article","isPartOf":{"@id":"https:\/\/aliso.fr\/initiatives\/12-nov-2024-gueret-soigner-lattractivite-de-nos-metiers-le-programme\/"},"author":{"name":"pascal","@id":"https:\/\/aliso.fr\/initiatives\/#\/schema\/person\/ac5889082625d5c95b51fac19f3d9b86"},"headline":"Emploi associatif : comment donner envie ? Retour sur le 12 novembre 2024","datePublished":"2025-01-14T14:24:09+00:00","dateModified":"2025-01-21T13:45:23+00:00","mainEntityOfPage":{"@id":"https:\/\/aliso.fr\/initiatives\/12-nov-2024-gueret-soigner-lattractivite-de-nos-metiers-le-programme\/"},"wordCount":628,"publisher":{"@id":"https:\/\/aliso.fr\/initiatives\/#organization"},"image":{"@id":"https:\/\/aliso.fr\/initiatives\/12-nov-2024-gueret-soigner-lattractivite-de-nos-metiers-le-programme\/#primaryimage"},"thumbnailUrl":"https:\/\/aliso.fr\/initiatives\/wp-content\/uploads\/sites\/2\/2024\/09\/associations-comment-soigner-lattractivite-de-nos-metiers.jpg","articleSection":["Actualit\u00e9s","Dynamiques - Evenements","Fonction employeur"],"inLanguage":"fr-FR"},{"@type":"WebPage","@id":"https:\/\/aliso.fr\/initiatives\/12-nov-2024-gueret-soigner-lattractivite-de-nos-metiers-le-programme\/","url":"https:\/\/aliso.fr\/initiatives\/12-nov-2024-gueret-soigner-lattractivite-de-nos-metiers-le-programme\/","name":"Emploi associatif : comment donner envie ? Retour sur le 12 novembre 2024 - Aliso Initiatives","isPartOf":{"@id":"https:\/\/aliso.fr\/initiatives\/#website"},"primaryImageOfPage":{"@id":"https:\/\/aliso.fr\/initiatives\/12-nov-2024-gueret-soigner-lattractivite-de-nos-metiers-le-programme\/#primaryimage"},"image":{"@id":"https:\/\/aliso.fr\/initiatives\/12-nov-2024-gueret-soigner-lattractivite-de-nos-metiers-le-programme\/#primaryimage"},"thumbnailUrl":"https:\/\/aliso.fr\/initiatives\/wp-content\/uploads\/sites\/2\/2024\/09\/associations-comment-soigner-lattractivite-de-nos-metiers.jpg","datePublished":"2025-01-14T14:24:09+00:00","dateModified":"2025-01-21T13:45:23+00:00","breadcrumb":{"@id":"https:\/\/aliso.fr\/initiatives\/12-nov-2024-gueret-soigner-lattractivite-de-nos-metiers-le-programme\/#breadcrumb"},"inLanguage":"fr-FR","potentialAction":[{"@type":"ReadAction","target":["https:\/\/aliso.fr\/initiatives\/12-nov-2024-gueret-soigner-lattractivite-de-nos-metiers-le-programme\/"]}]},{"@type":"ImageObject","inLanguage":"fr-FR","@id":"https:\/\/aliso.fr\/initiatives\/12-nov-2024-gueret-soigner-lattractivite-de-nos-metiers-le-programme\/#primaryimage","url":"https:\/\/aliso.fr\/initiatives\/wp-content\/uploads\/sites\/2\/2024\/09\/associations-comment-soigner-lattractivite-de-nos-metiers.jpg","contentUrl":"https:\/\/aliso.fr\/initiatives\/wp-content\/uploads\/sites\/2\/2024\/09\/associations-comment-soigner-lattractivite-de-nos-metiers.jpg","width":1587,"height":2245},{"@type":"BreadcrumbList","@id":"https:\/\/aliso.fr\/initiatives\/12-nov-2024-gueret-soigner-lattractivite-de-nos-metiers-le-programme\/#breadcrumb","itemListElement":[{"@type":"ListItem","position":1,"name":"Accueil","item":"https:\/\/aliso.fr\/initiatives\/"},{"@type":"ListItem","position":2,"name":"Actualit\u00e9s","item":"https:\/\/aliso.fr\/initiatives\/actus\/"},{"@type":"ListItem","position":3,"name":"Emploi associatif : comment donner envie ? Retour sur le 12 novembre 2024"}]},{"@type":"WebSite","@id":"https:\/\/aliso.fr\/initiatives\/#website","url":"https:\/\/aliso.fr\/initiatives\/","name":"Aliso Initiatives","description":"R\u00e9seau Creusois des acteurs du lien social","publisher":{"@id":"https:\/\/aliso.fr\/initiatives\/#organization"},"potentialAction":[{"@type":"SearchAction","target":{"@type":"EntryPoint","urlTemplate":"https:\/\/aliso.fr\/initiatives\/?s={search_term_string}"},"query-input":{"@type":"PropertyValueSpecification","valueRequired":true,"valueName":"search_term_string"}}],"inLanguage":"fr-FR"},{"@type":"Organization","@id":"https:\/\/aliso.fr\/initiatives\/#organization","name":"Aliso Initiatives","url":"https:\/\/aliso.fr\/initiatives\/","logo":{"@type":"ImageObject","inLanguage":"fr-FR","@id":"https:\/\/aliso.fr\/initiatives\/#\/schema\/logo\/image\/","url":"https:\/\/aliso.fr\/initiatives\/wp-content\/uploads\/sites\/2\/2022\/01\/Logo-ALISO-Initiatives-2.png","contentUrl":"https:\/\/aliso.fr\/initiatives\/wp-content\/uploads\/sites\/2\/2022\/01\/Logo-ALISO-Initiatives-2.png","width":900,"height":657,"caption":"Aliso Initiatives"},"image":{"@id":"https:\/\/aliso.fr\/initiatives\/#\/schema\/logo\/image\/"}},{"@type":"Person","@id":"https:\/\/aliso.fr\/initiatives\/#\/schema\/person\/ac5889082625d5c95b51fac19f3d9b86","name":"pascal"}]}},"_links":{"self":[{"href":"https:\/\/aliso.fr\/initiatives\/wp-json\/wp\/v2\/posts\/3282","targetHints":{"allow":["GET"]}}],"collection":[{"href":"https:\/\/aliso.fr\/initiatives\/wp-json\/wp\/v2\/posts"}],"about":[{"href":"https:\/\/aliso.fr\/initiatives\/wp-json\/wp\/v2\/types\/post"}],"author":[{"embeddable":true,"href":"https:\/\/aliso.fr\/initiatives\/wp-json\/wp\/v2\/users\/5"}],"replies":[{"embeddable":true,"href":"https:\/\/aliso.fr\/initiatives\/wp-json\/wp\/v2\/comments?post=3282"}],"version-history":[{"count":5,"href":"https:\/\/aliso.fr\/initiatives\/wp-json\/wp\/v2\/posts\/3282\/revisions"}],"predecessor-version":[{"id":3407,"href":"https:\/\/aliso.fr\/initiatives\/wp-json\/wp\/v2\/posts\/3282\/revisions\/3407"}],"wp:featuredmedia":[{"embeddable":true,"href":"https:\/\/aliso.fr\/initiatives\/wp-json\/wp\/v2\/media\/3277"}],"wp:attachment":[{"href":"https:\/\/aliso.fr\/initiatives\/wp-json\/wp\/v2\/media?parent=3282"}],"wp:term":[{"taxonomy":"category","embeddable":true,"href":"https:\/\/aliso.fr\/initiatives\/wp-json\/wp\/v2\/categories?post=3282"},{"taxonomy":"post_tag","embeddable":true,"href":"https:\/\/aliso.fr\/initiatives\/wp-json\/wp\/v2\/tags?post=3282"}],"curies":[{"name":"wp","href":"https:\/\/api.w.org\/{rel}","templated":true}]}}