{"id":3345,"date":"2024-11-13T09:46:08","date_gmt":"2024-11-13T08:46:08","guid":{"rendered":"https:\/\/aliso.fr\/initiatives\/?p=3345"},"modified":"2025-01-21T14:45:55","modified_gmt":"2025-01-21T13:45:55","slug":"19-nov-st-vaury-emploi-et-handicap-le-forum","status":"publish","type":"post","link":"https:\/\/aliso.fr\/initiatives\/19-nov-st-vaury-emploi-et-handicap-le-forum\/","title":{"rendered":"[19 Nov, St Vaury] Emploi et Handicap : le Forum"},"content":{"rendered":"\n<div class=\"wp-block-media-text has-media-on-the-right is-stacked-on-mobile\" style=\"grid-template-columns:auto 45%\"><div class=\"wp-block-media-text__content\">\n<p class=\"has-large-font-size\">C&rsquo;est \u00e0 ST VAURY salle des F\u00eates le 19\/11\/2024 \u00e0 partir de 14h : une journ\u00e9e de \u00ab\u00a0sensibilisation sur le handicap au travail\/maintien dans l&#8217;emploi\u00a0\u00bb, organis\u00e9e par la CPME pour :<\/p>\n\n\n\n<ul class=\"wp-block-list\">\n<li>les employeurs,<\/li>\n\n\n\n<li>les publics concern\u00e9s par le handicap ou le maintien dans l&#8217;emploi et<\/li>\n\n\n\n<li>les partenaires du service public de l&#8217;emploi et du handicap ..<\/li>\n<\/ul>\n\n\n\n<p>afin d&rsquo;\u00e9changer sur ces questions d&rsquo;actualit\u00e9, t\u00e9moignages d&rsquo;exp\u00e9riences de recrutement, intervention de sp\u00e9cialistes\u2026<br>N&rsquo;h\u00e9sitez pas \u00e0 relayer cet \u00e9v\u00e8nement et venir faire une petite visite pour le Forum <\/p>\n\n\n\n<p><\/p>\n<\/div><figure class=\"wp-block-media-text__media\"><img loading=\"lazy\" decoding=\"async\" width=\"725\" height=\"1024\" src=\"https:\/\/aliso.fr\/initiatives\/wp-content\/uploads\/sites\/2\/2024\/09\/Entreprise-Handicap-A4-725x1024.png\" alt=\"\" class=\"wp-image-3344 size-full\" srcset=\"https:\/\/aliso.fr\/initiatives\/wp-content\/uploads\/sites\/2\/2024\/09\/Entreprise-Handicap-A4-725x1024.png 725w, https:\/\/aliso.fr\/initiatives\/wp-content\/uploads\/sites\/2\/2024\/09\/Entreprise-Handicap-A4-212x300.png 212w, https:\/\/aliso.fr\/initiatives\/wp-content\/uploads\/sites\/2\/2024\/09\/Entreprise-Handicap-A4-768x1085.png 768w, https:\/\/aliso.fr\/initiatives\/wp-content\/uploads\/sites\/2\/2024\/09\/Entreprise-Handicap-A4-1087x1536.png 1087w, https:\/\/aliso.fr\/initiatives\/wp-content\/uploads\/sites\/2\/2024\/09\/Entreprise-Handicap-A4.png 1241w\" sizes=\"auto, (max-width: 725px) 100vw, 725px\" \/><\/figure><\/div>\n","protected":false},"excerpt":{"rendered":"","protected":false},"author":5,"featured_media":3344,"comment_status":"closed","ping_status":"open","sticky":false,"template":"","format":"standard","meta":{"footnotes":""},"categories":[19],"tags":[],"class_list":["post-3345","post","type-post","status-publish","format-standard","has-post-thumbnail","hentry","category-se-former-sinformer"],"yoast_head":"<!-- This site is optimized with the Yoast SEO plugin v27.5 - https:\/\/yoast.com\/product\/yoast-seo-wordpress\/ -->\n<title>[19 Nov, St Vaury] Emploi et Handicap : le Forum - Aliso Initiatives<\/title>\n<meta name=\"robots\" content=\"index, follow, max-snippet:-1, max-image-preview:large, max-video-preview:-1\" \/>\n<link rel=\"canonical\" href=\"https:\/\/aliso.fr\/initiatives\/19-nov-st-vaury-emploi-et-handicap-le-forum\/\" \/>\n<meta property=\"og:locale\" content=\"fr_FR\" \/>\n<meta property=\"og:type\" content=\"article\" \/>\n<meta property=\"og:title\" content=\"[19 Nov, St Vaury] Emploi et Handicap : le Forum - Aliso Initiatives\" \/>\n<meta property=\"og:url\" content=\"https:\/\/aliso.fr\/initiatives\/19-nov-st-vaury-emploi-et-handicap-le-forum\/\" \/>\n<meta property=\"og:site_name\" content=\"Aliso Initiatives\" \/>\n<meta property=\"article:published_time\" content=\"2024-11-13T08:46:08+00:00\" \/>\n<meta property=\"article:modified_time\" content=\"2025-01-21T13:45:55+00:00\" \/>\n<meta property=\"og:image\" content=\"https:\/\/aliso.fr\/initiatives\/wp-content\/uploads\/sites\/2\/2024\/09\/Entreprise-Handicap-A4.png\" \/>\n\t<meta property=\"og:image:width\" content=\"1241\" \/>\n\t<meta property=\"og:image:height\" content=\"1754\" \/>\n\t<meta property=\"og:image:type\" content=\"image\/png\" \/>\n<meta name=\"author\" content=\"pascal\" \/>\n<meta name=\"twitter:card\" content=\"summary_large_image\" \/>\n<script type=\"application\/ld+json\" class=\"yoast-schema-graph\">{\"@context\":\"https:\\\/\\\/schema.org\",\"@graph\":[{\"@type\":\"Article\",\"@id\":\"https:\\\/\\\/aliso.fr\\\/initiatives\\\/19-nov-st-vaury-emploi-et-handicap-le-forum\\\/#article\",\"isPartOf\":{\"@id\":\"https:\\\/\\\/aliso.fr\\\/initiatives\\\/19-nov-st-vaury-emploi-et-handicap-le-forum\\\/\"},\"author\":{\"name\":\"pascal\",\"@id\":\"https:\\\/\\\/aliso.fr\\\/initiatives\\\/#\\\/schema\\\/person\\\/ac5889082625d5c95b51fac19f3d9b86\"},\"headline\":\"[19 Nov, St Vaury] Emploi et Handicap : le Forum\",\"datePublished\":\"2024-11-13T08:46:08+00:00\",\"dateModified\":\"2025-01-21T13:45:55+00:00\",\"mainEntityOfPage\":{\"@id\":\"https:\\\/\\\/aliso.fr\\\/initiatives\\\/19-nov-st-vaury-emploi-et-handicap-le-forum\\\/\"},\"wordCount\":103,\"publisher\":{\"@id\":\"https:\\\/\\\/aliso.fr\\\/initiatives\\\/#organization\"},\"image\":{\"@id\":\"https:\\\/\\\/aliso.fr\\\/initiatives\\\/19-nov-st-vaury-emploi-et-handicap-le-forum\\\/#primaryimage\"},\"thumbnailUrl\":\"https:\\\/\\\/aliso.fr\\\/initiatives\\\/wp-content\\\/uploads\\\/sites\\\/2\\\/2024\\\/09\\\/Entreprise-Handicap-A4.png\",\"articleSection\":[\"Se former, s\u2019informer\"],\"inLanguage\":\"fr-FR\"},{\"@type\":\"WebPage\",\"@id\":\"https:\\\/\\\/aliso.fr\\\/initiatives\\\/19-nov-st-vaury-emploi-et-handicap-le-forum\\\/\",\"url\":\"https:\\\/\\\/aliso.fr\\\/initiatives\\\/19-nov-st-vaury-emploi-et-handicap-le-forum\\\/\",\"name\":\"[19 Nov, St Vaury] Emploi et Handicap : le Forum - Aliso Initiatives\",\"isPartOf\":{\"@id\":\"https:\\\/\\\/aliso.fr\\\/initiatives\\\/#website\"},\"primaryImageOfPage\":{\"@id\":\"https:\\\/\\\/aliso.fr\\\/initiatives\\\/19-nov-st-vaury-emploi-et-handicap-le-forum\\\/#primaryimage\"},\"image\":{\"@id\":\"https:\\\/\\\/aliso.fr\\\/initiatives\\\/19-nov-st-vaury-emploi-et-handicap-le-forum\\\/#primaryimage\"},\"thumbnailUrl\":\"https:\\\/\\\/aliso.fr\\\/initiatives\\\/wp-content\\\/uploads\\\/sites\\\/2\\\/2024\\\/09\\\/Entreprise-Handicap-A4.png\",\"datePublished\":\"2024-11-13T08:46:08+00:00\",\"dateModified\":\"2025-01-21T13:45:55+00:00\",\"breadcrumb\":{\"@id\":\"https:\\\/\\\/aliso.fr\\\/initiatives\\\/19-nov-st-vaury-emploi-et-handicap-le-forum\\\/#breadcrumb\"},\"inLanguage\":\"fr-FR\",\"potentialAction\":[{\"@type\":\"ReadAction\",\"target\":[\"https:\\\/\\\/aliso.fr\\\/initiatives\\\/19-nov-st-vaury-emploi-et-handicap-le-forum\\\/\"]}]},{\"@type\":\"ImageObject\",\"inLanguage\":\"fr-FR\",\"@id\":\"https:\\\/\\\/aliso.fr\\\/initiatives\\\/19-nov-st-vaury-emploi-et-handicap-le-forum\\\/#primaryimage\",\"url\":\"https:\\\/\\\/aliso.fr\\\/initiatives\\\/wp-content\\\/uploads\\\/sites\\\/2\\\/2024\\\/09\\\/Entreprise-Handicap-A4.png\",\"contentUrl\":\"https:\\\/\\\/aliso.fr\\\/initiatives\\\/wp-content\\\/uploads\\\/sites\\\/2\\\/2024\\\/09\\\/Entreprise-Handicap-A4.png\",\"width\":1241,\"height\":1754},{\"@type\":\"BreadcrumbList\",\"@id\":\"https:\\\/\\\/aliso.fr\\\/initiatives\\\/19-nov-st-vaury-emploi-et-handicap-le-forum\\\/#breadcrumb\",\"itemListElement\":[{\"@type\":\"ListItem\",\"position\":1,\"name\":\"Accueil\",\"item\":\"https:\\\/\\\/aliso.fr\\\/initiatives\\\/\"},{\"@type\":\"ListItem\",\"position\":2,\"name\":\"Se former, s\u2019informer\",\"item\":\"https:\\\/\\\/aliso.fr\\\/initiatives\\\/se-former-sinformer\\\/\"},{\"@type\":\"ListItem\",\"position\":3,\"name\":\"[19 Nov, St Vaury] Emploi et Handicap : le Forum\"}]},{\"@type\":\"WebSite\",\"@id\":\"https:\\\/\\\/aliso.fr\\\/initiatives\\\/#website\",\"url\":\"https:\\\/\\\/aliso.fr\\\/initiatives\\\/\",\"name\":\"Aliso Initiatives\",\"description\":\"R\u00e9seau Creusois des acteurs du lien social\",\"publisher\":{\"@id\":\"https:\\\/\\\/aliso.fr\\\/initiatives\\\/#organization\"},\"potentialAction\":[{\"@type\":\"SearchAction\",\"target\":{\"@type\":\"EntryPoint\",\"urlTemplate\":\"https:\\\/\\\/aliso.fr\\\/initiatives\\\/?s={search_term_string}\"},\"query-input\":{\"@type\":\"PropertyValueSpecification\",\"valueRequired\":true,\"valueName\":\"search_term_string\"}}],\"inLanguage\":\"fr-FR\"},{\"@type\":\"Organization\",\"@id\":\"https:\\\/\\\/aliso.fr\\\/initiatives\\\/#organization\",\"name\":\"Aliso Initiatives\",\"url\":\"https:\\\/\\\/aliso.fr\\\/initiatives\\\/\",\"logo\":{\"@type\":\"ImageObject\",\"inLanguage\":\"fr-FR\",\"@id\":\"https:\\\/\\\/aliso.fr\\\/initiatives\\\/#\\\/schema\\\/logo\\\/image\\\/\",\"url\":\"https:\\\/\\\/aliso.fr\\\/initiatives\\\/wp-content\\\/uploads\\\/sites\\\/2\\\/2022\\\/01\\\/Logo-ALISO-Initiatives-2.png\",\"contentUrl\":\"https:\\\/\\\/aliso.fr\\\/initiatives\\\/wp-content\\\/uploads\\\/sites\\\/2\\\/2022\\\/01\\\/Logo-ALISO-Initiatives-2.png\",\"width\":900,\"height\":657,\"caption\":\"Aliso Initiatives\"},\"image\":{\"@id\":\"https:\\\/\\\/aliso.fr\\\/initiatives\\\/#\\\/schema\\\/logo\\\/image\\\/\"}},{\"@type\":\"Person\",\"@id\":\"https:\\\/\\\/aliso.fr\\\/initiatives\\\/#\\\/schema\\\/person\\\/ac5889082625d5c95b51fac19f3d9b86\",\"name\":\"pascal\"}]}<\/script>\n<!-- \/ Yoast SEO plugin. -->","yoast_head_json":{"title":"[19 Nov, St Vaury] Emploi et Handicap : le Forum - Aliso Initiatives","robots":{"index":"index","follow":"follow","max-snippet":"max-snippet:-1","max-image-preview":"max-image-preview:large","max-video-preview":"max-video-preview:-1"},"canonical":"https:\/\/aliso.fr\/initiatives\/19-nov-st-vaury-emploi-et-handicap-le-forum\/","og_locale":"fr_FR","og_type":"article","og_title":"[19 Nov, St Vaury] Emploi et Handicap : le Forum - Aliso Initiatives","og_url":"https:\/\/aliso.fr\/initiatives\/19-nov-st-vaury-emploi-et-handicap-le-forum\/","og_site_name":"Aliso Initiatives","article_published_time":"2024-11-13T08:46:08+00:00","article_modified_time":"2025-01-21T13:45:55+00:00","og_image":[{"width":1241,"height":1754,"url":"https:\/\/aliso.fr\/initiatives\/wp-content\/uploads\/sites\/2\/2024\/09\/Entreprise-Handicap-A4.png","type":"image\/png"}],"author":"pascal","twitter_card":"summary_large_image","schema":{"@context":"https:\/\/schema.org","@graph":[{"@type":"Article","@id":"https:\/\/aliso.fr\/initiatives\/19-nov-st-vaury-emploi-et-handicap-le-forum\/#article","isPartOf":{"@id":"https:\/\/aliso.fr\/initiatives\/19-nov-st-vaury-emploi-et-handicap-le-forum\/"},"author":{"name":"pascal","@id":"https:\/\/aliso.fr\/initiatives\/#\/schema\/person\/ac5889082625d5c95b51fac19f3d9b86"},"headline":"[19 Nov, St Vaury] Emploi et Handicap : le Forum","datePublished":"2024-11-13T08:46:08+00:00","dateModified":"2025-01-21T13:45:55+00:00","mainEntityOfPage":{"@id":"https:\/\/aliso.fr\/initiatives\/19-nov-st-vaury-emploi-et-handicap-le-forum\/"},"wordCount":103,"publisher":{"@id":"https:\/\/aliso.fr\/initiatives\/#organization"},"image":{"@id":"https:\/\/aliso.fr\/initiatives\/19-nov-st-vaury-emploi-et-handicap-le-forum\/#primaryimage"},"thumbnailUrl":"https:\/\/aliso.fr\/initiatives\/wp-content\/uploads\/sites\/2\/2024\/09\/Entreprise-Handicap-A4.png","articleSection":["Se former, s\u2019informer"],"inLanguage":"fr-FR"},{"@type":"WebPage","@id":"https:\/\/aliso.fr\/initiatives\/19-nov-st-vaury-emploi-et-handicap-le-forum\/","url":"https:\/\/aliso.fr\/initiatives\/19-nov-st-vaury-emploi-et-handicap-le-forum\/","name":"[19 Nov, St Vaury] Emploi et Handicap : le Forum - Aliso Initiatives","isPartOf":{"@id":"https:\/\/aliso.fr\/initiatives\/#website"},"primaryImageOfPage":{"@id":"https:\/\/aliso.fr\/initiatives\/19-nov-st-vaury-emploi-et-handicap-le-forum\/#primaryimage"},"image":{"@id":"https:\/\/aliso.fr\/initiatives\/19-nov-st-vaury-emploi-et-handicap-le-forum\/#primaryimage"},"thumbnailUrl":"https:\/\/aliso.fr\/initiatives\/wp-content\/uploads\/sites\/2\/2024\/09\/Entreprise-Handicap-A4.png","datePublished":"2024-11-13T08:46:08+00:00","dateModified":"2025-01-21T13:45:55+00:00","breadcrumb":{"@id":"https:\/\/aliso.fr\/initiatives\/19-nov-st-vaury-emploi-et-handicap-le-forum\/#breadcrumb"},"inLanguage":"fr-FR","potentialAction":[{"@type":"ReadAction","target":["https:\/\/aliso.fr\/initiatives\/19-nov-st-vaury-emploi-et-handicap-le-forum\/"]}]},{"@type":"ImageObject","inLanguage":"fr-FR","@id":"https:\/\/aliso.fr\/initiatives\/19-nov-st-vaury-emploi-et-handicap-le-forum\/#primaryimage","url":"https:\/\/aliso.fr\/initiatives\/wp-content\/uploads\/sites\/2\/2024\/09\/Entreprise-Handicap-A4.png","contentUrl":"https:\/\/aliso.fr\/initiatives\/wp-content\/uploads\/sites\/2\/2024\/09\/Entreprise-Handicap-A4.png","width":1241,"height":1754},{"@type":"BreadcrumbList","@id":"https:\/\/aliso.fr\/initiatives\/19-nov-st-vaury-emploi-et-handicap-le-forum\/#breadcrumb","itemListElement":[{"@type":"ListItem","position":1,"name":"Accueil","item":"https:\/\/aliso.fr\/initiatives\/"},{"@type":"ListItem","position":2,"name":"Se former, s\u2019informer","item":"https:\/\/aliso.fr\/initiatives\/se-former-sinformer\/"},{"@type":"ListItem","position":3,"name":"[19 Nov, St Vaury] Emploi et Handicap : le Forum"}]},{"@type":"WebSite","@id":"https:\/\/aliso.fr\/initiatives\/#website","url":"https:\/\/aliso.fr\/initiatives\/","name":"Aliso Initiatives","description":"R\u00e9seau Creusois des acteurs du lien social","publisher":{"@id":"https:\/\/aliso.fr\/initiatives\/#organization"},"potentialAction":[{"@type":"SearchAction","target":{"@type":"EntryPoint","urlTemplate":"https:\/\/aliso.fr\/initiatives\/?s={search_term_string}"},"query-input":{"@type":"PropertyValueSpecification","valueRequired":true,"valueName":"search_term_string"}}],"inLanguage":"fr-FR"},{"@type":"Organization","@id":"https:\/\/aliso.fr\/initiatives\/#organization","name":"Aliso Initiatives","url":"https:\/\/aliso.fr\/initiatives\/","logo":{"@type":"ImageObject","inLanguage":"fr-FR","@id":"https:\/\/aliso.fr\/initiatives\/#\/schema\/logo\/image\/","url":"https:\/\/aliso.fr\/initiatives\/wp-content\/uploads\/sites\/2\/2022\/01\/Logo-ALISO-Initiatives-2.png","contentUrl":"https:\/\/aliso.fr\/initiatives\/wp-content\/uploads\/sites\/2\/2022\/01\/Logo-ALISO-Initiatives-2.png","width":900,"height":657,"caption":"Aliso Initiatives"},"image":{"@id":"https:\/\/aliso.fr\/initiatives\/#\/schema\/logo\/image\/"}},{"@type":"Person","@id":"https:\/\/aliso.fr\/initiatives\/#\/schema\/person\/ac5889082625d5c95b51fac19f3d9b86","name":"pascal"}]}},"_links":{"self":[{"href":"https:\/\/aliso.fr\/initiatives\/wp-json\/wp\/v2\/posts\/3345","targetHints":{"allow":["GET"]}}],"collection":[{"href":"https:\/\/aliso.fr\/initiatives\/wp-json\/wp\/v2\/posts"}],"about":[{"href":"https:\/\/aliso.fr\/initiatives\/wp-json\/wp\/v2\/types\/post"}],"author":[{"embeddable":true,"href":"https:\/\/aliso.fr\/initiatives\/wp-json\/wp\/v2\/users\/5"}],"replies":[{"embeddable":true,"href":"https:\/\/aliso.fr\/initiatives\/wp-json\/wp\/v2\/comments?post=3345"}],"version-history":[{"count":3,"href":"https:\/\/aliso.fr\/initiatives\/wp-json\/wp\/v2\/posts\/3345\/revisions"}],"predecessor-version":[{"id":3348,"href":"https:\/\/aliso.fr\/initiatives\/wp-json\/wp\/v2\/posts\/3345\/revisions\/3348"}],"wp:featuredmedia":[{"embeddable":true,"href":"https:\/\/aliso.fr\/initiatives\/wp-json\/wp\/v2\/media\/3344"}],"wp:attachment":[{"href":"https:\/\/aliso.fr\/initiatives\/wp-json\/wp\/v2\/media?parent=3345"}],"wp:term":[{"taxonomy":"category","embeddable":true,"href":"https:\/\/aliso.fr\/initiatives\/wp-json\/wp\/v2\/categories?post=3345"},{"taxonomy":"post_tag","embeddable":true,"href":"https:\/\/aliso.fr\/initiatives\/wp-json\/wp\/v2\/tags?post=3345"}],"curies":[{"name":"wp","href":"https:\/\/api.w.org\/{rel}","templated":true}]}}