{"id":3425,"date":"2025-04-18T17:08:08","date_gmt":"2025-04-18T15:08:08","guid":{"rendered":"https:\/\/aliso.fr\/initiatives\/?p=3425"},"modified":"2025-07-04T17:45:15","modified_gmt":"2025-07-04T15:45:15","slug":"les-associations-faconnent-le-territoire-et-inversement","status":"publish","type":"post","link":"https:\/\/aliso.fr\/initiatives\/les-associations-faconnent-le-territoire-et-inversement\/","title":{"rendered":"Quel impact des associations sur le territoire, dans la dur\u00e9e ? Une recherche port\u00e9e par des habitant.e.s &amp; b\u00e9n\u00e9voles de Creuse"},"content":{"rendered":"\n<p class=\"has-large-font-size\">Situ\u00e9e aux extr\u00e9mit\u00e9s hyper rurales de la Creuse, \u00e9loign\u00e9es des capitales pr\u00e9fectorales et d\u00e9partementales, trois associations se sont engag\u00e9es, sur 2024-2026, dans une <a href=\"https:\/\/nuage.aliso.fr\/index.php\/s\/2f67cgRyE2gXATS\">d\u00e9marche de recherche action portant sur la contribution du fait associatif sur les territoires<\/a>.<br>Une d\u00e9marche en \u00e9cho \u00e0 la r\u00e9cente \u00e9tude de l\u2019Insee sur le territoire rural du Parc de Millevaches en Limousin (Insee Analyses Nouvelle Aquitaine, Nov 2024), qui met en avant un regain d\u2019attractivit\u00e9 de ce territoire ces dix derni\u00e8res ann\u00e9es, apr\u00e8s une longue d\u00e9prise d\u00e9mographique entre 1968 et 2014.<br>A l\u2019origine de ce projet de recherche, l\u2019association <a href=\"https:\/\/www.plateaux-limousins.org\/\">Les Plateaux Limousins<\/a>, qui f\u00eate ses cinquante ans, s\u2019interroge d\u2019une part sur l\u2019\u00e9volution de la dynamique associative depuis son origine, et d\u2019autre part sur les engagements b\u00e9n\u00e9voles se modifiant au cours des d\u00e9cennies.<\/p>\n\n\n<div class=\"wp-block-image\">\n<figure class=\"aligncenter size-large\"><img loading=\"lazy\" decoding=\"async\" width=\"1024\" height=\"373\" src=\"https:\/\/aliso.fr\/initiatives\/wp-content\/uploads\/sites\/2\/2025\/01\/50ans-plateaux-IMG_1178-1024x373.jpg\" alt=\"\" class=\"wp-image-3426\" srcset=\"https:\/\/aliso.fr\/initiatives\/wp-content\/uploads\/sites\/2\/2025\/01\/50ans-plateaux-IMG_1178-1024x373.jpg 1024w, https:\/\/aliso.fr\/initiatives\/wp-content\/uploads\/sites\/2\/2025\/01\/50ans-plateaux-IMG_1178-300x109.jpg 300w, https:\/\/aliso.fr\/initiatives\/wp-content\/uploads\/sites\/2\/2025\/01\/50ans-plateaux-IMG_1178-768x280.jpg 768w, https:\/\/aliso.fr\/initiatives\/wp-content\/uploads\/sites\/2\/2025\/01\/50ans-plateaux-IMG_1178-1536x560.jpg 1536w, https:\/\/aliso.fr\/initiatives\/wp-content\/uploads\/sites\/2\/2025\/01\/50ans-plateaux-IMG_1178-2048x746.jpg 2048w, https:\/\/aliso.fr\/initiatives\/wp-content\/uploads\/sites\/2\/2025\/01\/50ans-plateaux-IMG_1178-1320x481.jpg 1320w\" sizes=\"auto, (max-width: 1024px) 100vw, 1024px\" \/><figcaption class=\"wp-element-caption\">Journ\u00e9e d&rsquo;Enqu\u00eates Crois\u00e9es \u00e0 l&rsquo;occasion de l&rsquo;anniversaire &#8211; 50 ans des plateaux Limousins, 19 octobre 2024<\/figcaption><\/figure>\n<\/div>\n\n\n<p class=\"has-large-font-size\">Ces questionnements touchent \u00e0 la d\u00e9finition du territoire d\u2019intervention en ce qu&rsquo;il varie en fonction des missions associatives (dans les ann\u00e9es 1970 : cr\u00e9ation d\u2019un lieu de rencontres et de festivit\u00e9s sur un territoire qui en est d\u00e9pourvu, actuellement : accueil de groupes p\u00e9riscolaires communaux, lieu d\u2019\u00e9changes sur les questions de soci\u00e9t\u00e9, de formation pour les services civiques du Sud de la Creuse). Cela entre en r\u00e9sonance avec une question relative aux personnes b\u00e9n\u00e9ficiant des services de la seconde association impliqu\u00e9e dans cette recherche, le <a href=\"https:\/\/cafedelespace.com\/\">Caf\u00e9 de l\u2019Espace<\/a>. Pour ce dernier, la reprise associative du caf\u00e9 du village, l\u2019accueil de concerts<br>dans un espace hyper-rural, font que les utilisateurs de ce nouveau lieu modifient nettement son territoire d\u2019intervention au point d\u2019\u00e9laborer des conventions avec des communes extra-d\u00e9partemantales et extra-r\u00e9gionales. En parall\u00e8le, quinze ans apr\u00e8s son ouverture, le Caf\u00e9 de l\u2019Espace s\u2019interroge et travaille \u00e0 renouer avec les habitants de la commune. Dans le Nord de la Creuse, l\u2019association <a href=\"https:\/\/www.vivreencreuse.fr\/declic\/qui-sommes-nous\/\">D\u00e9clic<\/a>, en 2014, se donnait comme objectif \u00ab une revitalisation du territoire en contribuant au d\u00e9veloppement dans plusieurs dimensions : \u00e9conomie, lien social, vie culturelle, environnement, patrimoine. \u00bb En 2023, le nom de l\u2019association se modifie pour \u00eatre en ad\u00e9quation avec ses missions qui se sont \u00e9tendues sur plusieurs communes et devient D\u00e9clic Nord Creuse. Son objet \u00e9volue \u00e9galement, mettant davantage en avant le lien social via trois mots-clefs \u2018accueillir, animer et accompagner\u2019. Ses actions comprennent notamment un travail sur le r\u00e9seau de soin en concertation avec l\u2019intercommunalit\u00e9 des Portes de la Creuse en Marche et l\u2019organisation d\u2019une brocante et d\u2019une boutique de producteurs locaux pour No\u00ebl.<\/p>\n\n\n\n<p class=\"has-large-font-size\">Ainsi, si ces associations identifi\u00e9es peuvent \u00eatre d\u00e9finies comme locales, dans le sens d\u2019une localisation communale, leur territoire d\u2019intervention a \u00e9volu\u00e9 en fonction des b\u00e9n\u00e9voles impliqu\u00e9s, des utilisateurs ou des salari\u00e9s mobilis\u00e9s depuis leur cr\u00e9ation. Il s\u2019agit de comprendre ces r\u00e9ciprocit\u00e9s entre ces associatives et des territoires habit\u00e9s et vivants.<\/p>\n\n\n\n<p class=\"has-large-font-size\">La connaissance des forces vives historiques, de leurs parcours d\u2019engagement et de ce fait, de l\u2019historique de l\u2019association, donne-t-elle \u00e0 voir diff\u00e9remment l\u2019action actuelle et la mobilisation b\u00e9n\u00e9vole ? La mise en perspective de ces questionnements depuis la cr\u00e9ation des associations, avec des temporalit\u00e9s distinctes (cinquante ans pour les Plateaux Limousins, quinze ans pour le Caf\u00e9 de l\u2019Espace et dix ans pour D\u00e9clic) permettra de dessiner des g\u00e9ographies dynamiques en croisant les contextes sociaux, \u00e9conomiques et politiques des territoires administratifs (communes, d\u00e9partements, r\u00e9gions) et des associations. <\/p>\n\n\n\n<p class=\"has-large-font-size\">L\u2019option m\u00e9thodologique engag\u00e9e d\u00e8s l\u2019automne 2024 est celle d\u2019enqu\u00eates crois\u00e9es, posant chaque association comme chercheur sur trois terrains d\u2019enqu\u00eates (le sien et celui des assos partenaires). La d\u00e9marche de recherche de ces associations est accompagn\u00e9e, dans ses aspects methodologiques et de prise de recul, par l\u2019association <a href=\"https:\/\/rechercheenruralite.fr\/\">Recherche En Ruralit\u00e9<\/a> et par le <a href=\"https:\/\/www.crefadauvergne.org\/\">Crefad Auvergne<\/a>, avec le soutien de l&rsquo;<a href=\"https:\/\/institutfrancaisdumondeassociatif.org\/\">Institut Fran\u00e7ais du Monde Associatif<\/a>.<\/p>\n","protected":false},"excerpt":{"rendered":"<p>Situ\u00e9e aux extr\u00e9mit\u00e9s hyper rurales de la Creuse, \u00e9loign\u00e9es des capitales pr\u00e9fectorales et d\u00e9partementales, trois associations se sont engag\u00e9es, sur 2024-2026, dans une d\u00e9marche de recherche action portant sur la contribution du fait associatif sur les territoires.Une d\u00e9marche en \u00e9cho \u00e0 la r\u00e9cente \u00e9tude de l\u2019Insee sur le territoire rural du Parc de Millevaches en&#8230; <a class=\"excerpt-read-more button\" href=\"https:\/\/aliso.fr\/initiatives\/les-associations-faconnent-le-territoire-et-inversement\/\" title=\"ReadQuel impact des associations sur le territoire, dans la dur\u00e9e ? Une recherche port\u00e9e par des habitant.e.s &amp; b\u00e9n\u00e9voles de Creuse\">En savoir plus &raquo;<\/a><\/p>\n","protected":false},"author":5,"featured_media":3426,"comment_status":"closed","ping_status":"open","sticky":false,"template":"","format":"standard","meta":{"footnotes":""},"categories":[11,140],"tags":[],"class_list":["post-3425","post","type-post","status-publish","format-standard","has-post-thumbnail","hentry","category-actus","category-dynamiques-evenements"],"yoast_head":"<!-- This site is optimized with the Yoast SEO plugin v27.5 - https:\/\/yoast.com\/product\/yoast-seo-wordpress\/ -->\n<title>Quel impact des associations sur le territoire, dans la dur\u00e9e ? Une recherche port\u00e9e par des habitant.e.s &amp; b\u00e9n\u00e9voles de Creuse - Aliso Initiatives<\/title>\n<meta name=\"robots\" content=\"index, follow, max-snippet:-1, max-image-preview:large, max-video-preview:-1\" \/>\n<link rel=\"canonical\" href=\"https:\/\/aliso.fr\/initiatives\/les-associations-faconnent-le-territoire-et-inversement\/\" \/>\n<meta property=\"og:locale\" content=\"fr_FR\" \/>\n<meta property=\"og:type\" content=\"article\" \/>\n<meta property=\"og:title\" content=\"Quel impact des associations sur le territoire, dans la dur\u00e9e ? Une recherche port\u00e9e par des habitant.e.s &amp; b\u00e9n\u00e9voles de Creuse - Aliso Initiatives\" \/>\n<meta property=\"og:description\" content=\"Situ\u00e9e aux extr\u00e9mit\u00e9s hyper rurales de la Creuse, \u00e9loign\u00e9es des capitales pr\u00e9fectorales et d\u00e9partementales, trois associations se sont engag\u00e9es, sur 2024-2026, dans une d\u00e9marche de recherche action portant sur la contribution du fait associatif sur les territoires.Une d\u00e9marche en \u00e9cho \u00e0 la r\u00e9cente \u00e9tude de l\u2019Insee sur le territoire rural du Parc de Millevaches en... En savoir plus &raquo;\" \/>\n<meta property=\"og:url\" content=\"https:\/\/aliso.fr\/initiatives\/les-associations-faconnent-le-territoire-et-inversement\/\" \/>\n<meta property=\"og:site_name\" content=\"Aliso Initiatives\" \/>\n<meta property=\"article:published_time\" content=\"2025-04-18T15:08:08+00:00\" \/>\n<meta property=\"article:modified_time\" content=\"2025-07-04T15:45:15+00:00\" \/>\n<meta property=\"og:image\" content=\"https:\/\/aliso.fr\/initiatives\/wp-content\/uploads\/sites\/2\/2025\/01\/50ans-plateaux-IMG_1178-scaled.jpg\" \/>\n\t<meta property=\"og:image:width\" content=\"2560\" \/>\n\t<meta property=\"og:image:height\" content=\"933\" \/>\n\t<meta property=\"og:image:type\" content=\"image\/jpeg\" \/>\n<meta name=\"author\" content=\"pascal\" \/>\n<meta name=\"twitter:card\" content=\"summary_large_image\" \/>\n<script type=\"application\/ld+json\" class=\"yoast-schema-graph\">{\"@context\":\"https:\\\/\\\/schema.org\",\"@graph\":[{\"@type\":\"Article\",\"@id\":\"https:\\\/\\\/aliso.fr\\\/initiatives\\\/les-associations-faconnent-le-territoire-et-inversement\\\/#article\",\"isPartOf\":{\"@id\":\"https:\\\/\\\/aliso.fr\\\/initiatives\\\/les-associations-faconnent-le-territoire-et-inversement\\\/\"},\"author\":{\"name\":\"pascal\",\"@id\":\"https:\\\/\\\/aliso.fr\\\/initiatives\\\/#\\\/schema\\\/person\\\/ac5889082625d5c95b51fac19f3d9b86\"},\"headline\":\"Quel impact des associations sur le territoire, dans la dur\u00e9e ? Une recherche port\u00e9e par des habitant.e.s &amp; b\u00e9n\u00e9voles de Creuse\",\"datePublished\":\"2025-04-18T15:08:08+00:00\",\"dateModified\":\"2025-07-04T15:45:15+00:00\",\"mainEntityOfPage\":{\"@id\":\"https:\\\/\\\/aliso.fr\\\/initiatives\\\/les-associations-faconnent-le-territoire-et-inversement\\\/\"},\"wordCount\":724,\"publisher\":{\"@id\":\"https:\\\/\\\/aliso.fr\\\/initiatives\\\/#organization\"},\"image\":{\"@id\":\"https:\\\/\\\/aliso.fr\\\/initiatives\\\/les-associations-faconnent-le-territoire-et-inversement\\\/#primaryimage\"},\"thumbnailUrl\":\"https:\\\/\\\/aliso.fr\\\/initiatives\\\/wp-content\\\/uploads\\\/sites\\\/2\\\/2025\\\/01\\\/50ans-plateaux-IMG_1178-scaled.jpg\",\"articleSection\":[\"Actualit\u00e9s\",\"Dynamiques - Evenements\"],\"inLanguage\":\"fr-FR\"},{\"@type\":\"WebPage\",\"@id\":\"https:\\\/\\\/aliso.fr\\\/initiatives\\\/les-associations-faconnent-le-territoire-et-inversement\\\/\",\"url\":\"https:\\\/\\\/aliso.fr\\\/initiatives\\\/les-associations-faconnent-le-territoire-et-inversement\\\/\",\"name\":\"Quel impact des associations sur le territoire, dans la dur\u00e9e ? Une recherche port\u00e9e par des habitant.e.s &amp; b\u00e9n\u00e9voles de Creuse - Aliso Initiatives\",\"isPartOf\":{\"@id\":\"https:\\\/\\\/aliso.fr\\\/initiatives\\\/#website\"},\"primaryImageOfPage\":{\"@id\":\"https:\\\/\\\/aliso.fr\\\/initiatives\\\/les-associations-faconnent-le-territoire-et-inversement\\\/#primaryimage\"},\"image\":{\"@id\":\"https:\\\/\\\/aliso.fr\\\/initiatives\\\/les-associations-faconnent-le-territoire-et-inversement\\\/#primaryimage\"},\"thumbnailUrl\":\"https:\\\/\\\/aliso.fr\\\/initiatives\\\/wp-content\\\/uploads\\\/sites\\\/2\\\/2025\\\/01\\\/50ans-plateaux-IMG_1178-scaled.jpg\",\"datePublished\":\"2025-04-18T15:08:08+00:00\",\"dateModified\":\"2025-07-04T15:45:15+00:00\",\"breadcrumb\":{\"@id\":\"https:\\\/\\\/aliso.fr\\\/initiatives\\\/les-associations-faconnent-le-territoire-et-inversement\\\/#breadcrumb\"},\"inLanguage\":\"fr-FR\",\"potentialAction\":[{\"@type\":\"ReadAction\",\"target\":[\"https:\\\/\\\/aliso.fr\\\/initiatives\\\/les-associations-faconnent-le-territoire-et-inversement\\\/\"]}]},{\"@type\":\"ImageObject\",\"inLanguage\":\"fr-FR\",\"@id\":\"https:\\\/\\\/aliso.fr\\\/initiatives\\\/les-associations-faconnent-le-territoire-et-inversement\\\/#primaryimage\",\"url\":\"https:\\\/\\\/aliso.fr\\\/initiatives\\\/wp-content\\\/uploads\\\/sites\\\/2\\\/2025\\\/01\\\/50ans-plateaux-IMG_1178-scaled.jpg\",\"contentUrl\":\"https:\\\/\\\/aliso.fr\\\/initiatives\\\/wp-content\\\/uploads\\\/sites\\\/2\\\/2025\\\/01\\\/50ans-plateaux-IMG_1178-scaled.jpg\",\"width\":2560,\"height\":933},{\"@type\":\"BreadcrumbList\",\"@id\":\"https:\\\/\\\/aliso.fr\\\/initiatives\\\/les-associations-faconnent-le-territoire-et-inversement\\\/#breadcrumb\",\"itemListElement\":[{\"@type\":\"ListItem\",\"position\":1,\"name\":\"Accueil\",\"item\":\"https:\\\/\\\/aliso.fr\\\/initiatives\\\/\"},{\"@type\":\"ListItem\",\"position\":2,\"name\":\"Actualit\u00e9s\",\"item\":\"https:\\\/\\\/aliso.fr\\\/initiatives\\\/actus\\\/\"},{\"@type\":\"ListItem\",\"position\":3,\"name\":\"Quel impact des associations sur le territoire, dans la dur\u00e9e ? Une recherche port\u00e9e par des habitant.e.s &amp; b\u00e9n\u00e9voles de Creuse\"}]},{\"@type\":\"WebSite\",\"@id\":\"https:\\\/\\\/aliso.fr\\\/initiatives\\\/#website\",\"url\":\"https:\\\/\\\/aliso.fr\\\/initiatives\\\/\",\"name\":\"Aliso Initiatives\",\"description\":\"R\u00e9seau Creusois des acteurs du lien social\",\"publisher\":{\"@id\":\"https:\\\/\\\/aliso.fr\\\/initiatives\\\/#organization\"},\"potentialAction\":[{\"@type\":\"SearchAction\",\"target\":{\"@type\":\"EntryPoint\",\"urlTemplate\":\"https:\\\/\\\/aliso.fr\\\/initiatives\\\/?s={search_term_string}\"},\"query-input\":{\"@type\":\"PropertyValueSpecification\",\"valueRequired\":true,\"valueName\":\"search_term_string\"}}],\"inLanguage\":\"fr-FR\"},{\"@type\":\"Organization\",\"@id\":\"https:\\\/\\\/aliso.fr\\\/initiatives\\\/#organization\",\"name\":\"Aliso Initiatives\",\"url\":\"https:\\\/\\\/aliso.fr\\\/initiatives\\\/\",\"logo\":{\"@type\":\"ImageObject\",\"inLanguage\":\"fr-FR\",\"@id\":\"https:\\\/\\\/aliso.fr\\\/initiatives\\\/#\\\/schema\\\/logo\\\/image\\\/\",\"url\":\"https:\\\/\\\/aliso.fr\\\/initiatives\\\/wp-content\\\/uploads\\\/sites\\\/2\\\/2022\\\/01\\\/Logo-ALISO-Initiatives-2.png\",\"contentUrl\":\"https:\\\/\\\/aliso.fr\\\/initiatives\\\/wp-content\\\/uploads\\\/sites\\\/2\\\/2022\\\/01\\\/Logo-ALISO-Initiatives-2.png\",\"width\":900,\"height\":657,\"caption\":\"Aliso Initiatives\"},\"image\":{\"@id\":\"https:\\\/\\\/aliso.fr\\\/initiatives\\\/#\\\/schema\\\/logo\\\/image\\\/\"}},{\"@type\":\"Person\",\"@id\":\"https:\\\/\\\/aliso.fr\\\/initiatives\\\/#\\\/schema\\\/person\\\/ac5889082625d5c95b51fac19f3d9b86\",\"name\":\"pascal\"}]}<\/script>\n<!-- \/ Yoast SEO plugin. -->","yoast_head_json":{"title":"Quel impact des associations sur le territoire, dans la dur\u00e9e ? Une recherche port\u00e9e par des habitant.e.s &amp; b\u00e9n\u00e9voles de Creuse - Aliso Initiatives","robots":{"index":"index","follow":"follow","max-snippet":"max-snippet:-1","max-image-preview":"max-image-preview:large","max-video-preview":"max-video-preview:-1"},"canonical":"https:\/\/aliso.fr\/initiatives\/les-associations-faconnent-le-territoire-et-inversement\/","og_locale":"fr_FR","og_type":"article","og_title":"Quel impact des associations sur le territoire, dans la dur\u00e9e ? Une recherche port\u00e9e par des habitant.e.s &amp; b\u00e9n\u00e9voles de Creuse - Aliso Initiatives","og_description":"Situ\u00e9e aux extr\u00e9mit\u00e9s hyper rurales de la Creuse, \u00e9loign\u00e9es des capitales pr\u00e9fectorales et d\u00e9partementales, trois associations se sont engag\u00e9es, sur 2024-2026, dans une d\u00e9marche de recherche action portant sur la contribution du fait associatif sur les territoires.Une d\u00e9marche en \u00e9cho \u00e0 la r\u00e9cente \u00e9tude de l\u2019Insee sur le territoire rural du Parc de Millevaches en... En savoir plus &raquo;","og_url":"https:\/\/aliso.fr\/initiatives\/les-associations-faconnent-le-territoire-et-inversement\/","og_site_name":"Aliso Initiatives","article_published_time":"2025-04-18T15:08:08+00:00","article_modified_time":"2025-07-04T15:45:15+00:00","og_image":[{"width":2560,"height":933,"url":"https:\/\/aliso.fr\/initiatives\/wp-content\/uploads\/sites\/2\/2025\/01\/50ans-plateaux-IMG_1178-scaled.jpg","type":"image\/jpeg"}],"author":"pascal","twitter_card":"summary_large_image","schema":{"@context":"https:\/\/schema.org","@graph":[{"@type":"Article","@id":"https:\/\/aliso.fr\/initiatives\/les-associations-faconnent-le-territoire-et-inversement\/#article","isPartOf":{"@id":"https:\/\/aliso.fr\/initiatives\/les-associations-faconnent-le-territoire-et-inversement\/"},"author":{"name":"pascal","@id":"https:\/\/aliso.fr\/initiatives\/#\/schema\/person\/ac5889082625d5c95b51fac19f3d9b86"},"headline":"Quel impact des associations sur le territoire, dans la dur\u00e9e ? Une recherche port\u00e9e par des habitant.e.s &amp; b\u00e9n\u00e9voles de Creuse","datePublished":"2025-04-18T15:08:08+00:00","dateModified":"2025-07-04T15:45:15+00:00","mainEntityOfPage":{"@id":"https:\/\/aliso.fr\/initiatives\/les-associations-faconnent-le-territoire-et-inversement\/"},"wordCount":724,"publisher":{"@id":"https:\/\/aliso.fr\/initiatives\/#organization"},"image":{"@id":"https:\/\/aliso.fr\/initiatives\/les-associations-faconnent-le-territoire-et-inversement\/#primaryimage"},"thumbnailUrl":"https:\/\/aliso.fr\/initiatives\/wp-content\/uploads\/sites\/2\/2025\/01\/50ans-plateaux-IMG_1178-scaled.jpg","articleSection":["Actualit\u00e9s","Dynamiques - Evenements"],"inLanguage":"fr-FR"},{"@type":"WebPage","@id":"https:\/\/aliso.fr\/initiatives\/les-associations-faconnent-le-territoire-et-inversement\/","url":"https:\/\/aliso.fr\/initiatives\/les-associations-faconnent-le-territoire-et-inversement\/","name":"Quel impact des associations sur le territoire, dans la dur\u00e9e ? Une recherche port\u00e9e par des habitant.e.s &amp; b\u00e9n\u00e9voles de Creuse - Aliso Initiatives","isPartOf":{"@id":"https:\/\/aliso.fr\/initiatives\/#website"},"primaryImageOfPage":{"@id":"https:\/\/aliso.fr\/initiatives\/les-associations-faconnent-le-territoire-et-inversement\/#primaryimage"},"image":{"@id":"https:\/\/aliso.fr\/initiatives\/les-associations-faconnent-le-territoire-et-inversement\/#primaryimage"},"thumbnailUrl":"https:\/\/aliso.fr\/initiatives\/wp-content\/uploads\/sites\/2\/2025\/01\/50ans-plateaux-IMG_1178-scaled.jpg","datePublished":"2025-04-18T15:08:08+00:00","dateModified":"2025-07-04T15:45:15+00:00","breadcrumb":{"@id":"https:\/\/aliso.fr\/initiatives\/les-associations-faconnent-le-territoire-et-inversement\/#breadcrumb"},"inLanguage":"fr-FR","potentialAction":[{"@type":"ReadAction","target":["https:\/\/aliso.fr\/initiatives\/les-associations-faconnent-le-territoire-et-inversement\/"]}]},{"@type":"ImageObject","inLanguage":"fr-FR","@id":"https:\/\/aliso.fr\/initiatives\/les-associations-faconnent-le-territoire-et-inversement\/#primaryimage","url":"https:\/\/aliso.fr\/initiatives\/wp-content\/uploads\/sites\/2\/2025\/01\/50ans-plateaux-IMG_1178-scaled.jpg","contentUrl":"https:\/\/aliso.fr\/initiatives\/wp-content\/uploads\/sites\/2\/2025\/01\/50ans-plateaux-IMG_1178-scaled.jpg","width":2560,"height":933},{"@type":"BreadcrumbList","@id":"https:\/\/aliso.fr\/initiatives\/les-associations-faconnent-le-territoire-et-inversement\/#breadcrumb","itemListElement":[{"@type":"ListItem","position":1,"name":"Accueil","item":"https:\/\/aliso.fr\/initiatives\/"},{"@type":"ListItem","position":2,"name":"Actualit\u00e9s","item":"https:\/\/aliso.fr\/initiatives\/actus\/"},{"@type":"ListItem","position":3,"name":"Quel impact des associations sur le territoire, dans la dur\u00e9e ? Une recherche port\u00e9e par des habitant.e.s &amp; b\u00e9n\u00e9voles de Creuse"}]},{"@type":"WebSite","@id":"https:\/\/aliso.fr\/initiatives\/#website","url":"https:\/\/aliso.fr\/initiatives\/","name":"Aliso Initiatives","description":"R\u00e9seau Creusois des acteurs du lien social","publisher":{"@id":"https:\/\/aliso.fr\/initiatives\/#organization"},"potentialAction":[{"@type":"SearchAction","target":{"@type":"EntryPoint","urlTemplate":"https:\/\/aliso.fr\/initiatives\/?s={search_term_string}"},"query-input":{"@type":"PropertyValueSpecification","valueRequired":true,"valueName":"search_term_string"}}],"inLanguage":"fr-FR"},{"@type":"Organization","@id":"https:\/\/aliso.fr\/initiatives\/#organization","name":"Aliso Initiatives","url":"https:\/\/aliso.fr\/initiatives\/","logo":{"@type":"ImageObject","inLanguage":"fr-FR","@id":"https:\/\/aliso.fr\/initiatives\/#\/schema\/logo\/image\/","url":"https:\/\/aliso.fr\/initiatives\/wp-content\/uploads\/sites\/2\/2022\/01\/Logo-ALISO-Initiatives-2.png","contentUrl":"https:\/\/aliso.fr\/initiatives\/wp-content\/uploads\/sites\/2\/2022\/01\/Logo-ALISO-Initiatives-2.png","width":900,"height":657,"caption":"Aliso Initiatives"},"image":{"@id":"https:\/\/aliso.fr\/initiatives\/#\/schema\/logo\/image\/"}},{"@type":"Person","@id":"https:\/\/aliso.fr\/initiatives\/#\/schema\/person\/ac5889082625d5c95b51fac19f3d9b86","name":"pascal"}]}},"_links":{"self":[{"href":"https:\/\/aliso.fr\/initiatives\/wp-json\/wp\/v2\/posts\/3425","targetHints":{"allow":["GET"]}}],"collection":[{"href":"https:\/\/aliso.fr\/initiatives\/wp-json\/wp\/v2\/posts"}],"about":[{"href":"https:\/\/aliso.fr\/initiatives\/wp-json\/wp\/v2\/types\/post"}],"author":[{"embeddable":true,"href":"https:\/\/aliso.fr\/initiatives\/wp-json\/wp\/v2\/users\/5"}],"replies":[{"embeddable":true,"href":"https:\/\/aliso.fr\/initiatives\/wp-json\/wp\/v2\/comments?post=3425"}],"version-history":[{"count":5,"href":"https:\/\/aliso.fr\/initiatives\/wp-json\/wp\/v2\/posts\/3425\/revisions"}],"predecessor-version":[{"id":3535,"href":"https:\/\/aliso.fr\/initiatives\/wp-json\/wp\/v2\/posts\/3425\/revisions\/3535"}],"wp:featuredmedia":[{"embeddable":true,"href":"https:\/\/aliso.fr\/initiatives\/wp-json\/wp\/v2\/media\/3426"}],"wp:attachment":[{"href":"https:\/\/aliso.fr\/initiatives\/wp-json\/wp\/v2\/media?parent=3425"}],"wp:term":[{"taxonomy":"category","embeddable":true,"href":"https:\/\/aliso.fr\/initiatives\/wp-json\/wp\/v2\/categories?post=3425"},{"taxonomy":"post_tag","embeddable":true,"href":"https:\/\/aliso.fr\/initiatives\/wp-json\/wp\/v2\/tags?post=3425"}],"curies":[{"name":"wp","href":"https:\/\/api.w.org\/{rel}","templated":true}]}}