{"id":3569,"date":"2025-09-05T16:29:07","date_gmt":"2025-09-05T14:29:07","guid":{"rendered":"https:\/\/aliso.fr\/initiatives\/?p=3569"},"modified":"2025-09-30T18:09:25","modified_gmt":"2025-09-30T16:09:25","slug":"12-sept-atelier-ccn-eclat-representants-cse","status":"publish","type":"post","link":"https:\/\/aliso.fr\/initiatives\/12-sept-atelier-ccn-eclat-representants-cse\/","title":{"rendered":"[12 Sept] Atelier CCN Eclat repr\u00e9sentants CSE"},"content":{"rendered":"\n<p><strong>Vendredi 12 Septembre prochain 9h30-12h30<\/strong>, Aliso propose un atelier d&rsquo;\u00e9change en direction des repr\u00e9sentants CSE des salari\u00e9s de Structures de la Branche ECLAT. Un atelier qui se situe dans le <a href=\"https:\/\/aliso.fr\/initiatives\/associations-employeuses-le-comite-social-et-economique-un-dialogue-a-construire-pas-une-option\/\">cycle <em>Le CSE, Un dialogue \u00e0 construire<\/em>, cycle qui a d\u00e9but\u00e9 en Juillet<\/a> dernier \u00e0 travers une premi\u00e8re journ\u00e9e de session collective DLA en direction des repr\u00e9sentants des salari\u00e9s aux CSE de nos structures creusoises. A l&rsquo;automne, une nouvelle journ\u00e9e est pr\u00e9vue le 7 Novembre en partenariat avec Hexopee National, sur les moyens de dynamiser les CSE dans nos structures.<\/p>\n\n\n\n<p>Cet atelier d&rsquo;\u00e9change du 12 septembre a \u00e9t\u00e9 propos\u00e9 \u00e0 la demande de salari\u00e9s repr\u00e9sentants CSE, dans l&rsquo;id\u00e9e de prendre le temps de se replonger dans la Convention Collective Eclat, de s&rsquo;y retrouver, d&rsquo;\u00e9changer sur certains th\u00e8mes cl\u00e9s. Il est r\u00e9serv\u00e9 aux repr\u00e9sentants CSE des structures associatives appliquant la CCN Eclat et est anim\u00e9 par Christelle Aufaure, d&rsquo;ALISO.<\/p>\n\n\n\n<p>Un autre atelier est propos\u00e9 le Mardi 16 Septembre Matin aux repr\u00e9sentants CSE des structures appliquant la CCN ALISFA.<\/p>\n\n\n\n<p>Incriptions et contacts : christelleaufaure[at]aliso.fr<\/p>\n","protected":false},"excerpt":{"rendered":"<p>Vendredi 12 Septembre prochain 9h30-12h30, Aliso propose un atelier d&rsquo;\u00e9change en direction des repr\u00e9sentants CSE des salari\u00e9s de Structures de la Branche ECLAT. Un atelier qui se situe dans le cycle Le CSE, Un dialogue \u00e0 construire, cycle qui a d\u00e9but\u00e9 en Juillet dernier \u00e0 travers une premi\u00e8re journ\u00e9e de session collective DLA en direction&#8230; <a class=\"excerpt-read-more button\" href=\"https:\/\/aliso.fr\/initiatives\/12-sept-atelier-ccn-eclat-representants-cse\/\" title=\"Read[12 Sept] Atelier CCN Eclat repr\u00e9sentants CSE\">En savoir plus &raquo;<\/a><\/p>\n","protected":false},"author":5,"featured_media":2781,"comment_status":"closed","ping_status":"open","sticky":false,"template":"","format":"standard","meta":{"footnotes":""},"categories":[6,19],"tags":[],"class_list":["post-3569","post","type-post","status-publish","format-standard","has-post-thumbnail","hentry","category-fonction-employeur","category-se-former-sinformer"],"yoast_head":"<!-- This site is optimized with the Yoast SEO plugin v27.5 - https:\/\/yoast.com\/product\/yoast-seo-wordpress\/ -->\n<title>[12 Sept] Atelier CCN Eclat repr\u00e9sentants CSE - Aliso Initiatives<\/title>\n<meta name=\"robots\" content=\"index, follow, max-snippet:-1, max-image-preview:large, max-video-preview:-1\" \/>\n<link rel=\"canonical\" href=\"https:\/\/aliso.fr\/initiatives\/12-sept-atelier-ccn-eclat-representants-cse\/\" \/>\n<meta property=\"og:locale\" content=\"fr_FR\" \/>\n<meta property=\"og:type\" content=\"article\" \/>\n<meta property=\"og:title\" content=\"[12 Sept] Atelier CCN Eclat repr\u00e9sentants CSE - Aliso Initiatives\" \/>\n<meta property=\"og:description\" content=\"Vendredi 12 Septembre prochain 9h30-12h30, Aliso propose un atelier d&rsquo;\u00e9change en direction des repr\u00e9sentants CSE des salari\u00e9s de Structures de la Branche ECLAT. Un atelier qui se situe dans le cycle Le CSE, Un dialogue \u00e0 construire, cycle qui a d\u00e9but\u00e9 en Juillet dernier \u00e0 travers une premi\u00e8re journ\u00e9e de session collective DLA en direction... En savoir plus &raquo;\" \/>\n<meta property=\"og:url\" content=\"https:\/\/aliso.fr\/initiatives\/12-sept-atelier-ccn-eclat-representants-cse\/\" \/>\n<meta property=\"og:site_name\" content=\"Aliso Initiatives\" \/>\n<meta property=\"article:published_time\" content=\"2025-09-05T14:29:07+00:00\" \/>\n<meta property=\"article:modified_time\" content=\"2025-09-30T16:09:25+00:00\" \/>\n<meta property=\"og:image\" content=\"https:\/\/aliso.fr\/initiatives\/wp-content\/uploads\/sites\/2\/2023\/08\/playmobil-gec3fdeff9_1920-768x576-1.jpg\" \/>\n\t<meta property=\"og:image:width\" content=\"768\" \/>\n\t<meta property=\"og:image:height\" content=\"576\" \/>\n\t<meta property=\"og:image:type\" content=\"image\/jpeg\" \/>\n<meta name=\"author\" content=\"pascal\" \/>\n<meta name=\"twitter:card\" content=\"summary_large_image\" \/>\n<script type=\"application\/ld+json\" class=\"yoast-schema-graph\">{\"@context\":\"https:\\\/\\\/schema.org\",\"@graph\":[{\"@type\":\"Article\",\"@id\":\"https:\\\/\\\/aliso.fr\\\/initiatives\\\/12-sept-atelier-ccn-eclat-representants-cse\\\/#article\",\"isPartOf\":{\"@id\":\"https:\\\/\\\/aliso.fr\\\/initiatives\\\/12-sept-atelier-ccn-eclat-representants-cse\\\/\"},\"author\":{\"name\":\"pascal\",\"@id\":\"https:\\\/\\\/aliso.fr\\\/initiatives\\\/#\\\/schema\\\/person\\\/ac5889082625d5c95b51fac19f3d9b86\"},\"headline\":\"[12 Sept] Atelier CCN Eclat repr\u00e9sentants CSE\",\"datePublished\":\"2025-09-05T14:29:07+00:00\",\"dateModified\":\"2025-09-30T16:09:25+00:00\",\"mainEntityOfPage\":{\"@id\":\"https:\\\/\\\/aliso.fr\\\/initiatives\\\/12-sept-atelier-ccn-eclat-representants-cse\\\/\"},\"wordCount\":200,\"publisher\":{\"@id\":\"https:\\\/\\\/aliso.fr\\\/initiatives\\\/#organization\"},\"image\":{\"@id\":\"https:\\\/\\\/aliso.fr\\\/initiatives\\\/12-sept-atelier-ccn-eclat-representants-cse\\\/#primaryimage\"},\"thumbnailUrl\":\"https:\\\/\\\/aliso.fr\\\/initiatives\\\/wp-content\\\/uploads\\\/sites\\\/2\\\/2023\\\/08\\\/playmobil-gec3fdeff9_1920-768x576-1.jpg\",\"articleSection\":[\"Fonction employeur\",\"Se former, s\u2019informer\"],\"inLanguage\":\"fr-FR\"},{\"@type\":\"WebPage\",\"@id\":\"https:\\\/\\\/aliso.fr\\\/initiatives\\\/12-sept-atelier-ccn-eclat-representants-cse\\\/\",\"url\":\"https:\\\/\\\/aliso.fr\\\/initiatives\\\/12-sept-atelier-ccn-eclat-representants-cse\\\/\",\"name\":\"[12 Sept] Atelier CCN Eclat repr\u00e9sentants CSE - Aliso Initiatives\",\"isPartOf\":{\"@id\":\"https:\\\/\\\/aliso.fr\\\/initiatives\\\/#website\"},\"primaryImageOfPage\":{\"@id\":\"https:\\\/\\\/aliso.fr\\\/initiatives\\\/12-sept-atelier-ccn-eclat-representants-cse\\\/#primaryimage\"},\"image\":{\"@id\":\"https:\\\/\\\/aliso.fr\\\/initiatives\\\/12-sept-atelier-ccn-eclat-representants-cse\\\/#primaryimage\"},\"thumbnailUrl\":\"https:\\\/\\\/aliso.fr\\\/initiatives\\\/wp-content\\\/uploads\\\/sites\\\/2\\\/2023\\\/08\\\/playmobil-gec3fdeff9_1920-768x576-1.jpg\",\"datePublished\":\"2025-09-05T14:29:07+00:00\",\"dateModified\":\"2025-09-30T16:09:25+00:00\",\"breadcrumb\":{\"@id\":\"https:\\\/\\\/aliso.fr\\\/initiatives\\\/12-sept-atelier-ccn-eclat-representants-cse\\\/#breadcrumb\"},\"inLanguage\":\"fr-FR\",\"potentialAction\":[{\"@type\":\"ReadAction\",\"target\":[\"https:\\\/\\\/aliso.fr\\\/initiatives\\\/12-sept-atelier-ccn-eclat-representants-cse\\\/\"]}]},{\"@type\":\"ImageObject\",\"inLanguage\":\"fr-FR\",\"@id\":\"https:\\\/\\\/aliso.fr\\\/initiatives\\\/12-sept-atelier-ccn-eclat-representants-cse\\\/#primaryimage\",\"url\":\"https:\\\/\\\/aliso.fr\\\/initiatives\\\/wp-content\\\/uploads\\\/sites\\\/2\\\/2023\\\/08\\\/playmobil-gec3fdeff9_1920-768x576-1.jpg\",\"contentUrl\":\"https:\\\/\\\/aliso.fr\\\/initiatives\\\/wp-content\\\/uploads\\\/sites\\\/2\\\/2023\\\/08\\\/playmobil-gec3fdeff9_1920-768x576-1.jpg\",\"width\":768,\"height\":576},{\"@type\":\"BreadcrumbList\",\"@id\":\"https:\\\/\\\/aliso.fr\\\/initiatives\\\/12-sept-atelier-ccn-eclat-representants-cse\\\/#breadcrumb\",\"itemListElement\":[{\"@type\":\"ListItem\",\"position\":1,\"name\":\"Accueil\",\"item\":\"https:\\\/\\\/aliso.fr\\\/initiatives\\\/\"},{\"@type\":\"ListItem\",\"position\":2,\"name\":\"Ressources et outils\",\"item\":\"https:\\\/\\\/aliso.fr\\\/initiatives\\\/ressources-et-outils\\\/\"},{\"@type\":\"ListItem\",\"position\":3,\"name\":\"Fonction employeur\",\"item\":\"https:\\\/\\\/aliso.fr\\\/initiatives\\\/ressources-et-outils\\\/fonction-employeur\\\/\"},{\"@type\":\"ListItem\",\"position\":4,\"name\":\"[12 Sept] Atelier CCN Eclat repr\u00e9sentants CSE\"}]},{\"@type\":\"WebSite\",\"@id\":\"https:\\\/\\\/aliso.fr\\\/initiatives\\\/#website\",\"url\":\"https:\\\/\\\/aliso.fr\\\/initiatives\\\/\",\"name\":\"Aliso Initiatives\",\"description\":\"R\u00e9seau Creusois des acteurs du lien social\",\"publisher\":{\"@id\":\"https:\\\/\\\/aliso.fr\\\/initiatives\\\/#organization\"},\"potentialAction\":[{\"@type\":\"SearchAction\",\"target\":{\"@type\":\"EntryPoint\",\"urlTemplate\":\"https:\\\/\\\/aliso.fr\\\/initiatives\\\/?s={search_term_string}\"},\"query-input\":{\"@type\":\"PropertyValueSpecification\",\"valueRequired\":true,\"valueName\":\"search_term_string\"}}],\"inLanguage\":\"fr-FR\"},{\"@type\":\"Organization\",\"@id\":\"https:\\\/\\\/aliso.fr\\\/initiatives\\\/#organization\",\"name\":\"Aliso Initiatives\",\"url\":\"https:\\\/\\\/aliso.fr\\\/initiatives\\\/\",\"logo\":{\"@type\":\"ImageObject\",\"inLanguage\":\"fr-FR\",\"@id\":\"https:\\\/\\\/aliso.fr\\\/initiatives\\\/#\\\/schema\\\/logo\\\/image\\\/\",\"url\":\"https:\\\/\\\/aliso.fr\\\/initiatives\\\/wp-content\\\/uploads\\\/sites\\\/2\\\/2022\\\/01\\\/Logo-ALISO-Initiatives-2.png\",\"contentUrl\":\"https:\\\/\\\/aliso.fr\\\/initiatives\\\/wp-content\\\/uploads\\\/sites\\\/2\\\/2022\\\/01\\\/Logo-ALISO-Initiatives-2.png\",\"width\":900,\"height\":657,\"caption\":\"Aliso Initiatives\"},\"image\":{\"@id\":\"https:\\\/\\\/aliso.fr\\\/initiatives\\\/#\\\/schema\\\/logo\\\/image\\\/\"}},{\"@type\":\"Person\",\"@id\":\"https:\\\/\\\/aliso.fr\\\/initiatives\\\/#\\\/schema\\\/person\\\/ac5889082625d5c95b51fac19f3d9b86\",\"name\":\"pascal\"}]}<\/script>\n<!-- \/ Yoast SEO plugin. -->","yoast_head_json":{"title":"[12 Sept] Atelier CCN Eclat repr\u00e9sentants CSE - Aliso Initiatives","robots":{"index":"index","follow":"follow","max-snippet":"max-snippet:-1","max-image-preview":"max-image-preview:large","max-video-preview":"max-video-preview:-1"},"canonical":"https:\/\/aliso.fr\/initiatives\/12-sept-atelier-ccn-eclat-representants-cse\/","og_locale":"fr_FR","og_type":"article","og_title":"[12 Sept] Atelier CCN Eclat repr\u00e9sentants CSE - Aliso Initiatives","og_description":"Vendredi 12 Septembre prochain 9h30-12h30, Aliso propose un atelier d&rsquo;\u00e9change en direction des repr\u00e9sentants CSE des salari\u00e9s de Structures de la Branche ECLAT. Un atelier qui se situe dans le cycle Le CSE, Un dialogue \u00e0 construire, cycle qui a d\u00e9but\u00e9 en Juillet dernier \u00e0 travers une premi\u00e8re journ\u00e9e de session collective DLA en direction... En savoir plus &raquo;","og_url":"https:\/\/aliso.fr\/initiatives\/12-sept-atelier-ccn-eclat-representants-cse\/","og_site_name":"Aliso Initiatives","article_published_time":"2025-09-05T14:29:07+00:00","article_modified_time":"2025-09-30T16:09:25+00:00","og_image":[{"width":768,"height":576,"url":"https:\/\/aliso.fr\/initiatives\/wp-content\/uploads\/sites\/2\/2023\/08\/playmobil-gec3fdeff9_1920-768x576-1.jpg","type":"image\/jpeg"}],"author":"pascal","twitter_card":"summary_large_image","schema":{"@context":"https:\/\/schema.org","@graph":[{"@type":"Article","@id":"https:\/\/aliso.fr\/initiatives\/12-sept-atelier-ccn-eclat-representants-cse\/#article","isPartOf":{"@id":"https:\/\/aliso.fr\/initiatives\/12-sept-atelier-ccn-eclat-representants-cse\/"},"author":{"name":"pascal","@id":"https:\/\/aliso.fr\/initiatives\/#\/schema\/person\/ac5889082625d5c95b51fac19f3d9b86"},"headline":"[12 Sept] Atelier CCN Eclat repr\u00e9sentants CSE","datePublished":"2025-09-05T14:29:07+00:00","dateModified":"2025-09-30T16:09:25+00:00","mainEntityOfPage":{"@id":"https:\/\/aliso.fr\/initiatives\/12-sept-atelier-ccn-eclat-representants-cse\/"},"wordCount":200,"publisher":{"@id":"https:\/\/aliso.fr\/initiatives\/#organization"},"image":{"@id":"https:\/\/aliso.fr\/initiatives\/12-sept-atelier-ccn-eclat-representants-cse\/#primaryimage"},"thumbnailUrl":"https:\/\/aliso.fr\/initiatives\/wp-content\/uploads\/sites\/2\/2023\/08\/playmobil-gec3fdeff9_1920-768x576-1.jpg","articleSection":["Fonction employeur","Se former, s\u2019informer"],"inLanguage":"fr-FR"},{"@type":"WebPage","@id":"https:\/\/aliso.fr\/initiatives\/12-sept-atelier-ccn-eclat-representants-cse\/","url":"https:\/\/aliso.fr\/initiatives\/12-sept-atelier-ccn-eclat-representants-cse\/","name":"[12 Sept] Atelier CCN Eclat repr\u00e9sentants CSE - Aliso Initiatives","isPartOf":{"@id":"https:\/\/aliso.fr\/initiatives\/#website"},"primaryImageOfPage":{"@id":"https:\/\/aliso.fr\/initiatives\/12-sept-atelier-ccn-eclat-representants-cse\/#primaryimage"},"image":{"@id":"https:\/\/aliso.fr\/initiatives\/12-sept-atelier-ccn-eclat-representants-cse\/#primaryimage"},"thumbnailUrl":"https:\/\/aliso.fr\/initiatives\/wp-content\/uploads\/sites\/2\/2023\/08\/playmobil-gec3fdeff9_1920-768x576-1.jpg","datePublished":"2025-09-05T14:29:07+00:00","dateModified":"2025-09-30T16:09:25+00:00","breadcrumb":{"@id":"https:\/\/aliso.fr\/initiatives\/12-sept-atelier-ccn-eclat-representants-cse\/#breadcrumb"},"inLanguage":"fr-FR","potentialAction":[{"@type":"ReadAction","target":["https:\/\/aliso.fr\/initiatives\/12-sept-atelier-ccn-eclat-representants-cse\/"]}]},{"@type":"ImageObject","inLanguage":"fr-FR","@id":"https:\/\/aliso.fr\/initiatives\/12-sept-atelier-ccn-eclat-representants-cse\/#primaryimage","url":"https:\/\/aliso.fr\/initiatives\/wp-content\/uploads\/sites\/2\/2023\/08\/playmobil-gec3fdeff9_1920-768x576-1.jpg","contentUrl":"https:\/\/aliso.fr\/initiatives\/wp-content\/uploads\/sites\/2\/2023\/08\/playmobil-gec3fdeff9_1920-768x576-1.jpg","width":768,"height":576},{"@type":"BreadcrumbList","@id":"https:\/\/aliso.fr\/initiatives\/12-sept-atelier-ccn-eclat-representants-cse\/#breadcrumb","itemListElement":[{"@type":"ListItem","position":1,"name":"Accueil","item":"https:\/\/aliso.fr\/initiatives\/"},{"@type":"ListItem","position":2,"name":"Ressources et outils","item":"https:\/\/aliso.fr\/initiatives\/ressources-et-outils\/"},{"@type":"ListItem","position":3,"name":"Fonction employeur","item":"https:\/\/aliso.fr\/initiatives\/ressources-et-outils\/fonction-employeur\/"},{"@type":"ListItem","position":4,"name":"[12 Sept] Atelier CCN Eclat repr\u00e9sentants CSE"}]},{"@type":"WebSite","@id":"https:\/\/aliso.fr\/initiatives\/#website","url":"https:\/\/aliso.fr\/initiatives\/","name":"Aliso Initiatives","description":"R\u00e9seau Creusois des acteurs du lien social","publisher":{"@id":"https:\/\/aliso.fr\/initiatives\/#organization"},"potentialAction":[{"@type":"SearchAction","target":{"@type":"EntryPoint","urlTemplate":"https:\/\/aliso.fr\/initiatives\/?s={search_term_string}"},"query-input":{"@type":"PropertyValueSpecification","valueRequired":true,"valueName":"search_term_string"}}],"inLanguage":"fr-FR"},{"@type":"Organization","@id":"https:\/\/aliso.fr\/initiatives\/#organization","name":"Aliso Initiatives","url":"https:\/\/aliso.fr\/initiatives\/","logo":{"@type":"ImageObject","inLanguage":"fr-FR","@id":"https:\/\/aliso.fr\/initiatives\/#\/schema\/logo\/image\/","url":"https:\/\/aliso.fr\/initiatives\/wp-content\/uploads\/sites\/2\/2022\/01\/Logo-ALISO-Initiatives-2.png","contentUrl":"https:\/\/aliso.fr\/initiatives\/wp-content\/uploads\/sites\/2\/2022\/01\/Logo-ALISO-Initiatives-2.png","width":900,"height":657,"caption":"Aliso Initiatives"},"image":{"@id":"https:\/\/aliso.fr\/initiatives\/#\/schema\/logo\/image\/"}},{"@type":"Person","@id":"https:\/\/aliso.fr\/initiatives\/#\/schema\/person\/ac5889082625d5c95b51fac19f3d9b86","name":"pascal"}]}},"_links":{"self":[{"href":"https:\/\/aliso.fr\/initiatives\/wp-json\/wp\/v2\/posts\/3569","targetHints":{"allow":["GET"]}}],"collection":[{"href":"https:\/\/aliso.fr\/initiatives\/wp-json\/wp\/v2\/posts"}],"about":[{"href":"https:\/\/aliso.fr\/initiatives\/wp-json\/wp\/v2\/types\/post"}],"author":[{"embeddable":true,"href":"https:\/\/aliso.fr\/initiatives\/wp-json\/wp\/v2\/users\/5"}],"replies":[{"embeddable":true,"href":"https:\/\/aliso.fr\/initiatives\/wp-json\/wp\/v2\/comments?post=3569"}],"version-history":[{"count":1,"href":"https:\/\/aliso.fr\/initiatives\/wp-json\/wp\/v2\/posts\/3569\/revisions"}],"predecessor-version":[{"id":3570,"href":"https:\/\/aliso.fr\/initiatives\/wp-json\/wp\/v2\/posts\/3569\/revisions\/3570"}],"wp:featuredmedia":[{"embeddable":true,"href":"https:\/\/aliso.fr\/initiatives\/wp-json\/wp\/v2\/media\/2781"}],"wp:attachment":[{"href":"https:\/\/aliso.fr\/initiatives\/wp-json\/wp\/v2\/media?parent=3569"}],"wp:term":[{"taxonomy":"category","embeddable":true,"href":"https:\/\/aliso.fr\/initiatives\/wp-json\/wp\/v2\/categories?post=3569"},{"taxonomy":"post_tag","embeddable":true,"href":"https:\/\/aliso.fr\/initiatives\/wp-json\/wp\/v2\/tags?post=3569"}],"curies":[{"name":"wp","href":"https:\/\/api.w.org\/{rel}","templated":true}]}}