{"id":3576,"date":"2025-09-05T16:29:51","date_gmt":"2025-09-05T14:29:51","guid":{"rendered":"https:\/\/aliso.fr\/initiatives\/?p=3576"},"modified":"2025-12-11T17:23:14","modified_gmt":"2025-12-11T16:23:14","slug":"7-nov-formation-comite-social-et-economique-vers-un-dialogue-social-de-qualite","status":"publish","type":"post","link":"https:\/\/aliso.fr\/initiatives\/7-nov-formation-comite-social-et-economique-vers-un-dialogue-social-de-qualite\/","title":{"rendered":"[7 Nov] Formation Pr\u00e9requis vers un dialogue social de qualit\u00e9"},"content":{"rendered":"\n<h2 class=\"wp-block-heading\">Repr\u00e9sentants Employeurs et Salari\u00e9s aux CSE, nous avons concoct\u00e9 cette journ\u00e9e pour vous !        &gt; notez cette journ\u00e9e, inscriptions <a href=\"https:\/\/nuage.aliso.fr\/index.php\/apps\/forms\/s\/L8dAQaZPYXKqipYkQJ2pRLrA\">ICI<\/a>.<\/h2>\n\n\n\n<div class=\"wp-block-columns is-layout-flex wp-container-core-columns-is-layout-9d6595d7 wp-block-columns-is-layout-flex\">\n<div class=\"wp-block-column is-layout-flow wp-block-column-is-layout-flow\" style=\"flex-basis:33.33%\">\n<figure class=\"wp-block-image size-full\"><img loading=\"lazy\" decoding=\"async\" width=\"768\" height=\"576\" src=\"https:\/\/aliso.fr\/initiatives\/wp-content\/uploads\/sites\/2\/2023\/08\/playmobil-gec3fdeff9_1920-768x576-1.jpg\" alt=\"\" class=\"wp-image-2781\" srcset=\"https:\/\/aliso.fr\/initiatives\/wp-content\/uploads\/sites\/2\/2023\/08\/playmobil-gec3fdeff9_1920-768x576-1.jpg 768w, https:\/\/aliso.fr\/initiatives\/wp-content\/uploads\/sites\/2\/2023\/08\/playmobil-gec3fdeff9_1920-768x576-1-300x225.jpg 300w\" sizes=\"auto, (max-width: 768px) 100vw, 768px\" \/><\/figure>\n<\/div>\n\n\n\n<div class=\"wp-block-column is-layout-flow wp-block-column-is-layout-flow\" style=\"flex-basis:66.66%\">\n<p class=\"has-large-font-size\">Cette journ\u00e9e s&rsquo;adresse \u00e0 la fois aux repr\u00e9sentants employeurs et salari\u00e9s des CSE de -50 salari\u00e9s : pour am\u00e9liorer le dialogue dans nos structures, par o\u00f9 commencer? comment animer ? Quel cadre donner et quelles \u00e9volutions de fond aborder ?<\/p>\n\n\n\n<p class=\"has-large-font-size\"> Elle se situe dans le cadre du Cycle 2025 pour dynamiser le dialogue social dans nos structures associatives, qui commenc\u00e9 le 3 juillet 2025, par une <a href=\"https:\/\/aliso.fr\/initiatives\/dialogue-social-session-comite-social-et-economique\/\">journ\u00e9e d\u2019information \u00e0 destination des d\u00e9l\u00e9gu\u00e9s du personnel<\/a>, et s&rsquo;est prolong\u00e9 par deux ateliers de remise en m\u00e9moire des points cl\u00e9s de <a href=\"https:\/\/aliso.fr\/initiatives\/12-sept-atelier-ccn-eclat-representants-cse\/\">convention collective les 12<\/a> et <a href=\"https:\/\/aliso.fr\/initiatives\/16-sept-atelier-ccn-alisfa-representants-cse\/\">16 septembre<\/a>.<\/p>\n\n\n\n<p class=\"has-large-font-size\">Le <strong>7 Novembre <\/strong>est une journ\u00e9e de formation prise en charge par Uniformation, co-organis\u00e9e par Synop\u00e9e et Aliso. Inscriptions <a href=\"https:\/\/nuage.aliso.fr\/index.php\/apps\/forms\/s\/L8dAQaZPYXKqipYkQJ2pRLrA\">ICI<\/a>.<\/p>\n\n\n\n<p class=\"has-large-font-size\">Vous trouverez<strong> <a href=\"https:\/\/nuage.aliso.fr\/index.php\/s\/ZQBWwzbdKZ2QZ6q\">ici le programme de la journ\u00e9e<\/a><\/strong>, concoct\u00e9 et anim\u00e9 par <a href=\"https:\/\/www.csematin.com\/dialogue-social\/syndicats\/parcours-syndicat-patrice-weisheimer-sep-unsa.html\">Patrice Weisheimer<\/a>.<br>Le CSE est bien plus qu\u2019une obligation : c\u2019est un outil de dialogue structurant entre salari\u00e9\u00b7es et employeur, qui contribue directement \u00e0 am\u00e9liorer le climat de travail, \u00e0 anticiper les conflits et \u00e0 renforcer la d\u00e9mocratie interne.<br>Particularit\u00e9 importante dans notre secteur : plusieurs conventions collectives associatives sont plus favorables que la loi. Par exemple, la convention \u00c9CLAT impose la mise en place d\u2019un CSE \u00e0 partir de 6 ETP, et la convention ALISFA d\u00e8s 8 ETP, contre 11 salari\u00e9\u00b7es dans le Code du travail. Il est donc essentiel pour chaque structure de conna\u00eetre les obligations qui lui sont propres. En <a href=\"https:\/\/aliso.fr\/initiatives\/associations-employeuses-le-comite-social-et-economique-un-dialogue-a-construire-pas-une-option\/\">savoir plus ici<\/a><\/p>\n<\/div>\n<\/div>\n\n\n\n<div class=\"wp-block-columns is-layout-flex wp-container-core-columns-is-layout-9d6595d7 wp-block-columns-is-layout-flex\">\n<div class=\"wp-block-column is-layout-flow wp-block-column-is-layout-flow\" style=\"flex-basis:33.33%\"><\/div>\n\n\n\n<div class=\"wp-block-column is-layout-flow wp-block-column-is-layout-flow\" style=\"flex-basis:66.66%\"><\/div>\n<\/div>\n","protected":false},"excerpt":{"rendered":"<p>Repr\u00e9sentants Employeurs et Salari\u00e9s aux CSE, nous avons concoct\u00e9 cette journ\u00e9e pour vous ! &gt; notez cette journ\u00e9e, inscriptions ICI. Cette journ\u00e9e s&rsquo;adresse \u00e0 la fois aux repr\u00e9sentants employeurs et salari\u00e9s des CSE de -50 salari\u00e9s : pour am\u00e9liorer le dialogue dans nos structures, par o\u00f9 commencer? comment animer ? Quel cadre donner et quelles&#8230; <a class=\"excerpt-read-more button\" href=\"https:\/\/aliso.fr\/initiatives\/7-nov-formation-comite-social-et-economique-vers-un-dialogue-social-de-qualite\/\" title=\"Read[7 Nov] Formation Pr\u00e9requis vers un dialogue social de qualit\u00e9\">En savoir plus &raquo;<\/a><\/p>\n","protected":false},"author":5,"featured_media":2781,"comment_status":"closed","ping_status":"open","sticky":false,"template":"","format":"standard","meta":{"footnotes":""},"categories":[11,6,19],"tags":[53,113,27,118,115,116,117,40,13,47,114],"class_list":["post-3576","post","type-post","status-publish","format-standard","has-post-thumbnail","hentry","category-actus","category-fonction-employeur","category-se-former-sinformer","tag-accompagnement","tag-administration","tag-association","tag-collectif","tag-comptable","tag-contrat","tag-convention-collective","tag-creuse","tag-employeur","tag-initiatives","tag-salarie"],"yoast_head":"<!-- This site is optimized with the Yoast SEO plugin v27.5 - https:\/\/yoast.com\/product\/yoast-seo-wordpress\/ -->\n<title>[7 Nov] Formation Pr\u00e9requis vers un dialogue social de qualit\u00e9 - Aliso Initiatives<\/title>\n<meta name=\"robots\" content=\"index, follow, max-snippet:-1, max-image-preview:large, max-video-preview:-1\" \/>\n<link rel=\"canonical\" href=\"https:\/\/aliso.fr\/initiatives\/7-nov-formation-comite-social-et-economique-vers-un-dialogue-social-de-qualite\/\" \/>\n<meta property=\"og:locale\" content=\"fr_FR\" \/>\n<meta property=\"og:type\" content=\"article\" \/>\n<meta property=\"og:title\" content=\"[7 Nov] Formation Pr\u00e9requis vers un dialogue social de qualit\u00e9 - Aliso Initiatives\" \/>\n<meta property=\"og:description\" content=\"Repr\u00e9sentants Employeurs et Salari\u00e9s aux CSE, nous avons concoct\u00e9 cette journ\u00e9e pour vous ! &gt; notez cette journ\u00e9e, inscriptions ICI. Cette journ\u00e9e s&rsquo;adresse \u00e0 la fois aux repr\u00e9sentants employeurs et salari\u00e9s des CSE de -50 salari\u00e9s : pour am\u00e9liorer le dialogue dans nos structures, par o\u00f9 commencer? comment animer ? Quel cadre donner et quelles... En savoir plus &raquo;\" \/>\n<meta property=\"og:url\" content=\"https:\/\/aliso.fr\/initiatives\/7-nov-formation-comite-social-et-economique-vers-un-dialogue-social-de-qualite\/\" \/>\n<meta property=\"og:site_name\" content=\"Aliso Initiatives\" \/>\n<meta property=\"article:published_time\" content=\"2025-09-05T14:29:51+00:00\" \/>\n<meta property=\"article:modified_time\" content=\"2025-12-11T16:23:14+00:00\" \/>\n<meta property=\"og:image\" content=\"https:\/\/aliso.fr\/initiatives\/wp-content\/uploads\/sites\/2\/2023\/08\/playmobil-gec3fdeff9_1920-768x576-1.jpg\" \/>\n\t<meta property=\"og:image:width\" content=\"768\" \/>\n\t<meta property=\"og:image:height\" content=\"576\" \/>\n\t<meta property=\"og:image:type\" content=\"image\/jpeg\" \/>\n<meta name=\"author\" content=\"pascal\" \/>\n<meta name=\"twitter:card\" content=\"summary_large_image\" \/>\n<script type=\"application\/ld+json\" class=\"yoast-schema-graph\">{\"@context\":\"https:\\\/\\\/schema.org\",\"@graph\":[{\"@type\":\"Article\",\"@id\":\"https:\\\/\\\/aliso.fr\\\/initiatives\\\/7-nov-formation-comite-social-et-economique-vers-un-dialogue-social-de-qualite\\\/#article\",\"isPartOf\":{\"@id\":\"https:\\\/\\\/aliso.fr\\\/initiatives\\\/7-nov-formation-comite-social-et-economique-vers-un-dialogue-social-de-qualite\\\/\"},\"author\":{\"name\":\"pascal\",\"@id\":\"https:\\\/\\\/aliso.fr\\\/initiatives\\\/#\\\/schema\\\/person\\\/ac5889082625d5c95b51fac19f3d9b86\"},\"headline\":\"[7 Nov] Formation Pr\u00e9requis vers un dialogue social de qualit\u00e9\",\"datePublished\":\"2025-09-05T14:29:51+00:00\",\"dateModified\":\"2025-12-11T16:23:14+00:00\",\"mainEntityOfPage\":{\"@id\":\"https:\\\/\\\/aliso.fr\\\/initiatives\\\/7-nov-formation-comite-social-et-economique-vers-un-dialogue-social-de-qualite\\\/\"},\"wordCount\":273,\"publisher\":{\"@id\":\"https:\\\/\\\/aliso.fr\\\/initiatives\\\/#organization\"},\"image\":{\"@id\":\"https:\\\/\\\/aliso.fr\\\/initiatives\\\/7-nov-formation-comite-social-et-economique-vers-un-dialogue-social-de-qualite\\\/#primaryimage\"},\"thumbnailUrl\":\"https:\\\/\\\/aliso.fr\\\/initiatives\\\/wp-content\\\/uploads\\\/sites\\\/2\\\/2023\\\/08\\\/playmobil-gec3fdeff9_1920-768x576-1.jpg\",\"keywords\":[\"accompagnement\",\"administration\",\"association\",\"collectif\",\"comptable\",\"contrat\",\"convention collective\",\"Creuse\",\"employeur\",\"initiatives\",\"salari\u00e9\"],\"articleSection\":[\"Actualit\u00e9s\",\"Fonction employeur\",\"Se former, s\u2019informer\"],\"inLanguage\":\"fr-FR\"},{\"@type\":\"WebPage\",\"@id\":\"https:\\\/\\\/aliso.fr\\\/initiatives\\\/7-nov-formation-comite-social-et-economique-vers-un-dialogue-social-de-qualite\\\/\",\"url\":\"https:\\\/\\\/aliso.fr\\\/initiatives\\\/7-nov-formation-comite-social-et-economique-vers-un-dialogue-social-de-qualite\\\/\",\"name\":\"[7 Nov] Formation Pr\u00e9requis vers un dialogue social de qualit\u00e9 - Aliso Initiatives\",\"isPartOf\":{\"@id\":\"https:\\\/\\\/aliso.fr\\\/initiatives\\\/#website\"},\"primaryImageOfPage\":{\"@id\":\"https:\\\/\\\/aliso.fr\\\/initiatives\\\/7-nov-formation-comite-social-et-economique-vers-un-dialogue-social-de-qualite\\\/#primaryimage\"},\"image\":{\"@id\":\"https:\\\/\\\/aliso.fr\\\/initiatives\\\/7-nov-formation-comite-social-et-economique-vers-un-dialogue-social-de-qualite\\\/#primaryimage\"},\"thumbnailUrl\":\"https:\\\/\\\/aliso.fr\\\/initiatives\\\/wp-content\\\/uploads\\\/sites\\\/2\\\/2023\\\/08\\\/playmobil-gec3fdeff9_1920-768x576-1.jpg\",\"datePublished\":\"2025-09-05T14:29:51+00:00\",\"dateModified\":\"2025-12-11T16:23:14+00:00\",\"breadcrumb\":{\"@id\":\"https:\\\/\\\/aliso.fr\\\/initiatives\\\/7-nov-formation-comite-social-et-economique-vers-un-dialogue-social-de-qualite\\\/#breadcrumb\"},\"inLanguage\":\"fr-FR\",\"potentialAction\":[{\"@type\":\"ReadAction\",\"target\":[\"https:\\\/\\\/aliso.fr\\\/initiatives\\\/7-nov-formation-comite-social-et-economique-vers-un-dialogue-social-de-qualite\\\/\"]}]},{\"@type\":\"ImageObject\",\"inLanguage\":\"fr-FR\",\"@id\":\"https:\\\/\\\/aliso.fr\\\/initiatives\\\/7-nov-formation-comite-social-et-economique-vers-un-dialogue-social-de-qualite\\\/#primaryimage\",\"url\":\"https:\\\/\\\/aliso.fr\\\/initiatives\\\/wp-content\\\/uploads\\\/sites\\\/2\\\/2023\\\/08\\\/playmobil-gec3fdeff9_1920-768x576-1.jpg\",\"contentUrl\":\"https:\\\/\\\/aliso.fr\\\/initiatives\\\/wp-content\\\/uploads\\\/sites\\\/2\\\/2023\\\/08\\\/playmobil-gec3fdeff9_1920-768x576-1.jpg\",\"width\":768,\"height\":576},{\"@type\":\"BreadcrumbList\",\"@id\":\"https:\\\/\\\/aliso.fr\\\/initiatives\\\/7-nov-formation-comite-social-et-economique-vers-un-dialogue-social-de-qualite\\\/#breadcrumb\",\"itemListElement\":[{\"@type\":\"ListItem\",\"position\":1,\"name\":\"Accueil\",\"item\":\"https:\\\/\\\/aliso.fr\\\/initiatives\\\/\"},{\"@type\":\"ListItem\",\"position\":2,\"name\":\"Ressources et outils\",\"item\":\"https:\\\/\\\/aliso.fr\\\/initiatives\\\/ressources-et-outils\\\/\"},{\"@type\":\"ListItem\",\"position\":3,\"name\":\"Fonction employeur\",\"item\":\"https:\\\/\\\/aliso.fr\\\/initiatives\\\/ressources-et-outils\\\/fonction-employeur\\\/\"},{\"@type\":\"ListItem\",\"position\":4,\"name\":\"[7 Nov] Formation Pr\u00e9requis vers un dialogue social de qualit\u00e9\"}]},{\"@type\":\"WebSite\",\"@id\":\"https:\\\/\\\/aliso.fr\\\/initiatives\\\/#website\",\"url\":\"https:\\\/\\\/aliso.fr\\\/initiatives\\\/\",\"name\":\"Aliso Initiatives\",\"description\":\"R\u00e9seau Creusois des acteurs du lien social\",\"publisher\":{\"@id\":\"https:\\\/\\\/aliso.fr\\\/initiatives\\\/#organization\"},\"potentialAction\":[{\"@type\":\"SearchAction\",\"target\":{\"@type\":\"EntryPoint\",\"urlTemplate\":\"https:\\\/\\\/aliso.fr\\\/initiatives\\\/?s={search_term_string}\"},\"query-input\":{\"@type\":\"PropertyValueSpecification\",\"valueRequired\":true,\"valueName\":\"search_term_string\"}}],\"inLanguage\":\"fr-FR\"},{\"@type\":\"Organization\",\"@id\":\"https:\\\/\\\/aliso.fr\\\/initiatives\\\/#organization\",\"name\":\"Aliso Initiatives\",\"url\":\"https:\\\/\\\/aliso.fr\\\/initiatives\\\/\",\"logo\":{\"@type\":\"ImageObject\",\"inLanguage\":\"fr-FR\",\"@id\":\"https:\\\/\\\/aliso.fr\\\/initiatives\\\/#\\\/schema\\\/logo\\\/image\\\/\",\"url\":\"https:\\\/\\\/aliso.fr\\\/initiatives\\\/wp-content\\\/uploads\\\/sites\\\/2\\\/2022\\\/01\\\/Logo-ALISO-Initiatives-2.png\",\"contentUrl\":\"https:\\\/\\\/aliso.fr\\\/initiatives\\\/wp-content\\\/uploads\\\/sites\\\/2\\\/2022\\\/01\\\/Logo-ALISO-Initiatives-2.png\",\"width\":900,\"height\":657,\"caption\":\"Aliso Initiatives\"},\"image\":{\"@id\":\"https:\\\/\\\/aliso.fr\\\/initiatives\\\/#\\\/schema\\\/logo\\\/image\\\/\"}},{\"@type\":\"Person\",\"@id\":\"https:\\\/\\\/aliso.fr\\\/initiatives\\\/#\\\/schema\\\/person\\\/ac5889082625d5c95b51fac19f3d9b86\",\"name\":\"pascal\"}]}<\/script>\n<!-- \/ Yoast SEO plugin. -->","yoast_head_json":{"title":"[7 Nov] Formation Pr\u00e9requis vers un dialogue social de qualit\u00e9 - Aliso Initiatives","robots":{"index":"index","follow":"follow","max-snippet":"max-snippet:-1","max-image-preview":"max-image-preview:large","max-video-preview":"max-video-preview:-1"},"canonical":"https:\/\/aliso.fr\/initiatives\/7-nov-formation-comite-social-et-economique-vers-un-dialogue-social-de-qualite\/","og_locale":"fr_FR","og_type":"article","og_title":"[7 Nov] Formation Pr\u00e9requis vers un dialogue social de qualit\u00e9 - Aliso Initiatives","og_description":"Repr\u00e9sentants Employeurs et Salari\u00e9s aux CSE, nous avons concoct\u00e9 cette journ\u00e9e pour vous ! &gt; notez cette journ\u00e9e, inscriptions ICI. Cette journ\u00e9e s&rsquo;adresse \u00e0 la fois aux repr\u00e9sentants employeurs et salari\u00e9s des CSE de -50 salari\u00e9s : pour am\u00e9liorer le dialogue dans nos structures, par o\u00f9 commencer? comment animer ? Quel cadre donner et quelles... En savoir plus &raquo;","og_url":"https:\/\/aliso.fr\/initiatives\/7-nov-formation-comite-social-et-economique-vers-un-dialogue-social-de-qualite\/","og_site_name":"Aliso Initiatives","article_published_time":"2025-09-05T14:29:51+00:00","article_modified_time":"2025-12-11T16:23:14+00:00","og_image":[{"width":768,"height":576,"url":"https:\/\/aliso.fr\/initiatives\/wp-content\/uploads\/sites\/2\/2023\/08\/playmobil-gec3fdeff9_1920-768x576-1.jpg","type":"image\/jpeg"}],"author":"pascal","twitter_card":"summary_large_image","schema":{"@context":"https:\/\/schema.org","@graph":[{"@type":"Article","@id":"https:\/\/aliso.fr\/initiatives\/7-nov-formation-comite-social-et-economique-vers-un-dialogue-social-de-qualite\/#article","isPartOf":{"@id":"https:\/\/aliso.fr\/initiatives\/7-nov-formation-comite-social-et-economique-vers-un-dialogue-social-de-qualite\/"},"author":{"name":"pascal","@id":"https:\/\/aliso.fr\/initiatives\/#\/schema\/person\/ac5889082625d5c95b51fac19f3d9b86"},"headline":"[7 Nov] Formation Pr\u00e9requis vers un dialogue social de qualit\u00e9","datePublished":"2025-09-05T14:29:51+00:00","dateModified":"2025-12-11T16:23:14+00:00","mainEntityOfPage":{"@id":"https:\/\/aliso.fr\/initiatives\/7-nov-formation-comite-social-et-economique-vers-un-dialogue-social-de-qualite\/"},"wordCount":273,"publisher":{"@id":"https:\/\/aliso.fr\/initiatives\/#organization"},"image":{"@id":"https:\/\/aliso.fr\/initiatives\/7-nov-formation-comite-social-et-economique-vers-un-dialogue-social-de-qualite\/#primaryimage"},"thumbnailUrl":"https:\/\/aliso.fr\/initiatives\/wp-content\/uploads\/sites\/2\/2023\/08\/playmobil-gec3fdeff9_1920-768x576-1.jpg","keywords":["accompagnement","administration","association","collectif","comptable","contrat","convention collective","Creuse","employeur","initiatives","salari\u00e9"],"articleSection":["Actualit\u00e9s","Fonction employeur","Se former, s\u2019informer"],"inLanguage":"fr-FR"},{"@type":"WebPage","@id":"https:\/\/aliso.fr\/initiatives\/7-nov-formation-comite-social-et-economique-vers-un-dialogue-social-de-qualite\/","url":"https:\/\/aliso.fr\/initiatives\/7-nov-formation-comite-social-et-economique-vers-un-dialogue-social-de-qualite\/","name":"[7 Nov] Formation Pr\u00e9requis vers un dialogue social de qualit\u00e9 - Aliso Initiatives","isPartOf":{"@id":"https:\/\/aliso.fr\/initiatives\/#website"},"primaryImageOfPage":{"@id":"https:\/\/aliso.fr\/initiatives\/7-nov-formation-comite-social-et-economique-vers-un-dialogue-social-de-qualite\/#primaryimage"},"image":{"@id":"https:\/\/aliso.fr\/initiatives\/7-nov-formation-comite-social-et-economique-vers-un-dialogue-social-de-qualite\/#primaryimage"},"thumbnailUrl":"https:\/\/aliso.fr\/initiatives\/wp-content\/uploads\/sites\/2\/2023\/08\/playmobil-gec3fdeff9_1920-768x576-1.jpg","datePublished":"2025-09-05T14:29:51+00:00","dateModified":"2025-12-11T16:23:14+00:00","breadcrumb":{"@id":"https:\/\/aliso.fr\/initiatives\/7-nov-formation-comite-social-et-economique-vers-un-dialogue-social-de-qualite\/#breadcrumb"},"inLanguage":"fr-FR","potentialAction":[{"@type":"ReadAction","target":["https:\/\/aliso.fr\/initiatives\/7-nov-formation-comite-social-et-economique-vers-un-dialogue-social-de-qualite\/"]}]},{"@type":"ImageObject","inLanguage":"fr-FR","@id":"https:\/\/aliso.fr\/initiatives\/7-nov-formation-comite-social-et-economique-vers-un-dialogue-social-de-qualite\/#primaryimage","url":"https:\/\/aliso.fr\/initiatives\/wp-content\/uploads\/sites\/2\/2023\/08\/playmobil-gec3fdeff9_1920-768x576-1.jpg","contentUrl":"https:\/\/aliso.fr\/initiatives\/wp-content\/uploads\/sites\/2\/2023\/08\/playmobil-gec3fdeff9_1920-768x576-1.jpg","width":768,"height":576},{"@type":"BreadcrumbList","@id":"https:\/\/aliso.fr\/initiatives\/7-nov-formation-comite-social-et-economique-vers-un-dialogue-social-de-qualite\/#breadcrumb","itemListElement":[{"@type":"ListItem","position":1,"name":"Accueil","item":"https:\/\/aliso.fr\/initiatives\/"},{"@type":"ListItem","position":2,"name":"Ressources et outils","item":"https:\/\/aliso.fr\/initiatives\/ressources-et-outils\/"},{"@type":"ListItem","position":3,"name":"Fonction employeur","item":"https:\/\/aliso.fr\/initiatives\/ressources-et-outils\/fonction-employeur\/"},{"@type":"ListItem","position":4,"name":"[7 Nov] Formation Pr\u00e9requis vers un dialogue social de qualit\u00e9"}]},{"@type":"WebSite","@id":"https:\/\/aliso.fr\/initiatives\/#website","url":"https:\/\/aliso.fr\/initiatives\/","name":"Aliso Initiatives","description":"R\u00e9seau Creusois des acteurs du lien social","publisher":{"@id":"https:\/\/aliso.fr\/initiatives\/#organization"},"potentialAction":[{"@type":"SearchAction","target":{"@type":"EntryPoint","urlTemplate":"https:\/\/aliso.fr\/initiatives\/?s={search_term_string}"},"query-input":{"@type":"PropertyValueSpecification","valueRequired":true,"valueName":"search_term_string"}}],"inLanguage":"fr-FR"},{"@type":"Organization","@id":"https:\/\/aliso.fr\/initiatives\/#organization","name":"Aliso Initiatives","url":"https:\/\/aliso.fr\/initiatives\/","logo":{"@type":"ImageObject","inLanguage":"fr-FR","@id":"https:\/\/aliso.fr\/initiatives\/#\/schema\/logo\/image\/","url":"https:\/\/aliso.fr\/initiatives\/wp-content\/uploads\/sites\/2\/2022\/01\/Logo-ALISO-Initiatives-2.png","contentUrl":"https:\/\/aliso.fr\/initiatives\/wp-content\/uploads\/sites\/2\/2022\/01\/Logo-ALISO-Initiatives-2.png","width":900,"height":657,"caption":"Aliso Initiatives"},"image":{"@id":"https:\/\/aliso.fr\/initiatives\/#\/schema\/logo\/image\/"}},{"@type":"Person","@id":"https:\/\/aliso.fr\/initiatives\/#\/schema\/person\/ac5889082625d5c95b51fac19f3d9b86","name":"pascal"}]}},"_links":{"self":[{"href":"https:\/\/aliso.fr\/initiatives\/wp-json\/wp\/v2\/posts\/3576","targetHints":{"allow":["GET"]}}],"collection":[{"href":"https:\/\/aliso.fr\/initiatives\/wp-json\/wp\/v2\/posts"}],"about":[{"href":"https:\/\/aliso.fr\/initiatives\/wp-json\/wp\/v2\/types\/post"}],"author":[{"embeddable":true,"href":"https:\/\/aliso.fr\/initiatives\/wp-json\/wp\/v2\/users\/5"}],"replies":[{"embeddable":true,"href":"https:\/\/aliso.fr\/initiatives\/wp-json\/wp\/v2\/comments?post=3576"}],"version-history":[{"count":5,"href":"https:\/\/aliso.fr\/initiatives\/wp-json\/wp\/v2\/posts\/3576\/revisions"}],"predecessor-version":[{"id":3603,"href":"https:\/\/aliso.fr\/initiatives\/wp-json\/wp\/v2\/posts\/3576\/revisions\/3603"}],"wp:featuredmedia":[{"embeddable":true,"href":"https:\/\/aliso.fr\/initiatives\/wp-json\/wp\/v2\/media\/2781"}],"wp:attachment":[{"href":"https:\/\/aliso.fr\/initiatives\/wp-json\/wp\/v2\/media?parent=3576"}],"wp:term":[{"taxonomy":"category","embeddable":true,"href":"https:\/\/aliso.fr\/initiatives\/wp-json\/wp\/v2\/categories?post=3576"},{"taxonomy":"post_tag","embeddable":true,"href":"https:\/\/aliso.fr\/initiatives\/wp-json\/wp\/v2\/tags?post=3576"}],"curies":[{"name":"wp","href":"https:\/\/api.w.org\/{rel}","templated":true}]}}