{"id":3579,"date":"2025-09-04T12:30:35","date_gmt":"2025-09-04T10:30:35","guid":{"rendered":"https:\/\/aliso.fr\/initiatives\/?p=3579"},"modified":"2025-09-04T12:31:21","modified_gmt":"2025-09-04T10:31:21","slug":"formations-en-creuse-le-programme-relief-est-lance","status":"publish","type":"post","link":"https:\/\/aliso.fr\/initiatives\/formations-en-creuse-le-programme-relief-est-lance\/","title":{"rendered":"Formations en Creuse: le programme Relief est lanc\u00e9 !"},"content":{"rendered":"\n<h2 class=\"wp-block-heading\">Organisme de formation cr\u00e9\u00e9 par un collectif d&rsquo;acteurs ruraux de Creuse et Limousin, RELIEF lance son programme de formation \u00e0 destinations de tou.te.s d\u00e8s cet automne.<\/h2>\n\n\n\n<div class=\"wp-block-columns is-layout-flex wp-container-core-columns-is-layout-9d6595d7 wp-block-columns-is-layout-flex\">\n<div class=\"wp-block-column is-layout-flow wp-block-column-is-layout-flow\" style=\"flex-basis:33.33%\">\n<figure class=\"wp-block-image size-full\"><img loading=\"lazy\" decoding=\"async\" width=\"676\" height=\"470\" src=\"https:\/\/aliso.fr\/initiatives\/wp-content\/uploads\/sites\/2\/2025\/09\/Sans-titre.jpg\" alt=\"\" class=\"wp-image-3580\" srcset=\"https:\/\/aliso.fr\/initiatives\/wp-content\/uploads\/sites\/2\/2025\/09\/Sans-titre.jpg 676w, https:\/\/aliso.fr\/initiatives\/wp-content\/uploads\/sites\/2\/2025\/09\/Sans-titre-300x209.jpg 300w\" sizes=\"auto, (max-width: 676px) 100vw, 676px\" \/><\/figure>\n<\/div>\n\n\n\n<div class=\"wp-block-column is-layout-flow wp-block-column-is-layout-flow\" style=\"flex-basis:66.66%\">\n<p class=\"has-large-font-size\">Au programme, des formations vari\u00e9es, pour mieux vivre et travailler sur notre territoire : de la conservation des aliments \u00e0 la pratique de l&rsquo;enduit chaux, en passant par quelques sessions qui ont trait \u00e0 la vie au travail et en association : Organiser son temps au travail et ailleurs, Gestes et postures au travail, Risques psycho sociaux et une formation de formateurs : l&rsquo;ensemble du <a href=\"https:\/\/nuage.aliso.fr\/index.php\/s\/XnyDMeyoJzetLZy\">programme de la saison est accessible ici !<\/a><\/p>\n<\/div>\n<\/div>\n\n\n\n<div class=\"wp-block-columns is-layout-flex wp-container-core-columns-is-layout-9d6595d7 wp-block-columns-is-layout-flex\">\n<div class=\"wp-block-column is-layout-flow wp-block-column-is-layout-flow\" style=\"flex-basis:33.33%\"><\/div>\n\n\n\n<div class=\"wp-block-column is-layout-flow wp-block-column-is-layout-flow\" style=\"flex-basis:66.66%\"><\/div>\n<\/div>\n\n\n\n<p><\/p>\n","protected":false},"excerpt":{"rendered":"<p>Organisme de formation cr\u00e9\u00e9 par un collectif d&rsquo;acteurs ruraux de Creuse et Limousin, RELIEF lance son programme de formation \u00e0 destinations de tou.te.s d\u00e8s cet automne. Au programme, des formations vari\u00e9es, pour mieux vivre et travailler sur notre territoire : de la conservation des aliments \u00e0 la pratique de l&rsquo;enduit chaux, en passant par quelques&#8230; <a class=\"excerpt-read-more button\" href=\"https:\/\/aliso.fr\/initiatives\/formations-en-creuse-le-programme-relief-est-lance\/\" title=\"ReadFormations en Creuse: le programme Relief est lanc\u00e9 !\">En savoir plus &raquo;<\/a><\/p>\n","protected":false},"author":5,"featured_media":3581,"comment_status":"closed","ping_status":"open","sticky":false,"template":"","format":"standard","meta":{"footnotes":""},"categories":[11,19],"tags":[53,113,27,118,115,116,117,40,13,47,114],"class_list":["post-3579","post","type-post","status-publish","format-standard","has-post-thumbnail","hentry","category-actus","category-se-former-sinformer","tag-accompagnement","tag-administration","tag-association","tag-collectif","tag-comptable","tag-contrat","tag-convention-collective","tag-creuse","tag-employeur","tag-initiatives","tag-salarie"],"yoast_head":"<!-- This site is optimized with the Yoast SEO plugin v27.5 - https:\/\/yoast.com\/product\/yoast-seo-wordpress\/ -->\n<title>Formations en Creuse: le programme Relief est lanc\u00e9 ! - Aliso Initiatives<\/title>\n<meta name=\"robots\" content=\"index, follow, max-snippet:-1, max-image-preview:large, max-video-preview:-1\" \/>\n<link rel=\"canonical\" href=\"https:\/\/aliso.fr\/initiatives\/formations-en-creuse-le-programme-relief-est-lance\/\" \/>\n<meta property=\"og:locale\" content=\"fr_FR\" \/>\n<meta property=\"og:type\" content=\"article\" \/>\n<meta property=\"og:title\" content=\"Formations en Creuse: le programme Relief est lanc\u00e9 ! - Aliso Initiatives\" \/>\n<meta property=\"og:description\" content=\"Organisme de formation cr\u00e9\u00e9 par un collectif d&rsquo;acteurs ruraux de Creuse et Limousin, RELIEF lance son programme de formation \u00e0 destinations de tou.te.s d\u00e8s cet automne. Au programme, des formations vari\u00e9es, pour mieux vivre et travailler sur notre territoire : de la conservation des aliments \u00e0 la pratique de l&rsquo;enduit chaux, en passant par quelques... En savoir plus &raquo;\" \/>\n<meta property=\"og:url\" content=\"https:\/\/aliso.fr\/initiatives\/formations-en-creuse-le-programme-relief-est-lance\/\" \/>\n<meta property=\"og:site_name\" content=\"Aliso Initiatives\" \/>\n<meta property=\"article:published_time\" content=\"2025-09-04T10:30:35+00:00\" \/>\n<meta property=\"article:modified_time\" content=\"2025-09-04T10:31:21+00:00\" \/>\n<meta property=\"og:image\" content=\"https:\/\/aliso.fr\/initiatives\/wp-content\/uploads\/sites\/2\/2025\/09\/visuel-relief.jpg\" \/>\n\t<meta property=\"og:image:width\" content=\"190\" \/>\n\t<meta property=\"og:image:height\" content=\"211\" \/>\n\t<meta property=\"og:image:type\" content=\"image\/jpeg\" \/>\n<meta name=\"author\" content=\"pascal\" \/>\n<meta name=\"twitter:card\" content=\"summary_large_image\" \/>\n<script type=\"application\/ld+json\" class=\"yoast-schema-graph\">{\"@context\":\"https:\\\/\\\/schema.org\",\"@graph\":[{\"@type\":\"Article\",\"@id\":\"https:\\\/\\\/aliso.fr\\\/initiatives\\\/formations-en-creuse-le-programme-relief-est-lance\\\/#article\",\"isPartOf\":{\"@id\":\"https:\\\/\\\/aliso.fr\\\/initiatives\\\/formations-en-creuse-le-programme-relief-est-lance\\\/\"},\"author\":{\"name\":\"pascal\",\"@id\":\"https:\\\/\\\/aliso.fr\\\/initiatives\\\/#\\\/schema\\\/person\\\/ac5889082625d5c95b51fac19f3d9b86\"},\"headline\":\"Formations en Creuse: le programme Relief est lanc\u00e9 !\",\"datePublished\":\"2025-09-04T10:30:35+00:00\",\"dateModified\":\"2025-09-04T10:31:21+00:00\",\"mainEntityOfPage\":{\"@id\":\"https:\\\/\\\/aliso.fr\\\/initiatives\\\/formations-en-creuse-le-programme-relief-est-lance\\\/\"},\"wordCount\":107,\"publisher\":{\"@id\":\"https:\\\/\\\/aliso.fr\\\/initiatives\\\/#organization\"},\"image\":{\"@id\":\"https:\\\/\\\/aliso.fr\\\/initiatives\\\/formations-en-creuse-le-programme-relief-est-lance\\\/#primaryimage\"},\"thumbnailUrl\":\"https:\\\/\\\/aliso.fr\\\/initiatives\\\/wp-content\\\/uploads\\\/sites\\\/2\\\/2025\\\/09\\\/visuel-relief.jpg\",\"keywords\":[\"accompagnement\",\"administration\",\"association\",\"collectif\",\"comptable\",\"contrat\",\"convention collective\",\"Creuse\",\"employeur\",\"initiatives\",\"salari\u00e9\"],\"articleSection\":[\"Actualit\u00e9s\",\"Se former, s\u2019informer\"],\"inLanguage\":\"fr-FR\"},{\"@type\":\"WebPage\",\"@id\":\"https:\\\/\\\/aliso.fr\\\/initiatives\\\/formations-en-creuse-le-programme-relief-est-lance\\\/\",\"url\":\"https:\\\/\\\/aliso.fr\\\/initiatives\\\/formations-en-creuse-le-programme-relief-est-lance\\\/\",\"name\":\"Formations en Creuse: le programme Relief est lanc\u00e9 ! - Aliso Initiatives\",\"isPartOf\":{\"@id\":\"https:\\\/\\\/aliso.fr\\\/initiatives\\\/#website\"},\"primaryImageOfPage\":{\"@id\":\"https:\\\/\\\/aliso.fr\\\/initiatives\\\/formations-en-creuse-le-programme-relief-est-lance\\\/#primaryimage\"},\"image\":{\"@id\":\"https:\\\/\\\/aliso.fr\\\/initiatives\\\/formations-en-creuse-le-programme-relief-est-lance\\\/#primaryimage\"},\"thumbnailUrl\":\"https:\\\/\\\/aliso.fr\\\/initiatives\\\/wp-content\\\/uploads\\\/sites\\\/2\\\/2025\\\/09\\\/visuel-relief.jpg\",\"datePublished\":\"2025-09-04T10:30:35+00:00\",\"dateModified\":\"2025-09-04T10:31:21+00:00\",\"breadcrumb\":{\"@id\":\"https:\\\/\\\/aliso.fr\\\/initiatives\\\/formations-en-creuse-le-programme-relief-est-lance\\\/#breadcrumb\"},\"inLanguage\":\"fr-FR\",\"potentialAction\":[{\"@type\":\"ReadAction\",\"target\":[\"https:\\\/\\\/aliso.fr\\\/initiatives\\\/formations-en-creuse-le-programme-relief-est-lance\\\/\"]}]},{\"@type\":\"ImageObject\",\"inLanguage\":\"fr-FR\",\"@id\":\"https:\\\/\\\/aliso.fr\\\/initiatives\\\/formations-en-creuse-le-programme-relief-est-lance\\\/#primaryimage\",\"url\":\"https:\\\/\\\/aliso.fr\\\/initiatives\\\/wp-content\\\/uploads\\\/sites\\\/2\\\/2025\\\/09\\\/visuel-relief.jpg\",\"contentUrl\":\"https:\\\/\\\/aliso.fr\\\/initiatives\\\/wp-content\\\/uploads\\\/sites\\\/2\\\/2025\\\/09\\\/visuel-relief.jpg\",\"width\":190,\"height\":211},{\"@type\":\"BreadcrumbList\",\"@id\":\"https:\\\/\\\/aliso.fr\\\/initiatives\\\/formations-en-creuse-le-programme-relief-est-lance\\\/#breadcrumb\",\"itemListElement\":[{\"@type\":\"ListItem\",\"position\":1,\"name\":\"Accueil\",\"item\":\"https:\\\/\\\/aliso.fr\\\/initiatives\\\/\"},{\"@type\":\"ListItem\",\"position\":2,\"name\":\"Actualit\u00e9s\",\"item\":\"https:\\\/\\\/aliso.fr\\\/initiatives\\\/actus\\\/\"},{\"@type\":\"ListItem\",\"position\":3,\"name\":\"Formations en Creuse: le programme Relief est lanc\u00e9 !\"}]},{\"@type\":\"WebSite\",\"@id\":\"https:\\\/\\\/aliso.fr\\\/initiatives\\\/#website\",\"url\":\"https:\\\/\\\/aliso.fr\\\/initiatives\\\/\",\"name\":\"Aliso Initiatives\",\"description\":\"R\u00e9seau Creusois des acteurs du lien social\",\"publisher\":{\"@id\":\"https:\\\/\\\/aliso.fr\\\/initiatives\\\/#organization\"},\"potentialAction\":[{\"@type\":\"SearchAction\",\"target\":{\"@type\":\"EntryPoint\",\"urlTemplate\":\"https:\\\/\\\/aliso.fr\\\/initiatives\\\/?s={search_term_string}\"},\"query-input\":{\"@type\":\"PropertyValueSpecification\",\"valueRequired\":true,\"valueName\":\"search_term_string\"}}],\"inLanguage\":\"fr-FR\"},{\"@type\":\"Organization\",\"@id\":\"https:\\\/\\\/aliso.fr\\\/initiatives\\\/#organization\",\"name\":\"Aliso Initiatives\",\"url\":\"https:\\\/\\\/aliso.fr\\\/initiatives\\\/\",\"logo\":{\"@type\":\"ImageObject\",\"inLanguage\":\"fr-FR\",\"@id\":\"https:\\\/\\\/aliso.fr\\\/initiatives\\\/#\\\/schema\\\/logo\\\/image\\\/\",\"url\":\"https:\\\/\\\/aliso.fr\\\/initiatives\\\/wp-content\\\/uploads\\\/sites\\\/2\\\/2022\\\/01\\\/Logo-ALISO-Initiatives-2.png\",\"contentUrl\":\"https:\\\/\\\/aliso.fr\\\/initiatives\\\/wp-content\\\/uploads\\\/sites\\\/2\\\/2022\\\/01\\\/Logo-ALISO-Initiatives-2.png\",\"width\":900,\"height\":657,\"caption\":\"Aliso Initiatives\"},\"image\":{\"@id\":\"https:\\\/\\\/aliso.fr\\\/initiatives\\\/#\\\/schema\\\/logo\\\/image\\\/\"}},{\"@type\":\"Person\",\"@id\":\"https:\\\/\\\/aliso.fr\\\/initiatives\\\/#\\\/schema\\\/person\\\/ac5889082625d5c95b51fac19f3d9b86\",\"name\":\"pascal\"}]}<\/script>\n<!-- \/ Yoast SEO plugin. -->","yoast_head_json":{"title":"Formations en Creuse: le programme Relief est lanc\u00e9 ! - Aliso Initiatives","robots":{"index":"index","follow":"follow","max-snippet":"max-snippet:-1","max-image-preview":"max-image-preview:large","max-video-preview":"max-video-preview:-1"},"canonical":"https:\/\/aliso.fr\/initiatives\/formations-en-creuse-le-programme-relief-est-lance\/","og_locale":"fr_FR","og_type":"article","og_title":"Formations en Creuse: le programme Relief est lanc\u00e9 ! - Aliso Initiatives","og_description":"Organisme de formation cr\u00e9\u00e9 par un collectif d&rsquo;acteurs ruraux de Creuse et Limousin, RELIEF lance son programme de formation \u00e0 destinations de tou.te.s d\u00e8s cet automne. Au programme, des formations vari\u00e9es, pour mieux vivre et travailler sur notre territoire : de la conservation des aliments \u00e0 la pratique de l&rsquo;enduit chaux, en passant par quelques... En savoir plus &raquo;","og_url":"https:\/\/aliso.fr\/initiatives\/formations-en-creuse-le-programme-relief-est-lance\/","og_site_name":"Aliso Initiatives","article_published_time":"2025-09-04T10:30:35+00:00","article_modified_time":"2025-09-04T10:31:21+00:00","og_image":[{"width":190,"height":211,"url":"https:\/\/aliso.fr\/initiatives\/wp-content\/uploads\/sites\/2\/2025\/09\/visuel-relief.jpg","type":"image\/jpeg"}],"author":"pascal","twitter_card":"summary_large_image","schema":{"@context":"https:\/\/schema.org","@graph":[{"@type":"Article","@id":"https:\/\/aliso.fr\/initiatives\/formations-en-creuse-le-programme-relief-est-lance\/#article","isPartOf":{"@id":"https:\/\/aliso.fr\/initiatives\/formations-en-creuse-le-programme-relief-est-lance\/"},"author":{"name":"pascal","@id":"https:\/\/aliso.fr\/initiatives\/#\/schema\/person\/ac5889082625d5c95b51fac19f3d9b86"},"headline":"Formations en Creuse: le programme Relief est lanc\u00e9 !","datePublished":"2025-09-04T10:30:35+00:00","dateModified":"2025-09-04T10:31:21+00:00","mainEntityOfPage":{"@id":"https:\/\/aliso.fr\/initiatives\/formations-en-creuse-le-programme-relief-est-lance\/"},"wordCount":107,"publisher":{"@id":"https:\/\/aliso.fr\/initiatives\/#organization"},"image":{"@id":"https:\/\/aliso.fr\/initiatives\/formations-en-creuse-le-programme-relief-est-lance\/#primaryimage"},"thumbnailUrl":"https:\/\/aliso.fr\/initiatives\/wp-content\/uploads\/sites\/2\/2025\/09\/visuel-relief.jpg","keywords":["accompagnement","administration","association","collectif","comptable","contrat","convention collective","Creuse","employeur","initiatives","salari\u00e9"],"articleSection":["Actualit\u00e9s","Se former, s\u2019informer"],"inLanguage":"fr-FR"},{"@type":"WebPage","@id":"https:\/\/aliso.fr\/initiatives\/formations-en-creuse-le-programme-relief-est-lance\/","url":"https:\/\/aliso.fr\/initiatives\/formations-en-creuse-le-programme-relief-est-lance\/","name":"Formations en Creuse: le programme Relief est lanc\u00e9 ! - Aliso Initiatives","isPartOf":{"@id":"https:\/\/aliso.fr\/initiatives\/#website"},"primaryImageOfPage":{"@id":"https:\/\/aliso.fr\/initiatives\/formations-en-creuse-le-programme-relief-est-lance\/#primaryimage"},"image":{"@id":"https:\/\/aliso.fr\/initiatives\/formations-en-creuse-le-programme-relief-est-lance\/#primaryimage"},"thumbnailUrl":"https:\/\/aliso.fr\/initiatives\/wp-content\/uploads\/sites\/2\/2025\/09\/visuel-relief.jpg","datePublished":"2025-09-04T10:30:35+00:00","dateModified":"2025-09-04T10:31:21+00:00","breadcrumb":{"@id":"https:\/\/aliso.fr\/initiatives\/formations-en-creuse-le-programme-relief-est-lance\/#breadcrumb"},"inLanguage":"fr-FR","potentialAction":[{"@type":"ReadAction","target":["https:\/\/aliso.fr\/initiatives\/formations-en-creuse-le-programme-relief-est-lance\/"]}]},{"@type":"ImageObject","inLanguage":"fr-FR","@id":"https:\/\/aliso.fr\/initiatives\/formations-en-creuse-le-programme-relief-est-lance\/#primaryimage","url":"https:\/\/aliso.fr\/initiatives\/wp-content\/uploads\/sites\/2\/2025\/09\/visuel-relief.jpg","contentUrl":"https:\/\/aliso.fr\/initiatives\/wp-content\/uploads\/sites\/2\/2025\/09\/visuel-relief.jpg","width":190,"height":211},{"@type":"BreadcrumbList","@id":"https:\/\/aliso.fr\/initiatives\/formations-en-creuse-le-programme-relief-est-lance\/#breadcrumb","itemListElement":[{"@type":"ListItem","position":1,"name":"Accueil","item":"https:\/\/aliso.fr\/initiatives\/"},{"@type":"ListItem","position":2,"name":"Actualit\u00e9s","item":"https:\/\/aliso.fr\/initiatives\/actus\/"},{"@type":"ListItem","position":3,"name":"Formations en Creuse: le programme Relief est lanc\u00e9 !"}]},{"@type":"WebSite","@id":"https:\/\/aliso.fr\/initiatives\/#website","url":"https:\/\/aliso.fr\/initiatives\/","name":"Aliso Initiatives","description":"R\u00e9seau Creusois des acteurs du lien social","publisher":{"@id":"https:\/\/aliso.fr\/initiatives\/#organization"},"potentialAction":[{"@type":"SearchAction","target":{"@type":"EntryPoint","urlTemplate":"https:\/\/aliso.fr\/initiatives\/?s={search_term_string}"},"query-input":{"@type":"PropertyValueSpecification","valueRequired":true,"valueName":"search_term_string"}}],"inLanguage":"fr-FR"},{"@type":"Organization","@id":"https:\/\/aliso.fr\/initiatives\/#organization","name":"Aliso Initiatives","url":"https:\/\/aliso.fr\/initiatives\/","logo":{"@type":"ImageObject","inLanguage":"fr-FR","@id":"https:\/\/aliso.fr\/initiatives\/#\/schema\/logo\/image\/","url":"https:\/\/aliso.fr\/initiatives\/wp-content\/uploads\/sites\/2\/2022\/01\/Logo-ALISO-Initiatives-2.png","contentUrl":"https:\/\/aliso.fr\/initiatives\/wp-content\/uploads\/sites\/2\/2022\/01\/Logo-ALISO-Initiatives-2.png","width":900,"height":657,"caption":"Aliso Initiatives"},"image":{"@id":"https:\/\/aliso.fr\/initiatives\/#\/schema\/logo\/image\/"}},{"@type":"Person","@id":"https:\/\/aliso.fr\/initiatives\/#\/schema\/person\/ac5889082625d5c95b51fac19f3d9b86","name":"pascal"}]}},"_links":{"self":[{"href":"https:\/\/aliso.fr\/initiatives\/wp-json\/wp\/v2\/posts\/3579","targetHints":{"allow":["GET"]}}],"collection":[{"href":"https:\/\/aliso.fr\/initiatives\/wp-json\/wp\/v2\/posts"}],"about":[{"href":"https:\/\/aliso.fr\/initiatives\/wp-json\/wp\/v2\/types\/post"}],"author":[{"embeddable":true,"href":"https:\/\/aliso.fr\/initiatives\/wp-json\/wp\/v2\/users\/5"}],"replies":[{"embeddable":true,"href":"https:\/\/aliso.fr\/initiatives\/wp-json\/wp\/v2\/comments?post=3579"}],"version-history":[{"count":2,"href":"https:\/\/aliso.fr\/initiatives\/wp-json\/wp\/v2\/posts\/3579\/revisions"}],"predecessor-version":[{"id":3584,"href":"https:\/\/aliso.fr\/initiatives\/wp-json\/wp\/v2\/posts\/3579\/revisions\/3584"}],"wp:featuredmedia":[{"embeddable":true,"href":"https:\/\/aliso.fr\/initiatives\/wp-json\/wp\/v2\/media\/3581"}],"wp:attachment":[{"href":"https:\/\/aliso.fr\/initiatives\/wp-json\/wp\/v2\/media?parent=3579"}],"wp:term":[{"taxonomy":"category","embeddable":true,"href":"https:\/\/aliso.fr\/initiatives\/wp-json\/wp\/v2\/categories?post=3579"},{"taxonomy":"post_tag","embeddable":true,"href":"https:\/\/aliso.fr\/initiatives\/wp-json\/wp\/v2\/tags?post=3579"}],"curies":[{"name":"wp","href":"https:\/\/api.w.org\/{rel}","templated":true}]}}