{"id":3587,"date":"2025-09-04T14:52:26","date_gmt":"2025-09-04T12:52:26","guid":{"rendered":"https:\/\/aliso.fr\/initiatives\/?p=3587"},"modified":"2025-09-04T16:46:46","modified_gmt":"2025-09-04T14:46:46","slug":"formations-benevoles-associatifs-en-creuse-le-programme-de-lautomne","status":"publish","type":"post","link":"https:\/\/aliso.fr\/initiatives\/formations-benevoles-associatifs-en-creuse-le-programme-de-lautomne\/","title":{"rendered":"Formations b\u00e9n\u00e9voles associatifs en Creuse : le programme de l&rsquo;automne"},"content":{"rendered":"\n<h2 class=\"wp-block-heading\">Le nouveau programme des formations de b\u00e9n\u00e9voles est pr\u00eat pour l\u2019automne 2025 ! 13 formations sont ouvertes \u00e0 l\u2019ensemble des b\u00e9n\u00e9voles de toutes les associations. Ces formations<br>sont gratuites et sur inscription : le <a href=\"https:\/\/formations-benevoles-nouvelleaquitaine.org\/agenda-formations\/\">programme est ici<\/a>.<\/h2>\n\n\n\n<div class=\"wp-block-columns is-layout-flex wp-container-core-columns-is-layout-9d6595d7 wp-block-columns-is-layout-flex\">\n<div class=\"wp-block-column is-layout-flow wp-block-column-is-layout-flow\" style=\"flex-basis:66.66%\">\n<p class=\"has-large-font-size\">Contacts : &#x66;&#x64;&#x62;&#x32;&#x33;&#x40;&#x70;&#x72;&#x6f;&#x74;&#x6f;&#x6e;&#x6d;&#x61;&#105;&#108;&#46;&#99;&#111;&#109; &amp; 06.27.61.34.06<\/p>\n<\/div>\n<\/div>\n\n\n\n<div class=\"wp-block-columns is-layout-flex wp-container-core-columns-is-layout-9d6595d7 wp-block-columns-is-layout-flex\"><\/div>\n","protected":false},"excerpt":{"rendered":"<p>Le nouveau programme des formations de b\u00e9n\u00e9voles est pr\u00eat pour l\u2019automne 2025 ! 13 formations sont ouvertes \u00e0 l\u2019ensemble des b\u00e9n\u00e9voles de toutes les associations. Ces formationssont gratuites et sur inscription : le programme est ici. Contacts : &#102;&#x64;b&#x32;&#x33;&#64;&#x70;r&#x6f;&#x74;&#111;&#x6e;m&#x61;&#x69;&#108;&#x2e;c&#x6f;&#x6d; &amp; 06.27.61.34.06<\/p>\n","protected":false},"author":5,"featured_media":3251,"comment_status":"closed","ping_status":"open","sticky":false,"template":"","format":"standard","meta":{"footnotes":""},"categories":[11,19],"tags":[53,113,27,118,115,116,117,40,13,47,114],"class_list":["post-3587","post","type-post","status-publish","format-standard","has-post-thumbnail","hentry","category-actus","category-se-former-sinformer","tag-accompagnement","tag-administration","tag-association","tag-collectif","tag-comptable","tag-contrat","tag-convention-collective","tag-creuse","tag-employeur","tag-initiatives","tag-salarie"],"yoast_head":"<!-- This site is optimized with the Yoast SEO plugin v27.5 - https:\/\/yoast.com\/product\/yoast-seo-wordpress\/ -->\n<title>Formations b\u00e9n\u00e9voles associatifs en Creuse : le programme de l&#039;automne - Aliso Initiatives<\/title>\n<meta name=\"robots\" content=\"index, follow, max-snippet:-1, max-image-preview:large, max-video-preview:-1\" \/>\n<link rel=\"canonical\" href=\"https:\/\/aliso.fr\/initiatives\/formations-benevoles-associatifs-en-creuse-le-programme-de-lautomne\/\" \/>\n<meta property=\"og:locale\" content=\"fr_FR\" \/>\n<meta property=\"og:type\" content=\"article\" \/>\n<meta property=\"og:title\" content=\"Formations b\u00e9n\u00e9voles associatifs en Creuse : le programme de l&#039;automne - Aliso Initiatives\" \/>\n<meta property=\"og:description\" content=\"Le nouveau programme des formations de b\u00e9n\u00e9voles est pr\u00eat pour l\u2019automne 2025 ! 13 formations sont ouvertes \u00e0 l\u2019ensemble des b\u00e9n\u00e9voles de toutes les associations. Ces formationssont gratuites et sur inscription : le programme est ici. Contacts : &#102;&#100;&#x62;&#x32;&#051;&#064;&#x70;&#x72;&#111;&#116;&#x6f;&#x6e;&#109;&#097;&#x69;&#x6c;&#046;&#099;&#x6f;&#x6d; &amp; 06.27.61.34.06\" \/>\n<meta property=\"og:url\" content=\"https:\/\/aliso.fr\/initiatives\/formations-benevoles-associatifs-en-creuse-le-programme-de-lautomne\/\" \/>\n<meta property=\"og:site_name\" content=\"Aliso Initiatives\" \/>\n<meta property=\"article:published_time\" content=\"2025-09-04T12:52:26+00:00\" \/>\n<meta property=\"article:modified_time\" content=\"2025-09-04T14:46:46+00:00\" \/>\n<meta property=\"og:image\" content=\"https:\/\/aliso.fr\/initiatives\/wp-content\/uploads\/sites\/2\/\/2024\/09\/reunion-du-conseil-dadministration.png\" \/>\n\t<meta property=\"og:image:width\" content=\"1\" \/>\n\t<meta property=\"og:image:height\" content=\"1\" \/>\n\t<meta property=\"og:image:type\" content=\"image\/png\" \/>\n<meta name=\"author\" content=\"pascal\" \/>\n<meta name=\"twitter:card\" content=\"summary_large_image\" \/>\n<script type=\"application\/ld+json\" class=\"yoast-schema-graph\">{\"@context\":\"https:\\\/\\\/schema.org\",\"@graph\":[{\"@type\":\"Article\",\"@id\":\"https:\\\/\\\/aliso.fr\\\/initiatives\\\/formations-benevoles-associatifs-en-creuse-le-programme-de-lautomne\\\/#article\",\"isPartOf\":{\"@id\":\"https:\\\/\\\/aliso.fr\\\/initiatives\\\/formations-benevoles-associatifs-en-creuse-le-programme-de-lautomne\\\/\"},\"author\":{\"name\":\"pascal\",\"@id\":\"https:\\\/\\\/aliso.fr\\\/initiatives\\\/#\\\/schema\\\/person\\\/ac5889082625d5c95b51fac19f3d9b86\"},\"headline\":\"Formations b\u00e9n\u00e9voles associatifs en Creuse : le programme de l&rsquo;automne\",\"datePublished\":\"2025-09-04T12:52:26+00:00\",\"dateModified\":\"2025-09-04T14:46:46+00:00\",\"mainEntityOfPage\":{\"@id\":\"https:\\\/\\\/aliso.fr\\\/initiatives\\\/formations-benevoles-associatifs-en-creuse-le-programme-de-lautomne\\\/\"},\"wordCount\":55,\"publisher\":{\"@id\":\"https:\\\/\\\/aliso.fr\\\/initiatives\\\/#organization\"},\"image\":{\"@id\":\"https:\\\/\\\/aliso.fr\\\/initiatives\\\/formations-benevoles-associatifs-en-creuse-le-programme-de-lautomne\\\/#primaryimage\"},\"thumbnailUrl\":\"https:\\\/\\\/aliso.fr\\\/initiatives\\\/wp-content\\\/uploads\\\/sites\\\/2\\\/\\\/2024\\\/09\\\/reunion-du-conseil-dadministration.png\",\"keywords\":[\"accompagnement\",\"administration\",\"association\",\"collectif\",\"comptable\",\"contrat\",\"convention collective\",\"Creuse\",\"employeur\",\"initiatives\",\"salari\u00e9\"],\"articleSection\":[\"Actualit\u00e9s\",\"Se former, s\u2019informer\"],\"inLanguage\":\"fr-FR\"},{\"@type\":\"WebPage\",\"@id\":\"https:\\\/\\\/aliso.fr\\\/initiatives\\\/formations-benevoles-associatifs-en-creuse-le-programme-de-lautomne\\\/\",\"url\":\"https:\\\/\\\/aliso.fr\\\/initiatives\\\/formations-benevoles-associatifs-en-creuse-le-programme-de-lautomne\\\/\",\"name\":\"Formations b\u00e9n\u00e9voles associatifs en Creuse : le programme de l'automne - Aliso Initiatives\",\"isPartOf\":{\"@id\":\"https:\\\/\\\/aliso.fr\\\/initiatives\\\/#website\"},\"primaryImageOfPage\":{\"@id\":\"https:\\\/\\\/aliso.fr\\\/initiatives\\\/formations-benevoles-associatifs-en-creuse-le-programme-de-lautomne\\\/#primaryimage\"},\"image\":{\"@id\":\"https:\\\/\\\/aliso.fr\\\/initiatives\\\/formations-benevoles-associatifs-en-creuse-le-programme-de-lautomne\\\/#primaryimage\"},\"thumbnailUrl\":\"https:\\\/\\\/aliso.fr\\\/initiatives\\\/wp-content\\\/uploads\\\/sites\\\/2\\\/\\\/2024\\\/09\\\/reunion-du-conseil-dadministration.png\",\"datePublished\":\"2025-09-04T12:52:26+00:00\",\"dateModified\":\"2025-09-04T14:46:46+00:00\",\"breadcrumb\":{\"@id\":\"https:\\\/\\\/aliso.fr\\\/initiatives\\\/formations-benevoles-associatifs-en-creuse-le-programme-de-lautomne\\\/#breadcrumb\"},\"inLanguage\":\"fr-FR\",\"potentialAction\":[{\"@type\":\"ReadAction\",\"target\":[\"https:\\\/\\\/aliso.fr\\\/initiatives\\\/formations-benevoles-associatifs-en-creuse-le-programme-de-lautomne\\\/\"]}]},{\"@type\":\"ImageObject\",\"inLanguage\":\"fr-FR\",\"@id\":\"https:\\\/\\\/aliso.fr\\\/initiatives\\\/formations-benevoles-associatifs-en-creuse-le-programme-de-lautomne\\\/#primaryimage\",\"url\":\"https:\\\/\\\/aliso.fr\\\/initiatives\\\/wp-content\\\/uploads\\\/sites\\\/2\\\/\\\/2024\\\/09\\\/reunion-du-conseil-dadministration.png\",\"contentUrl\":\"https:\\\/\\\/aliso.fr\\\/initiatives\\\/wp-content\\\/uploads\\\/sites\\\/2\\\/\\\/2024\\\/09\\\/reunion-du-conseil-dadministration.png\"},{\"@type\":\"BreadcrumbList\",\"@id\":\"https:\\\/\\\/aliso.fr\\\/initiatives\\\/formations-benevoles-associatifs-en-creuse-le-programme-de-lautomne\\\/#breadcrumb\",\"itemListElement\":[{\"@type\":\"ListItem\",\"position\":1,\"name\":\"Accueil\",\"item\":\"https:\\\/\\\/aliso.fr\\\/initiatives\\\/\"},{\"@type\":\"ListItem\",\"position\":2,\"name\":\"Actualit\u00e9s\",\"item\":\"https:\\\/\\\/aliso.fr\\\/initiatives\\\/actus\\\/\"},{\"@type\":\"ListItem\",\"position\":3,\"name\":\"Formations b\u00e9n\u00e9voles associatifs en Creuse : le programme de l&rsquo;automne\"}]},{\"@type\":\"WebSite\",\"@id\":\"https:\\\/\\\/aliso.fr\\\/initiatives\\\/#website\",\"url\":\"https:\\\/\\\/aliso.fr\\\/initiatives\\\/\",\"name\":\"Aliso Initiatives\",\"description\":\"R\u00e9seau Creusois des acteurs du lien social\",\"publisher\":{\"@id\":\"https:\\\/\\\/aliso.fr\\\/initiatives\\\/#organization\"},\"potentialAction\":[{\"@type\":\"SearchAction\",\"target\":{\"@type\":\"EntryPoint\",\"urlTemplate\":\"https:\\\/\\\/aliso.fr\\\/initiatives\\\/?s={search_term_string}\"},\"query-input\":{\"@type\":\"PropertyValueSpecification\",\"valueRequired\":true,\"valueName\":\"search_term_string\"}}],\"inLanguage\":\"fr-FR\"},{\"@type\":\"Organization\",\"@id\":\"https:\\\/\\\/aliso.fr\\\/initiatives\\\/#organization\",\"name\":\"Aliso Initiatives\",\"url\":\"https:\\\/\\\/aliso.fr\\\/initiatives\\\/\",\"logo\":{\"@type\":\"ImageObject\",\"inLanguage\":\"fr-FR\",\"@id\":\"https:\\\/\\\/aliso.fr\\\/initiatives\\\/#\\\/schema\\\/logo\\\/image\\\/\",\"url\":\"https:\\\/\\\/aliso.fr\\\/initiatives\\\/wp-content\\\/uploads\\\/sites\\\/2\\\/2022\\\/01\\\/Logo-ALISO-Initiatives-2.png\",\"contentUrl\":\"https:\\\/\\\/aliso.fr\\\/initiatives\\\/wp-content\\\/uploads\\\/sites\\\/2\\\/2022\\\/01\\\/Logo-ALISO-Initiatives-2.png\",\"width\":900,\"height\":657,\"caption\":\"Aliso Initiatives\"},\"image\":{\"@id\":\"https:\\\/\\\/aliso.fr\\\/initiatives\\\/#\\\/schema\\\/logo\\\/image\\\/\"}},{\"@type\":\"Person\",\"@id\":\"https:\\\/\\\/aliso.fr\\\/initiatives\\\/#\\\/schema\\\/person\\\/ac5889082625d5c95b51fac19f3d9b86\",\"name\":\"pascal\"}]}<\/script>\n<!-- \/ Yoast SEO plugin. -->","yoast_head_json":{"title":"Formations b\u00e9n\u00e9voles associatifs en Creuse : le programme de l'automne - Aliso Initiatives","robots":{"index":"index","follow":"follow","max-snippet":"max-snippet:-1","max-image-preview":"max-image-preview:large","max-video-preview":"max-video-preview:-1"},"canonical":"https:\/\/aliso.fr\/initiatives\/formations-benevoles-associatifs-en-creuse-le-programme-de-lautomne\/","og_locale":"fr_FR","og_type":"article","og_title":"Formations b\u00e9n\u00e9voles associatifs en Creuse : le programme de l'automne - Aliso Initiatives","og_description":"Le nouveau programme des formations de b\u00e9n\u00e9voles est pr\u00eat pour l\u2019automne 2025 ! 13 formations sont ouvertes \u00e0 l\u2019ensemble des b\u00e9n\u00e9voles de toutes les associations. Ces formationssont gratuites et sur inscription : le programme est ici. Contacts : &#102;&#100;&#x62;&#x32;&#51;&#64;&#x70;&#x72;&#111;&#116;&#x6f;&#x6e;&#109;&#97;&#x69;&#x6c;&#46;&#99;&#x6f;&#x6d; &amp; 06.27.61.34.06","og_url":"https:\/\/aliso.fr\/initiatives\/formations-benevoles-associatifs-en-creuse-le-programme-de-lautomne\/","og_site_name":"Aliso Initiatives","article_published_time":"2025-09-04T12:52:26+00:00","article_modified_time":"2025-09-04T14:46:46+00:00","og_image":[{"url":"https:\/\/aliso.fr\/initiatives\/wp-content\/uploads\/sites\/2\/\/2024\/09\/reunion-du-conseil-dadministration.png","width":1,"height":1,"type":"image\/png"}],"author":"pascal","twitter_card":"summary_large_image","schema":{"@context":"https:\/\/schema.org","@graph":[{"@type":"Article","@id":"https:\/\/aliso.fr\/initiatives\/formations-benevoles-associatifs-en-creuse-le-programme-de-lautomne\/#article","isPartOf":{"@id":"https:\/\/aliso.fr\/initiatives\/formations-benevoles-associatifs-en-creuse-le-programme-de-lautomne\/"},"author":{"name":"pascal","@id":"https:\/\/aliso.fr\/initiatives\/#\/schema\/person\/ac5889082625d5c95b51fac19f3d9b86"},"headline":"Formations b\u00e9n\u00e9voles associatifs en Creuse : le programme de l&rsquo;automne","datePublished":"2025-09-04T12:52:26+00:00","dateModified":"2025-09-04T14:46:46+00:00","mainEntityOfPage":{"@id":"https:\/\/aliso.fr\/initiatives\/formations-benevoles-associatifs-en-creuse-le-programme-de-lautomne\/"},"wordCount":55,"publisher":{"@id":"https:\/\/aliso.fr\/initiatives\/#organization"},"image":{"@id":"https:\/\/aliso.fr\/initiatives\/formations-benevoles-associatifs-en-creuse-le-programme-de-lautomne\/#primaryimage"},"thumbnailUrl":"https:\/\/aliso.fr\/initiatives\/wp-content\/uploads\/sites\/2\/\/2024\/09\/reunion-du-conseil-dadministration.png","keywords":["accompagnement","administration","association","collectif","comptable","contrat","convention collective","Creuse","employeur","initiatives","salari\u00e9"],"articleSection":["Actualit\u00e9s","Se former, s\u2019informer"],"inLanguage":"fr-FR"},{"@type":"WebPage","@id":"https:\/\/aliso.fr\/initiatives\/formations-benevoles-associatifs-en-creuse-le-programme-de-lautomne\/","url":"https:\/\/aliso.fr\/initiatives\/formations-benevoles-associatifs-en-creuse-le-programme-de-lautomne\/","name":"Formations b\u00e9n\u00e9voles associatifs en Creuse : le programme de l'automne - Aliso Initiatives","isPartOf":{"@id":"https:\/\/aliso.fr\/initiatives\/#website"},"primaryImageOfPage":{"@id":"https:\/\/aliso.fr\/initiatives\/formations-benevoles-associatifs-en-creuse-le-programme-de-lautomne\/#primaryimage"},"image":{"@id":"https:\/\/aliso.fr\/initiatives\/formations-benevoles-associatifs-en-creuse-le-programme-de-lautomne\/#primaryimage"},"thumbnailUrl":"https:\/\/aliso.fr\/initiatives\/wp-content\/uploads\/sites\/2\/\/2024\/09\/reunion-du-conseil-dadministration.png","datePublished":"2025-09-04T12:52:26+00:00","dateModified":"2025-09-04T14:46:46+00:00","breadcrumb":{"@id":"https:\/\/aliso.fr\/initiatives\/formations-benevoles-associatifs-en-creuse-le-programme-de-lautomne\/#breadcrumb"},"inLanguage":"fr-FR","potentialAction":[{"@type":"ReadAction","target":["https:\/\/aliso.fr\/initiatives\/formations-benevoles-associatifs-en-creuse-le-programme-de-lautomne\/"]}]},{"@type":"ImageObject","inLanguage":"fr-FR","@id":"https:\/\/aliso.fr\/initiatives\/formations-benevoles-associatifs-en-creuse-le-programme-de-lautomne\/#primaryimage","url":"https:\/\/aliso.fr\/initiatives\/wp-content\/uploads\/sites\/2\/\/2024\/09\/reunion-du-conseil-dadministration.png","contentUrl":"https:\/\/aliso.fr\/initiatives\/wp-content\/uploads\/sites\/2\/\/2024\/09\/reunion-du-conseil-dadministration.png"},{"@type":"BreadcrumbList","@id":"https:\/\/aliso.fr\/initiatives\/formations-benevoles-associatifs-en-creuse-le-programme-de-lautomne\/#breadcrumb","itemListElement":[{"@type":"ListItem","position":1,"name":"Accueil","item":"https:\/\/aliso.fr\/initiatives\/"},{"@type":"ListItem","position":2,"name":"Actualit\u00e9s","item":"https:\/\/aliso.fr\/initiatives\/actus\/"},{"@type":"ListItem","position":3,"name":"Formations b\u00e9n\u00e9voles associatifs en Creuse : le programme de l&rsquo;automne"}]},{"@type":"WebSite","@id":"https:\/\/aliso.fr\/initiatives\/#website","url":"https:\/\/aliso.fr\/initiatives\/","name":"Aliso Initiatives","description":"R\u00e9seau Creusois des acteurs du lien social","publisher":{"@id":"https:\/\/aliso.fr\/initiatives\/#organization"},"potentialAction":[{"@type":"SearchAction","target":{"@type":"EntryPoint","urlTemplate":"https:\/\/aliso.fr\/initiatives\/?s={search_term_string}"},"query-input":{"@type":"PropertyValueSpecification","valueRequired":true,"valueName":"search_term_string"}}],"inLanguage":"fr-FR"},{"@type":"Organization","@id":"https:\/\/aliso.fr\/initiatives\/#organization","name":"Aliso Initiatives","url":"https:\/\/aliso.fr\/initiatives\/","logo":{"@type":"ImageObject","inLanguage":"fr-FR","@id":"https:\/\/aliso.fr\/initiatives\/#\/schema\/logo\/image\/","url":"https:\/\/aliso.fr\/initiatives\/wp-content\/uploads\/sites\/2\/2022\/01\/Logo-ALISO-Initiatives-2.png","contentUrl":"https:\/\/aliso.fr\/initiatives\/wp-content\/uploads\/sites\/2\/2022\/01\/Logo-ALISO-Initiatives-2.png","width":900,"height":657,"caption":"Aliso Initiatives"},"image":{"@id":"https:\/\/aliso.fr\/initiatives\/#\/schema\/logo\/image\/"}},{"@type":"Person","@id":"https:\/\/aliso.fr\/initiatives\/#\/schema\/person\/ac5889082625d5c95b51fac19f3d9b86","name":"pascal"}]}},"_links":{"self":[{"href":"https:\/\/aliso.fr\/initiatives\/wp-json\/wp\/v2\/posts\/3587","targetHints":{"allow":["GET"]}}],"collection":[{"href":"https:\/\/aliso.fr\/initiatives\/wp-json\/wp\/v2\/posts"}],"about":[{"href":"https:\/\/aliso.fr\/initiatives\/wp-json\/wp\/v2\/types\/post"}],"author":[{"embeddable":true,"href":"https:\/\/aliso.fr\/initiatives\/wp-json\/wp\/v2\/users\/5"}],"replies":[{"embeddable":true,"href":"https:\/\/aliso.fr\/initiatives\/wp-json\/wp\/v2\/comments?post=3587"}],"version-history":[{"count":1,"href":"https:\/\/aliso.fr\/initiatives\/wp-json\/wp\/v2\/posts\/3587\/revisions"}],"predecessor-version":[{"id":3588,"href":"https:\/\/aliso.fr\/initiatives\/wp-json\/wp\/v2\/posts\/3587\/revisions\/3588"}],"wp:featuredmedia":[{"embeddable":true,"href":"https:\/\/aliso.fr\/initiatives\/wp-json\/wp\/v2\/media\/3251"}],"wp:attachment":[{"href":"https:\/\/aliso.fr\/initiatives\/wp-json\/wp\/v2\/media?parent=3587"}],"wp:term":[{"taxonomy":"category","embeddable":true,"href":"https:\/\/aliso.fr\/initiatives\/wp-json\/wp\/v2\/categories?post=3587"},{"taxonomy":"post_tag","embeddable":true,"href":"https:\/\/aliso.fr\/initiatives\/wp-json\/wp\/v2\/tags?post=3587"}],"curies":[{"name":"wp","href":"https:\/\/api.w.org\/{rel}","templated":true}]}}