{"id":3593,"date":"2025-09-04T17:15:26","date_gmt":"2025-09-04T15:15:26","guid":{"rendered":"https:\/\/aliso.fr\/initiatives\/?p=3593"},"modified":"2025-09-05T15:15:20","modified_gmt":"2025-09-05T13:15:20","slug":"formations-automne-aliso","status":"publish","type":"post","link":"https:\/\/aliso.fr\/initiatives\/formations-automne-aliso\/","title":{"rendered":"Formations Automne ALISO"},"content":{"rendered":"\n<h2 class=\"wp-block-heading\">Le nouveau programme collectif 2025-2026 de formation est lanc\u00e9 au sein d&rsquo;ALISO ! Construit \u00e0 partir des demandes des professionnels de ses associations membres, le programme touche aux liens avec les publics (m\u00e9thode Facile \u00e0 lire et \u00e0 comprendre, droit des \u00e9trangers, d\u00e9pression post-partum), \u00e0 la conduite associative (comptabilit\u00e9, tableur, communication, \u00e9crits professionnels), \u00e0 la vie des collectifs (prise de d\u00e9cision, management)<\/h2>\n\n\n\n<div class=\"wp-block-columns is-layout-flex wp-container-core-columns-is-layout-9d6595d7 wp-block-columns-is-layout-flex\">\n<div class=\"wp-block-column is-layout-flow wp-block-column-is-layout-flow\" style=\"flex-basis:33.33%\">\n<figure class=\"wp-block-image size-full\"><a href=\"https:\/\/aliso.fr\/reseau\/formation\/\"><img loading=\"lazy\" decoding=\"async\" width=\"500\" height=\"333\" src=\"https:\/\/aliso.fr\/initiatives\/wp-content\/uploads\/sites\/2\/2024\/09\/ALiso-frmation-edited.jpg\" alt=\"\" class=\"wp-image-3594\" srcset=\"https:\/\/aliso.fr\/initiatives\/wp-content\/uploads\/sites\/2\/2024\/09\/ALiso-frmation-edited.jpg 500w, https:\/\/aliso.fr\/initiatives\/wp-content\/uploads\/sites\/2\/2024\/09\/ALiso-frmation-edited-300x200.jpg 300w, https:\/\/aliso.fr\/initiatives\/wp-content\/uploads\/sites\/2\/2024\/09\/ALiso-frmation-edited-391x260.jpg 391w\" sizes=\"auto, (max-width: 500px) 100vw, 500px\" \/><\/a><\/figure>\n<\/div>\n\n\n\n<div class=\"wp-block-column is-layout-flow wp-block-column-is-layout-flow\" style=\"flex-basis:66.66%\">\n<p class=\"has-large-font-size\">Le <a href=\"https:\/\/aliso.fr\/reseau\/formation\/\">programme et conditions d&rsquo;inscriptions aux formations sont accessibles ici. <\/a><\/p>\n<\/div>\n<\/div>\n\n\n\n<div class=\"wp-block-columns is-layout-flex wp-container-core-columns-is-layout-9d6595d7 wp-block-columns-is-layout-flex\">\n<div class=\"wp-block-column is-layout-flow wp-block-column-is-layout-flow\" style=\"flex-basis:33.33%\"><\/div>\n\n\n\n<div class=\"wp-block-column is-layout-flow wp-block-column-is-layout-flow\" style=\"flex-basis:66.66%\"><\/div>\n<\/div>\n\n\n\n<p><\/p>\n","protected":false},"excerpt":{"rendered":"<p>Le nouveau programme collectif 2025-2026 de formation est lanc\u00e9 au sein d&rsquo;ALISO ! Construit \u00e0 partir des demandes des professionnels de ses associations membres, le programme touche aux liens avec les publics (m\u00e9thode Facile \u00e0 lire et \u00e0 comprendre, droit des \u00e9trangers, d\u00e9pression post-partum), \u00e0 la conduite associative (comptabilit\u00e9, tableur, communication, \u00e9crits professionnels), \u00e0 la&#8230; <a class=\"excerpt-read-more button\" href=\"https:\/\/aliso.fr\/initiatives\/formations-automne-aliso\/\" title=\"ReadFormations Automne ALISO\">En savoir plus &raquo;<\/a><\/p>\n","protected":false},"author":5,"featured_media":3594,"comment_status":"closed","ping_status":"open","sticky":false,"template":"","format":"standard","meta":{"footnotes":""},"categories":[11,19],"tags":[53,113,27,118,115,116,117,40,13,47,114],"class_list":["post-3593","post","type-post","status-publish","format-standard","has-post-thumbnail","hentry","category-actus","category-se-former-sinformer","tag-accompagnement","tag-administration","tag-association","tag-collectif","tag-comptable","tag-contrat","tag-convention-collective","tag-creuse","tag-employeur","tag-initiatives","tag-salarie"],"yoast_head":"<!-- This site is optimized with the Yoast SEO plugin v27.5 - https:\/\/yoast.com\/product\/yoast-seo-wordpress\/ -->\n<title>Formations Automne ALISO - Aliso Initiatives<\/title>\n<meta name=\"robots\" content=\"index, follow, max-snippet:-1, max-image-preview:large, max-video-preview:-1\" \/>\n<link rel=\"canonical\" href=\"https:\/\/aliso.fr\/initiatives\/formations-automne-aliso\/\" \/>\n<meta property=\"og:locale\" content=\"fr_FR\" \/>\n<meta property=\"og:type\" content=\"article\" \/>\n<meta property=\"og:title\" content=\"Formations Automne ALISO - Aliso Initiatives\" \/>\n<meta property=\"og:description\" content=\"Le nouveau programme collectif 2025-2026 de formation est lanc\u00e9 au sein d&rsquo;ALISO ! Construit \u00e0 partir des demandes des professionnels de ses associations membres, le programme touche aux liens avec les publics (m\u00e9thode Facile \u00e0 lire et \u00e0 comprendre, droit des \u00e9trangers, d\u00e9pression post-partum), \u00e0 la conduite associative (comptabilit\u00e9, tableur, communication, \u00e9crits professionnels), \u00e0 la... En savoir plus &raquo;\" \/>\n<meta property=\"og:url\" content=\"https:\/\/aliso.fr\/initiatives\/formations-automne-aliso\/\" \/>\n<meta property=\"og:site_name\" content=\"Aliso Initiatives\" \/>\n<meta property=\"article:published_time\" content=\"2025-09-04T15:15:26+00:00\" \/>\n<meta property=\"article:modified_time\" content=\"2025-09-05T13:15:20+00:00\" \/>\n<meta property=\"og:image\" content=\"https:\/\/aliso.fr\/initiatives\/wp-content\/uploads\/sites\/2\/2024\/09\/ALiso-frmation-edited.jpg\" \/>\n\t<meta property=\"og:image:width\" content=\"500\" \/>\n\t<meta property=\"og:image:height\" content=\"333\" \/>\n\t<meta property=\"og:image:type\" content=\"image\/jpeg\" \/>\n<meta name=\"author\" content=\"pascal\" \/>\n<meta name=\"twitter:card\" content=\"summary_large_image\" \/>\n<script type=\"application\/ld+json\" class=\"yoast-schema-graph\">{\"@context\":\"https:\\\/\\\/schema.org\",\"@graph\":[{\"@type\":\"Article\",\"@id\":\"https:\\\/\\\/aliso.fr\\\/initiatives\\\/formations-automne-aliso\\\/#article\",\"isPartOf\":{\"@id\":\"https:\\\/\\\/aliso.fr\\\/initiatives\\\/formations-automne-aliso\\\/\"},\"author\":{\"name\":\"pascal\",\"@id\":\"https:\\\/\\\/aliso.fr\\\/initiatives\\\/#\\\/schema\\\/person\\\/ac5889082625d5c95b51fac19f3d9b86\"},\"headline\":\"Formations Automne ALISO\",\"datePublished\":\"2025-09-04T15:15:26+00:00\",\"dateModified\":\"2025-09-05T13:15:20+00:00\",\"mainEntityOfPage\":{\"@id\":\"https:\\\/\\\/aliso.fr\\\/initiatives\\\/formations-automne-aliso\\\/\"},\"wordCount\":74,\"publisher\":{\"@id\":\"https:\\\/\\\/aliso.fr\\\/initiatives\\\/#organization\"},\"image\":{\"@id\":\"https:\\\/\\\/aliso.fr\\\/initiatives\\\/formations-automne-aliso\\\/#primaryimage\"},\"thumbnailUrl\":\"https:\\\/\\\/aliso.fr\\\/initiatives\\\/wp-content\\\/uploads\\\/sites\\\/2\\\/2024\\\/09\\\/ALiso-frmation-edited.jpg\",\"keywords\":[\"accompagnement\",\"administration\",\"association\",\"collectif\",\"comptable\",\"contrat\",\"convention collective\",\"Creuse\",\"employeur\",\"initiatives\",\"salari\u00e9\"],\"articleSection\":[\"Actualit\u00e9s\",\"Se former, s\u2019informer\"],\"inLanguage\":\"fr-FR\"},{\"@type\":\"WebPage\",\"@id\":\"https:\\\/\\\/aliso.fr\\\/initiatives\\\/formations-automne-aliso\\\/\",\"url\":\"https:\\\/\\\/aliso.fr\\\/initiatives\\\/formations-automne-aliso\\\/\",\"name\":\"Formations Automne ALISO - Aliso Initiatives\",\"isPartOf\":{\"@id\":\"https:\\\/\\\/aliso.fr\\\/initiatives\\\/#website\"},\"primaryImageOfPage\":{\"@id\":\"https:\\\/\\\/aliso.fr\\\/initiatives\\\/formations-automne-aliso\\\/#primaryimage\"},\"image\":{\"@id\":\"https:\\\/\\\/aliso.fr\\\/initiatives\\\/formations-automne-aliso\\\/#primaryimage\"},\"thumbnailUrl\":\"https:\\\/\\\/aliso.fr\\\/initiatives\\\/wp-content\\\/uploads\\\/sites\\\/2\\\/2024\\\/09\\\/ALiso-frmation-edited.jpg\",\"datePublished\":\"2025-09-04T15:15:26+00:00\",\"dateModified\":\"2025-09-05T13:15:20+00:00\",\"breadcrumb\":{\"@id\":\"https:\\\/\\\/aliso.fr\\\/initiatives\\\/formations-automne-aliso\\\/#breadcrumb\"},\"inLanguage\":\"fr-FR\",\"potentialAction\":[{\"@type\":\"ReadAction\",\"target\":[\"https:\\\/\\\/aliso.fr\\\/initiatives\\\/formations-automne-aliso\\\/\"]}]},{\"@type\":\"ImageObject\",\"inLanguage\":\"fr-FR\",\"@id\":\"https:\\\/\\\/aliso.fr\\\/initiatives\\\/formations-automne-aliso\\\/#primaryimage\",\"url\":\"https:\\\/\\\/aliso.fr\\\/initiatives\\\/wp-content\\\/uploads\\\/sites\\\/2\\\/2024\\\/09\\\/ALiso-frmation-edited.jpg\",\"contentUrl\":\"https:\\\/\\\/aliso.fr\\\/initiatives\\\/wp-content\\\/uploads\\\/sites\\\/2\\\/2024\\\/09\\\/ALiso-frmation-edited.jpg\",\"width\":500,\"height\":333},{\"@type\":\"BreadcrumbList\",\"@id\":\"https:\\\/\\\/aliso.fr\\\/initiatives\\\/formations-automne-aliso\\\/#breadcrumb\",\"itemListElement\":[{\"@type\":\"ListItem\",\"position\":1,\"name\":\"Accueil\",\"item\":\"https:\\\/\\\/aliso.fr\\\/initiatives\\\/\"},{\"@type\":\"ListItem\",\"position\":2,\"name\":\"Actualit\u00e9s\",\"item\":\"https:\\\/\\\/aliso.fr\\\/initiatives\\\/actus\\\/\"},{\"@type\":\"ListItem\",\"position\":3,\"name\":\"Formations Automne ALISO\"}]},{\"@type\":\"WebSite\",\"@id\":\"https:\\\/\\\/aliso.fr\\\/initiatives\\\/#website\",\"url\":\"https:\\\/\\\/aliso.fr\\\/initiatives\\\/\",\"name\":\"Aliso Initiatives\",\"description\":\"R\u00e9seau Creusois des acteurs du lien social\",\"publisher\":{\"@id\":\"https:\\\/\\\/aliso.fr\\\/initiatives\\\/#organization\"},\"potentialAction\":[{\"@type\":\"SearchAction\",\"target\":{\"@type\":\"EntryPoint\",\"urlTemplate\":\"https:\\\/\\\/aliso.fr\\\/initiatives\\\/?s={search_term_string}\"},\"query-input\":{\"@type\":\"PropertyValueSpecification\",\"valueRequired\":true,\"valueName\":\"search_term_string\"}}],\"inLanguage\":\"fr-FR\"},{\"@type\":\"Organization\",\"@id\":\"https:\\\/\\\/aliso.fr\\\/initiatives\\\/#organization\",\"name\":\"Aliso Initiatives\",\"url\":\"https:\\\/\\\/aliso.fr\\\/initiatives\\\/\",\"logo\":{\"@type\":\"ImageObject\",\"inLanguage\":\"fr-FR\",\"@id\":\"https:\\\/\\\/aliso.fr\\\/initiatives\\\/#\\\/schema\\\/logo\\\/image\\\/\",\"url\":\"https:\\\/\\\/aliso.fr\\\/initiatives\\\/wp-content\\\/uploads\\\/sites\\\/2\\\/2022\\\/01\\\/Logo-ALISO-Initiatives-2.png\",\"contentUrl\":\"https:\\\/\\\/aliso.fr\\\/initiatives\\\/wp-content\\\/uploads\\\/sites\\\/2\\\/2022\\\/01\\\/Logo-ALISO-Initiatives-2.png\",\"width\":900,\"height\":657,\"caption\":\"Aliso Initiatives\"},\"image\":{\"@id\":\"https:\\\/\\\/aliso.fr\\\/initiatives\\\/#\\\/schema\\\/logo\\\/image\\\/\"}},{\"@type\":\"Person\",\"@id\":\"https:\\\/\\\/aliso.fr\\\/initiatives\\\/#\\\/schema\\\/person\\\/ac5889082625d5c95b51fac19f3d9b86\",\"name\":\"pascal\"}]}<\/script>\n<!-- \/ Yoast SEO plugin. -->","yoast_head_json":{"title":"Formations Automne ALISO - Aliso Initiatives","robots":{"index":"index","follow":"follow","max-snippet":"max-snippet:-1","max-image-preview":"max-image-preview:large","max-video-preview":"max-video-preview:-1"},"canonical":"https:\/\/aliso.fr\/initiatives\/formations-automne-aliso\/","og_locale":"fr_FR","og_type":"article","og_title":"Formations Automne ALISO - Aliso Initiatives","og_description":"Le nouveau programme collectif 2025-2026 de formation est lanc\u00e9 au sein d&rsquo;ALISO ! Construit \u00e0 partir des demandes des professionnels de ses associations membres, le programme touche aux liens avec les publics (m\u00e9thode Facile \u00e0 lire et \u00e0 comprendre, droit des \u00e9trangers, d\u00e9pression post-partum), \u00e0 la conduite associative (comptabilit\u00e9, tableur, communication, \u00e9crits professionnels), \u00e0 la... En savoir plus &raquo;","og_url":"https:\/\/aliso.fr\/initiatives\/formations-automne-aliso\/","og_site_name":"Aliso Initiatives","article_published_time":"2025-09-04T15:15:26+00:00","article_modified_time":"2025-09-05T13:15:20+00:00","og_image":[{"width":500,"height":333,"url":"https:\/\/aliso.fr\/initiatives\/wp-content\/uploads\/sites\/2\/2024\/09\/ALiso-frmation-edited.jpg","type":"image\/jpeg"}],"author":"pascal","twitter_card":"summary_large_image","schema":{"@context":"https:\/\/schema.org","@graph":[{"@type":"Article","@id":"https:\/\/aliso.fr\/initiatives\/formations-automne-aliso\/#article","isPartOf":{"@id":"https:\/\/aliso.fr\/initiatives\/formations-automne-aliso\/"},"author":{"name":"pascal","@id":"https:\/\/aliso.fr\/initiatives\/#\/schema\/person\/ac5889082625d5c95b51fac19f3d9b86"},"headline":"Formations Automne ALISO","datePublished":"2025-09-04T15:15:26+00:00","dateModified":"2025-09-05T13:15:20+00:00","mainEntityOfPage":{"@id":"https:\/\/aliso.fr\/initiatives\/formations-automne-aliso\/"},"wordCount":74,"publisher":{"@id":"https:\/\/aliso.fr\/initiatives\/#organization"},"image":{"@id":"https:\/\/aliso.fr\/initiatives\/formations-automne-aliso\/#primaryimage"},"thumbnailUrl":"https:\/\/aliso.fr\/initiatives\/wp-content\/uploads\/sites\/2\/2024\/09\/ALiso-frmation-edited.jpg","keywords":["accompagnement","administration","association","collectif","comptable","contrat","convention collective","Creuse","employeur","initiatives","salari\u00e9"],"articleSection":["Actualit\u00e9s","Se former, s\u2019informer"],"inLanguage":"fr-FR"},{"@type":"WebPage","@id":"https:\/\/aliso.fr\/initiatives\/formations-automne-aliso\/","url":"https:\/\/aliso.fr\/initiatives\/formations-automne-aliso\/","name":"Formations Automne ALISO - Aliso Initiatives","isPartOf":{"@id":"https:\/\/aliso.fr\/initiatives\/#website"},"primaryImageOfPage":{"@id":"https:\/\/aliso.fr\/initiatives\/formations-automne-aliso\/#primaryimage"},"image":{"@id":"https:\/\/aliso.fr\/initiatives\/formations-automne-aliso\/#primaryimage"},"thumbnailUrl":"https:\/\/aliso.fr\/initiatives\/wp-content\/uploads\/sites\/2\/2024\/09\/ALiso-frmation-edited.jpg","datePublished":"2025-09-04T15:15:26+00:00","dateModified":"2025-09-05T13:15:20+00:00","breadcrumb":{"@id":"https:\/\/aliso.fr\/initiatives\/formations-automne-aliso\/#breadcrumb"},"inLanguage":"fr-FR","potentialAction":[{"@type":"ReadAction","target":["https:\/\/aliso.fr\/initiatives\/formations-automne-aliso\/"]}]},{"@type":"ImageObject","inLanguage":"fr-FR","@id":"https:\/\/aliso.fr\/initiatives\/formations-automne-aliso\/#primaryimage","url":"https:\/\/aliso.fr\/initiatives\/wp-content\/uploads\/sites\/2\/2024\/09\/ALiso-frmation-edited.jpg","contentUrl":"https:\/\/aliso.fr\/initiatives\/wp-content\/uploads\/sites\/2\/2024\/09\/ALiso-frmation-edited.jpg","width":500,"height":333},{"@type":"BreadcrumbList","@id":"https:\/\/aliso.fr\/initiatives\/formations-automne-aliso\/#breadcrumb","itemListElement":[{"@type":"ListItem","position":1,"name":"Accueil","item":"https:\/\/aliso.fr\/initiatives\/"},{"@type":"ListItem","position":2,"name":"Actualit\u00e9s","item":"https:\/\/aliso.fr\/initiatives\/actus\/"},{"@type":"ListItem","position":3,"name":"Formations Automne ALISO"}]},{"@type":"WebSite","@id":"https:\/\/aliso.fr\/initiatives\/#website","url":"https:\/\/aliso.fr\/initiatives\/","name":"Aliso Initiatives","description":"R\u00e9seau Creusois des acteurs du lien social","publisher":{"@id":"https:\/\/aliso.fr\/initiatives\/#organization"},"potentialAction":[{"@type":"SearchAction","target":{"@type":"EntryPoint","urlTemplate":"https:\/\/aliso.fr\/initiatives\/?s={search_term_string}"},"query-input":{"@type":"PropertyValueSpecification","valueRequired":true,"valueName":"search_term_string"}}],"inLanguage":"fr-FR"},{"@type":"Organization","@id":"https:\/\/aliso.fr\/initiatives\/#organization","name":"Aliso Initiatives","url":"https:\/\/aliso.fr\/initiatives\/","logo":{"@type":"ImageObject","inLanguage":"fr-FR","@id":"https:\/\/aliso.fr\/initiatives\/#\/schema\/logo\/image\/","url":"https:\/\/aliso.fr\/initiatives\/wp-content\/uploads\/sites\/2\/2022\/01\/Logo-ALISO-Initiatives-2.png","contentUrl":"https:\/\/aliso.fr\/initiatives\/wp-content\/uploads\/sites\/2\/2022\/01\/Logo-ALISO-Initiatives-2.png","width":900,"height":657,"caption":"Aliso Initiatives"},"image":{"@id":"https:\/\/aliso.fr\/initiatives\/#\/schema\/logo\/image\/"}},{"@type":"Person","@id":"https:\/\/aliso.fr\/initiatives\/#\/schema\/person\/ac5889082625d5c95b51fac19f3d9b86","name":"pascal"}]}},"_links":{"self":[{"href":"https:\/\/aliso.fr\/initiatives\/wp-json\/wp\/v2\/posts\/3593","targetHints":{"allow":["GET"]}}],"collection":[{"href":"https:\/\/aliso.fr\/initiatives\/wp-json\/wp\/v2\/posts"}],"about":[{"href":"https:\/\/aliso.fr\/initiatives\/wp-json\/wp\/v2\/types\/post"}],"author":[{"embeddable":true,"href":"https:\/\/aliso.fr\/initiatives\/wp-json\/wp\/v2\/users\/5"}],"replies":[{"embeddable":true,"href":"https:\/\/aliso.fr\/initiatives\/wp-json\/wp\/v2\/comments?post=3593"}],"version-history":[{"count":2,"href":"https:\/\/aliso.fr\/initiatives\/wp-json\/wp\/v2\/posts\/3593\/revisions"}],"predecessor-version":[{"id":3604,"href":"https:\/\/aliso.fr\/initiatives\/wp-json\/wp\/v2\/posts\/3593\/revisions\/3604"}],"wp:featuredmedia":[{"embeddable":true,"href":"https:\/\/aliso.fr\/initiatives\/wp-json\/wp\/v2\/media\/3594"}],"wp:attachment":[{"href":"https:\/\/aliso.fr\/initiatives\/wp-json\/wp\/v2\/media?parent=3593"}],"wp:term":[{"taxonomy":"category","embeddable":true,"href":"https:\/\/aliso.fr\/initiatives\/wp-json\/wp\/v2\/categories?post=3593"},{"taxonomy":"post_tag","embeddable":true,"href":"https:\/\/aliso.fr\/initiatives\/wp-json\/wp\/v2\/tags?post=3593"}],"curies":[{"name":"wp","href":"https:\/\/api.w.org\/{rel}","templated":true}]}}