{"id":3745,"date":"2026-01-19T16:10:29","date_gmt":"2026-01-19T15:10:29","guid":{"rendered":"https:\/\/aliso.fr\/initiatives\/?p=3745"},"modified":"2026-02-03T15:33:16","modified_gmt":"2026-02-03T14:33:16","slug":"6-fev-2026-14h-mobiliser-la-formation-dans-mon-association-pourquoi-comment","status":"publish","type":"post","link":"https:\/\/aliso.fr\/initiatives\/6-fev-2026-14h-mobiliser-la-formation-dans-mon-association-pourquoi-comment\/","title":{"rendered":"[6 Fev 2026, 14h] Mobiliser la Formation dans mon association : pourquoi ? comment ?"},"content":{"rendered":"\n<h2 class=\"wp-block-heading\">Responsables b\u00e9n\u00e9voles et salari\u00e9s d&rsquo;assos cotisantes \u00e0 Uniformation, nous avons concoct\u00e9 cet apr\u00e8s midi pour vous ! &gt; Ve 6 fev, 14h \u00e0 <a href=\"https:\/\/www.ville-gueret.fr\/vivifiante\/tremplin-nature\/\">Tremplin Nature &#8211; Gu\u00e9ret<\/a>, inscriptions <a href=\"https:\/\/www.uniformation.fr\/Evenements\/show\/28569\/Reunion-d-information-Formation-Professionnelle-Pourquoi-Comment\" target=\"_blank\" rel=\"noreferrer noopener\">ICI<\/a>.<\/h2>\n\n\n\n<div class=\"wp-block-columns is-layout-flex wp-container-core-columns-is-layout-9d6595d7 wp-block-columns-is-layout-flex\">\n<div class=\"wp-block-column is-layout-flow wp-block-column-is-layout-flow\" style=\"flex-basis:33.33%\">\n<figure class=\"wp-block-image size-full\"><img loading=\"lazy\" decoding=\"async\" width=\"1200\" height=\"675\" src=\"https:\/\/aliso.fr\/initiatives\/wp-content\/uploads\/sites\/2\/2023\/03\/20230302_141554-Copie-edited.jpg\" alt=\"\" class=\"wp-image-2539\" srcset=\"https:\/\/aliso.fr\/initiatives\/wp-content\/uploads\/sites\/2\/2023\/03\/20230302_141554-Copie-edited.jpg 1200w, https:\/\/aliso.fr\/initiatives\/wp-content\/uploads\/sites\/2\/2023\/03\/20230302_141554-Copie-edited-300x169.jpg 300w, https:\/\/aliso.fr\/initiatives\/wp-content\/uploads\/sites\/2\/2023\/03\/20230302_141554-Copie-edited-1024x576.jpg 1024w, https:\/\/aliso.fr\/initiatives\/wp-content\/uploads\/sites\/2\/2023\/03\/20230302_141554-Copie-edited-768x432.jpg 768w\" sizes=\"auto, (max-width: 1200px) 100vw, 1200px\" \/><figcaption class=\"wp-element-caption\">\u00ab\u00a0faire du soin au salari\u00e9s un projet en tant que tel de nos structure\u00a0\u00bb, tel est le slogan produit par ce groupe de travail aux journ\u00e9es Diagnostic ESS en Creuse, 2023<\/figcaption><\/figure>\n<\/div>\n\n\n\n<div class=\"wp-block-column is-layout-flow wp-block-column-is-layout-flow\" style=\"flex-basis:66.66%\">\n<p class=\"has-large-font-size\">Aliso, dans le cadre du DLA Creuse, vous invite \u00e0 rencontrer votre nouveau conseiller territorial Uniformation pour aborder le comment et le pourquoi mettre le paquet sur la formation de nos \u00e9quipes.<\/p>\n\n\n\n<ul class=\"wp-block-list has-large-font-size\">\n<li>Le fonctionnement et les priorit\u00e9s de l&rsquo;OPCO Uniformation<\/li>\n\n\n\n<li>Le fonctionnement du traitement de vos demandes (d\u00e9lai accord, relance, refus) et de votre espace priv\u00e9<\/li>\n\n\n\n<li>Les fondamentaux de la formation professionnelle. Pourquoi se former ? Les bonnes pratiques, les ressources. Comment passer de l\u2019id\u00e9e \u00e0 la concr\u00e9tisation d\u2019un plan de formation.<\/li>\n<\/ul>\n\n\n\n<p class=\"has-large-font-size\">Cette session se tiendra \u00e0 <strong>Gu\u00e9ret <\/strong>(Tremplin Nature), <strong>Vendredi 6 F\u00e9vrier 2026 de 14h \u00e0 16h30<\/strong><\/p>\n\n\n\n<p class=\"has-large-font-size\"><a href=\"https:\/\/www.uniformation.fr\/Evenements\/show\/28569\/Reunion-d-information-Formation-Professionnelle-Pourquoi-Comment\">Plus d&rsquo;infos et inscriptions ici<\/a>.<\/p>\n\n\n\n<p><\/p>\n<\/div>\n<\/div>\n\n\n\n<div class=\"wp-block-columns is-layout-flex wp-container-core-columns-is-layout-9d6595d7 wp-block-columns-is-layout-flex\">\n<div class=\"wp-block-column is-layout-flow wp-block-column-is-layout-flow\" style=\"flex-basis:33.33%\"><\/div>\n\n\n\n<div class=\"wp-block-column is-layout-flow wp-block-column-is-layout-flow\" style=\"flex-basis:66.66%\"><\/div>\n<\/div>\n","protected":false},"excerpt":{"rendered":"<p>Responsables b\u00e9n\u00e9voles et salari\u00e9s d&rsquo;assos cotisantes \u00e0 Uniformation, nous avons concoct\u00e9 cet apr\u00e8s midi pour vous ! &gt; Ve 6 fev, 14h \u00e0 Tremplin Nature &#8211; Gu\u00e9ret, inscriptions ICI. Aliso, dans le cadre du DLA Creuse, vous invite \u00e0 rencontrer votre nouveau conseiller territorial Uniformation pour aborder le comment et le pourquoi mettre le paquet&#8230; <a class=\"excerpt-read-more button\" href=\"https:\/\/aliso.fr\/initiatives\/6-fev-2026-14h-mobiliser-la-formation-dans-mon-association-pourquoi-comment\/\" title=\"Read[6 Fev 2026, 14h] Mobiliser la Formation dans mon association : pourquoi ? comment ?\">En savoir plus &raquo;<\/a><\/p>\n","protected":false},"author":5,"featured_media":2861,"comment_status":"closed","ping_status":"open","sticky":false,"template":"","format":"standard","meta":{"footnotes":""},"categories":[11,6,19],"tags":[53,113,27,118,115,116,117,40,13,47,114],"class_list":["post-3745","post","type-post","status-publish","format-standard","has-post-thumbnail","hentry","category-actus","category-fonction-employeur","category-se-former-sinformer","tag-accompagnement","tag-administration","tag-association","tag-collectif","tag-comptable","tag-contrat","tag-convention-collective","tag-creuse","tag-employeur","tag-initiatives","tag-salarie"],"yoast_head":"<!-- This site is optimized with the Yoast SEO plugin v27.5 - https:\/\/yoast.com\/product\/yoast-seo-wordpress\/ -->\n<title>[6 Fev 2026, 14h] Mobiliser la Formation dans mon association : pourquoi ? comment ? - Aliso Initiatives<\/title>\n<meta name=\"robots\" content=\"index, follow, max-snippet:-1, max-image-preview:large, max-video-preview:-1\" \/>\n<link rel=\"canonical\" href=\"https:\/\/aliso.fr\/initiatives\/6-fev-2026-14h-mobiliser-la-formation-dans-mon-association-pourquoi-comment\/\" \/>\n<meta property=\"og:locale\" content=\"fr_FR\" \/>\n<meta property=\"og:type\" content=\"article\" \/>\n<meta property=\"og:title\" content=\"[6 Fev 2026, 14h] Mobiliser la Formation dans mon association : pourquoi ? comment ? - Aliso Initiatives\" \/>\n<meta property=\"og:description\" content=\"Responsables b\u00e9n\u00e9voles et salari\u00e9s d&rsquo;assos cotisantes \u00e0 Uniformation, nous avons concoct\u00e9 cet apr\u00e8s midi pour vous ! &gt; Ve 6 fev, 14h \u00e0 Tremplin Nature &#8211; Gu\u00e9ret, inscriptions ICI. Aliso, dans le cadre du DLA Creuse, vous invite \u00e0 rencontrer votre nouveau conseiller territorial Uniformation pour aborder le comment et le pourquoi mettre le paquet... En savoir plus &raquo;\" \/>\n<meta property=\"og:url\" content=\"https:\/\/aliso.fr\/initiatives\/6-fev-2026-14h-mobiliser-la-formation-dans-mon-association-pourquoi-comment\/\" \/>\n<meta property=\"og:site_name\" content=\"Aliso Initiatives\" \/>\n<meta property=\"article:published_time\" content=\"2026-01-19T15:10:29+00:00\" \/>\n<meta property=\"article:modified_time\" content=\"2026-02-03T14:33:16+00:00\" \/>\n<meta property=\"og:image\" content=\"https:\/\/aliso.fr\/initiatives\/wp-content\/uploads\/sites\/2\/2023\/10\/extrait-construire-ensemble.jpg\" \/>\n\t<meta property=\"og:image:width\" content=\"1646\" \/>\n\t<meta property=\"og:image:height\" content=\"2000\" \/>\n\t<meta property=\"og:image:type\" content=\"image\/jpeg\" \/>\n<meta name=\"author\" content=\"pascal\" \/>\n<meta name=\"twitter:card\" content=\"summary_large_image\" \/>\n<script type=\"application\/ld+json\" class=\"yoast-schema-graph\">{\"@context\":\"https:\\\/\\\/schema.org\",\"@graph\":[{\"@type\":\"Article\",\"@id\":\"https:\\\/\\\/aliso.fr\\\/initiatives\\\/6-fev-2026-14h-mobiliser-la-formation-dans-mon-association-pourquoi-comment\\\/#article\",\"isPartOf\":{\"@id\":\"https:\\\/\\\/aliso.fr\\\/initiatives\\\/6-fev-2026-14h-mobiliser-la-formation-dans-mon-association-pourquoi-comment\\\/\"},\"author\":{\"name\":\"pascal\",\"@id\":\"https:\\\/\\\/aliso.fr\\\/initiatives\\\/#\\\/schema\\\/person\\\/ac5889082625d5c95b51fac19f3d9b86\"},\"headline\":\"[6 Fev 2026, 14h] Mobiliser la Formation dans mon association : pourquoi ? comment ?\",\"datePublished\":\"2026-01-19T15:10:29+00:00\",\"dateModified\":\"2026-02-03T14:33:16+00:00\",\"mainEntityOfPage\":{\"@id\":\"https:\\\/\\\/aliso.fr\\\/initiatives\\\/6-fev-2026-14h-mobiliser-la-formation-dans-mon-association-pourquoi-comment\\\/\"},\"wordCount\":179,\"publisher\":{\"@id\":\"https:\\\/\\\/aliso.fr\\\/initiatives\\\/#organization\"},\"image\":{\"@id\":\"https:\\\/\\\/aliso.fr\\\/initiatives\\\/6-fev-2026-14h-mobiliser-la-formation-dans-mon-association-pourquoi-comment\\\/#primaryimage\"},\"thumbnailUrl\":\"https:\\\/\\\/aliso.fr\\\/initiatives\\\/wp-content\\\/uploads\\\/sites\\\/2\\\/2023\\\/10\\\/extrait-construire-ensemble.jpg\",\"keywords\":[\"accompagnement\",\"administration\",\"association\",\"collectif\",\"comptable\",\"contrat\",\"convention collective\",\"Creuse\",\"employeur\",\"initiatives\",\"salari\u00e9\"],\"articleSection\":[\"Actualit\u00e9s\",\"Fonction employeur\",\"Se former, s\u2019informer\"],\"inLanguage\":\"fr-FR\"},{\"@type\":\"WebPage\",\"@id\":\"https:\\\/\\\/aliso.fr\\\/initiatives\\\/6-fev-2026-14h-mobiliser-la-formation-dans-mon-association-pourquoi-comment\\\/\",\"url\":\"https:\\\/\\\/aliso.fr\\\/initiatives\\\/6-fev-2026-14h-mobiliser-la-formation-dans-mon-association-pourquoi-comment\\\/\",\"name\":\"[6 Fev 2026, 14h] Mobiliser la Formation dans mon association : pourquoi ? comment ? - Aliso Initiatives\",\"isPartOf\":{\"@id\":\"https:\\\/\\\/aliso.fr\\\/initiatives\\\/#website\"},\"primaryImageOfPage\":{\"@id\":\"https:\\\/\\\/aliso.fr\\\/initiatives\\\/6-fev-2026-14h-mobiliser-la-formation-dans-mon-association-pourquoi-comment\\\/#primaryimage\"},\"image\":{\"@id\":\"https:\\\/\\\/aliso.fr\\\/initiatives\\\/6-fev-2026-14h-mobiliser-la-formation-dans-mon-association-pourquoi-comment\\\/#primaryimage\"},\"thumbnailUrl\":\"https:\\\/\\\/aliso.fr\\\/initiatives\\\/wp-content\\\/uploads\\\/sites\\\/2\\\/2023\\\/10\\\/extrait-construire-ensemble.jpg\",\"datePublished\":\"2026-01-19T15:10:29+00:00\",\"dateModified\":\"2026-02-03T14:33:16+00:00\",\"breadcrumb\":{\"@id\":\"https:\\\/\\\/aliso.fr\\\/initiatives\\\/6-fev-2026-14h-mobiliser-la-formation-dans-mon-association-pourquoi-comment\\\/#breadcrumb\"},\"inLanguage\":\"fr-FR\",\"potentialAction\":[{\"@type\":\"ReadAction\",\"target\":[\"https:\\\/\\\/aliso.fr\\\/initiatives\\\/6-fev-2026-14h-mobiliser-la-formation-dans-mon-association-pourquoi-comment\\\/\"]}]},{\"@type\":\"ImageObject\",\"inLanguage\":\"fr-FR\",\"@id\":\"https:\\\/\\\/aliso.fr\\\/initiatives\\\/6-fev-2026-14h-mobiliser-la-formation-dans-mon-association-pourquoi-comment\\\/#primaryimage\",\"url\":\"https:\\\/\\\/aliso.fr\\\/initiatives\\\/wp-content\\\/uploads\\\/sites\\\/2\\\/2023\\\/10\\\/extrait-construire-ensemble.jpg\",\"contentUrl\":\"https:\\\/\\\/aliso.fr\\\/initiatives\\\/wp-content\\\/uploads\\\/sites\\\/2\\\/2023\\\/10\\\/extrait-construire-ensemble.jpg\",\"width\":1646,\"height\":2000},{\"@type\":\"BreadcrumbList\",\"@id\":\"https:\\\/\\\/aliso.fr\\\/initiatives\\\/6-fev-2026-14h-mobiliser-la-formation-dans-mon-association-pourquoi-comment\\\/#breadcrumb\",\"itemListElement\":[{\"@type\":\"ListItem\",\"position\":1,\"name\":\"Accueil\",\"item\":\"https:\\\/\\\/aliso.fr\\\/initiatives\\\/\"},{\"@type\":\"ListItem\",\"position\":2,\"name\":\"Ressources et outils\",\"item\":\"https:\\\/\\\/aliso.fr\\\/initiatives\\\/ressources-et-outils\\\/\"},{\"@type\":\"ListItem\",\"position\":3,\"name\":\"Fonction employeur\",\"item\":\"https:\\\/\\\/aliso.fr\\\/initiatives\\\/ressources-et-outils\\\/fonction-employeur\\\/\"},{\"@type\":\"ListItem\",\"position\":4,\"name\":\"[6 Fev 2026, 14h] Mobiliser la Formation dans mon association : pourquoi ? comment ?\"}]},{\"@type\":\"WebSite\",\"@id\":\"https:\\\/\\\/aliso.fr\\\/initiatives\\\/#website\",\"url\":\"https:\\\/\\\/aliso.fr\\\/initiatives\\\/\",\"name\":\"Aliso Initiatives\",\"description\":\"R\u00e9seau Creusois des acteurs du lien social\",\"publisher\":{\"@id\":\"https:\\\/\\\/aliso.fr\\\/initiatives\\\/#organization\"},\"potentialAction\":[{\"@type\":\"SearchAction\",\"target\":{\"@type\":\"EntryPoint\",\"urlTemplate\":\"https:\\\/\\\/aliso.fr\\\/initiatives\\\/?s={search_term_string}\"},\"query-input\":{\"@type\":\"PropertyValueSpecification\",\"valueRequired\":true,\"valueName\":\"search_term_string\"}}],\"inLanguage\":\"fr-FR\"},{\"@type\":\"Organization\",\"@id\":\"https:\\\/\\\/aliso.fr\\\/initiatives\\\/#organization\",\"name\":\"Aliso Initiatives\",\"url\":\"https:\\\/\\\/aliso.fr\\\/initiatives\\\/\",\"logo\":{\"@type\":\"ImageObject\",\"inLanguage\":\"fr-FR\",\"@id\":\"https:\\\/\\\/aliso.fr\\\/initiatives\\\/#\\\/schema\\\/logo\\\/image\\\/\",\"url\":\"https:\\\/\\\/aliso.fr\\\/initiatives\\\/wp-content\\\/uploads\\\/sites\\\/2\\\/2022\\\/01\\\/Logo-ALISO-Initiatives-2.png\",\"contentUrl\":\"https:\\\/\\\/aliso.fr\\\/initiatives\\\/wp-content\\\/uploads\\\/sites\\\/2\\\/2022\\\/01\\\/Logo-ALISO-Initiatives-2.png\",\"width\":900,\"height\":657,\"caption\":\"Aliso Initiatives\"},\"image\":{\"@id\":\"https:\\\/\\\/aliso.fr\\\/initiatives\\\/#\\\/schema\\\/logo\\\/image\\\/\"}},{\"@type\":\"Person\",\"@id\":\"https:\\\/\\\/aliso.fr\\\/initiatives\\\/#\\\/schema\\\/person\\\/ac5889082625d5c95b51fac19f3d9b86\",\"name\":\"pascal\"}]}<\/script>\n<!-- \/ Yoast SEO plugin. -->","yoast_head_json":{"title":"[6 Fev 2026, 14h] Mobiliser la Formation dans mon association : pourquoi ? comment ? - Aliso Initiatives","robots":{"index":"index","follow":"follow","max-snippet":"max-snippet:-1","max-image-preview":"max-image-preview:large","max-video-preview":"max-video-preview:-1"},"canonical":"https:\/\/aliso.fr\/initiatives\/6-fev-2026-14h-mobiliser-la-formation-dans-mon-association-pourquoi-comment\/","og_locale":"fr_FR","og_type":"article","og_title":"[6 Fev 2026, 14h] Mobiliser la Formation dans mon association : pourquoi ? comment ? - Aliso Initiatives","og_description":"Responsables b\u00e9n\u00e9voles et salari\u00e9s d&rsquo;assos cotisantes \u00e0 Uniformation, nous avons concoct\u00e9 cet apr\u00e8s midi pour vous ! &gt; Ve 6 fev, 14h \u00e0 Tremplin Nature &#8211; Gu\u00e9ret, inscriptions ICI. Aliso, dans le cadre du DLA Creuse, vous invite \u00e0 rencontrer votre nouveau conseiller territorial Uniformation pour aborder le comment et le pourquoi mettre le paquet... En savoir plus &raquo;","og_url":"https:\/\/aliso.fr\/initiatives\/6-fev-2026-14h-mobiliser-la-formation-dans-mon-association-pourquoi-comment\/","og_site_name":"Aliso Initiatives","article_published_time":"2026-01-19T15:10:29+00:00","article_modified_time":"2026-02-03T14:33:16+00:00","og_image":[{"width":1646,"height":2000,"url":"https:\/\/aliso.fr\/initiatives\/wp-content\/uploads\/sites\/2\/2023\/10\/extrait-construire-ensemble.jpg","type":"image\/jpeg"}],"author":"pascal","twitter_card":"summary_large_image","schema":{"@context":"https:\/\/schema.org","@graph":[{"@type":"Article","@id":"https:\/\/aliso.fr\/initiatives\/6-fev-2026-14h-mobiliser-la-formation-dans-mon-association-pourquoi-comment\/#article","isPartOf":{"@id":"https:\/\/aliso.fr\/initiatives\/6-fev-2026-14h-mobiliser-la-formation-dans-mon-association-pourquoi-comment\/"},"author":{"name":"pascal","@id":"https:\/\/aliso.fr\/initiatives\/#\/schema\/person\/ac5889082625d5c95b51fac19f3d9b86"},"headline":"[6 Fev 2026, 14h] Mobiliser la Formation dans mon association : pourquoi ? comment ?","datePublished":"2026-01-19T15:10:29+00:00","dateModified":"2026-02-03T14:33:16+00:00","mainEntityOfPage":{"@id":"https:\/\/aliso.fr\/initiatives\/6-fev-2026-14h-mobiliser-la-formation-dans-mon-association-pourquoi-comment\/"},"wordCount":179,"publisher":{"@id":"https:\/\/aliso.fr\/initiatives\/#organization"},"image":{"@id":"https:\/\/aliso.fr\/initiatives\/6-fev-2026-14h-mobiliser-la-formation-dans-mon-association-pourquoi-comment\/#primaryimage"},"thumbnailUrl":"https:\/\/aliso.fr\/initiatives\/wp-content\/uploads\/sites\/2\/2023\/10\/extrait-construire-ensemble.jpg","keywords":["accompagnement","administration","association","collectif","comptable","contrat","convention collective","Creuse","employeur","initiatives","salari\u00e9"],"articleSection":["Actualit\u00e9s","Fonction employeur","Se former, s\u2019informer"],"inLanguage":"fr-FR"},{"@type":"WebPage","@id":"https:\/\/aliso.fr\/initiatives\/6-fev-2026-14h-mobiliser-la-formation-dans-mon-association-pourquoi-comment\/","url":"https:\/\/aliso.fr\/initiatives\/6-fev-2026-14h-mobiliser-la-formation-dans-mon-association-pourquoi-comment\/","name":"[6 Fev 2026, 14h] Mobiliser la Formation dans mon association : pourquoi ? comment ? - Aliso Initiatives","isPartOf":{"@id":"https:\/\/aliso.fr\/initiatives\/#website"},"primaryImageOfPage":{"@id":"https:\/\/aliso.fr\/initiatives\/6-fev-2026-14h-mobiliser-la-formation-dans-mon-association-pourquoi-comment\/#primaryimage"},"image":{"@id":"https:\/\/aliso.fr\/initiatives\/6-fev-2026-14h-mobiliser-la-formation-dans-mon-association-pourquoi-comment\/#primaryimage"},"thumbnailUrl":"https:\/\/aliso.fr\/initiatives\/wp-content\/uploads\/sites\/2\/2023\/10\/extrait-construire-ensemble.jpg","datePublished":"2026-01-19T15:10:29+00:00","dateModified":"2026-02-03T14:33:16+00:00","breadcrumb":{"@id":"https:\/\/aliso.fr\/initiatives\/6-fev-2026-14h-mobiliser-la-formation-dans-mon-association-pourquoi-comment\/#breadcrumb"},"inLanguage":"fr-FR","potentialAction":[{"@type":"ReadAction","target":["https:\/\/aliso.fr\/initiatives\/6-fev-2026-14h-mobiliser-la-formation-dans-mon-association-pourquoi-comment\/"]}]},{"@type":"ImageObject","inLanguage":"fr-FR","@id":"https:\/\/aliso.fr\/initiatives\/6-fev-2026-14h-mobiliser-la-formation-dans-mon-association-pourquoi-comment\/#primaryimage","url":"https:\/\/aliso.fr\/initiatives\/wp-content\/uploads\/sites\/2\/2023\/10\/extrait-construire-ensemble.jpg","contentUrl":"https:\/\/aliso.fr\/initiatives\/wp-content\/uploads\/sites\/2\/2023\/10\/extrait-construire-ensemble.jpg","width":1646,"height":2000},{"@type":"BreadcrumbList","@id":"https:\/\/aliso.fr\/initiatives\/6-fev-2026-14h-mobiliser-la-formation-dans-mon-association-pourquoi-comment\/#breadcrumb","itemListElement":[{"@type":"ListItem","position":1,"name":"Accueil","item":"https:\/\/aliso.fr\/initiatives\/"},{"@type":"ListItem","position":2,"name":"Ressources et outils","item":"https:\/\/aliso.fr\/initiatives\/ressources-et-outils\/"},{"@type":"ListItem","position":3,"name":"Fonction employeur","item":"https:\/\/aliso.fr\/initiatives\/ressources-et-outils\/fonction-employeur\/"},{"@type":"ListItem","position":4,"name":"[6 Fev 2026, 14h] Mobiliser la Formation dans mon association : pourquoi ? comment ?"}]},{"@type":"WebSite","@id":"https:\/\/aliso.fr\/initiatives\/#website","url":"https:\/\/aliso.fr\/initiatives\/","name":"Aliso Initiatives","description":"R\u00e9seau Creusois des acteurs du lien social","publisher":{"@id":"https:\/\/aliso.fr\/initiatives\/#organization"},"potentialAction":[{"@type":"SearchAction","target":{"@type":"EntryPoint","urlTemplate":"https:\/\/aliso.fr\/initiatives\/?s={search_term_string}"},"query-input":{"@type":"PropertyValueSpecification","valueRequired":true,"valueName":"search_term_string"}}],"inLanguage":"fr-FR"},{"@type":"Organization","@id":"https:\/\/aliso.fr\/initiatives\/#organization","name":"Aliso Initiatives","url":"https:\/\/aliso.fr\/initiatives\/","logo":{"@type":"ImageObject","inLanguage":"fr-FR","@id":"https:\/\/aliso.fr\/initiatives\/#\/schema\/logo\/image\/","url":"https:\/\/aliso.fr\/initiatives\/wp-content\/uploads\/sites\/2\/2022\/01\/Logo-ALISO-Initiatives-2.png","contentUrl":"https:\/\/aliso.fr\/initiatives\/wp-content\/uploads\/sites\/2\/2022\/01\/Logo-ALISO-Initiatives-2.png","width":900,"height":657,"caption":"Aliso Initiatives"},"image":{"@id":"https:\/\/aliso.fr\/initiatives\/#\/schema\/logo\/image\/"}},{"@type":"Person","@id":"https:\/\/aliso.fr\/initiatives\/#\/schema\/person\/ac5889082625d5c95b51fac19f3d9b86","name":"pascal"}]}},"_links":{"self":[{"href":"https:\/\/aliso.fr\/initiatives\/wp-json\/wp\/v2\/posts\/3745","targetHints":{"allow":["GET"]}}],"collection":[{"href":"https:\/\/aliso.fr\/initiatives\/wp-json\/wp\/v2\/posts"}],"about":[{"href":"https:\/\/aliso.fr\/initiatives\/wp-json\/wp\/v2\/types\/post"}],"author":[{"embeddable":true,"href":"https:\/\/aliso.fr\/initiatives\/wp-json\/wp\/v2\/users\/5"}],"replies":[{"embeddable":true,"href":"https:\/\/aliso.fr\/initiatives\/wp-json\/wp\/v2\/comments?post=3745"}],"version-history":[{"count":4,"href":"https:\/\/aliso.fr\/initiatives\/wp-json\/wp\/v2\/posts\/3745\/revisions"}],"predecessor-version":[{"id":3795,"href":"https:\/\/aliso.fr\/initiatives\/wp-json\/wp\/v2\/posts\/3745\/revisions\/3795"}],"wp:featuredmedia":[{"embeddable":true,"href":"https:\/\/aliso.fr\/initiatives\/wp-json\/wp\/v2\/media\/2861"}],"wp:attachment":[{"href":"https:\/\/aliso.fr\/initiatives\/wp-json\/wp\/v2\/media?parent=3745"}],"wp:term":[{"taxonomy":"category","embeddable":true,"href":"https:\/\/aliso.fr\/initiatives\/wp-json\/wp\/v2\/categories?post=3745"},{"taxonomy":"post_tag","embeddable":true,"href":"https:\/\/aliso.fr\/initiatives\/wp-json\/wp\/v2\/tags?post=3745"}],"curies":[{"name":"wp","href":"https:\/\/api.w.org\/{rel}","templated":true}]}}