{"id":3789,"date":"2026-01-29T15:11:13","date_gmt":"2026-01-29T14:11:13","guid":{"rendered":"https:\/\/aliso.fr\/initiatives\/?p=3789"},"modified":"2026-01-29T15:11:14","modified_gmt":"2026-01-29T14:11:14","slug":"la-culture-en-milieu-rural-existe-par-les-associations","status":"publish","type":"post","link":"https:\/\/aliso.fr\/initiatives\/la-culture-en-milieu-rural-existe-par-les-associations\/","title":{"rendered":"\u00ab\u00a0La culture en milieu rural existe par les associations\u00a0\u00bb"},"content":{"rendered":"\n<h2 class=\"wp-block-heading\">C&rsquo;est l&rsquo;une des conclusions de Luc de Larminat, d&rsquo;Opale, Centre de ressources national qui a d\u00e9livr\u00e9 les r\u00e9sultats de leur derni\u00e8re enqu\u00eate \u00ab\u00a0Les associations culturelles employeuses en 2025\u00a0\u00bb.<\/h2>\n\n\n\n<div class=\"wp-block-columns is-layout-flex wp-container-core-columns-is-layout-9d6595d7 wp-block-columns-is-layout-flex\">\n<div class=\"wp-block-column is-layout-flow wp-block-column-is-layout-flow\" style=\"flex-basis:33.33%\">\n<figure class=\"wp-block-image size-full\"><img loading=\"lazy\" decoding=\"async\" width=\"170\" height=\"244\" src=\"https:\/\/aliso.fr\/initiatives\/wp-content\/uploads\/sites\/2\/2026\/01\/vignetteace_site-2e41d.png\" alt=\"\" class=\"wp-image-3790\" \/><\/figure>\n<\/div>\n\n\n\n<div class=\"wp-block-column is-layout-flow wp-block-column-is-layout-flow\" style=\"flex-basis:66.66%\">\n<blockquote class=\"wp-block-quote is-layout-flow wp-block-quote-is-layout-flow\">\n<ul style=\"font-style:normal;font-weight:600\" class=\"wp-block-list has-large-font-size\">\n<li>63 % des associations enqu\u00eat\u00e9es interviennent en milieu rural, et elles sont majoritaires \u00e0 placer en premier la dimension <em>\u00e9ducative <\/em>de leur action de cr\u00e9ation, de diffusion ou autre.<\/li>\n<\/ul>\n<\/blockquote>\n\n\n\n<blockquote class=\"wp-block-quote is-layout-flow wp-block-quote-is-layout-flow\" style=\"font-style:normal;font-weight:600\">\n<ul class=\"wp-block-list has-large-font-size\">\n<li>L&rsquo;<a href=\"https:\/\/www.opale.asso.fr\/article797.html\">enqu\u00eate est accessible ici !<\/a> <br><br><\/li>\n<\/ul>\n<\/blockquote>\n\n\n\n<p class=\"has-large-font-size\"><\/p>\n<\/div>\n<\/div>\n\n\n\n<div class=\"wp-block-columns is-layout-flex wp-container-core-columns-is-layout-9d6595d7 wp-block-columns-is-layout-flex\">\n<div class=\"wp-block-column is-layout-flow wp-block-column-is-layout-flow\" style=\"flex-basis:33.33%\"><\/div>\n\n\n\n<div class=\"wp-block-column is-layout-flow wp-block-column-is-layout-flow\" style=\"flex-basis:66.66%\"><\/div>\n<\/div>\n","protected":false},"excerpt":{"rendered":"<p>C&rsquo;est l&rsquo;une des conclusions de Luc de Larminat, d&rsquo;Opale, Centre de ressources national qui a d\u00e9livr\u00e9 les r\u00e9sultats de leur derni\u00e8re enqu\u00eate \u00ab\u00a0Les associations culturelles employeuses en 2025\u00a0\u00bb.<\/p>\n","protected":false},"author":5,"featured_media":1992,"comment_status":"closed","ping_status":"open","sticky":false,"template":"","format":"standard","meta":{"footnotes":""},"categories":[11,140],"tags":[53,113,27,118,115,116,117,40,13,47,114],"class_list":["post-3789","post","type-post","status-publish","format-standard","has-post-thumbnail","hentry","category-actus","category-dynamiques-evenements","tag-accompagnement","tag-administration","tag-association","tag-collectif","tag-comptable","tag-contrat","tag-convention-collective","tag-creuse","tag-employeur","tag-initiatives","tag-salarie"],"yoast_head":"<!-- This site is optimized with the Yoast SEO plugin v27.5 - https:\/\/yoast.com\/product\/yoast-seo-wordpress\/ -->\n<title>&quot;La culture en milieu rural existe par les associations&quot; - Aliso Initiatives<\/title>\n<meta name=\"robots\" content=\"index, follow, max-snippet:-1, max-image-preview:large, max-video-preview:-1\" \/>\n<link rel=\"canonical\" href=\"https:\/\/aliso.fr\/initiatives\/la-culture-en-milieu-rural-existe-par-les-associations\/\" \/>\n<meta property=\"og:locale\" content=\"fr_FR\" \/>\n<meta property=\"og:type\" content=\"article\" \/>\n<meta property=\"og:title\" content=\"&quot;La culture en milieu rural existe par les associations&quot; - Aliso Initiatives\" \/>\n<meta property=\"og:description\" content=\"C&rsquo;est l&rsquo;une des conclusions de Luc de Larminat, d&rsquo;Opale, Centre de ressources national qui a d\u00e9livr\u00e9 les r\u00e9sultats de leur derni\u00e8re enqu\u00eate \u00ab\u00a0Les associations culturelles employeuses en 2025\u00a0\u00bb.\" \/>\n<meta property=\"og:url\" content=\"https:\/\/aliso.fr\/initiatives\/la-culture-en-milieu-rural-existe-par-les-associations\/\" \/>\n<meta property=\"og:site_name\" content=\"Aliso Initiatives\" \/>\n<meta property=\"article:published_time\" content=\"2026-01-29T14:11:13+00:00\" \/>\n<meta property=\"article:modified_time\" content=\"2026-01-29T14:11:14+00:00\" \/>\n<meta property=\"og:image\" content=\"https:\/\/aliso.fr\/initiatives\/wp-content\/uploads\/sites\/2\/2022\/05\/drapeaux-campagne.jpg\" \/>\n\t<meta property=\"og:image:width\" content=\"1920\" \/>\n\t<meta property=\"og:image:height\" content=\"1275\" \/>\n\t<meta property=\"og:image:type\" content=\"image\/jpeg\" \/>\n<meta name=\"author\" content=\"pascal\" \/>\n<meta name=\"twitter:card\" content=\"summary_large_image\" \/>\n<script type=\"application\/ld+json\" class=\"yoast-schema-graph\">{\"@context\":\"https:\\\/\\\/schema.org\",\"@graph\":[{\"@type\":\"Article\",\"@id\":\"https:\\\/\\\/aliso.fr\\\/initiatives\\\/la-culture-en-milieu-rural-existe-par-les-associations\\\/#article\",\"isPartOf\":{\"@id\":\"https:\\\/\\\/aliso.fr\\\/initiatives\\\/la-culture-en-milieu-rural-existe-par-les-associations\\\/\"},\"author\":{\"name\":\"pascal\",\"@id\":\"https:\\\/\\\/aliso.fr\\\/initiatives\\\/#\\\/schema\\\/person\\\/ac5889082625d5c95b51fac19f3d9b86\"},\"headline\":\"\u00ab\u00a0La culture en milieu rural existe par les associations\u00a0\u00bb\",\"datePublished\":\"2026-01-29T14:11:13+00:00\",\"dateModified\":\"2026-01-29T14:11:14+00:00\",\"mainEntityOfPage\":{\"@id\":\"https:\\\/\\\/aliso.fr\\\/initiatives\\\/la-culture-en-milieu-rural-existe-par-les-associations\\\/\"},\"wordCount\":78,\"publisher\":{\"@id\":\"https:\\\/\\\/aliso.fr\\\/initiatives\\\/#organization\"},\"image\":{\"@id\":\"https:\\\/\\\/aliso.fr\\\/initiatives\\\/la-culture-en-milieu-rural-existe-par-les-associations\\\/#primaryimage\"},\"thumbnailUrl\":\"https:\\\/\\\/aliso.fr\\\/initiatives\\\/wp-content\\\/uploads\\\/sites\\\/2\\\/2022\\\/05\\\/drapeaux-campagne.jpg\",\"keywords\":[\"accompagnement\",\"administration\",\"association\",\"collectif\",\"comptable\",\"contrat\",\"convention collective\",\"Creuse\",\"employeur\",\"initiatives\",\"salari\u00e9\"],\"articleSection\":[\"Actualit\u00e9s\",\"Dynamiques - Evenements\"],\"inLanguage\":\"fr-FR\"},{\"@type\":\"WebPage\",\"@id\":\"https:\\\/\\\/aliso.fr\\\/initiatives\\\/la-culture-en-milieu-rural-existe-par-les-associations\\\/\",\"url\":\"https:\\\/\\\/aliso.fr\\\/initiatives\\\/la-culture-en-milieu-rural-existe-par-les-associations\\\/\",\"name\":\"\\\"La culture en milieu rural existe par les associations\\\" - Aliso Initiatives\",\"isPartOf\":{\"@id\":\"https:\\\/\\\/aliso.fr\\\/initiatives\\\/#website\"},\"primaryImageOfPage\":{\"@id\":\"https:\\\/\\\/aliso.fr\\\/initiatives\\\/la-culture-en-milieu-rural-existe-par-les-associations\\\/#primaryimage\"},\"image\":{\"@id\":\"https:\\\/\\\/aliso.fr\\\/initiatives\\\/la-culture-en-milieu-rural-existe-par-les-associations\\\/#primaryimage\"},\"thumbnailUrl\":\"https:\\\/\\\/aliso.fr\\\/initiatives\\\/wp-content\\\/uploads\\\/sites\\\/2\\\/2022\\\/05\\\/drapeaux-campagne.jpg\",\"datePublished\":\"2026-01-29T14:11:13+00:00\",\"dateModified\":\"2026-01-29T14:11:14+00:00\",\"breadcrumb\":{\"@id\":\"https:\\\/\\\/aliso.fr\\\/initiatives\\\/la-culture-en-milieu-rural-existe-par-les-associations\\\/#breadcrumb\"},\"inLanguage\":\"fr-FR\",\"potentialAction\":[{\"@type\":\"ReadAction\",\"target\":[\"https:\\\/\\\/aliso.fr\\\/initiatives\\\/la-culture-en-milieu-rural-existe-par-les-associations\\\/\"]}]},{\"@type\":\"ImageObject\",\"inLanguage\":\"fr-FR\",\"@id\":\"https:\\\/\\\/aliso.fr\\\/initiatives\\\/la-culture-en-milieu-rural-existe-par-les-associations\\\/#primaryimage\",\"url\":\"https:\\\/\\\/aliso.fr\\\/initiatives\\\/wp-content\\\/uploads\\\/sites\\\/2\\\/2022\\\/05\\\/drapeaux-campagne.jpg\",\"contentUrl\":\"https:\\\/\\\/aliso.fr\\\/initiatives\\\/wp-content\\\/uploads\\\/sites\\\/2\\\/2022\\\/05\\\/drapeaux-campagne.jpg\",\"width\":1920,\"height\":1275},{\"@type\":\"BreadcrumbList\",\"@id\":\"https:\\\/\\\/aliso.fr\\\/initiatives\\\/la-culture-en-milieu-rural-existe-par-les-associations\\\/#breadcrumb\",\"itemListElement\":[{\"@type\":\"ListItem\",\"position\":1,\"name\":\"Accueil\",\"item\":\"https:\\\/\\\/aliso.fr\\\/initiatives\\\/\"},{\"@type\":\"ListItem\",\"position\":2,\"name\":\"Actualit\u00e9s\",\"item\":\"https:\\\/\\\/aliso.fr\\\/initiatives\\\/actus\\\/\"},{\"@type\":\"ListItem\",\"position\":3,\"name\":\"\u00ab\u00a0La culture en milieu rural existe par les associations\u00a0\u00bb\"}]},{\"@type\":\"WebSite\",\"@id\":\"https:\\\/\\\/aliso.fr\\\/initiatives\\\/#website\",\"url\":\"https:\\\/\\\/aliso.fr\\\/initiatives\\\/\",\"name\":\"Aliso Initiatives\",\"description\":\"R\u00e9seau Creusois des acteurs du lien social\",\"publisher\":{\"@id\":\"https:\\\/\\\/aliso.fr\\\/initiatives\\\/#organization\"},\"potentialAction\":[{\"@type\":\"SearchAction\",\"target\":{\"@type\":\"EntryPoint\",\"urlTemplate\":\"https:\\\/\\\/aliso.fr\\\/initiatives\\\/?s={search_term_string}\"},\"query-input\":{\"@type\":\"PropertyValueSpecification\",\"valueRequired\":true,\"valueName\":\"search_term_string\"}}],\"inLanguage\":\"fr-FR\"},{\"@type\":\"Organization\",\"@id\":\"https:\\\/\\\/aliso.fr\\\/initiatives\\\/#organization\",\"name\":\"Aliso Initiatives\",\"url\":\"https:\\\/\\\/aliso.fr\\\/initiatives\\\/\",\"logo\":{\"@type\":\"ImageObject\",\"inLanguage\":\"fr-FR\",\"@id\":\"https:\\\/\\\/aliso.fr\\\/initiatives\\\/#\\\/schema\\\/logo\\\/image\\\/\",\"url\":\"https:\\\/\\\/aliso.fr\\\/initiatives\\\/wp-content\\\/uploads\\\/sites\\\/2\\\/2022\\\/01\\\/Logo-ALISO-Initiatives-2.png\",\"contentUrl\":\"https:\\\/\\\/aliso.fr\\\/initiatives\\\/wp-content\\\/uploads\\\/sites\\\/2\\\/2022\\\/01\\\/Logo-ALISO-Initiatives-2.png\",\"width\":900,\"height\":657,\"caption\":\"Aliso Initiatives\"},\"image\":{\"@id\":\"https:\\\/\\\/aliso.fr\\\/initiatives\\\/#\\\/schema\\\/logo\\\/image\\\/\"}},{\"@type\":\"Person\",\"@id\":\"https:\\\/\\\/aliso.fr\\\/initiatives\\\/#\\\/schema\\\/person\\\/ac5889082625d5c95b51fac19f3d9b86\",\"name\":\"pascal\"}]}<\/script>\n<!-- \/ Yoast SEO plugin. -->","yoast_head_json":{"title":"\"La culture en milieu rural existe par les associations\" - Aliso Initiatives","robots":{"index":"index","follow":"follow","max-snippet":"max-snippet:-1","max-image-preview":"max-image-preview:large","max-video-preview":"max-video-preview:-1"},"canonical":"https:\/\/aliso.fr\/initiatives\/la-culture-en-milieu-rural-existe-par-les-associations\/","og_locale":"fr_FR","og_type":"article","og_title":"\"La culture en milieu rural existe par les associations\" - Aliso Initiatives","og_description":"C&rsquo;est l&rsquo;une des conclusions de Luc de Larminat, d&rsquo;Opale, Centre de ressources national qui a d\u00e9livr\u00e9 les r\u00e9sultats de leur derni\u00e8re enqu\u00eate \u00ab\u00a0Les associations culturelles employeuses en 2025\u00a0\u00bb.","og_url":"https:\/\/aliso.fr\/initiatives\/la-culture-en-milieu-rural-existe-par-les-associations\/","og_site_name":"Aliso Initiatives","article_published_time":"2026-01-29T14:11:13+00:00","article_modified_time":"2026-01-29T14:11:14+00:00","og_image":[{"width":1920,"height":1275,"url":"https:\/\/aliso.fr\/initiatives\/wp-content\/uploads\/sites\/2\/2022\/05\/drapeaux-campagne.jpg","type":"image\/jpeg"}],"author":"pascal","twitter_card":"summary_large_image","schema":{"@context":"https:\/\/schema.org","@graph":[{"@type":"Article","@id":"https:\/\/aliso.fr\/initiatives\/la-culture-en-milieu-rural-existe-par-les-associations\/#article","isPartOf":{"@id":"https:\/\/aliso.fr\/initiatives\/la-culture-en-milieu-rural-existe-par-les-associations\/"},"author":{"name":"pascal","@id":"https:\/\/aliso.fr\/initiatives\/#\/schema\/person\/ac5889082625d5c95b51fac19f3d9b86"},"headline":"\u00ab\u00a0La culture en milieu rural existe par les associations\u00a0\u00bb","datePublished":"2026-01-29T14:11:13+00:00","dateModified":"2026-01-29T14:11:14+00:00","mainEntityOfPage":{"@id":"https:\/\/aliso.fr\/initiatives\/la-culture-en-milieu-rural-existe-par-les-associations\/"},"wordCount":78,"publisher":{"@id":"https:\/\/aliso.fr\/initiatives\/#organization"},"image":{"@id":"https:\/\/aliso.fr\/initiatives\/la-culture-en-milieu-rural-existe-par-les-associations\/#primaryimage"},"thumbnailUrl":"https:\/\/aliso.fr\/initiatives\/wp-content\/uploads\/sites\/2\/2022\/05\/drapeaux-campagne.jpg","keywords":["accompagnement","administration","association","collectif","comptable","contrat","convention collective","Creuse","employeur","initiatives","salari\u00e9"],"articleSection":["Actualit\u00e9s","Dynamiques - Evenements"],"inLanguage":"fr-FR"},{"@type":"WebPage","@id":"https:\/\/aliso.fr\/initiatives\/la-culture-en-milieu-rural-existe-par-les-associations\/","url":"https:\/\/aliso.fr\/initiatives\/la-culture-en-milieu-rural-existe-par-les-associations\/","name":"\"La culture en milieu rural existe par les associations\" - Aliso Initiatives","isPartOf":{"@id":"https:\/\/aliso.fr\/initiatives\/#website"},"primaryImageOfPage":{"@id":"https:\/\/aliso.fr\/initiatives\/la-culture-en-milieu-rural-existe-par-les-associations\/#primaryimage"},"image":{"@id":"https:\/\/aliso.fr\/initiatives\/la-culture-en-milieu-rural-existe-par-les-associations\/#primaryimage"},"thumbnailUrl":"https:\/\/aliso.fr\/initiatives\/wp-content\/uploads\/sites\/2\/2022\/05\/drapeaux-campagne.jpg","datePublished":"2026-01-29T14:11:13+00:00","dateModified":"2026-01-29T14:11:14+00:00","breadcrumb":{"@id":"https:\/\/aliso.fr\/initiatives\/la-culture-en-milieu-rural-existe-par-les-associations\/#breadcrumb"},"inLanguage":"fr-FR","potentialAction":[{"@type":"ReadAction","target":["https:\/\/aliso.fr\/initiatives\/la-culture-en-milieu-rural-existe-par-les-associations\/"]}]},{"@type":"ImageObject","inLanguage":"fr-FR","@id":"https:\/\/aliso.fr\/initiatives\/la-culture-en-milieu-rural-existe-par-les-associations\/#primaryimage","url":"https:\/\/aliso.fr\/initiatives\/wp-content\/uploads\/sites\/2\/2022\/05\/drapeaux-campagne.jpg","contentUrl":"https:\/\/aliso.fr\/initiatives\/wp-content\/uploads\/sites\/2\/2022\/05\/drapeaux-campagne.jpg","width":1920,"height":1275},{"@type":"BreadcrumbList","@id":"https:\/\/aliso.fr\/initiatives\/la-culture-en-milieu-rural-existe-par-les-associations\/#breadcrumb","itemListElement":[{"@type":"ListItem","position":1,"name":"Accueil","item":"https:\/\/aliso.fr\/initiatives\/"},{"@type":"ListItem","position":2,"name":"Actualit\u00e9s","item":"https:\/\/aliso.fr\/initiatives\/actus\/"},{"@type":"ListItem","position":3,"name":"\u00ab\u00a0La culture en milieu rural existe par les associations\u00a0\u00bb"}]},{"@type":"WebSite","@id":"https:\/\/aliso.fr\/initiatives\/#website","url":"https:\/\/aliso.fr\/initiatives\/","name":"Aliso Initiatives","description":"R\u00e9seau Creusois des acteurs du lien social","publisher":{"@id":"https:\/\/aliso.fr\/initiatives\/#organization"},"potentialAction":[{"@type":"SearchAction","target":{"@type":"EntryPoint","urlTemplate":"https:\/\/aliso.fr\/initiatives\/?s={search_term_string}"},"query-input":{"@type":"PropertyValueSpecification","valueRequired":true,"valueName":"search_term_string"}}],"inLanguage":"fr-FR"},{"@type":"Organization","@id":"https:\/\/aliso.fr\/initiatives\/#organization","name":"Aliso Initiatives","url":"https:\/\/aliso.fr\/initiatives\/","logo":{"@type":"ImageObject","inLanguage":"fr-FR","@id":"https:\/\/aliso.fr\/initiatives\/#\/schema\/logo\/image\/","url":"https:\/\/aliso.fr\/initiatives\/wp-content\/uploads\/sites\/2\/2022\/01\/Logo-ALISO-Initiatives-2.png","contentUrl":"https:\/\/aliso.fr\/initiatives\/wp-content\/uploads\/sites\/2\/2022\/01\/Logo-ALISO-Initiatives-2.png","width":900,"height":657,"caption":"Aliso Initiatives"},"image":{"@id":"https:\/\/aliso.fr\/initiatives\/#\/schema\/logo\/image\/"}},{"@type":"Person","@id":"https:\/\/aliso.fr\/initiatives\/#\/schema\/person\/ac5889082625d5c95b51fac19f3d9b86","name":"pascal"}]}},"_links":{"self":[{"href":"https:\/\/aliso.fr\/initiatives\/wp-json\/wp\/v2\/posts\/3789","targetHints":{"allow":["GET"]}}],"collection":[{"href":"https:\/\/aliso.fr\/initiatives\/wp-json\/wp\/v2\/posts"}],"about":[{"href":"https:\/\/aliso.fr\/initiatives\/wp-json\/wp\/v2\/types\/post"}],"author":[{"embeddable":true,"href":"https:\/\/aliso.fr\/initiatives\/wp-json\/wp\/v2\/users\/5"}],"replies":[{"embeddable":true,"href":"https:\/\/aliso.fr\/initiatives\/wp-json\/wp\/v2\/comments?post=3789"}],"version-history":[{"count":1,"href":"https:\/\/aliso.fr\/initiatives\/wp-json\/wp\/v2\/posts\/3789\/revisions"}],"predecessor-version":[{"id":3791,"href":"https:\/\/aliso.fr\/initiatives\/wp-json\/wp\/v2\/posts\/3789\/revisions\/3791"}],"wp:featuredmedia":[{"embeddable":true,"href":"https:\/\/aliso.fr\/initiatives\/wp-json\/wp\/v2\/media\/1992"}],"wp:attachment":[{"href":"https:\/\/aliso.fr\/initiatives\/wp-json\/wp\/v2\/media?parent=3789"}],"wp:term":[{"taxonomy":"category","embeddable":true,"href":"https:\/\/aliso.fr\/initiatives\/wp-json\/wp\/v2\/categories?post=3789"},{"taxonomy":"post_tag","embeddable":true,"href":"https:\/\/aliso.fr\/initiatives\/wp-json\/wp\/v2\/tags?post=3789"}],"curies":[{"name":"wp","href":"https:\/\/api.w.org\/{rel}","templated":true}]}}