{"id":52,"date":"2021-10-12T15:51:22","date_gmt":"2021-10-12T13:51:22","guid":{"rendered":"https:\/\/aliso.fr\/initiatives\/?p=52"},"modified":"2021-11-29T12:06:51","modified_gmt":"2021-11-29T11:06:51","slug":"groupement-demployeur-mises-a-disposition","status":"publish","type":"post","link":"https:\/\/aliso.fr\/initiatives\/groupement-demployeur-mises-a-disposition\/","title":{"rendered":"Groupement d&#8217;employeur &amp; mises \u00e0 disposition"},"content":{"rendered":"\n<h2 class=\"wp-block-heading\" style=\"font-size:38px;line-height:1.4\"><strong>Le 25 novembre, 14h \u00e0 Gu\u00e9ret, un atelier pour aborder les meilleures formules de partage d&#8217;emploi salari\u00e9.<\/strong><\/h2>\n\n\n\n<div class=\"wp-block-columns is-layout-flex wp-container-core-columns-is-layout-9d6595d7 wp-block-columns-is-layout-flex\">\n<div class=\"wp-block-column is-layout-flow wp-block-column-is-layout-flow\">\n<p style=\"font-size:18px\">Beaucoup d&rsquo;associations et d&#8217;employeurs de l&rsquo;\u00e9conomie sociale et solidaire sont confront\u00e9es \u00e0 cet enjeu de maintenir une comp\u00e9tence salari\u00e9e stable sur le territoire, tout en  faisant face \u00e0 des al\u00e9as de financement du poste. L&rsquo;une des options est de se tourner vers la mutualisation de poste : selon les cas on se tournera vers la mise \u00e0 disposition de salari\u00e9 ou Pr\u00eat de Main d&rsquo;Oeuvre, dans d&rsquo;autres cas le Groupement d&rsquo;Employeur sera privil\u00e9gi\u00e9.<\/p>\n<\/div>\n\n\n\n<div class=\"wp-block-column is-layout-flow wp-block-column-is-layout-flow\">\n<p style=\"font-size:18px\">Organis\u00e9 par le Centre de Ressources pour les Groupements d&rsquo;Employeurs et le R\u00e9seau ALISO dans le Cadre du DLA Creuse, la session du 25 novembre prochain permettra d&rsquo;aborder les diff\u00e9rentes formules juridiques et leur cadre d&rsquo;utilisation l\u00e9gal. Une occasion aussi d&rsquo;aborder les leviers pour concr\u00e9tiser vos projets de mutualisation.<\/p>\n\n\n\n<div class=\"wp-block-group\"><div class=\"wp-block-group__inner-container is-layout-flow wp-block-group-is-layout-flow\">\n<h2 class=\"wp-block-heading\">25 Novembre 2021 &#8211; 14h-16h30 \u00e0 Gu\u00e9ret<\/h2>\n\n\n\n<p><\/p>\n<\/div><\/div>\n\n\n\n<figure class=\"wp-block-pullquote\"><blockquote><p><\/p><cite>Nouvelle Quincaillerie, <\/cite><\/blockquote><\/figure>\n<\/div>\n<\/div>\n\n\n\n<p><\/p>\n","protected":false},"excerpt":{"rendered":"<p>Le 25 novembre, 14h \u00e0 Gu\u00e9ret, un atelier pour aborder les meilleures formules de partage d&#8217;emploi salari\u00e9. Beaucoup d&rsquo;associations et d&#8217;employeurs de l&rsquo;\u00e9conomie sociale et solidaire sont confront\u00e9es \u00e0 cet enjeu de maintenir une comp\u00e9tence salari\u00e9e stable sur le territoire, tout en faisant face \u00e0 des al\u00e9as de financement du poste. L&rsquo;une des options est&#8230; <a class=\"excerpt-read-more button\" href=\"https:\/\/aliso.fr\/initiatives\/groupement-demployeur-mises-a-disposition\/\" title=\"ReadGroupement d&#8217;employeur &amp; mises \u00e0 disposition\">En savoir plus &raquo;<\/a><\/p>\n","protected":false},"author":5,"featured_media":0,"comment_status":"closed","ping_status":"open","sticky":false,"template":"","format":"standard","meta":{"footnotes":""},"categories":[11,6],"tags":[],"class_list":["post-52","post","type-post","status-publish","format-standard","hentry","category-actus","category-fonction-employeur"],"yoast_head":"<!-- This site is optimized with the Yoast SEO plugin v27.5 - https:\/\/yoast.com\/product\/yoast-seo-wordpress\/ -->\n<title>Groupement d&#039;employeur &amp; mises \u00e0 disposition - Aliso Initiatives<\/title>\n<meta name=\"robots\" content=\"index, follow, max-snippet:-1, max-image-preview:large, max-video-preview:-1\" \/>\n<link rel=\"canonical\" href=\"https:\/\/aliso.fr\/initiatives\/groupement-demployeur-mises-a-disposition\/\" \/>\n<meta property=\"og:locale\" content=\"fr_FR\" \/>\n<meta property=\"og:type\" content=\"article\" \/>\n<meta property=\"og:title\" content=\"Groupement d&#039;employeur &amp; mises \u00e0 disposition - Aliso Initiatives\" \/>\n<meta property=\"og:description\" content=\"Le 25 novembre, 14h \u00e0 Gu\u00e9ret, un atelier pour aborder les meilleures formules de partage d&#8217;emploi salari\u00e9. Beaucoup d&rsquo;associations et d&#8217;employeurs de l&rsquo;\u00e9conomie sociale et solidaire sont confront\u00e9es \u00e0 cet enjeu de maintenir une comp\u00e9tence salari\u00e9e stable sur le territoire, tout en faisant face \u00e0 des al\u00e9as de financement du poste. L&rsquo;une des options est... En savoir plus &raquo;\" \/>\n<meta property=\"og:url\" content=\"https:\/\/aliso.fr\/initiatives\/groupement-demployeur-mises-a-disposition\/\" \/>\n<meta property=\"og:site_name\" content=\"Aliso Initiatives\" \/>\n<meta property=\"article:published_time\" content=\"2021-10-12T13:51:22+00:00\" \/>\n<meta property=\"article:modified_time\" content=\"2021-11-29T11:06:51+00:00\" \/>\n<meta name=\"author\" content=\"pascal\" \/>\n<meta name=\"twitter:card\" content=\"summary_large_image\" \/>\n<script type=\"application\/ld+json\" class=\"yoast-schema-graph\">{\"@context\":\"https:\\\/\\\/schema.org\",\"@graph\":[{\"@type\":\"Article\",\"@id\":\"https:\\\/\\\/aliso.fr\\\/initiatives\\\/groupement-demployeur-mises-a-disposition\\\/#article\",\"isPartOf\":{\"@id\":\"https:\\\/\\\/aliso.fr\\\/initiatives\\\/groupement-demployeur-mises-a-disposition\\\/\"},\"author\":{\"name\":\"pascal\",\"@id\":\"https:\\\/\\\/aliso.fr\\\/initiatives\\\/#\\\/schema\\\/person\\\/ac5889082625d5c95b51fac19f3d9b86\"},\"headline\":\"Groupement d&#8217;employeur &amp; mises \u00e0 disposition\",\"datePublished\":\"2021-10-12T13:51:22+00:00\",\"dateModified\":\"2021-11-29T11:06:51+00:00\",\"mainEntityOfPage\":{\"@id\":\"https:\\\/\\\/aliso.fr\\\/initiatives\\\/groupement-demployeur-mises-a-disposition\\\/\"},\"wordCount\":169,\"publisher\":{\"@id\":\"https:\\\/\\\/aliso.fr\\\/initiatives\\\/#organization\"},\"articleSection\":[\"Actualit\u00e9s\",\"Fonction employeur\"],\"inLanguage\":\"fr-FR\"},{\"@type\":\"WebPage\",\"@id\":\"https:\\\/\\\/aliso.fr\\\/initiatives\\\/groupement-demployeur-mises-a-disposition\\\/\",\"url\":\"https:\\\/\\\/aliso.fr\\\/initiatives\\\/groupement-demployeur-mises-a-disposition\\\/\",\"name\":\"Groupement d'employeur &amp; mises \u00e0 disposition - Aliso Initiatives\",\"isPartOf\":{\"@id\":\"https:\\\/\\\/aliso.fr\\\/initiatives\\\/#website\"},\"datePublished\":\"2021-10-12T13:51:22+00:00\",\"dateModified\":\"2021-11-29T11:06:51+00:00\",\"breadcrumb\":{\"@id\":\"https:\\\/\\\/aliso.fr\\\/initiatives\\\/groupement-demployeur-mises-a-disposition\\\/#breadcrumb\"},\"inLanguage\":\"fr-FR\",\"potentialAction\":[{\"@type\":\"ReadAction\",\"target\":[\"https:\\\/\\\/aliso.fr\\\/initiatives\\\/groupement-demployeur-mises-a-disposition\\\/\"]}]},{\"@type\":\"BreadcrumbList\",\"@id\":\"https:\\\/\\\/aliso.fr\\\/initiatives\\\/groupement-demployeur-mises-a-disposition\\\/#breadcrumb\",\"itemListElement\":[{\"@type\":\"ListItem\",\"position\":1,\"name\":\"Accueil\",\"item\":\"https:\\\/\\\/aliso.fr\\\/initiatives\\\/\"},{\"@type\":\"ListItem\",\"position\":2,\"name\":\"Ressources et outils\",\"item\":\"https:\\\/\\\/aliso.fr\\\/initiatives\\\/ressources-et-outils\\\/\"},{\"@type\":\"ListItem\",\"position\":3,\"name\":\"Fonction employeur\",\"item\":\"https:\\\/\\\/aliso.fr\\\/initiatives\\\/ressources-et-outils\\\/fonction-employeur\\\/\"},{\"@type\":\"ListItem\",\"position\":4,\"name\":\"Groupement d&#8217;employeur &amp; mises \u00e0 disposition\"}]},{\"@type\":\"WebSite\",\"@id\":\"https:\\\/\\\/aliso.fr\\\/initiatives\\\/#website\",\"url\":\"https:\\\/\\\/aliso.fr\\\/initiatives\\\/\",\"name\":\"Aliso Initiatives\",\"description\":\"R\u00e9seau Creusois des acteurs du lien social\",\"publisher\":{\"@id\":\"https:\\\/\\\/aliso.fr\\\/initiatives\\\/#organization\"},\"potentialAction\":[{\"@type\":\"SearchAction\",\"target\":{\"@type\":\"EntryPoint\",\"urlTemplate\":\"https:\\\/\\\/aliso.fr\\\/initiatives\\\/?s={search_term_string}\"},\"query-input\":{\"@type\":\"PropertyValueSpecification\",\"valueRequired\":true,\"valueName\":\"search_term_string\"}}],\"inLanguage\":\"fr-FR\"},{\"@type\":\"Organization\",\"@id\":\"https:\\\/\\\/aliso.fr\\\/initiatives\\\/#organization\",\"name\":\"Aliso Initiatives\",\"url\":\"https:\\\/\\\/aliso.fr\\\/initiatives\\\/\",\"logo\":{\"@type\":\"ImageObject\",\"inLanguage\":\"fr-FR\",\"@id\":\"https:\\\/\\\/aliso.fr\\\/initiatives\\\/#\\\/schema\\\/logo\\\/image\\\/\",\"url\":\"https:\\\/\\\/aliso.fr\\\/initiatives\\\/wp-content\\\/uploads\\\/sites\\\/2\\\/2022\\\/01\\\/Logo-ALISO-Initiatives-2.png\",\"contentUrl\":\"https:\\\/\\\/aliso.fr\\\/initiatives\\\/wp-content\\\/uploads\\\/sites\\\/2\\\/2022\\\/01\\\/Logo-ALISO-Initiatives-2.png\",\"width\":900,\"height\":657,\"caption\":\"Aliso Initiatives\"},\"image\":{\"@id\":\"https:\\\/\\\/aliso.fr\\\/initiatives\\\/#\\\/schema\\\/logo\\\/image\\\/\"}},{\"@type\":\"Person\",\"@id\":\"https:\\\/\\\/aliso.fr\\\/initiatives\\\/#\\\/schema\\\/person\\\/ac5889082625d5c95b51fac19f3d9b86\",\"name\":\"pascal\"}]}<\/script>\n<!-- \/ Yoast SEO plugin. -->","yoast_head_json":{"title":"Groupement d'employeur &amp; mises \u00e0 disposition - Aliso Initiatives","robots":{"index":"index","follow":"follow","max-snippet":"max-snippet:-1","max-image-preview":"max-image-preview:large","max-video-preview":"max-video-preview:-1"},"canonical":"https:\/\/aliso.fr\/initiatives\/groupement-demployeur-mises-a-disposition\/","og_locale":"fr_FR","og_type":"article","og_title":"Groupement d'employeur &amp; mises \u00e0 disposition - Aliso Initiatives","og_description":"Le 25 novembre, 14h \u00e0 Gu\u00e9ret, un atelier pour aborder les meilleures formules de partage d&#8217;emploi salari\u00e9. Beaucoup d&rsquo;associations et d&#8217;employeurs de l&rsquo;\u00e9conomie sociale et solidaire sont confront\u00e9es \u00e0 cet enjeu de maintenir une comp\u00e9tence salari\u00e9e stable sur le territoire, tout en faisant face \u00e0 des al\u00e9as de financement du poste. L&rsquo;une des options est... En savoir plus &raquo;","og_url":"https:\/\/aliso.fr\/initiatives\/groupement-demployeur-mises-a-disposition\/","og_site_name":"Aliso Initiatives","article_published_time":"2021-10-12T13:51:22+00:00","article_modified_time":"2021-11-29T11:06:51+00:00","author":"pascal","twitter_card":"summary_large_image","schema":{"@context":"https:\/\/schema.org","@graph":[{"@type":"Article","@id":"https:\/\/aliso.fr\/initiatives\/groupement-demployeur-mises-a-disposition\/#article","isPartOf":{"@id":"https:\/\/aliso.fr\/initiatives\/groupement-demployeur-mises-a-disposition\/"},"author":{"name":"pascal","@id":"https:\/\/aliso.fr\/initiatives\/#\/schema\/person\/ac5889082625d5c95b51fac19f3d9b86"},"headline":"Groupement d&#8217;employeur &amp; mises \u00e0 disposition","datePublished":"2021-10-12T13:51:22+00:00","dateModified":"2021-11-29T11:06:51+00:00","mainEntityOfPage":{"@id":"https:\/\/aliso.fr\/initiatives\/groupement-demployeur-mises-a-disposition\/"},"wordCount":169,"publisher":{"@id":"https:\/\/aliso.fr\/initiatives\/#organization"},"articleSection":["Actualit\u00e9s","Fonction employeur"],"inLanguage":"fr-FR"},{"@type":"WebPage","@id":"https:\/\/aliso.fr\/initiatives\/groupement-demployeur-mises-a-disposition\/","url":"https:\/\/aliso.fr\/initiatives\/groupement-demployeur-mises-a-disposition\/","name":"Groupement d'employeur &amp; mises \u00e0 disposition - Aliso Initiatives","isPartOf":{"@id":"https:\/\/aliso.fr\/initiatives\/#website"},"datePublished":"2021-10-12T13:51:22+00:00","dateModified":"2021-11-29T11:06:51+00:00","breadcrumb":{"@id":"https:\/\/aliso.fr\/initiatives\/groupement-demployeur-mises-a-disposition\/#breadcrumb"},"inLanguage":"fr-FR","potentialAction":[{"@type":"ReadAction","target":["https:\/\/aliso.fr\/initiatives\/groupement-demployeur-mises-a-disposition\/"]}]},{"@type":"BreadcrumbList","@id":"https:\/\/aliso.fr\/initiatives\/groupement-demployeur-mises-a-disposition\/#breadcrumb","itemListElement":[{"@type":"ListItem","position":1,"name":"Accueil","item":"https:\/\/aliso.fr\/initiatives\/"},{"@type":"ListItem","position":2,"name":"Ressources et outils","item":"https:\/\/aliso.fr\/initiatives\/ressources-et-outils\/"},{"@type":"ListItem","position":3,"name":"Fonction employeur","item":"https:\/\/aliso.fr\/initiatives\/ressources-et-outils\/fonction-employeur\/"},{"@type":"ListItem","position":4,"name":"Groupement d&#8217;employeur &amp; mises \u00e0 disposition"}]},{"@type":"WebSite","@id":"https:\/\/aliso.fr\/initiatives\/#website","url":"https:\/\/aliso.fr\/initiatives\/","name":"Aliso Initiatives","description":"R\u00e9seau Creusois des acteurs du lien social","publisher":{"@id":"https:\/\/aliso.fr\/initiatives\/#organization"},"potentialAction":[{"@type":"SearchAction","target":{"@type":"EntryPoint","urlTemplate":"https:\/\/aliso.fr\/initiatives\/?s={search_term_string}"},"query-input":{"@type":"PropertyValueSpecification","valueRequired":true,"valueName":"search_term_string"}}],"inLanguage":"fr-FR"},{"@type":"Organization","@id":"https:\/\/aliso.fr\/initiatives\/#organization","name":"Aliso Initiatives","url":"https:\/\/aliso.fr\/initiatives\/","logo":{"@type":"ImageObject","inLanguage":"fr-FR","@id":"https:\/\/aliso.fr\/initiatives\/#\/schema\/logo\/image\/","url":"https:\/\/aliso.fr\/initiatives\/wp-content\/uploads\/sites\/2\/2022\/01\/Logo-ALISO-Initiatives-2.png","contentUrl":"https:\/\/aliso.fr\/initiatives\/wp-content\/uploads\/sites\/2\/2022\/01\/Logo-ALISO-Initiatives-2.png","width":900,"height":657,"caption":"Aliso Initiatives"},"image":{"@id":"https:\/\/aliso.fr\/initiatives\/#\/schema\/logo\/image\/"}},{"@type":"Person","@id":"https:\/\/aliso.fr\/initiatives\/#\/schema\/person\/ac5889082625d5c95b51fac19f3d9b86","name":"pascal"}]}},"_links":{"self":[{"href":"https:\/\/aliso.fr\/initiatives\/wp-json\/wp\/v2\/posts\/52","targetHints":{"allow":["GET"]}}],"collection":[{"href":"https:\/\/aliso.fr\/initiatives\/wp-json\/wp\/v2\/posts"}],"about":[{"href":"https:\/\/aliso.fr\/initiatives\/wp-json\/wp\/v2\/types\/post"}],"author":[{"embeddable":true,"href":"https:\/\/aliso.fr\/initiatives\/wp-json\/wp\/v2\/users\/5"}],"replies":[{"embeddable":true,"href":"https:\/\/aliso.fr\/initiatives\/wp-json\/wp\/v2\/comments?post=52"}],"version-history":[{"count":2,"href":"https:\/\/aliso.fr\/initiatives\/wp-json\/wp\/v2\/posts\/52\/revisions"}],"predecessor-version":[{"id":61,"href":"https:\/\/aliso.fr\/initiatives\/wp-json\/wp\/v2\/posts\/52\/revisions\/61"}],"wp:attachment":[{"href":"https:\/\/aliso.fr\/initiatives\/wp-json\/wp\/v2\/media?parent=52"}],"wp:term":[{"taxonomy":"category","embeddable":true,"href":"https:\/\/aliso.fr\/initiatives\/wp-json\/wp\/v2\/categories?post=52"},{"taxonomy":"post_tag","embeddable":true,"href":"https:\/\/aliso.fr\/initiatives\/wp-json\/wp\/v2\/tags?post=52"}],"curies":[{"name":"wp","href":"https:\/\/api.w.org\/{rel}","templated":true}]}}