{"id":648,"date":"2015-06-02T15:39:26","date_gmt":"2015-06-02T14:39:26","guid":{"rendered":"http:\/\/bij23.fr\/dla23\/?p=648"},"modified":"2015-06-02T15:39:26","modified_gmt":"2015-06-02T14:39:26","slug":"15-juin-reunion-pour-les-presidents-dassociations-sportives-et-danimation-par-la-direccte-et-la-ddcspp","status":"publish","type":"post","link":"https:\/\/aliso.fr\/initiatives\/15-juin-reunion-pour-les-presidents-dassociations-sportives-et-danimation-par-la-direccte-et-la-ddcspp\/","title":{"rendered":"15 juin 17h30, Gu\u00e9ret : Relance du Volontariat Associatif et des Empois Aid\u00e9s"},"content":{"rendered":"<p>Soutien maintenu \u00e0 l&rsquo;aide aux <span style=\"color: #ff6600\"><a href=\"http:\/\/bij23.fr\/dla23\/?p=129\"><span style=\"color: #ff6600\">contrats uniques d&rsquo;insertion en 2015<\/span><\/a><\/span> (270 000 CAE et 80 000 CUI au niveau national, g\u00e9n\u00e9ralisation du<span style=\"color: #ff6600\"> <a href=\"http:\/\/asso-service-civique.fr\"><span style=\"color: #ff6600\">volontariat associatif<\/span><\/a><\/span> : l&rsquo;attente est forte vis-\u00e0-vis des associations creusoises pour participer \u00e0 cet effort d&rsquo;insertion sociale et professionnelle.<\/p>\n<p>C&rsquo;est pourquoi<strong> l\u2019unit\u00e9 territoriale 23 DIRECCTE et la DDCSPP de la Creuse<\/strong> se coordonnent pour proposer une r\u00e9union \u00e0 destination des responsables d\u2019associations,<\/p>\n<p style=\"text-align: center\"><strong>Lundi 15 Juin \u00e0 17h30<br \/>\n<\/strong>Direction d\u00e9partementale des territoires<br \/>\nCit\u00e9 administrative &#8211; 23000 Gu\u00e9ret<br \/>\nSalle D101- B\u00e2timent D (portes d\u2019entr\u00e9e des agents situ\u00e9e \u00e0 gauche)<\/p>\n<p><strong>Confirmation de votre pr\u00e9sence demand\u00e9e : &#x64;&#100;c&#x73;&#x70;&#112;-&#x63;&#x6a;&#115;&#64;&#x63;&#114;e&#x75;&#x73;&#101;&#46;&#x67;&#x6f;&#117;v&#x2e;&#102;&#114;<\/strong><\/p>\n<p>Au programme : pr\u00e9sentation globale des dispositifs de contrats aid\u00e9s, pr\u00e9sentation du Service Civique (enjeux et g\u00e9n\u00e9ralisation), questions diverses.<\/p>\n","protected":false},"excerpt":{"rendered":"<p>Soutien maintenu \u00e0 l&rsquo;aide aux contrats uniques d&rsquo;insertion en 2015 (270 000 CAE et 80 000 CUI au niveau national, g\u00e9n\u00e9ralisation du volontariat associatif : l&rsquo;attente est forte vis-\u00e0-vis des associations creusoises pour participer \u00e0 cet effort d&rsquo;insertion sociale et professionnelle. C&rsquo;est pourquoi l\u2019unit\u00e9 territoriale 23 DIRECCTE et la DDCSPP de la Creuse se coordonnent&#8230; <a class=\"excerpt-read-more button\" href=\"https:\/\/aliso.fr\/initiatives\/15-juin-reunion-pour-les-presidents-dassociations-sportives-et-danimation-par-la-direccte-et-la-ddcspp\/\" title=\"Read15 juin 17h30, Gu\u00e9ret : Relance du Volontariat Associatif et des Empois Aid\u00e9s\">En savoir plus &raquo;<\/a><\/p>\n","protected":false},"author":5,"featured_media":298,"comment_status":"closed","ping_status":"open","sticky":false,"template":"","format":"standard","meta":{"footnotes":""},"categories":[11,16],"tags":[],"class_list":["post-648","post","type-post","status-publish","format-standard","has-post-thumbnail","hentry","category-actus","category-soutiens-emploi"],"yoast_head":"<!-- This site is optimized with the Yoast SEO plugin v27.4 - https:\/\/yoast.com\/product\/yoast-seo-wordpress\/ -->\n<title>15 juin 17h30, Gu\u00e9ret : Relance du Volontariat Associatif et des Empois Aid\u00e9s - Aliso Initiatives<\/title>\n<meta name=\"robots\" content=\"index, follow, max-snippet:-1, max-image-preview:large, max-video-preview:-1\" \/>\n<link rel=\"canonical\" href=\"https:\/\/aliso.fr\/initiatives\/15-juin-reunion-pour-les-presidents-dassociations-sportives-et-danimation-par-la-direccte-et-la-ddcspp\/\" \/>\n<meta property=\"og:locale\" content=\"fr_FR\" \/>\n<meta property=\"og:type\" content=\"article\" \/>\n<meta property=\"og:title\" content=\"15 juin 17h30, Gu\u00e9ret : Relance du Volontariat Associatif et des Empois Aid\u00e9s - Aliso Initiatives\" \/>\n<meta property=\"og:description\" content=\"Soutien maintenu \u00e0 l&rsquo;aide aux contrats uniques d&rsquo;insertion en 2015 (270 000 CAE et 80 000 CUI au niveau national, g\u00e9n\u00e9ralisation du volontariat associatif : l&rsquo;attente est forte vis-\u00e0-vis des associations creusoises pour participer \u00e0 cet effort d&rsquo;insertion sociale et professionnelle. C&rsquo;est pourquoi l\u2019unit\u00e9 territoriale 23 DIRECCTE et la DDCSPP de la Creuse se coordonnent... En savoir plus &raquo;\" \/>\n<meta property=\"og:url\" content=\"https:\/\/aliso.fr\/initiatives\/15-juin-reunion-pour-les-presidents-dassociations-sportives-et-danimation-par-la-direccte-et-la-ddcspp\/\" \/>\n<meta property=\"og:site_name\" content=\"Aliso Initiatives\" \/>\n<meta property=\"article:published_time\" content=\"2015-06-02T14:39:26+00:00\" \/>\n<meta name=\"author\" content=\"pascal\" \/>\n<meta name=\"twitter:card\" content=\"summary_large_image\" \/>\n<script type=\"application\/ld+json\" class=\"yoast-schema-graph\">{\"@context\":\"https:\\\/\\\/schema.org\",\"@graph\":[{\"@type\":\"Article\",\"@id\":\"https:\\\/\\\/aliso.fr\\\/initiatives\\\/15-juin-reunion-pour-les-presidents-dassociations-sportives-et-danimation-par-la-direccte-et-la-ddcspp\\\/#article\",\"isPartOf\":{\"@id\":\"https:\\\/\\\/aliso.fr\\\/initiatives\\\/15-juin-reunion-pour-les-presidents-dassociations-sportives-et-danimation-par-la-direccte-et-la-ddcspp\\\/\"},\"author\":{\"name\":\"pascal\",\"@id\":\"https:\\\/\\\/aliso.fr\\\/initiatives\\\/#\\\/schema\\\/person\\\/ac5889082625d5c95b51fac19f3d9b86\"},\"headline\":\"15 juin 17h30, Gu\u00e9ret : Relance du Volontariat Associatif et des Empois Aid\u00e9s\",\"datePublished\":\"2015-06-02T14:39:26+00:00\",\"mainEntityOfPage\":{\"@id\":\"https:\\\/\\\/aliso.fr\\\/initiatives\\\/15-juin-reunion-pour-les-presidents-dassociations-sportives-et-danimation-par-la-direccte-et-la-ddcspp\\\/\"},\"wordCount\":140,\"publisher\":{\"@id\":\"https:\\\/\\\/aliso.fr\\\/initiatives\\\/#organization\"},\"image\":{\"@id\":\"https:\\\/\\\/aliso.fr\\\/initiatives\\\/15-juin-reunion-pour-les-presidents-dassociations-sportives-et-danimation-par-la-direccte-et-la-ddcspp\\\/#primaryimage\"},\"thumbnailUrl\":\"\",\"articleSection\":[\"Actualit\u00e9s\",\"Soutiens \u00e0 l'emploi\"],\"inLanguage\":\"fr-FR\"},{\"@type\":\"WebPage\",\"@id\":\"https:\\\/\\\/aliso.fr\\\/initiatives\\\/15-juin-reunion-pour-les-presidents-dassociations-sportives-et-danimation-par-la-direccte-et-la-ddcspp\\\/\",\"url\":\"https:\\\/\\\/aliso.fr\\\/initiatives\\\/15-juin-reunion-pour-les-presidents-dassociations-sportives-et-danimation-par-la-direccte-et-la-ddcspp\\\/\",\"name\":\"15 juin 17h30, Gu\u00e9ret : Relance du Volontariat Associatif et des Empois Aid\u00e9s - Aliso Initiatives\",\"isPartOf\":{\"@id\":\"https:\\\/\\\/aliso.fr\\\/initiatives\\\/#website\"},\"primaryImageOfPage\":{\"@id\":\"https:\\\/\\\/aliso.fr\\\/initiatives\\\/15-juin-reunion-pour-les-presidents-dassociations-sportives-et-danimation-par-la-direccte-et-la-ddcspp\\\/#primaryimage\"},\"image\":{\"@id\":\"https:\\\/\\\/aliso.fr\\\/initiatives\\\/15-juin-reunion-pour-les-presidents-dassociations-sportives-et-danimation-par-la-direccte-et-la-ddcspp\\\/#primaryimage\"},\"thumbnailUrl\":\"\",\"datePublished\":\"2015-06-02T14:39:26+00:00\",\"breadcrumb\":{\"@id\":\"https:\\\/\\\/aliso.fr\\\/initiatives\\\/15-juin-reunion-pour-les-presidents-dassociations-sportives-et-danimation-par-la-direccte-et-la-ddcspp\\\/#breadcrumb\"},\"inLanguage\":\"fr-FR\",\"potentialAction\":[{\"@type\":\"ReadAction\",\"target\":[\"https:\\\/\\\/aliso.fr\\\/initiatives\\\/15-juin-reunion-pour-les-presidents-dassociations-sportives-et-danimation-par-la-direccte-et-la-ddcspp\\\/\"]}]},{\"@type\":\"ImageObject\",\"inLanguage\":\"fr-FR\",\"@id\":\"https:\\\/\\\/aliso.fr\\\/initiatives\\\/15-juin-reunion-pour-les-presidents-dassociations-sportives-et-danimation-par-la-direccte-et-la-ddcspp\\\/#primaryimage\",\"url\":\"\",\"contentUrl\":\"\"},{\"@type\":\"BreadcrumbList\",\"@id\":\"https:\\\/\\\/aliso.fr\\\/initiatives\\\/15-juin-reunion-pour-les-presidents-dassociations-sportives-et-danimation-par-la-direccte-et-la-ddcspp\\\/#breadcrumb\",\"itemListElement\":[{\"@type\":\"ListItem\",\"position\":1,\"name\":\"Accueil\",\"item\":\"https:\\\/\\\/aliso.fr\\\/initiatives\\\/\"},{\"@type\":\"ListItem\",\"position\":2,\"name\":\"Ressources et outils\",\"item\":\"https:\\\/\\\/aliso.fr\\\/initiatives\\\/ressources-et-outils\\\/\"},{\"@type\":\"ListItem\",\"position\":3,\"name\":\"Soutiens \u00e0 l'emploi\",\"item\":\"https:\\\/\\\/aliso.fr\\\/initiatives\\\/ressources-et-outils\\\/soutiens-emploi\\\/\"},{\"@type\":\"ListItem\",\"position\":4,\"name\":\"15 juin 17h30, Gu\u00e9ret : Relance du Volontariat Associatif et des Empois Aid\u00e9s\"}]},{\"@type\":\"WebSite\",\"@id\":\"https:\\\/\\\/aliso.fr\\\/initiatives\\\/#website\",\"url\":\"https:\\\/\\\/aliso.fr\\\/initiatives\\\/\",\"name\":\"Aliso Initiatives\",\"description\":\"R\u00e9seau Creusois des acteurs du lien social\",\"publisher\":{\"@id\":\"https:\\\/\\\/aliso.fr\\\/initiatives\\\/#organization\"},\"potentialAction\":[{\"@type\":\"SearchAction\",\"target\":{\"@type\":\"EntryPoint\",\"urlTemplate\":\"https:\\\/\\\/aliso.fr\\\/initiatives\\\/?s={search_term_string}\"},\"query-input\":{\"@type\":\"PropertyValueSpecification\",\"valueRequired\":true,\"valueName\":\"search_term_string\"}}],\"inLanguage\":\"fr-FR\"},{\"@type\":\"Organization\",\"@id\":\"https:\\\/\\\/aliso.fr\\\/initiatives\\\/#organization\",\"name\":\"Aliso Initiatives\",\"url\":\"https:\\\/\\\/aliso.fr\\\/initiatives\\\/\",\"logo\":{\"@type\":\"ImageObject\",\"inLanguage\":\"fr-FR\",\"@id\":\"https:\\\/\\\/aliso.fr\\\/initiatives\\\/#\\\/schema\\\/logo\\\/image\\\/\",\"url\":\"https:\\\/\\\/aliso.fr\\\/initiatives\\\/wp-content\\\/uploads\\\/sites\\\/2\\\/2022\\\/01\\\/Logo-ALISO-Initiatives-2.png\",\"contentUrl\":\"https:\\\/\\\/aliso.fr\\\/initiatives\\\/wp-content\\\/uploads\\\/sites\\\/2\\\/2022\\\/01\\\/Logo-ALISO-Initiatives-2.png\",\"width\":900,\"height\":657,\"caption\":\"Aliso Initiatives\"},\"image\":{\"@id\":\"https:\\\/\\\/aliso.fr\\\/initiatives\\\/#\\\/schema\\\/logo\\\/image\\\/\"}},{\"@type\":\"Person\",\"@id\":\"https:\\\/\\\/aliso.fr\\\/initiatives\\\/#\\\/schema\\\/person\\\/ac5889082625d5c95b51fac19f3d9b86\",\"name\":\"pascal\"}]}<\/script>\n<!-- \/ Yoast SEO plugin. -->","yoast_head_json":{"title":"15 juin 17h30, Gu\u00e9ret : Relance du Volontariat Associatif et des Empois Aid\u00e9s - Aliso Initiatives","robots":{"index":"index","follow":"follow","max-snippet":"max-snippet:-1","max-image-preview":"max-image-preview:large","max-video-preview":"max-video-preview:-1"},"canonical":"https:\/\/aliso.fr\/initiatives\/15-juin-reunion-pour-les-presidents-dassociations-sportives-et-danimation-par-la-direccte-et-la-ddcspp\/","og_locale":"fr_FR","og_type":"article","og_title":"15 juin 17h30, Gu\u00e9ret : Relance du Volontariat Associatif et des Empois Aid\u00e9s - Aliso Initiatives","og_description":"Soutien maintenu \u00e0 l&rsquo;aide aux contrats uniques d&rsquo;insertion en 2015 (270 000 CAE et 80 000 CUI au niveau national, g\u00e9n\u00e9ralisation du volontariat associatif : l&rsquo;attente est forte vis-\u00e0-vis des associations creusoises pour participer \u00e0 cet effort d&rsquo;insertion sociale et professionnelle. C&rsquo;est pourquoi l\u2019unit\u00e9 territoriale 23 DIRECCTE et la DDCSPP de la Creuse se coordonnent... En savoir plus &raquo;","og_url":"https:\/\/aliso.fr\/initiatives\/15-juin-reunion-pour-les-presidents-dassociations-sportives-et-danimation-par-la-direccte-et-la-ddcspp\/","og_site_name":"Aliso Initiatives","article_published_time":"2015-06-02T14:39:26+00:00","author":"pascal","twitter_card":"summary_large_image","schema":{"@context":"https:\/\/schema.org","@graph":[{"@type":"Article","@id":"https:\/\/aliso.fr\/initiatives\/15-juin-reunion-pour-les-presidents-dassociations-sportives-et-danimation-par-la-direccte-et-la-ddcspp\/#article","isPartOf":{"@id":"https:\/\/aliso.fr\/initiatives\/15-juin-reunion-pour-les-presidents-dassociations-sportives-et-danimation-par-la-direccte-et-la-ddcspp\/"},"author":{"name":"pascal","@id":"https:\/\/aliso.fr\/initiatives\/#\/schema\/person\/ac5889082625d5c95b51fac19f3d9b86"},"headline":"15 juin 17h30, Gu\u00e9ret : Relance du Volontariat Associatif et des Empois Aid\u00e9s","datePublished":"2015-06-02T14:39:26+00:00","mainEntityOfPage":{"@id":"https:\/\/aliso.fr\/initiatives\/15-juin-reunion-pour-les-presidents-dassociations-sportives-et-danimation-par-la-direccte-et-la-ddcspp\/"},"wordCount":140,"publisher":{"@id":"https:\/\/aliso.fr\/initiatives\/#organization"},"image":{"@id":"https:\/\/aliso.fr\/initiatives\/15-juin-reunion-pour-les-presidents-dassociations-sportives-et-danimation-par-la-direccte-et-la-ddcspp\/#primaryimage"},"thumbnailUrl":"","articleSection":["Actualit\u00e9s","Soutiens \u00e0 l'emploi"],"inLanguage":"fr-FR"},{"@type":"WebPage","@id":"https:\/\/aliso.fr\/initiatives\/15-juin-reunion-pour-les-presidents-dassociations-sportives-et-danimation-par-la-direccte-et-la-ddcspp\/","url":"https:\/\/aliso.fr\/initiatives\/15-juin-reunion-pour-les-presidents-dassociations-sportives-et-danimation-par-la-direccte-et-la-ddcspp\/","name":"15 juin 17h30, Gu\u00e9ret : Relance du Volontariat Associatif et des Empois Aid\u00e9s - Aliso Initiatives","isPartOf":{"@id":"https:\/\/aliso.fr\/initiatives\/#website"},"primaryImageOfPage":{"@id":"https:\/\/aliso.fr\/initiatives\/15-juin-reunion-pour-les-presidents-dassociations-sportives-et-danimation-par-la-direccte-et-la-ddcspp\/#primaryimage"},"image":{"@id":"https:\/\/aliso.fr\/initiatives\/15-juin-reunion-pour-les-presidents-dassociations-sportives-et-danimation-par-la-direccte-et-la-ddcspp\/#primaryimage"},"thumbnailUrl":"","datePublished":"2015-06-02T14:39:26+00:00","breadcrumb":{"@id":"https:\/\/aliso.fr\/initiatives\/15-juin-reunion-pour-les-presidents-dassociations-sportives-et-danimation-par-la-direccte-et-la-ddcspp\/#breadcrumb"},"inLanguage":"fr-FR","potentialAction":[{"@type":"ReadAction","target":["https:\/\/aliso.fr\/initiatives\/15-juin-reunion-pour-les-presidents-dassociations-sportives-et-danimation-par-la-direccte-et-la-ddcspp\/"]}]},{"@type":"ImageObject","inLanguage":"fr-FR","@id":"https:\/\/aliso.fr\/initiatives\/15-juin-reunion-pour-les-presidents-dassociations-sportives-et-danimation-par-la-direccte-et-la-ddcspp\/#primaryimage","url":"","contentUrl":""},{"@type":"BreadcrumbList","@id":"https:\/\/aliso.fr\/initiatives\/15-juin-reunion-pour-les-presidents-dassociations-sportives-et-danimation-par-la-direccte-et-la-ddcspp\/#breadcrumb","itemListElement":[{"@type":"ListItem","position":1,"name":"Accueil","item":"https:\/\/aliso.fr\/initiatives\/"},{"@type":"ListItem","position":2,"name":"Ressources et outils","item":"https:\/\/aliso.fr\/initiatives\/ressources-et-outils\/"},{"@type":"ListItem","position":3,"name":"Soutiens \u00e0 l'emploi","item":"https:\/\/aliso.fr\/initiatives\/ressources-et-outils\/soutiens-emploi\/"},{"@type":"ListItem","position":4,"name":"15 juin 17h30, Gu\u00e9ret : Relance du Volontariat Associatif et des Empois Aid\u00e9s"}]},{"@type":"WebSite","@id":"https:\/\/aliso.fr\/initiatives\/#website","url":"https:\/\/aliso.fr\/initiatives\/","name":"Aliso Initiatives","description":"R\u00e9seau Creusois des acteurs du lien social","publisher":{"@id":"https:\/\/aliso.fr\/initiatives\/#organization"},"potentialAction":[{"@type":"SearchAction","target":{"@type":"EntryPoint","urlTemplate":"https:\/\/aliso.fr\/initiatives\/?s={search_term_string}"},"query-input":{"@type":"PropertyValueSpecification","valueRequired":true,"valueName":"search_term_string"}}],"inLanguage":"fr-FR"},{"@type":"Organization","@id":"https:\/\/aliso.fr\/initiatives\/#organization","name":"Aliso Initiatives","url":"https:\/\/aliso.fr\/initiatives\/","logo":{"@type":"ImageObject","inLanguage":"fr-FR","@id":"https:\/\/aliso.fr\/initiatives\/#\/schema\/logo\/image\/","url":"https:\/\/aliso.fr\/initiatives\/wp-content\/uploads\/sites\/2\/2022\/01\/Logo-ALISO-Initiatives-2.png","contentUrl":"https:\/\/aliso.fr\/initiatives\/wp-content\/uploads\/sites\/2\/2022\/01\/Logo-ALISO-Initiatives-2.png","width":900,"height":657,"caption":"Aliso Initiatives"},"image":{"@id":"https:\/\/aliso.fr\/initiatives\/#\/schema\/logo\/image\/"}},{"@type":"Person","@id":"https:\/\/aliso.fr\/initiatives\/#\/schema\/person\/ac5889082625d5c95b51fac19f3d9b86","name":"pascal"}]}},"_links":{"self":[{"href":"https:\/\/aliso.fr\/initiatives\/wp-json\/wp\/v2\/posts\/648","targetHints":{"allow":["GET"]}}],"collection":[{"href":"https:\/\/aliso.fr\/initiatives\/wp-json\/wp\/v2\/posts"}],"about":[{"href":"https:\/\/aliso.fr\/initiatives\/wp-json\/wp\/v2\/types\/post"}],"author":[{"embeddable":true,"href":"https:\/\/aliso.fr\/initiatives\/wp-json\/wp\/v2\/users\/5"}],"replies":[{"embeddable":true,"href":"https:\/\/aliso.fr\/initiatives\/wp-json\/wp\/v2\/comments?post=648"}],"version-history":[{"count":0,"href":"https:\/\/aliso.fr\/initiatives\/wp-json\/wp\/v2\/posts\/648\/revisions"}],"wp:featuredmedia":[{"embeddable":true,"href":"https:\/\/aliso.fr\/initiatives\/wp-json\/"}],"wp:attachment":[{"href":"https:\/\/aliso.fr\/initiatives\/wp-json\/wp\/v2\/media?parent=648"}],"wp:term":[{"taxonomy":"category","embeddable":true,"href":"https:\/\/aliso.fr\/initiatives\/wp-json\/wp\/v2\/categories?post=648"},{"taxonomy":"post_tag","embeddable":true,"href":"https:\/\/aliso.fr\/initiatives\/wp-json\/wp\/v2\/tags?post=648"}],"curies":[{"name":"wp","href":"https:\/\/api.w.org\/{rel}","templated":true}]}}