{"id":806,"date":"2016-09-29T10:11:35","date_gmt":"2016-09-29T09:11:35","guid":{"rendered":"http:\/\/bij23.fr\/dla23\/?p=806"},"modified":"2016-09-29T10:11:35","modified_gmt":"2016-09-29T09:11:35","slug":"du-9-au-11-mars-2016-formation-du-bon-usage-de-la-communication-enjeux-et-outils-organisee-par-pivoine","status":"publish","type":"post","link":"https:\/\/aliso.fr\/initiatives\/du-9-au-11-mars-2016-formation-du-bon-usage-de-la-communication-enjeux-et-outils-organisee-par-pivoine\/","title":{"rendered":"Communication : 10 structures renforcent leurs outils"},"content":{"rendered":"<p>Comment pr\u00e9senter nos activit\u00e9s ? Faire venir des personnes \u00e0 nos \u00e9v\u00e8nements ? Comment attitrer l&rsquo;attention des habitants, \u00e9lus,\u00a0 des usagers ou des clients potentiel ? Changer l&rsquo;image de ma structure ?<\/p>\n<p>Une dizaine d&rsquo;acteurs de l&rsquo;ESS ont particip\u00e9 \u00e0 la premi\u00e8re session \u00ab\u00a0relancer sa communication\u00a0\u00bb les 5&amp;6 Juillet derniers \u00e0 Bourganeuf.<\/p>\n<p>Le DLA Creuse leur propose de s&rsquo;engager dans une d\u00e9marche accompagn\u00e9e pour avancer sur vos \u00ab\u00a0chantiers communication\u00a0\u00bb, avec l&rsquo;appui d&rsquo;une professionnelle de la communication.<\/p>\n<p><strong><strong><a href=\"http:\/\/bij23.fr\/dla23\/wp-content\/uploads\/2016\/04\/Communication-strat\u00e9gie-et-outils-presentation-DLA-23.pdf\"><span style=\"text-decoration: underline\"><span style=\"color: #ff9900;text-decoration: underline\"><span style=\"color: #ff9900;text-decoration: underline\">Cliquez ici pour voir le programme de formation &#8211; action en trois \u00e9tapes<\/span><\/span><\/span><\/a><\/strong><br \/>\n<\/strong><\/p>\n<p><span style=\"color: #008080\"><strong>Cette d\u00e9marche r\u00e9pond \u00e0 vos pr\u00e9occupations, vos chantiers en cours ou \u00e0 venir ?<\/strong><\/span><br \/>\nContactez le DLA pour \u00e9tudier les possibilit\u00e9s d&rsquo;int\u00e9grer cet accompagnement.<\/p>\n<p>&nbsp;<\/p>\n","protected":false},"excerpt":{"rendered":"<p>Comment pr\u00e9senter nos activit\u00e9s ? Faire venir des personnes \u00e0 nos \u00e9v\u00e8nements ? Comment attitrer l&rsquo;attention des habitants, \u00e9lus,\u00a0 des usagers ou des clients potentiel ? Changer l&rsquo;image de ma structure ? Une dizaine d&rsquo;acteurs de l&rsquo;ESS ont particip\u00e9 \u00e0 la premi\u00e8re session \u00ab\u00a0relancer sa communication\u00a0\u00bb les 5&amp;6 Juillet derniers \u00e0 Bourganeuf. Le DLA Creuse&#8230; <a class=\"excerpt-read-more button\" href=\"https:\/\/aliso.fr\/initiatives\/du-9-au-11-mars-2016-formation-du-bon-usage-de-la-communication-enjeux-et-outils-organisee-par-pivoine\/\" title=\"ReadCommunication : 10 structures renforcent leurs outils\">En savoir plus &raquo;<\/a><\/p>\n","protected":false},"author":5,"featured_media":843,"comment_status":"closed","ping_status":"open","sticky":false,"template":"","format":"standard","meta":{"footnotes":""},"categories":[11,19],"tags":[],"class_list":["post-806","post","type-post","status-publish","format-standard","has-post-thumbnail","hentry","category-actus","category-se-former-sinformer"],"yoast_head":"<!-- This site is optimized with the Yoast SEO plugin v27.5 - https:\/\/yoast.com\/product\/yoast-seo-wordpress\/ -->\n<title>Communication : 10 structures renforcent leurs outils - Aliso Initiatives<\/title>\n<meta name=\"robots\" content=\"index, follow, max-snippet:-1, max-image-preview:large, max-video-preview:-1\" \/>\n<link rel=\"canonical\" href=\"https:\/\/aliso.fr\/initiatives\/du-9-au-11-mars-2016-formation-du-bon-usage-de-la-communication-enjeux-et-outils-organisee-par-pivoine\/\" \/>\n<meta property=\"og:locale\" content=\"fr_FR\" \/>\n<meta property=\"og:type\" content=\"article\" \/>\n<meta property=\"og:title\" content=\"Communication : 10 structures renforcent leurs outils - Aliso Initiatives\" \/>\n<meta property=\"og:description\" content=\"Comment pr\u00e9senter nos activit\u00e9s ? Faire venir des personnes \u00e0 nos \u00e9v\u00e8nements ? Comment attitrer l&rsquo;attention des habitants, \u00e9lus,\u00a0 des usagers ou des clients potentiel ? Changer l&rsquo;image de ma structure ? Une dizaine d&rsquo;acteurs de l&rsquo;ESS ont particip\u00e9 \u00e0 la premi\u00e8re session \u00ab\u00a0relancer sa communication\u00a0\u00bb les 5&amp;6 Juillet derniers \u00e0 Bourganeuf. Le DLA Creuse... En savoir plus &raquo;\" \/>\n<meta property=\"og:url\" content=\"https:\/\/aliso.fr\/initiatives\/du-9-au-11-mars-2016-formation-du-bon-usage-de-la-communication-enjeux-et-outils-organisee-par-pivoine\/\" \/>\n<meta property=\"og:site_name\" content=\"Aliso Initiatives\" \/>\n<meta property=\"article:published_time\" content=\"2016-09-29T09:11:35+00:00\" \/>\n<meta name=\"author\" content=\"pascal\" \/>\n<meta name=\"twitter:card\" content=\"summary_large_image\" \/>\n<script type=\"application\/ld+json\" class=\"yoast-schema-graph\">{\"@context\":\"https:\\\/\\\/schema.org\",\"@graph\":[{\"@type\":\"Article\",\"@id\":\"https:\\\/\\\/aliso.fr\\\/initiatives\\\/du-9-au-11-mars-2016-formation-du-bon-usage-de-la-communication-enjeux-et-outils-organisee-par-pivoine\\\/#article\",\"isPartOf\":{\"@id\":\"https:\\\/\\\/aliso.fr\\\/initiatives\\\/du-9-au-11-mars-2016-formation-du-bon-usage-de-la-communication-enjeux-et-outils-organisee-par-pivoine\\\/\"},\"author\":{\"name\":\"pascal\",\"@id\":\"https:\\\/\\\/aliso.fr\\\/initiatives\\\/#\\\/schema\\\/person\\\/ac5889082625d5c95b51fac19f3d9b86\"},\"headline\":\"Communication : 10 structures renforcent leurs outils\",\"datePublished\":\"2016-09-29T09:11:35+00:00\",\"mainEntityOfPage\":{\"@id\":\"https:\\\/\\\/aliso.fr\\\/initiatives\\\/du-9-au-11-mars-2016-formation-du-bon-usage-de-la-communication-enjeux-et-outils-organisee-par-pivoine\\\/\"},\"wordCount\":128,\"publisher\":{\"@id\":\"https:\\\/\\\/aliso.fr\\\/initiatives\\\/#organization\"},\"image\":{\"@id\":\"https:\\\/\\\/aliso.fr\\\/initiatives\\\/du-9-au-11-mars-2016-formation-du-bon-usage-de-la-communication-enjeux-et-outils-organisee-par-pivoine\\\/#primaryimage\"},\"thumbnailUrl\":\"\",\"articleSection\":[\"Actualit\u00e9s\",\"Se former, s\u2019informer\"],\"inLanguage\":\"fr-FR\"},{\"@type\":\"WebPage\",\"@id\":\"https:\\\/\\\/aliso.fr\\\/initiatives\\\/du-9-au-11-mars-2016-formation-du-bon-usage-de-la-communication-enjeux-et-outils-organisee-par-pivoine\\\/\",\"url\":\"https:\\\/\\\/aliso.fr\\\/initiatives\\\/du-9-au-11-mars-2016-formation-du-bon-usage-de-la-communication-enjeux-et-outils-organisee-par-pivoine\\\/\",\"name\":\"Communication : 10 structures renforcent leurs outils - Aliso Initiatives\",\"isPartOf\":{\"@id\":\"https:\\\/\\\/aliso.fr\\\/initiatives\\\/#website\"},\"primaryImageOfPage\":{\"@id\":\"https:\\\/\\\/aliso.fr\\\/initiatives\\\/du-9-au-11-mars-2016-formation-du-bon-usage-de-la-communication-enjeux-et-outils-organisee-par-pivoine\\\/#primaryimage\"},\"image\":{\"@id\":\"https:\\\/\\\/aliso.fr\\\/initiatives\\\/du-9-au-11-mars-2016-formation-du-bon-usage-de-la-communication-enjeux-et-outils-organisee-par-pivoine\\\/#primaryimage\"},\"thumbnailUrl\":\"\",\"datePublished\":\"2016-09-29T09:11:35+00:00\",\"breadcrumb\":{\"@id\":\"https:\\\/\\\/aliso.fr\\\/initiatives\\\/du-9-au-11-mars-2016-formation-du-bon-usage-de-la-communication-enjeux-et-outils-organisee-par-pivoine\\\/#breadcrumb\"},\"inLanguage\":\"fr-FR\",\"potentialAction\":[{\"@type\":\"ReadAction\",\"target\":[\"https:\\\/\\\/aliso.fr\\\/initiatives\\\/du-9-au-11-mars-2016-formation-du-bon-usage-de-la-communication-enjeux-et-outils-organisee-par-pivoine\\\/\"]}]},{\"@type\":\"ImageObject\",\"inLanguage\":\"fr-FR\",\"@id\":\"https:\\\/\\\/aliso.fr\\\/initiatives\\\/du-9-au-11-mars-2016-formation-du-bon-usage-de-la-communication-enjeux-et-outils-organisee-par-pivoine\\\/#primaryimage\",\"url\":\"\",\"contentUrl\":\"\"},{\"@type\":\"BreadcrumbList\",\"@id\":\"https:\\\/\\\/aliso.fr\\\/initiatives\\\/du-9-au-11-mars-2016-formation-du-bon-usage-de-la-communication-enjeux-et-outils-organisee-par-pivoine\\\/#breadcrumb\",\"itemListElement\":[{\"@type\":\"ListItem\",\"position\":1,\"name\":\"Accueil\",\"item\":\"https:\\\/\\\/aliso.fr\\\/initiatives\\\/\"},{\"@type\":\"ListItem\",\"position\":2,\"name\":\"Actualit\u00e9s\",\"item\":\"https:\\\/\\\/aliso.fr\\\/initiatives\\\/actus\\\/\"},{\"@type\":\"ListItem\",\"position\":3,\"name\":\"Communication : 10 structures renforcent leurs outils\"}]},{\"@type\":\"WebSite\",\"@id\":\"https:\\\/\\\/aliso.fr\\\/initiatives\\\/#website\",\"url\":\"https:\\\/\\\/aliso.fr\\\/initiatives\\\/\",\"name\":\"Aliso Initiatives\",\"description\":\"R\u00e9seau Creusois des acteurs du lien social\",\"publisher\":{\"@id\":\"https:\\\/\\\/aliso.fr\\\/initiatives\\\/#organization\"},\"potentialAction\":[{\"@type\":\"SearchAction\",\"target\":{\"@type\":\"EntryPoint\",\"urlTemplate\":\"https:\\\/\\\/aliso.fr\\\/initiatives\\\/?s={search_term_string}\"},\"query-input\":{\"@type\":\"PropertyValueSpecification\",\"valueRequired\":true,\"valueName\":\"search_term_string\"}}],\"inLanguage\":\"fr-FR\"},{\"@type\":\"Organization\",\"@id\":\"https:\\\/\\\/aliso.fr\\\/initiatives\\\/#organization\",\"name\":\"Aliso Initiatives\",\"url\":\"https:\\\/\\\/aliso.fr\\\/initiatives\\\/\",\"logo\":{\"@type\":\"ImageObject\",\"inLanguage\":\"fr-FR\",\"@id\":\"https:\\\/\\\/aliso.fr\\\/initiatives\\\/#\\\/schema\\\/logo\\\/image\\\/\",\"url\":\"https:\\\/\\\/aliso.fr\\\/initiatives\\\/wp-content\\\/uploads\\\/sites\\\/2\\\/2022\\\/01\\\/Logo-ALISO-Initiatives-2.png\",\"contentUrl\":\"https:\\\/\\\/aliso.fr\\\/initiatives\\\/wp-content\\\/uploads\\\/sites\\\/2\\\/2022\\\/01\\\/Logo-ALISO-Initiatives-2.png\",\"width\":900,\"height\":657,\"caption\":\"Aliso Initiatives\"},\"image\":{\"@id\":\"https:\\\/\\\/aliso.fr\\\/initiatives\\\/#\\\/schema\\\/logo\\\/image\\\/\"}},{\"@type\":\"Person\",\"@id\":\"https:\\\/\\\/aliso.fr\\\/initiatives\\\/#\\\/schema\\\/person\\\/ac5889082625d5c95b51fac19f3d9b86\",\"name\":\"pascal\"}]}<\/script>\n<!-- \/ Yoast SEO plugin. -->","yoast_head_json":{"title":"Communication : 10 structures renforcent leurs outils - Aliso Initiatives","robots":{"index":"index","follow":"follow","max-snippet":"max-snippet:-1","max-image-preview":"max-image-preview:large","max-video-preview":"max-video-preview:-1"},"canonical":"https:\/\/aliso.fr\/initiatives\/du-9-au-11-mars-2016-formation-du-bon-usage-de-la-communication-enjeux-et-outils-organisee-par-pivoine\/","og_locale":"fr_FR","og_type":"article","og_title":"Communication : 10 structures renforcent leurs outils - Aliso Initiatives","og_description":"Comment pr\u00e9senter nos activit\u00e9s ? Faire venir des personnes \u00e0 nos \u00e9v\u00e8nements ? Comment attitrer l&rsquo;attention des habitants, \u00e9lus,\u00a0 des usagers ou des clients potentiel ? Changer l&rsquo;image de ma structure ? Une dizaine d&rsquo;acteurs de l&rsquo;ESS ont particip\u00e9 \u00e0 la premi\u00e8re session \u00ab\u00a0relancer sa communication\u00a0\u00bb les 5&amp;6 Juillet derniers \u00e0 Bourganeuf. Le DLA Creuse... En savoir plus &raquo;","og_url":"https:\/\/aliso.fr\/initiatives\/du-9-au-11-mars-2016-formation-du-bon-usage-de-la-communication-enjeux-et-outils-organisee-par-pivoine\/","og_site_name":"Aliso Initiatives","article_published_time":"2016-09-29T09:11:35+00:00","author":"pascal","twitter_card":"summary_large_image","schema":{"@context":"https:\/\/schema.org","@graph":[{"@type":"Article","@id":"https:\/\/aliso.fr\/initiatives\/du-9-au-11-mars-2016-formation-du-bon-usage-de-la-communication-enjeux-et-outils-organisee-par-pivoine\/#article","isPartOf":{"@id":"https:\/\/aliso.fr\/initiatives\/du-9-au-11-mars-2016-formation-du-bon-usage-de-la-communication-enjeux-et-outils-organisee-par-pivoine\/"},"author":{"name":"pascal","@id":"https:\/\/aliso.fr\/initiatives\/#\/schema\/person\/ac5889082625d5c95b51fac19f3d9b86"},"headline":"Communication : 10 structures renforcent leurs outils","datePublished":"2016-09-29T09:11:35+00:00","mainEntityOfPage":{"@id":"https:\/\/aliso.fr\/initiatives\/du-9-au-11-mars-2016-formation-du-bon-usage-de-la-communication-enjeux-et-outils-organisee-par-pivoine\/"},"wordCount":128,"publisher":{"@id":"https:\/\/aliso.fr\/initiatives\/#organization"},"image":{"@id":"https:\/\/aliso.fr\/initiatives\/du-9-au-11-mars-2016-formation-du-bon-usage-de-la-communication-enjeux-et-outils-organisee-par-pivoine\/#primaryimage"},"thumbnailUrl":"","articleSection":["Actualit\u00e9s","Se former, s\u2019informer"],"inLanguage":"fr-FR"},{"@type":"WebPage","@id":"https:\/\/aliso.fr\/initiatives\/du-9-au-11-mars-2016-formation-du-bon-usage-de-la-communication-enjeux-et-outils-organisee-par-pivoine\/","url":"https:\/\/aliso.fr\/initiatives\/du-9-au-11-mars-2016-formation-du-bon-usage-de-la-communication-enjeux-et-outils-organisee-par-pivoine\/","name":"Communication : 10 structures renforcent leurs outils - Aliso Initiatives","isPartOf":{"@id":"https:\/\/aliso.fr\/initiatives\/#website"},"primaryImageOfPage":{"@id":"https:\/\/aliso.fr\/initiatives\/du-9-au-11-mars-2016-formation-du-bon-usage-de-la-communication-enjeux-et-outils-organisee-par-pivoine\/#primaryimage"},"image":{"@id":"https:\/\/aliso.fr\/initiatives\/du-9-au-11-mars-2016-formation-du-bon-usage-de-la-communication-enjeux-et-outils-organisee-par-pivoine\/#primaryimage"},"thumbnailUrl":"","datePublished":"2016-09-29T09:11:35+00:00","breadcrumb":{"@id":"https:\/\/aliso.fr\/initiatives\/du-9-au-11-mars-2016-formation-du-bon-usage-de-la-communication-enjeux-et-outils-organisee-par-pivoine\/#breadcrumb"},"inLanguage":"fr-FR","potentialAction":[{"@type":"ReadAction","target":["https:\/\/aliso.fr\/initiatives\/du-9-au-11-mars-2016-formation-du-bon-usage-de-la-communication-enjeux-et-outils-organisee-par-pivoine\/"]}]},{"@type":"ImageObject","inLanguage":"fr-FR","@id":"https:\/\/aliso.fr\/initiatives\/du-9-au-11-mars-2016-formation-du-bon-usage-de-la-communication-enjeux-et-outils-organisee-par-pivoine\/#primaryimage","url":"","contentUrl":""},{"@type":"BreadcrumbList","@id":"https:\/\/aliso.fr\/initiatives\/du-9-au-11-mars-2016-formation-du-bon-usage-de-la-communication-enjeux-et-outils-organisee-par-pivoine\/#breadcrumb","itemListElement":[{"@type":"ListItem","position":1,"name":"Accueil","item":"https:\/\/aliso.fr\/initiatives\/"},{"@type":"ListItem","position":2,"name":"Actualit\u00e9s","item":"https:\/\/aliso.fr\/initiatives\/actus\/"},{"@type":"ListItem","position":3,"name":"Communication : 10 structures renforcent leurs outils"}]},{"@type":"WebSite","@id":"https:\/\/aliso.fr\/initiatives\/#website","url":"https:\/\/aliso.fr\/initiatives\/","name":"Aliso Initiatives","description":"R\u00e9seau Creusois des acteurs du lien social","publisher":{"@id":"https:\/\/aliso.fr\/initiatives\/#organization"},"potentialAction":[{"@type":"SearchAction","target":{"@type":"EntryPoint","urlTemplate":"https:\/\/aliso.fr\/initiatives\/?s={search_term_string}"},"query-input":{"@type":"PropertyValueSpecification","valueRequired":true,"valueName":"search_term_string"}}],"inLanguage":"fr-FR"},{"@type":"Organization","@id":"https:\/\/aliso.fr\/initiatives\/#organization","name":"Aliso Initiatives","url":"https:\/\/aliso.fr\/initiatives\/","logo":{"@type":"ImageObject","inLanguage":"fr-FR","@id":"https:\/\/aliso.fr\/initiatives\/#\/schema\/logo\/image\/","url":"https:\/\/aliso.fr\/initiatives\/wp-content\/uploads\/sites\/2\/2022\/01\/Logo-ALISO-Initiatives-2.png","contentUrl":"https:\/\/aliso.fr\/initiatives\/wp-content\/uploads\/sites\/2\/2022\/01\/Logo-ALISO-Initiatives-2.png","width":900,"height":657,"caption":"Aliso Initiatives"},"image":{"@id":"https:\/\/aliso.fr\/initiatives\/#\/schema\/logo\/image\/"}},{"@type":"Person","@id":"https:\/\/aliso.fr\/initiatives\/#\/schema\/person\/ac5889082625d5c95b51fac19f3d9b86","name":"pascal"}]}},"_links":{"self":[{"href":"https:\/\/aliso.fr\/initiatives\/wp-json\/wp\/v2\/posts\/806","targetHints":{"allow":["GET"]}}],"collection":[{"href":"https:\/\/aliso.fr\/initiatives\/wp-json\/wp\/v2\/posts"}],"about":[{"href":"https:\/\/aliso.fr\/initiatives\/wp-json\/wp\/v2\/types\/post"}],"author":[{"embeddable":true,"href":"https:\/\/aliso.fr\/initiatives\/wp-json\/wp\/v2\/users\/5"}],"replies":[{"embeddable":true,"href":"https:\/\/aliso.fr\/initiatives\/wp-json\/wp\/v2\/comments?post=806"}],"version-history":[{"count":0,"href":"https:\/\/aliso.fr\/initiatives\/wp-json\/wp\/v2\/posts\/806\/revisions"}],"wp:featuredmedia":[{"embeddable":true,"href":"https:\/\/aliso.fr\/initiatives\/wp-json\/"}],"wp:attachment":[{"href":"https:\/\/aliso.fr\/initiatives\/wp-json\/wp\/v2\/media?parent=806"}],"wp:term":[{"taxonomy":"category","embeddable":true,"href":"https:\/\/aliso.fr\/initiatives\/wp-json\/wp\/v2\/categories?post=806"},{"taxonomy":"post_tag","embeddable":true,"href":"https:\/\/aliso.fr\/initiatives\/wp-json\/wp\/v2\/tags?post=806"}],"curies":[{"name":"wp","href":"https:\/\/api.w.org\/{rel}","templated":true}]}}