{"id":947,"date":"2017-04-19T08:35:04","date_gmt":"2017-04-19T07:35:04","guid":{"rendered":"http:\/\/bij23.fr\/dla23\/?p=947"},"modified":"2017-04-19T08:35:04","modified_gmt":"2017-04-19T07:35:04","slug":"en-plein-maelstrom-construire-une-boussole-pour-lavenir","status":"publish","type":"post","link":"https:\/\/aliso.fr\/initiatives\/en-plein-maelstrom-construire-une-boussole-pour-lavenir\/","title":{"rendered":"Quand les vents tournent, construire une boussole"},"content":{"rendered":"<p>Quels enjeux pour le secteur associatif en 2017 ? Les d\u00e9bats tenus lors des <strong><span style=\"text-decoration: underline\"><span style=\"color: #ff6600;text-decoration: underline\"><a href=\"http:\/\/bij23.fr\/dla23\/wp-content\/uploads\/2017\/04\/SYNTHESE-Finale-Animation-de-la-vie-sociale-planches.pdf\"><span style=\"color: #ff6600;text-decoration: underline\">journ\u00e9es r\u00e9gionales \u00ab\u00a0construire l&rsquo;animation de la vie sociale de demain\u00a0\u00bb<\/span><\/a><\/span><\/span><\/strong> portaient une volont\u00e9 de prospective : ils ont abord\u00e9 des r\u00e9alit\u00e9s d\u00e9j\u00e0 bien actuelles. Bien s\u00fbr, la question du<strong> financement des associations<\/strong> a \u00e9t\u00e9 pr\u00e9sente. Du c\u00f4t\u00e9 du public, <strong>les pratiques num\u00e9riques<\/strong> (quelque soit l&rsquo;\u00e2ge) am\u00e8nent avec eux une nouvelle fa\u00e7on de faire soci\u00e9t\u00e9, voir l&rsquo;article<span style=\"text-decoration: underline\"><span style=\"color: #ff6600\"> <a href=\"http:\/\/bij23.fr\/dla23\/wp-content\/uploads\/2017\/04\/SYNTHESE-Finale-Animation-de-la-vie-sociale-planches.pdf\"><span style=\"color: #ff6600;text-decoration: underline\">\u00ab\u00a0<strong>du participatif au collaboratif<\/strong>\u00a0\u00bb page 3<\/span><\/a><\/span><\/span>. Les <strong>reconfigurations territoriales<\/strong> impliquent une capacit\u00e9 des associations \u00e0 porter la parole des habitants ; s&rsquo;il s&rsquo;agissait de se regrouper pour d\u00e9fendre cette paroles et nos pratiques citoyennes ? <strong>Faut-il se constituer en r\u00e9seau<\/strong> ? Ce fonctionnement \u00ab\u00a0en r\u00e9seau\u00a0\u00bb, s&rsquo;appuyant sur cette mode du collaboratif, est-il suffisant pour porter une parole coh\u00e9rente et forte ?<\/p>\n<p>Ces journ\u00e9es ont r\u00e9uni 95 personnes (b\u00e9n\u00e9voles, salari\u00e9s) des structures d&rsquo;animation de la vie locale de Creuse, Corr\u00e8ze, Haute Vienne. Elles ont \u00e9t\u00e9 organis\u00e9es par l&rsquo;URECSO, les CAF, le r\u00e9seau ALISO.<\/p>\n","protected":false},"excerpt":{"rendered":"<p>Quels enjeux pour le secteur associatif en 2017 ? Les d\u00e9bats tenus lors des journ\u00e9es r\u00e9gionales \u00ab\u00a0construire l&rsquo;animation de la vie sociale de demain\u00a0\u00bb portaient une volont\u00e9 de prospective : ils ont abord\u00e9 des r\u00e9alit\u00e9s d\u00e9j\u00e0 bien actuelles. Bien s\u00fbr, la question du financement des associations a \u00e9t\u00e9 pr\u00e9sente. Du c\u00f4t\u00e9 du public, les pratiques&#8230; <a class=\"excerpt-read-more button\" href=\"https:\/\/aliso.fr\/initiatives\/en-plein-maelstrom-construire-une-boussole-pour-lavenir\/\" title=\"ReadQuand les vents tournent, construire une boussole\">En savoir plus &raquo;<\/a><\/p>\n","protected":false},"author":5,"featured_media":245,"comment_status":"closed","ping_status":"open","sticky":false,"template":"","format":"standard","meta":{"footnotes":""},"categories":[11],"tags":[],"class_list":["post-947","post","type-post","status-publish","format-standard","has-post-thumbnail","hentry","category-actus"],"yoast_head":"<!-- This site is optimized with the Yoast SEO plugin v27.4 - https:\/\/yoast.com\/product\/yoast-seo-wordpress\/ -->\n<title>Quand les vents tournent, construire une boussole - Aliso Initiatives<\/title>\n<meta name=\"robots\" content=\"index, follow, max-snippet:-1, max-image-preview:large, max-video-preview:-1\" \/>\n<link rel=\"canonical\" href=\"https:\/\/aliso.fr\/initiatives\/en-plein-maelstrom-construire-une-boussole-pour-lavenir\/\" \/>\n<meta property=\"og:locale\" content=\"fr_FR\" \/>\n<meta property=\"og:type\" content=\"article\" \/>\n<meta property=\"og:title\" content=\"Quand les vents tournent, construire une boussole - Aliso Initiatives\" \/>\n<meta property=\"og:description\" content=\"Quels enjeux pour le secteur associatif en 2017 ? Les d\u00e9bats tenus lors des journ\u00e9es r\u00e9gionales \u00ab\u00a0construire l&rsquo;animation de la vie sociale de demain\u00a0\u00bb portaient une volont\u00e9 de prospective : ils ont abord\u00e9 des r\u00e9alit\u00e9s d\u00e9j\u00e0 bien actuelles. Bien s\u00fbr, la question du financement des associations a \u00e9t\u00e9 pr\u00e9sente. Du c\u00f4t\u00e9 du public, les pratiques... En savoir plus &raquo;\" \/>\n<meta property=\"og:url\" content=\"https:\/\/aliso.fr\/initiatives\/en-plein-maelstrom-construire-une-boussole-pour-lavenir\/\" \/>\n<meta property=\"og:site_name\" content=\"Aliso Initiatives\" \/>\n<meta property=\"article:published_time\" content=\"2017-04-19T07:35:04+00:00\" \/>\n<meta name=\"author\" content=\"pascal\" \/>\n<meta name=\"twitter:card\" content=\"summary_large_image\" \/>\n<script type=\"application\/ld+json\" class=\"yoast-schema-graph\">{\"@context\":\"https:\\\/\\\/schema.org\",\"@graph\":[{\"@type\":\"Article\",\"@id\":\"https:\\\/\\\/aliso.fr\\\/initiatives\\\/en-plein-maelstrom-construire-une-boussole-pour-lavenir\\\/#article\",\"isPartOf\":{\"@id\":\"https:\\\/\\\/aliso.fr\\\/initiatives\\\/en-plein-maelstrom-construire-une-boussole-pour-lavenir\\\/\"},\"author\":{\"name\":\"pascal\",\"@id\":\"https:\\\/\\\/aliso.fr\\\/initiatives\\\/#\\\/schema\\\/person\\\/ac5889082625d5c95b51fac19f3d9b86\"},\"headline\":\"Quand les vents tournent, construire une boussole\",\"datePublished\":\"2017-04-19T07:35:04+00:00\",\"mainEntityOfPage\":{\"@id\":\"https:\\\/\\\/aliso.fr\\\/initiatives\\\/en-plein-maelstrom-construire-une-boussole-pour-lavenir\\\/\"},\"wordCount\":192,\"publisher\":{\"@id\":\"https:\\\/\\\/aliso.fr\\\/initiatives\\\/#organization\"},\"image\":{\"@id\":\"https:\\\/\\\/aliso.fr\\\/initiatives\\\/en-plein-maelstrom-construire-une-boussole-pour-lavenir\\\/#primaryimage\"},\"thumbnailUrl\":\"\",\"articleSection\":[\"Actualit\u00e9s\"],\"inLanguage\":\"fr-FR\"},{\"@type\":\"WebPage\",\"@id\":\"https:\\\/\\\/aliso.fr\\\/initiatives\\\/en-plein-maelstrom-construire-une-boussole-pour-lavenir\\\/\",\"url\":\"https:\\\/\\\/aliso.fr\\\/initiatives\\\/en-plein-maelstrom-construire-une-boussole-pour-lavenir\\\/\",\"name\":\"Quand les vents tournent, construire une boussole - Aliso Initiatives\",\"isPartOf\":{\"@id\":\"https:\\\/\\\/aliso.fr\\\/initiatives\\\/#website\"},\"primaryImageOfPage\":{\"@id\":\"https:\\\/\\\/aliso.fr\\\/initiatives\\\/en-plein-maelstrom-construire-une-boussole-pour-lavenir\\\/#primaryimage\"},\"image\":{\"@id\":\"https:\\\/\\\/aliso.fr\\\/initiatives\\\/en-plein-maelstrom-construire-une-boussole-pour-lavenir\\\/#primaryimage\"},\"thumbnailUrl\":\"\",\"datePublished\":\"2017-04-19T07:35:04+00:00\",\"breadcrumb\":{\"@id\":\"https:\\\/\\\/aliso.fr\\\/initiatives\\\/en-plein-maelstrom-construire-une-boussole-pour-lavenir\\\/#breadcrumb\"},\"inLanguage\":\"fr-FR\",\"potentialAction\":[{\"@type\":\"ReadAction\",\"target\":[\"https:\\\/\\\/aliso.fr\\\/initiatives\\\/en-plein-maelstrom-construire-une-boussole-pour-lavenir\\\/\"]}]},{\"@type\":\"ImageObject\",\"inLanguage\":\"fr-FR\",\"@id\":\"https:\\\/\\\/aliso.fr\\\/initiatives\\\/en-plein-maelstrom-construire-une-boussole-pour-lavenir\\\/#primaryimage\",\"url\":\"\",\"contentUrl\":\"\"},{\"@type\":\"BreadcrumbList\",\"@id\":\"https:\\\/\\\/aliso.fr\\\/initiatives\\\/en-plein-maelstrom-construire-une-boussole-pour-lavenir\\\/#breadcrumb\",\"itemListElement\":[{\"@type\":\"ListItem\",\"position\":1,\"name\":\"Accueil\",\"item\":\"https:\\\/\\\/aliso.fr\\\/initiatives\\\/\"},{\"@type\":\"ListItem\",\"position\":2,\"name\":\"Actualit\u00e9s\",\"item\":\"https:\\\/\\\/aliso.fr\\\/initiatives\\\/actus\\\/\"},{\"@type\":\"ListItem\",\"position\":3,\"name\":\"Quand les vents tournent, construire une boussole\"}]},{\"@type\":\"WebSite\",\"@id\":\"https:\\\/\\\/aliso.fr\\\/initiatives\\\/#website\",\"url\":\"https:\\\/\\\/aliso.fr\\\/initiatives\\\/\",\"name\":\"Aliso Initiatives\",\"description\":\"R\u00e9seau Creusois des acteurs du lien social\",\"publisher\":{\"@id\":\"https:\\\/\\\/aliso.fr\\\/initiatives\\\/#organization\"},\"potentialAction\":[{\"@type\":\"SearchAction\",\"target\":{\"@type\":\"EntryPoint\",\"urlTemplate\":\"https:\\\/\\\/aliso.fr\\\/initiatives\\\/?s={search_term_string}\"},\"query-input\":{\"@type\":\"PropertyValueSpecification\",\"valueRequired\":true,\"valueName\":\"search_term_string\"}}],\"inLanguage\":\"fr-FR\"},{\"@type\":\"Organization\",\"@id\":\"https:\\\/\\\/aliso.fr\\\/initiatives\\\/#organization\",\"name\":\"Aliso Initiatives\",\"url\":\"https:\\\/\\\/aliso.fr\\\/initiatives\\\/\",\"logo\":{\"@type\":\"ImageObject\",\"inLanguage\":\"fr-FR\",\"@id\":\"https:\\\/\\\/aliso.fr\\\/initiatives\\\/#\\\/schema\\\/logo\\\/image\\\/\",\"url\":\"https:\\\/\\\/aliso.fr\\\/initiatives\\\/wp-content\\\/uploads\\\/sites\\\/2\\\/2022\\\/01\\\/Logo-ALISO-Initiatives-2.png\",\"contentUrl\":\"https:\\\/\\\/aliso.fr\\\/initiatives\\\/wp-content\\\/uploads\\\/sites\\\/2\\\/2022\\\/01\\\/Logo-ALISO-Initiatives-2.png\",\"width\":900,\"height\":657,\"caption\":\"Aliso Initiatives\"},\"image\":{\"@id\":\"https:\\\/\\\/aliso.fr\\\/initiatives\\\/#\\\/schema\\\/logo\\\/image\\\/\"}},{\"@type\":\"Person\",\"@id\":\"https:\\\/\\\/aliso.fr\\\/initiatives\\\/#\\\/schema\\\/person\\\/ac5889082625d5c95b51fac19f3d9b86\",\"name\":\"pascal\"}]}<\/script>\n<!-- \/ Yoast SEO plugin. -->","yoast_head_json":{"title":"Quand les vents tournent, construire une boussole - Aliso Initiatives","robots":{"index":"index","follow":"follow","max-snippet":"max-snippet:-1","max-image-preview":"max-image-preview:large","max-video-preview":"max-video-preview:-1"},"canonical":"https:\/\/aliso.fr\/initiatives\/en-plein-maelstrom-construire-une-boussole-pour-lavenir\/","og_locale":"fr_FR","og_type":"article","og_title":"Quand les vents tournent, construire une boussole - Aliso Initiatives","og_description":"Quels enjeux pour le secteur associatif en 2017 ? Les d\u00e9bats tenus lors des journ\u00e9es r\u00e9gionales \u00ab\u00a0construire l&rsquo;animation de la vie sociale de demain\u00a0\u00bb portaient une volont\u00e9 de prospective : ils ont abord\u00e9 des r\u00e9alit\u00e9s d\u00e9j\u00e0 bien actuelles. Bien s\u00fbr, la question du financement des associations a \u00e9t\u00e9 pr\u00e9sente. Du c\u00f4t\u00e9 du public, les pratiques... En savoir plus &raquo;","og_url":"https:\/\/aliso.fr\/initiatives\/en-plein-maelstrom-construire-une-boussole-pour-lavenir\/","og_site_name":"Aliso Initiatives","article_published_time":"2017-04-19T07:35:04+00:00","author":"pascal","twitter_card":"summary_large_image","schema":{"@context":"https:\/\/schema.org","@graph":[{"@type":"Article","@id":"https:\/\/aliso.fr\/initiatives\/en-plein-maelstrom-construire-une-boussole-pour-lavenir\/#article","isPartOf":{"@id":"https:\/\/aliso.fr\/initiatives\/en-plein-maelstrom-construire-une-boussole-pour-lavenir\/"},"author":{"name":"pascal","@id":"https:\/\/aliso.fr\/initiatives\/#\/schema\/person\/ac5889082625d5c95b51fac19f3d9b86"},"headline":"Quand les vents tournent, construire une boussole","datePublished":"2017-04-19T07:35:04+00:00","mainEntityOfPage":{"@id":"https:\/\/aliso.fr\/initiatives\/en-plein-maelstrom-construire-une-boussole-pour-lavenir\/"},"wordCount":192,"publisher":{"@id":"https:\/\/aliso.fr\/initiatives\/#organization"},"image":{"@id":"https:\/\/aliso.fr\/initiatives\/en-plein-maelstrom-construire-une-boussole-pour-lavenir\/#primaryimage"},"thumbnailUrl":"","articleSection":["Actualit\u00e9s"],"inLanguage":"fr-FR"},{"@type":"WebPage","@id":"https:\/\/aliso.fr\/initiatives\/en-plein-maelstrom-construire-une-boussole-pour-lavenir\/","url":"https:\/\/aliso.fr\/initiatives\/en-plein-maelstrom-construire-une-boussole-pour-lavenir\/","name":"Quand les vents tournent, construire une boussole - Aliso Initiatives","isPartOf":{"@id":"https:\/\/aliso.fr\/initiatives\/#website"},"primaryImageOfPage":{"@id":"https:\/\/aliso.fr\/initiatives\/en-plein-maelstrom-construire-une-boussole-pour-lavenir\/#primaryimage"},"image":{"@id":"https:\/\/aliso.fr\/initiatives\/en-plein-maelstrom-construire-une-boussole-pour-lavenir\/#primaryimage"},"thumbnailUrl":"","datePublished":"2017-04-19T07:35:04+00:00","breadcrumb":{"@id":"https:\/\/aliso.fr\/initiatives\/en-plein-maelstrom-construire-une-boussole-pour-lavenir\/#breadcrumb"},"inLanguage":"fr-FR","potentialAction":[{"@type":"ReadAction","target":["https:\/\/aliso.fr\/initiatives\/en-plein-maelstrom-construire-une-boussole-pour-lavenir\/"]}]},{"@type":"ImageObject","inLanguage":"fr-FR","@id":"https:\/\/aliso.fr\/initiatives\/en-plein-maelstrom-construire-une-boussole-pour-lavenir\/#primaryimage","url":"","contentUrl":""},{"@type":"BreadcrumbList","@id":"https:\/\/aliso.fr\/initiatives\/en-plein-maelstrom-construire-une-boussole-pour-lavenir\/#breadcrumb","itemListElement":[{"@type":"ListItem","position":1,"name":"Accueil","item":"https:\/\/aliso.fr\/initiatives\/"},{"@type":"ListItem","position":2,"name":"Actualit\u00e9s","item":"https:\/\/aliso.fr\/initiatives\/actus\/"},{"@type":"ListItem","position":3,"name":"Quand les vents tournent, construire une boussole"}]},{"@type":"WebSite","@id":"https:\/\/aliso.fr\/initiatives\/#website","url":"https:\/\/aliso.fr\/initiatives\/","name":"Aliso Initiatives","description":"R\u00e9seau Creusois des acteurs du lien social","publisher":{"@id":"https:\/\/aliso.fr\/initiatives\/#organization"},"potentialAction":[{"@type":"SearchAction","target":{"@type":"EntryPoint","urlTemplate":"https:\/\/aliso.fr\/initiatives\/?s={search_term_string}"},"query-input":{"@type":"PropertyValueSpecification","valueRequired":true,"valueName":"search_term_string"}}],"inLanguage":"fr-FR"},{"@type":"Organization","@id":"https:\/\/aliso.fr\/initiatives\/#organization","name":"Aliso Initiatives","url":"https:\/\/aliso.fr\/initiatives\/","logo":{"@type":"ImageObject","inLanguage":"fr-FR","@id":"https:\/\/aliso.fr\/initiatives\/#\/schema\/logo\/image\/","url":"https:\/\/aliso.fr\/initiatives\/wp-content\/uploads\/sites\/2\/2022\/01\/Logo-ALISO-Initiatives-2.png","contentUrl":"https:\/\/aliso.fr\/initiatives\/wp-content\/uploads\/sites\/2\/2022\/01\/Logo-ALISO-Initiatives-2.png","width":900,"height":657,"caption":"Aliso Initiatives"},"image":{"@id":"https:\/\/aliso.fr\/initiatives\/#\/schema\/logo\/image\/"}},{"@type":"Person","@id":"https:\/\/aliso.fr\/initiatives\/#\/schema\/person\/ac5889082625d5c95b51fac19f3d9b86","name":"pascal"}]}},"_links":{"self":[{"href":"https:\/\/aliso.fr\/initiatives\/wp-json\/wp\/v2\/posts\/947","targetHints":{"allow":["GET"]}}],"collection":[{"href":"https:\/\/aliso.fr\/initiatives\/wp-json\/wp\/v2\/posts"}],"about":[{"href":"https:\/\/aliso.fr\/initiatives\/wp-json\/wp\/v2\/types\/post"}],"author":[{"embeddable":true,"href":"https:\/\/aliso.fr\/initiatives\/wp-json\/wp\/v2\/users\/5"}],"replies":[{"embeddable":true,"href":"https:\/\/aliso.fr\/initiatives\/wp-json\/wp\/v2\/comments?post=947"}],"version-history":[{"count":0,"href":"https:\/\/aliso.fr\/initiatives\/wp-json\/wp\/v2\/posts\/947\/revisions"}],"wp:featuredmedia":[{"embeddable":true,"href":"https:\/\/aliso.fr\/initiatives\/wp-json\/"}],"wp:attachment":[{"href":"https:\/\/aliso.fr\/initiatives\/wp-json\/wp\/v2\/media?parent=947"}],"wp:term":[{"taxonomy":"category","embeddable":true,"href":"https:\/\/aliso.fr\/initiatives\/wp-json\/wp\/v2\/categories?post=947"},{"taxonomy":"post_tag","embeddable":true,"href":"https:\/\/aliso.fr\/initiatives\/wp-json\/wp\/v2\/tags?post=947"}],"curies":[{"name":"wp","href":"https:\/\/api.w.org\/{rel}","templated":true}]}}