{"id":961,"date":"2017-10-26T09:46:29","date_gmt":"2017-10-26T08:46:29","guid":{"rendered":"http:\/\/bij23.fr\/dla23\/?p=961"},"modified":"2017-10-26T09:46:29","modified_gmt":"2017-10-26T08:46:29","slug":"1415-novembre-a-tulle-rencontres-territoriales-en-nouvelle-aquitaine","status":"publish","type":"post","link":"https:\/\/aliso.fr\/initiatives\/1415-novembre-a-tulle-rencontres-territoriales-en-nouvelle-aquitaine\/","title":{"rendered":"14&amp;15 novembre. Rencontres territoriales en Nouvelle-Aquitaine"},"content":{"rendered":"<p><strong>RENCONTRES A TULLE : Ruralit\u00e9, projets de territoires et responsabilit\u00e9 soci\u00e9tale<\/strong><\/p>\n<p>Impuls\u00e9es par un<span style=\"color: #ff6600\"><strong> collectif d&rsquo;acteur.trice.s musiques actuelles corr\u00e9zien.ne.s,<\/strong><\/span> ces rencontres territoriales en Nouvelle-Aquitaine font le pari de questionner des enjeux importants pour le territoire.<\/p>\n<p>Au programme : des<strong> t\u00e9moignages<\/strong> d&rsquo;acteur.trice.s porteurs de projets culturels et artistiques, touristiques, \u00e9conomiques, d&rsquo;insertion&#8230; Des <strong>regards crois\u00e9s<\/strong> d&rsquo;\u00e9lus, de responsables de services publics et d&rsquo;universitaires&#8230;<\/p>\n<p>Pour retrouver le d\u00e9roul\u00e9 de ces deux journ\u00e9es :<\/p>\n<p><a href=\"http:\/\/www.fedelima.org\/IMG\/pdf\/programme_rencontre_territoriale_na_2017.pdf\">http:\/\/www.fedelima.org\/IMG\/pdf\/programme_rencontre_territoriale_na_2017.pdf<\/a><\/p>\n","protected":false},"excerpt":{"rendered":"<p>RENCONTRES A TULLE : Ruralit\u00e9, projets de territoires et responsabilit\u00e9 soci\u00e9tale Impuls\u00e9es par un collectif d&rsquo;acteur.trice.s musiques actuelles corr\u00e9zien.ne.s, ces rencontres territoriales en Nouvelle-Aquitaine font le pari de questionner des enjeux importants pour le territoire. Au programme : des t\u00e9moignages d&rsquo;acteur.trice.s porteurs de projets culturels et artistiques, touristiques, \u00e9conomiques, d&rsquo;insertion&#8230; Des regards crois\u00e9s d&rsquo;\u00e9lus, de&#8230; <a class=\"excerpt-read-more button\" href=\"https:\/\/aliso.fr\/initiatives\/1415-novembre-a-tulle-rencontres-territoriales-en-nouvelle-aquitaine\/\" title=\"Read14&amp;15 novembre. Rencontres territoriales en Nouvelle-Aquitaine\">En savoir plus &raquo;<\/a><\/p>\n","protected":false},"author":5,"featured_media":965,"comment_status":"closed","ping_status":"open","sticky":false,"template":"","format":"standard","meta":{"footnotes":""},"categories":[11],"tags":[33,34,35,36,37,38],"class_list":["post-961","post","type-post","status-publish","format-standard","has-post-thumbnail","hentry","category-actus","tag-culture","tag-experiences","tag-participation","tag-ruralite","tag-territoires","tag-tulle"],"yoast_head":"<!-- This site is optimized with the Yoast SEO plugin v27.5 - https:\/\/yoast.com\/product\/yoast-seo-wordpress\/ -->\n<title>14&amp;15 novembre. Rencontres territoriales en Nouvelle-Aquitaine - Aliso Initiatives<\/title>\n<meta name=\"robots\" content=\"index, follow, max-snippet:-1, max-image-preview:large, max-video-preview:-1\" \/>\n<link rel=\"canonical\" href=\"https:\/\/aliso.fr\/initiatives\/1415-novembre-a-tulle-rencontres-territoriales-en-nouvelle-aquitaine\/\" \/>\n<meta property=\"og:locale\" content=\"fr_FR\" \/>\n<meta property=\"og:type\" content=\"article\" \/>\n<meta property=\"og:title\" content=\"14&amp;15 novembre. Rencontres territoriales en Nouvelle-Aquitaine - Aliso Initiatives\" \/>\n<meta property=\"og:description\" content=\"RENCONTRES A TULLE : Ruralit\u00e9, projets de territoires et responsabilit\u00e9 soci\u00e9tale Impuls\u00e9es par un collectif d&rsquo;acteur.trice.s musiques actuelles corr\u00e9zien.ne.s, ces rencontres territoriales en Nouvelle-Aquitaine font le pari de questionner des enjeux importants pour le territoire. Au programme : des t\u00e9moignages d&rsquo;acteur.trice.s porteurs de projets culturels et artistiques, touristiques, \u00e9conomiques, d&rsquo;insertion&#8230; Des regards crois\u00e9s d&rsquo;\u00e9lus, de... En savoir plus &raquo;\" \/>\n<meta property=\"og:url\" content=\"https:\/\/aliso.fr\/initiatives\/1415-novembre-a-tulle-rencontres-territoriales-en-nouvelle-aquitaine\/\" \/>\n<meta property=\"og:site_name\" content=\"Aliso Initiatives\" \/>\n<meta property=\"article:published_time\" content=\"2017-10-26T08:46:29+00:00\" \/>\n<meta name=\"author\" content=\"pascal\" \/>\n<meta name=\"twitter:card\" content=\"summary_large_image\" \/>\n<script type=\"application\/ld+json\" class=\"yoast-schema-graph\">{\"@context\":\"https:\\\/\\\/schema.org\",\"@graph\":[{\"@type\":\"Article\",\"@id\":\"https:\\\/\\\/aliso.fr\\\/initiatives\\\/1415-novembre-a-tulle-rencontres-territoriales-en-nouvelle-aquitaine\\\/#article\",\"isPartOf\":{\"@id\":\"https:\\\/\\\/aliso.fr\\\/initiatives\\\/1415-novembre-a-tulle-rencontres-territoriales-en-nouvelle-aquitaine\\\/\"},\"author\":{\"name\":\"pascal\",\"@id\":\"https:\\\/\\\/aliso.fr\\\/initiatives\\\/#\\\/schema\\\/person\\\/ac5889082625d5c95b51fac19f3d9b86\"},\"headline\":\"14&amp;15 novembre. Rencontres territoriales en Nouvelle-Aquitaine\",\"datePublished\":\"2017-10-26T08:46:29+00:00\",\"mainEntityOfPage\":{\"@id\":\"https:\\\/\\\/aliso.fr\\\/initiatives\\\/1415-novembre-a-tulle-rencontres-territoriales-en-nouvelle-aquitaine\\\/\"},\"wordCount\":102,\"publisher\":{\"@id\":\"https:\\\/\\\/aliso.fr\\\/initiatives\\\/#organization\"},\"image\":{\"@id\":\"https:\\\/\\\/aliso.fr\\\/initiatives\\\/1415-novembre-a-tulle-rencontres-territoriales-en-nouvelle-aquitaine\\\/#primaryimage\"},\"thumbnailUrl\":\"\",\"keywords\":[\"Culture\",\"Exp\u00e9riences\",\"Participation\",\"ruralit\u00e9\",\"Territoires\",\"Tulle\"],\"articleSection\":[\"Actualit\u00e9s\"],\"inLanguage\":\"fr-FR\"},{\"@type\":\"WebPage\",\"@id\":\"https:\\\/\\\/aliso.fr\\\/initiatives\\\/1415-novembre-a-tulle-rencontres-territoriales-en-nouvelle-aquitaine\\\/\",\"url\":\"https:\\\/\\\/aliso.fr\\\/initiatives\\\/1415-novembre-a-tulle-rencontres-territoriales-en-nouvelle-aquitaine\\\/\",\"name\":\"14&amp;15 novembre. Rencontres territoriales en Nouvelle-Aquitaine - Aliso Initiatives\",\"isPartOf\":{\"@id\":\"https:\\\/\\\/aliso.fr\\\/initiatives\\\/#website\"},\"primaryImageOfPage\":{\"@id\":\"https:\\\/\\\/aliso.fr\\\/initiatives\\\/1415-novembre-a-tulle-rencontres-territoriales-en-nouvelle-aquitaine\\\/#primaryimage\"},\"image\":{\"@id\":\"https:\\\/\\\/aliso.fr\\\/initiatives\\\/1415-novembre-a-tulle-rencontres-territoriales-en-nouvelle-aquitaine\\\/#primaryimage\"},\"thumbnailUrl\":\"\",\"datePublished\":\"2017-10-26T08:46:29+00:00\",\"breadcrumb\":{\"@id\":\"https:\\\/\\\/aliso.fr\\\/initiatives\\\/1415-novembre-a-tulle-rencontres-territoriales-en-nouvelle-aquitaine\\\/#breadcrumb\"},\"inLanguage\":\"fr-FR\",\"potentialAction\":[{\"@type\":\"ReadAction\",\"target\":[\"https:\\\/\\\/aliso.fr\\\/initiatives\\\/1415-novembre-a-tulle-rencontres-territoriales-en-nouvelle-aquitaine\\\/\"]}]},{\"@type\":\"ImageObject\",\"inLanguage\":\"fr-FR\",\"@id\":\"https:\\\/\\\/aliso.fr\\\/initiatives\\\/1415-novembre-a-tulle-rencontres-territoriales-en-nouvelle-aquitaine\\\/#primaryimage\",\"url\":\"\",\"contentUrl\":\"\"},{\"@type\":\"BreadcrumbList\",\"@id\":\"https:\\\/\\\/aliso.fr\\\/initiatives\\\/1415-novembre-a-tulle-rencontres-territoriales-en-nouvelle-aquitaine\\\/#breadcrumb\",\"itemListElement\":[{\"@type\":\"ListItem\",\"position\":1,\"name\":\"Accueil\",\"item\":\"https:\\\/\\\/aliso.fr\\\/initiatives\\\/\"},{\"@type\":\"ListItem\",\"position\":2,\"name\":\"Actualit\u00e9s\",\"item\":\"https:\\\/\\\/aliso.fr\\\/initiatives\\\/actus\\\/\"},{\"@type\":\"ListItem\",\"position\":3,\"name\":\"14&amp;15 novembre. Rencontres territoriales en Nouvelle-Aquitaine\"}]},{\"@type\":\"WebSite\",\"@id\":\"https:\\\/\\\/aliso.fr\\\/initiatives\\\/#website\",\"url\":\"https:\\\/\\\/aliso.fr\\\/initiatives\\\/\",\"name\":\"Aliso Initiatives\",\"description\":\"R\u00e9seau Creusois des acteurs du lien social\",\"publisher\":{\"@id\":\"https:\\\/\\\/aliso.fr\\\/initiatives\\\/#organization\"},\"potentialAction\":[{\"@type\":\"SearchAction\",\"target\":{\"@type\":\"EntryPoint\",\"urlTemplate\":\"https:\\\/\\\/aliso.fr\\\/initiatives\\\/?s={search_term_string}\"},\"query-input\":{\"@type\":\"PropertyValueSpecification\",\"valueRequired\":true,\"valueName\":\"search_term_string\"}}],\"inLanguage\":\"fr-FR\"},{\"@type\":\"Organization\",\"@id\":\"https:\\\/\\\/aliso.fr\\\/initiatives\\\/#organization\",\"name\":\"Aliso Initiatives\",\"url\":\"https:\\\/\\\/aliso.fr\\\/initiatives\\\/\",\"logo\":{\"@type\":\"ImageObject\",\"inLanguage\":\"fr-FR\",\"@id\":\"https:\\\/\\\/aliso.fr\\\/initiatives\\\/#\\\/schema\\\/logo\\\/image\\\/\",\"url\":\"https:\\\/\\\/aliso.fr\\\/initiatives\\\/wp-content\\\/uploads\\\/sites\\\/2\\\/2022\\\/01\\\/Logo-ALISO-Initiatives-2.png\",\"contentUrl\":\"https:\\\/\\\/aliso.fr\\\/initiatives\\\/wp-content\\\/uploads\\\/sites\\\/2\\\/2022\\\/01\\\/Logo-ALISO-Initiatives-2.png\",\"width\":900,\"height\":657,\"caption\":\"Aliso Initiatives\"},\"image\":{\"@id\":\"https:\\\/\\\/aliso.fr\\\/initiatives\\\/#\\\/schema\\\/logo\\\/image\\\/\"}},{\"@type\":\"Person\",\"@id\":\"https:\\\/\\\/aliso.fr\\\/initiatives\\\/#\\\/schema\\\/person\\\/ac5889082625d5c95b51fac19f3d9b86\",\"name\":\"pascal\"}]}<\/script>\n<!-- \/ Yoast SEO plugin. -->","yoast_head_json":{"title":"14&amp;15 novembre. Rencontres territoriales en Nouvelle-Aquitaine - Aliso Initiatives","robots":{"index":"index","follow":"follow","max-snippet":"max-snippet:-1","max-image-preview":"max-image-preview:large","max-video-preview":"max-video-preview:-1"},"canonical":"https:\/\/aliso.fr\/initiatives\/1415-novembre-a-tulle-rencontres-territoriales-en-nouvelle-aquitaine\/","og_locale":"fr_FR","og_type":"article","og_title":"14&amp;15 novembre. Rencontres territoriales en Nouvelle-Aquitaine - Aliso Initiatives","og_description":"RENCONTRES A TULLE : Ruralit\u00e9, projets de territoires et responsabilit\u00e9 soci\u00e9tale Impuls\u00e9es par un collectif d&rsquo;acteur.trice.s musiques actuelles corr\u00e9zien.ne.s, ces rencontres territoriales en Nouvelle-Aquitaine font le pari de questionner des enjeux importants pour le territoire. Au programme : des t\u00e9moignages d&rsquo;acteur.trice.s porteurs de projets culturels et artistiques, touristiques, \u00e9conomiques, d&rsquo;insertion&#8230; Des regards crois\u00e9s d&rsquo;\u00e9lus, de... En savoir plus &raquo;","og_url":"https:\/\/aliso.fr\/initiatives\/1415-novembre-a-tulle-rencontres-territoriales-en-nouvelle-aquitaine\/","og_site_name":"Aliso Initiatives","article_published_time":"2017-10-26T08:46:29+00:00","author":"pascal","twitter_card":"summary_large_image","schema":{"@context":"https:\/\/schema.org","@graph":[{"@type":"Article","@id":"https:\/\/aliso.fr\/initiatives\/1415-novembre-a-tulle-rencontres-territoriales-en-nouvelle-aquitaine\/#article","isPartOf":{"@id":"https:\/\/aliso.fr\/initiatives\/1415-novembre-a-tulle-rencontres-territoriales-en-nouvelle-aquitaine\/"},"author":{"name":"pascal","@id":"https:\/\/aliso.fr\/initiatives\/#\/schema\/person\/ac5889082625d5c95b51fac19f3d9b86"},"headline":"14&amp;15 novembre. Rencontres territoriales en Nouvelle-Aquitaine","datePublished":"2017-10-26T08:46:29+00:00","mainEntityOfPage":{"@id":"https:\/\/aliso.fr\/initiatives\/1415-novembre-a-tulle-rencontres-territoriales-en-nouvelle-aquitaine\/"},"wordCount":102,"publisher":{"@id":"https:\/\/aliso.fr\/initiatives\/#organization"},"image":{"@id":"https:\/\/aliso.fr\/initiatives\/1415-novembre-a-tulle-rencontres-territoriales-en-nouvelle-aquitaine\/#primaryimage"},"thumbnailUrl":"","keywords":["Culture","Exp\u00e9riences","Participation","ruralit\u00e9","Territoires","Tulle"],"articleSection":["Actualit\u00e9s"],"inLanguage":"fr-FR"},{"@type":"WebPage","@id":"https:\/\/aliso.fr\/initiatives\/1415-novembre-a-tulle-rencontres-territoriales-en-nouvelle-aquitaine\/","url":"https:\/\/aliso.fr\/initiatives\/1415-novembre-a-tulle-rencontres-territoriales-en-nouvelle-aquitaine\/","name":"14&amp;15 novembre. Rencontres territoriales en Nouvelle-Aquitaine - Aliso Initiatives","isPartOf":{"@id":"https:\/\/aliso.fr\/initiatives\/#website"},"primaryImageOfPage":{"@id":"https:\/\/aliso.fr\/initiatives\/1415-novembre-a-tulle-rencontres-territoriales-en-nouvelle-aquitaine\/#primaryimage"},"image":{"@id":"https:\/\/aliso.fr\/initiatives\/1415-novembre-a-tulle-rencontres-territoriales-en-nouvelle-aquitaine\/#primaryimage"},"thumbnailUrl":"","datePublished":"2017-10-26T08:46:29+00:00","breadcrumb":{"@id":"https:\/\/aliso.fr\/initiatives\/1415-novembre-a-tulle-rencontres-territoriales-en-nouvelle-aquitaine\/#breadcrumb"},"inLanguage":"fr-FR","potentialAction":[{"@type":"ReadAction","target":["https:\/\/aliso.fr\/initiatives\/1415-novembre-a-tulle-rencontres-territoriales-en-nouvelle-aquitaine\/"]}]},{"@type":"ImageObject","inLanguage":"fr-FR","@id":"https:\/\/aliso.fr\/initiatives\/1415-novembre-a-tulle-rencontres-territoriales-en-nouvelle-aquitaine\/#primaryimage","url":"","contentUrl":""},{"@type":"BreadcrumbList","@id":"https:\/\/aliso.fr\/initiatives\/1415-novembre-a-tulle-rencontres-territoriales-en-nouvelle-aquitaine\/#breadcrumb","itemListElement":[{"@type":"ListItem","position":1,"name":"Accueil","item":"https:\/\/aliso.fr\/initiatives\/"},{"@type":"ListItem","position":2,"name":"Actualit\u00e9s","item":"https:\/\/aliso.fr\/initiatives\/actus\/"},{"@type":"ListItem","position":3,"name":"14&amp;15 novembre. Rencontres territoriales en Nouvelle-Aquitaine"}]},{"@type":"WebSite","@id":"https:\/\/aliso.fr\/initiatives\/#website","url":"https:\/\/aliso.fr\/initiatives\/","name":"Aliso Initiatives","description":"R\u00e9seau Creusois des acteurs du lien social","publisher":{"@id":"https:\/\/aliso.fr\/initiatives\/#organization"},"potentialAction":[{"@type":"SearchAction","target":{"@type":"EntryPoint","urlTemplate":"https:\/\/aliso.fr\/initiatives\/?s={search_term_string}"},"query-input":{"@type":"PropertyValueSpecification","valueRequired":true,"valueName":"search_term_string"}}],"inLanguage":"fr-FR"},{"@type":"Organization","@id":"https:\/\/aliso.fr\/initiatives\/#organization","name":"Aliso Initiatives","url":"https:\/\/aliso.fr\/initiatives\/","logo":{"@type":"ImageObject","inLanguage":"fr-FR","@id":"https:\/\/aliso.fr\/initiatives\/#\/schema\/logo\/image\/","url":"https:\/\/aliso.fr\/initiatives\/wp-content\/uploads\/sites\/2\/2022\/01\/Logo-ALISO-Initiatives-2.png","contentUrl":"https:\/\/aliso.fr\/initiatives\/wp-content\/uploads\/sites\/2\/2022\/01\/Logo-ALISO-Initiatives-2.png","width":900,"height":657,"caption":"Aliso Initiatives"},"image":{"@id":"https:\/\/aliso.fr\/initiatives\/#\/schema\/logo\/image\/"}},{"@type":"Person","@id":"https:\/\/aliso.fr\/initiatives\/#\/schema\/person\/ac5889082625d5c95b51fac19f3d9b86","name":"pascal"}]}},"_links":{"self":[{"href":"https:\/\/aliso.fr\/initiatives\/wp-json\/wp\/v2\/posts\/961","targetHints":{"allow":["GET"]}}],"collection":[{"href":"https:\/\/aliso.fr\/initiatives\/wp-json\/wp\/v2\/posts"}],"about":[{"href":"https:\/\/aliso.fr\/initiatives\/wp-json\/wp\/v2\/types\/post"}],"author":[{"embeddable":true,"href":"https:\/\/aliso.fr\/initiatives\/wp-json\/wp\/v2\/users\/5"}],"replies":[{"embeddable":true,"href":"https:\/\/aliso.fr\/initiatives\/wp-json\/wp\/v2\/comments?post=961"}],"version-history":[{"count":0,"href":"https:\/\/aliso.fr\/initiatives\/wp-json\/wp\/v2\/posts\/961\/revisions"}],"wp:featuredmedia":[{"embeddable":true,"href":"https:\/\/aliso.fr\/initiatives\/wp-json\/"}],"wp:attachment":[{"href":"https:\/\/aliso.fr\/initiatives\/wp-json\/wp\/v2\/media?parent=961"}],"wp:term":[{"taxonomy":"category","embeddable":true,"href":"https:\/\/aliso.fr\/initiatives\/wp-json\/wp\/v2\/categories?post=961"},{"taxonomy":"post_tag","embeddable":true,"href":"https:\/\/aliso.fr\/initiatives\/wp-json\/wp\/v2\/tags?post=961"}],"curies":[{"name":"wp","href":"https:\/\/api.w.org\/{rel}","templated":true}]}}