{"id":975,"date":"2019-03-14T11:57:40","date_gmt":"2019-03-14T10:57:40","guid":{"rendered":"http:\/\/bij23.fr\/dla23\/?p=975"},"modified":"2019-03-14T11:57:40","modified_gmt":"2019-03-14T10:57:40","slug":"12-decembre-atelier-lieux-hybrides-statuts-et-fiscalite","status":"publish","type":"post","link":"https:\/\/aliso.fr\/initiatives\/12-decembre-atelier-lieux-hybrides-statuts-et-fiscalite\/","title":{"rendered":"Le juridique ne rebute pas ! 15 lieux hybrides en Session Collective DLA"},"content":{"rendered":"<p>Ils sont venus, le 5 Mars dernier, depuis Nouhant (<em>chez La Raymonde),<\/em> depuis Fursac (<em>Creuse Toujours<\/em>), Poitiers et Bordeaux, elles sont sportives (<em>Nomade<\/em>) ou art-th\u00e9rapeute (<em>Part Si Part L\u00e0<\/em>) : 28 personnes, portant une quinzaine de lieux, se sont r\u00e9unies tout au sud de la Creuse, \u00e0 la fois curieux de mieux conna\u00eetre La Renou\u00e9e et son fonctionnement, et pour avancer, partager sur leur projet de<span style=\"text-decoration: underline\"><span style=\"color: #ff6600\"> <a href=\"https:\/\/www.lamontagne.fr\/gentioux-pigerolles-23340\/economie\/la-creuse-est-la-championne-des-lieux-hybrides-ou-se-melent-economie-et-vie-sociale_13515564\/#refresh\"><span style=\"color: #ff6600;text-decoration: underline\">lieux hybrides&#8230; (Voir l&rsquo;article presse ici)<\/span><\/a><\/span><\/span>.<\/p>\n<p>Une journ\u00e9e de travail dense, port\u00e9e sur les questions de propri\u00e9t\u00e9, d&rsquo;investissement et de baux d&rsquo;usage des biens, avec l&rsquo;intervention de la SCIC L&rsquo;Arban. Avec cette expertise, l&rsquo;intention, pour le DLA Creuse, est d&rsquo;outiller les acteurs : l&rsquo;an dernier l&rsquo;Atelier portait sur les questions de statuts d&rsquo;activit\u00e9 et de fiscalit\u00e9. Chaque hiver l&rsquo;on constate que le juridique comme l&rsquo;\u00e9conomique ne rebute pas les porteurs de projet !<\/p>\n<div id=\"attachment_1124\" style=\"width: 3274px\" class=\"wp-caption alignnone\"><a href=\"http:\/\/bij23.fr\/dla23\/wp-content\/uploads\/2019\/03\/20171212_151744.jpg\"><img loading=\"lazy\" decoding=\"async\" aria-describedby=\"caption-attachment-1124\" class=\"size-full wp-image-1124\" src=\"http:\/\/bij23.fr\/dla23\/wp-content\/uploads\/2019\/03\/20171212_151744.jpg\" alt=\"Session Collective DLA Lieux Hybrides : Statuts et Fiscalit\u00e9 - Hiver 2017\/2018 - L'Alzire\" width=\"3264\" height=\"1836\" \/><\/a><p id=\"caption-attachment-1124\" class=\"wp-caption-text\">Session Collective DLA Lieux Hybrides : Statuts et Fiscalit\u00e9 &#8211; Hiver 2017\/2018 &#8211; L&rsquo;Alzire<\/p><\/div>\n<p><strong>\u00a0<\/strong><\/p>\n<p style=\"text-align: justify\">Ces ateliers font suite \u00e0<span style=\"color: #800080\"><a title=\"forum\" href=\"http:\/\/bij23.fr\/dla23\/commerce-et-association\/\" target=\"_blank\" rel=\"noopener\"><span style=\"color: #800080\"><span style=\"text-decoration: underline\"> un premier forum \u00ab\u00a0Economie et animation locale<\/span>\u00ab\u00a0<\/span><\/a><\/span> organis\u00e9 le 28 Novembre dernier \u00e0 Bourganeuf durant lequel des \u00e9lus, des habitants et des associations s&rsquo;\u00e9taient retrouv\u00e9s pour partager leur exp\u00e9rience \u00e0 la recherche de solution pour maintenir des lieux de rencontre et de services sur les territoires ruraux (voir l&rsquo;<span style=\"text-decoration: underline\"><span style=\"color: #800080\"><a href=\"http:\/\/www.lamontagne.fr\/bourganeuf\/economie\/commerce-artisanat\/2016\/12\/02\/cafes-associatifs-en-creuse-quand-les-habitants-passent-derriere-le-comptoir_12192921.html\" target=\"_blank\" rel=\"noopener\"><span style=\"color: #800080;text-decoration: underline\">article de La Montagne<\/span><\/a><\/span><\/span>).<\/p>\n<p>&nbsp;<\/p>\n<p><a href=\"http:\/\/bij23.fr\/dla23\/wp-content\/uploads\/2017\/10\/Lieux-hybrides1.jpg\"><img loading=\"lazy\" decoding=\"async\" class=\"alignnone size-full wp-image-985\" src=\"http:\/\/bij23.fr\/dla23\/wp-content\/uploads\/2017\/10\/Lieux-hybrides1.jpg\" alt=\"Lieux hybrides\" width=\"1113\" height=\"170\" \/><\/a><\/p>\n<p style=\"text-align: justify\">\n","protected":false},"excerpt":{"rendered":"<p>Ils sont venus, le 5 Mars dernier, depuis Nouhant (chez La Raymonde), depuis Fursac (Creuse Toujours), Poitiers et Bordeaux, elles sont sportives (Nomade) ou art-th\u00e9rapeute (Part Si Part L\u00e0) : 28 personnes, portant une quinzaine de lieux, se sont r\u00e9unies tout au sud de la Creuse, \u00e0 la fois curieux de mieux conna\u00eetre La Renou\u00e9e&#8230; <a class=\"excerpt-read-more button\" href=\"https:\/\/aliso.fr\/initiatives\/12-decembre-atelier-lieux-hybrides-statuts-et-fiscalite\/\" title=\"ReadLe juridique ne rebute pas ! 15 lieux hybrides en Session Collective DLA\">En savoir plus &raquo;<\/a><\/p>\n","protected":false},"author":5,"featured_media":985,"comment_status":"closed","ping_status":"open","sticky":false,"template":"","format":"standard","meta":{"footnotes":""},"categories":[11,19],"tags":[39,50,45,40,51,47,49,36,52,43,44,37],"class_list":["post-975","post","type-post","status-publish","format-standard","has-post-thumbnail","hentry","category-actus","category-se-former-sinformer","tag-associations","tag-atelier","tag-collectifs","tag-creuse","tag-fiscalite","tag-initiatives","tag-reseaux","tag-ruralite","tag-statuts","tag-temoignage","tag-territoire","tag-territoires"],"yoast_head":"<!-- This site is optimized with the Yoast SEO plugin v27.5 - https:\/\/yoast.com\/product\/yoast-seo-wordpress\/ -->\n<title>Le juridique ne rebute pas ! 15 lieux hybrides en Session Collective DLA - Aliso Initiatives<\/title>\n<meta name=\"robots\" content=\"index, follow, max-snippet:-1, max-image-preview:large, max-video-preview:-1\" \/>\n<link rel=\"canonical\" href=\"https:\/\/aliso.fr\/initiatives\/12-decembre-atelier-lieux-hybrides-statuts-et-fiscalite\/\" \/>\n<meta property=\"og:locale\" content=\"fr_FR\" \/>\n<meta property=\"og:type\" content=\"article\" \/>\n<meta property=\"og:title\" content=\"Le juridique ne rebute pas ! 15 lieux hybrides en Session Collective DLA - Aliso Initiatives\" \/>\n<meta property=\"og:description\" content=\"Ils sont venus, le 5 Mars dernier, depuis Nouhant (chez La Raymonde), depuis Fursac (Creuse Toujours), Poitiers et Bordeaux, elles sont sportives (Nomade) ou art-th\u00e9rapeute (Part Si Part L\u00e0) : 28 personnes, portant une quinzaine de lieux, se sont r\u00e9unies tout au sud de la Creuse, \u00e0 la fois curieux de mieux conna\u00eetre La Renou\u00e9e... En savoir plus &raquo;\" \/>\n<meta property=\"og:url\" content=\"https:\/\/aliso.fr\/initiatives\/12-decembre-atelier-lieux-hybrides-statuts-et-fiscalite\/\" \/>\n<meta property=\"og:site_name\" content=\"Aliso Initiatives\" \/>\n<meta property=\"article:published_time\" content=\"2019-03-14T10:57:40+00:00\" \/>\n<meta name=\"author\" content=\"pascal\" \/>\n<meta name=\"twitter:card\" content=\"summary_large_image\" \/>\n<script type=\"application\/ld+json\" class=\"yoast-schema-graph\">{\"@context\":\"https:\\\/\\\/schema.org\",\"@graph\":[{\"@type\":\"Article\",\"@id\":\"https:\\\/\\\/aliso.fr\\\/initiatives\\\/12-decembre-atelier-lieux-hybrides-statuts-et-fiscalite\\\/#article\",\"isPartOf\":{\"@id\":\"https:\\\/\\\/aliso.fr\\\/initiatives\\\/12-decembre-atelier-lieux-hybrides-statuts-et-fiscalite\\\/\"},\"author\":{\"name\":\"pascal\",\"@id\":\"https:\\\/\\\/aliso.fr\\\/initiatives\\\/#\\\/schema\\\/person\\\/ac5889082625d5c95b51fac19f3d9b86\"},\"headline\":\"Le juridique ne rebute pas ! 15 lieux hybrides en Session Collective DLA\",\"datePublished\":\"2019-03-14T10:57:40+00:00\",\"mainEntityOfPage\":{\"@id\":\"https:\\\/\\\/aliso.fr\\\/initiatives\\\/12-decembre-atelier-lieux-hybrides-statuts-et-fiscalite\\\/\"},\"wordCount\":241,\"publisher\":{\"@id\":\"https:\\\/\\\/aliso.fr\\\/initiatives\\\/#organization\"},\"image\":{\"@id\":\"https:\\\/\\\/aliso.fr\\\/initiatives\\\/12-decembre-atelier-lieux-hybrides-statuts-et-fiscalite\\\/#primaryimage\"},\"thumbnailUrl\":\"\",\"keywords\":[\"associations\",\"atelier\",\"collectifs\",\"Creuse\",\"fiscalit\u00e9\",\"initiatives\",\"r\u00e9seaux\",\"ruralit\u00e9\",\"statuts\",\"t\u00e9moignage\",\"territoire\",\"Territoires\"],\"articleSection\":[\"Actualit\u00e9s\",\"Se former, s\u2019informer\"],\"inLanguage\":\"fr-FR\"},{\"@type\":\"WebPage\",\"@id\":\"https:\\\/\\\/aliso.fr\\\/initiatives\\\/12-decembre-atelier-lieux-hybrides-statuts-et-fiscalite\\\/\",\"url\":\"https:\\\/\\\/aliso.fr\\\/initiatives\\\/12-decembre-atelier-lieux-hybrides-statuts-et-fiscalite\\\/\",\"name\":\"Le juridique ne rebute pas ! 15 lieux hybrides en Session Collective DLA - Aliso Initiatives\",\"isPartOf\":{\"@id\":\"https:\\\/\\\/aliso.fr\\\/initiatives\\\/#website\"},\"primaryImageOfPage\":{\"@id\":\"https:\\\/\\\/aliso.fr\\\/initiatives\\\/12-decembre-atelier-lieux-hybrides-statuts-et-fiscalite\\\/#primaryimage\"},\"image\":{\"@id\":\"https:\\\/\\\/aliso.fr\\\/initiatives\\\/12-decembre-atelier-lieux-hybrides-statuts-et-fiscalite\\\/#primaryimage\"},\"thumbnailUrl\":\"\",\"datePublished\":\"2019-03-14T10:57:40+00:00\",\"breadcrumb\":{\"@id\":\"https:\\\/\\\/aliso.fr\\\/initiatives\\\/12-decembre-atelier-lieux-hybrides-statuts-et-fiscalite\\\/#breadcrumb\"},\"inLanguage\":\"fr-FR\",\"potentialAction\":[{\"@type\":\"ReadAction\",\"target\":[\"https:\\\/\\\/aliso.fr\\\/initiatives\\\/12-decembre-atelier-lieux-hybrides-statuts-et-fiscalite\\\/\"]}]},{\"@type\":\"ImageObject\",\"inLanguage\":\"fr-FR\",\"@id\":\"https:\\\/\\\/aliso.fr\\\/initiatives\\\/12-decembre-atelier-lieux-hybrides-statuts-et-fiscalite\\\/#primaryimage\",\"url\":\"\",\"contentUrl\":\"\"},{\"@type\":\"BreadcrumbList\",\"@id\":\"https:\\\/\\\/aliso.fr\\\/initiatives\\\/12-decembre-atelier-lieux-hybrides-statuts-et-fiscalite\\\/#breadcrumb\",\"itemListElement\":[{\"@type\":\"ListItem\",\"position\":1,\"name\":\"Accueil\",\"item\":\"https:\\\/\\\/aliso.fr\\\/initiatives\\\/\"},{\"@type\":\"ListItem\",\"position\":2,\"name\":\"Actualit\u00e9s\",\"item\":\"https:\\\/\\\/aliso.fr\\\/initiatives\\\/actus\\\/\"},{\"@type\":\"ListItem\",\"position\":3,\"name\":\"Le juridique ne rebute pas ! 15 lieux hybrides en Session Collective DLA\"}]},{\"@type\":\"WebSite\",\"@id\":\"https:\\\/\\\/aliso.fr\\\/initiatives\\\/#website\",\"url\":\"https:\\\/\\\/aliso.fr\\\/initiatives\\\/\",\"name\":\"Aliso Initiatives\",\"description\":\"R\u00e9seau Creusois des acteurs du lien social\",\"publisher\":{\"@id\":\"https:\\\/\\\/aliso.fr\\\/initiatives\\\/#organization\"},\"potentialAction\":[{\"@type\":\"SearchAction\",\"target\":{\"@type\":\"EntryPoint\",\"urlTemplate\":\"https:\\\/\\\/aliso.fr\\\/initiatives\\\/?s={search_term_string}\"},\"query-input\":{\"@type\":\"PropertyValueSpecification\",\"valueRequired\":true,\"valueName\":\"search_term_string\"}}],\"inLanguage\":\"fr-FR\"},{\"@type\":\"Organization\",\"@id\":\"https:\\\/\\\/aliso.fr\\\/initiatives\\\/#organization\",\"name\":\"Aliso Initiatives\",\"url\":\"https:\\\/\\\/aliso.fr\\\/initiatives\\\/\",\"logo\":{\"@type\":\"ImageObject\",\"inLanguage\":\"fr-FR\",\"@id\":\"https:\\\/\\\/aliso.fr\\\/initiatives\\\/#\\\/schema\\\/logo\\\/image\\\/\",\"url\":\"https:\\\/\\\/aliso.fr\\\/initiatives\\\/wp-content\\\/uploads\\\/sites\\\/2\\\/2022\\\/01\\\/Logo-ALISO-Initiatives-2.png\",\"contentUrl\":\"https:\\\/\\\/aliso.fr\\\/initiatives\\\/wp-content\\\/uploads\\\/sites\\\/2\\\/2022\\\/01\\\/Logo-ALISO-Initiatives-2.png\",\"width\":900,\"height\":657,\"caption\":\"Aliso Initiatives\"},\"image\":{\"@id\":\"https:\\\/\\\/aliso.fr\\\/initiatives\\\/#\\\/schema\\\/logo\\\/image\\\/\"}},{\"@type\":\"Person\",\"@id\":\"https:\\\/\\\/aliso.fr\\\/initiatives\\\/#\\\/schema\\\/person\\\/ac5889082625d5c95b51fac19f3d9b86\",\"name\":\"pascal\"}]}<\/script>\n<!-- \/ Yoast SEO plugin. -->","yoast_head_json":{"title":"Le juridique ne rebute pas ! 15 lieux hybrides en Session Collective DLA - Aliso Initiatives","robots":{"index":"index","follow":"follow","max-snippet":"max-snippet:-1","max-image-preview":"max-image-preview:large","max-video-preview":"max-video-preview:-1"},"canonical":"https:\/\/aliso.fr\/initiatives\/12-decembre-atelier-lieux-hybrides-statuts-et-fiscalite\/","og_locale":"fr_FR","og_type":"article","og_title":"Le juridique ne rebute pas ! 15 lieux hybrides en Session Collective DLA - Aliso Initiatives","og_description":"Ils sont venus, le 5 Mars dernier, depuis Nouhant (chez La Raymonde), depuis Fursac (Creuse Toujours), Poitiers et Bordeaux, elles sont sportives (Nomade) ou art-th\u00e9rapeute (Part Si Part L\u00e0) : 28 personnes, portant une quinzaine de lieux, se sont r\u00e9unies tout au sud de la Creuse, \u00e0 la fois curieux de mieux conna\u00eetre La Renou\u00e9e... En savoir plus &raquo;","og_url":"https:\/\/aliso.fr\/initiatives\/12-decembre-atelier-lieux-hybrides-statuts-et-fiscalite\/","og_site_name":"Aliso Initiatives","article_published_time":"2019-03-14T10:57:40+00:00","author":"pascal","twitter_card":"summary_large_image","schema":{"@context":"https:\/\/schema.org","@graph":[{"@type":"Article","@id":"https:\/\/aliso.fr\/initiatives\/12-decembre-atelier-lieux-hybrides-statuts-et-fiscalite\/#article","isPartOf":{"@id":"https:\/\/aliso.fr\/initiatives\/12-decembre-atelier-lieux-hybrides-statuts-et-fiscalite\/"},"author":{"name":"pascal","@id":"https:\/\/aliso.fr\/initiatives\/#\/schema\/person\/ac5889082625d5c95b51fac19f3d9b86"},"headline":"Le juridique ne rebute pas ! 15 lieux hybrides en Session Collective DLA","datePublished":"2019-03-14T10:57:40+00:00","mainEntityOfPage":{"@id":"https:\/\/aliso.fr\/initiatives\/12-decembre-atelier-lieux-hybrides-statuts-et-fiscalite\/"},"wordCount":241,"publisher":{"@id":"https:\/\/aliso.fr\/initiatives\/#organization"},"image":{"@id":"https:\/\/aliso.fr\/initiatives\/12-decembre-atelier-lieux-hybrides-statuts-et-fiscalite\/#primaryimage"},"thumbnailUrl":"","keywords":["associations","atelier","collectifs","Creuse","fiscalit\u00e9","initiatives","r\u00e9seaux","ruralit\u00e9","statuts","t\u00e9moignage","territoire","Territoires"],"articleSection":["Actualit\u00e9s","Se former, s\u2019informer"],"inLanguage":"fr-FR"},{"@type":"WebPage","@id":"https:\/\/aliso.fr\/initiatives\/12-decembre-atelier-lieux-hybrides-statuts-et-fiscalite\/","url":"https:\/\/aliso.fr\/initiatives\/12-decembre-atelier-lieux-hybrides-statuts-et-fiscalite\/","name":"Le juridique ne rebute pas ! 15 lieux hybrides en Session Collective DLA - Aliso Initiatives","isPartOf":{"@id":"https:\/\/aliso.fr\/initiatives\/#website"},"primaryImageOfPage":{"@id":"https:\/\/aliso.fr\/initiatives\/12-decembre-atelier-lieux-hybrides-statuts-et-fiscalite\/#primaryimage"},"image":{"@id":"https:\/\/aliso.fr\/initiatives\/12-decembre-atelier-lieux-hybrides-statuts-et-fiscalite\/#primaryimage"},"thumbnailUrl":"","datePublished":"2019-03-14T10:57:40+00:00","breadcrumb":{"@id":"https:\/\/aliso.fr\/initiatives\/12-decembre-atelier-lieux-hybrides-statuts-et-fiscalite\/#breadcrumb"},"inLanguage":"fr-FR","potentialAction":[{"@type":"ReadAction","target":["https:\/\/aliso.fr\/initiatives\/12-decembre-atelier-lieux-hybrides-statuts-et-fiscalite\/"]}]},{"@type":"ImageObject","inLanguage":"fr-FR","@id":"https:\/\/aliso.fr\/initiatives\/12-decembre-atelier-lieux-hybrides-statuts-et-fiscalite\/#primaryimage","url":"","contentUrl":""},{"@type":"BreadcrumbList","@id":"https:\/\/aliso.fr\/initiatives\/12-decembre-atelier-lieux-hybrides-statuts-et-fiscalite\/#breadcrumb","itemListElement":[{"@type":"ListItem","position":1,"name":"Accueil","item":"https:\/\/aliso.fr\/initiatives\/"},{"@type":"ListItem","position":2,"name":"Actualit\u00e9s","item":"https:\/\/aliso.fr\/initiatives\/actus\/"},{"@type":"ListItem","position":3,"name":"Le juridique ne rebute pas ! 15 lieux hybrides en Session Collective DLA"}]},{"@type":"WebSite","@id":"https:\/\/aliso.fr\/initiatives\/#website","url":"https:\/\/aliso.fr\/initiatives\/","name":"Aliso Initiatives","description":"R\u00e9seau Creusois des acteurs du lien social","publisher":{"@id":"https:\/\/aliso.fr\/initiatives\/#organization"},"potentialAction":[{"@type":"SearchAction","target":{"@type":"EntryPoint","urlTemplate":"https:\/\/aliso.fr\/initiatives\/?s={search_term_string}"},"query-input":{"@type":"PropertyValueSpecification","valueRequired":true,"valueName":"search_term_string"}}],"inLanguage":"fr-FR"},{"@type":"Organization","@id":"https:\/\/aliso.fr\/initiatives\/#organization","name":"Aliso Initiatives","url":"https:\/\/aliso.fr\/initiatives\/","logo":{"@type":"ImageObject","inLanguage":"fr-FR","@id":"https:\/\/aliso.fr\/initiatives\/#\/schema\/logo\/image\/","url":"https:\/\/aliso.fr\/initiatives\/wp-content\/uploads\/sites\/2\/2022\/01\/Logo-ALISO-Initiatives-2.png","contentUrl":"https:\/\/aliso.fr\/initiatives\/wp-content\/uploads\/sites\/2\/2022\/01\/Logo-ALISO-Initiatives-2.png","width":900,"height":657,"caption":"Aliso Initiatives"},"image":{"@id":"https:\/\/aliso.fr\/initiatives\/#\/schema\/logo\/image\/"}},{"@type":"Person","@id":"https:\/\/aliso.fr\/initiatives\/#\/schema\/person\/ac5889082625d5c95b51fac19f3d9b86","name":"pascal"}]}},"_links":{"self":[{"href":"https:\/\/aliso.fr\/initiatives\/wp-json\/wp\/v2\/posts\/975","targetHints":{"allow":["GET"]}}],"collection":[{"href":"https:\/\/aliso.fr\/initiatives\/wp-json\/wp\/v2\/posts"}],"about":[{"href":"https:\/\/aliso.fr\/initiatives\/wp-json\/wp\/v2\/types\/post"}],"author":[{"embeddable":true,"href":"https:\/\/aliso.fr\/initiatives\/wp-json\/wp\/v2\/users\/5"}],"replies":[{"embeddable":true,"href":"https:\/\/aliso.fr\/initiatives\/wp-json\/wp\/v2\/comments?post=975"}],"version-history":[{"count":0,"href":"https:\/\/aliso.fr\/initiatives\/wp-json\/wp\/v2\/posts\/975\/revisions"}],"wp:featuredmedia":[{"embeddable":true,"href":"https:\/\/aliso.fr\/initiatives\/wp-json\/"}],"wp:attachment":[{"href":"https:\/\/aliso.fr\/initiatives\/wp-json\/wp\/v2\/media?parent=975"}],"wp:term":[{"taxonomy":"category","embeddable":true,"href":"https:\/\/aliso.fr\/initiatives\/wp-json\/wp\/v2\/categories?post=975"},{"taxonomy":"post_tag","embeddable":true,"href":"https:\/\/aliso.fr\/initiatives\/wp-json\/wp\/v2\/tags?post=975"}],"curies":[{"name":"wp","href":"https:\/\/api.w.org\/{rel}","templated":true}]}}