{"id":994,"date":"2017-10-26T14:14:01","date_gmt":"2017-10-26T12:14:01","guid":{"rendered":"http:\/\/bij23.fr\/dla23\/?p=994"},"modified":"2021-12-09T14:16:44","modified_gmt":"2021-12-09T13:16:44","slug":"le-dla-impacts-sur-nos-territoires","status":"publish","type":"post","link":"https:\/\/aliso.fr\/initiatives\/le-dla-impacts-sur-nos-territoires\/","title":{"rendered":"Le DLA : impacts sur nos territoires"},"content":{"rendered":"<p style=\"text-align: justify\"><strong>ACTION. Un outil d&rsquo;accompagnement au service du d\u00e9veloppement local. <\/strong><\/p>\n<p style=\"text-align: justify\">Le DLA est un dispositif cr\u00e9\u00e9 en 2002 par l&rsquo;Etat et la Caisse des D\u00e9p\u00f4ts avec le soutien du FSE et anim\u00e9 au niveau national par AVISE.<\/p>\n<p style=\"text-align: justify\">Le DLA offre un accompagnement aupr\u00e8s de structures associatives employeuses, de structures d&rsquo;insertion par l&rsquo;activit\u00e9 \u00e9conomique et de coop\u00e9ratives \u00e0 finalit\u00e9 sociale cr\u00e9atrices d&#8217;emplois.<\/p>\n<p style=\"text-align: justify\">A ce jour, 103 DLA d\u00e9partement existent, dont le DLA 23 port\u00e9 par ALISO.<\/p>\n<p style=\"text-align: justify\"><strong>En 2016<\/strong>, Le DLA 23 a permis de soutenir <strong>52 structures<\/strong> sur le d\u00e9partement. Ces accompagnements sont en majorit\u00e9 <strong>individuels<\/strong> mais sont parfois compl\u00e9t\u00e9s par des <strong>d\u00e9marches collectives<\/strong>. Cette ann\u00e9e, nous proposons notamment aux \u00ab\u00a0lieux hybrides\u00a0\u00bb alliant activit\u00e9s marchandes et non-marchandes de se retrouver autour d&rsquo;un atelier traitant des statuts et de la fiscalit\u00e9 propres \u00e0 ces espaces. D&rsquo;autres structures ont souhait\u00e9 profiter d&rsquo;un accompagnement DLA collectif afin de partager leur exp\u00e9rience et de mettre \u00e0 profit un travail collectif avec le regard d&rsquo;un expert. C&rsquo;est le cas d&rsquo;un groupe de travail qui a finalement d\u00e9cid\u00e9 d&rsquo;organiser une journ\u00e9e commune dans le cadre du mois de l&rsquo;ESS (<a href=\"http:\/\/bij23.fr\/dla23\/27-novembre-incontournabless\/\" target=\"_blank\" rel=\"noopener\">27 Novembre 2017 &#8211; \u00e0 Gu\u00e9ret<\/a>).<\/p>\n<p style=\"text-align: justify\"><a href=\"http:\/\/www.info-dla.fr\/wp-content\/uploads\/2017\/07\/DLA-performance_21072017.pdf\" target=\"_blank\" rel=\"noopener\">Pour plus d&rsquo;informations sur le DLA, un document national vient de paraitre<\/a> pour mettre en exergue les effets d\u00e9cisifs que peut avoir le DLA sur les structures accompagn\u00e9es. Bonne lecture !<\/p>\n<p style=\"text-align: center\"><a href=\"http:\/\/bij23.fr\/dla23\/wp-content\/uploads\/2017\/10\/Dla-performance-chiffres-cl\u00e9s-e1509023304257.jpg\"><img loading=\"lazy\" decoding=\"async\" class=\"alignnone size-full wp-image-996\" src=\"http:\/\/bij23.fr\/dla23\/wp-content\/uploads\/2017\/10\/Dla-performance-chiffres-cl\u00e9s-e1509023304257.jpg\" alt=\"Dla performance - chiffres cl\u00e9s\" width=\"461\" height=\"300\" \/><\/a><\/p>\n<p style=\"text-align: center\"><em>Source : info-DLA<\/em><\/p>\n","protected":false},"excerpt":{"rendered":"<p>ACTION. Un outil d&rsquo;accompagnement au service du d\u00e9veloppement local. Le DLA est un dispositif cr\u00e9\u00e9 en 2002 par l&rsquo;Etat et la Caisse des D\u00e9p\u00f4ts avec le soutien du FSE et anim\u00e9 au niveau national par AVISE. Le DLA offre un accompagnement aupr\u00e8s de structures associatives employeuses, de structures d&rsquo;insertion par l&rsquo;activit\u00e9 \u00e9conomique et de coop\u00e9ratives&#8230; <a class=\"excerpt-read-more button\" href=\"https:\/\/aliso.fr\/initiatives\/le-dla-impacts-sur-nos-territoires\/\" title=\"ReadLe DLA : impacts sur nos territoires\">En savoir plus &raquo;<\/a><\/p>\n","protected":false},"author":5,"featured_media":588,"comment_status":"closed","ping_status":"open","sticky":false,"template":"","format":"standard","meta":{"footnotes":""},"categories":[11],"tags":[53,39,40,54,55,56,14,58,44],"class_list":["post-994","post","type-post","status-publish","format-standard","has-post-thumbnail","hentry","category-actus","tag-accompagnement","tag-associations","tag-creuse","tag-developpement-local","tag-dla","tag-expertise","tag-financement","tag-national","tag-territoire"],"yoast_head":"<!-- This site is optimized with the Yoast SEO plugin v27.5 - https:\/\/yoast.com\/product\/yoast-seo-wordpress\/ -->\n<title>Le DLA : impacts sur nos territoires - Aliso Initiatives<\/title>\n<meta name=\"robots\" content=\"index, follow, max-snippet:-1, max-image-preview:large, max-video-preview:-1\" \/>\n<link rel=\"canonical\" href=\"https:\/\/aliso.fr\/initiatives\/le-dla-impacts-sur-nos-territoires\/\" \/>\n<meta property=\"og:locale\" content=\"fr_FR\" \/>\n<meta property=\"og:type\" content=\"article\" \/>\n<meta property=\"og:title\" content=\"Le DLA : impacts sur nos territoires - Aliso Initiatives\" \/>\n<meta property=\"og:description\" content=\"ACTION. Un outil d&rsquo;accompagnement au service du d\u00e9veloppement local. Le DLA est un dispositif cr\u00e9\u00e9 en 2002 par l&rsquo;Etat et la Caisse des D\u00e9p\u00f4ts avec le soutien du FSE et anim\u00e9 au niveau national par AVISE. Le DLA offre un accompagnement aupr\u00e8s de structures associatives employeuses, de structures d&rsquo;insertion par l&rsquo;activit\u00e9 \u00e9conomique et de coop\u00e9ratives... En savoir plus &raquo;\" \/>\n<meta property=\"og:url\" content=\"https:\/\/aliso.fr\/initiatives\/le-dla-impacts-sur-nos-territoires\/\" \/>\n<meta property=\"og:site_name\" content=\"Aliso Initiatives\" \/>\n<meta property=\"article:published_time\" content=\"2017-10-26T12:14:01+00:00\" \/>\n<meta property=\"article:modified_time\" content=\"2021-12-09T13:16:44+00:00\" \/>\n<meta name=\"author\" content=\"pascal\" \/>\n<meta name=\"twitter:card\" content=\"summary_large_image\" \/>\n<script type=\"application\/ld+json\" class=\"yoast-schema-graph\">{\"@context\":\"https:\\\/\\\/schema.org\",\"@graph\":[{\"@type\":\"Article\",\"@id\":\"https:\\\/\\\/aliso.fr\\\/initiatives\\\/le-dla-impacts-sur-nos-territoires\\\/#article\",\"isPartOf\":{\"@id\":\"https:\\\/\\\/aliso.fr\\\/initiatives\\\/le-dla-impacts-sur-nos-territoires\\\/\"},\"author\":{\"name\":\"pascal\",\"@id\":\"https:\\\/\\\/aliso.fr\\\/initiatives\\\/#\\\/schema\\\/person\\\/ac5889082625d5c95b51fac19f3d9b86\"},\"headline\":\"Le DLA : impacts sur nos territoires\",\"datePublished\":\"2017-10-26T12:14:01+00:00\",\"dateModified\":\"2021-12-09T13:16:44+00:00\",\"mainEntityOfPage\":{\"@id\":\"https:\\\/\\\/aliso.fr\\\/initiatives\\\/le-dla-impacts-sur-nos-territoires\\\/\"},\"wordCount\":246,\"publisher\":{\"@id\":\"https:\\\/\\\/aliso.fr\\\/initiatives\\\/#organization\"},\"image\":{\"@id\":\"https:\\\/\\\/aliso.fr\\\/initiatives\\\/le-dla-impacts-sur-nos-territoires\\\/#primaryimage\"},\"thumbnailUrl\":\"\",\"keywords\":[\"accompagnement\",\"associations\",\"Creuse\",\"developpement local\",\"DLA\",\"expertise\",\"Financement\",\"national\",\"territoire\"],\"articleSection\":[\"Actualit\u00e9s\"],\"inLanguage\":\"fr-FR\"},{\"@type\":\"WebPage\",\"@id\":\"https:\\\/\\\/aliso.fr\\\/initiatives\\\/le-dla-impacts-sur-nos-territoires\\\/\",\"url\":\"https:\\\/\\\/aliso.fr\\\/initiatives\\\/le-dla-impacts-sur-nos-territoires\\\/\",\"name\":\"Le DLA : impacts sur nos territoires - Aliso Initiatives\",\"isPartOf\":{\"@id\":\"https:\\\/\\\/aliso.fr\\\/initiatives\\\/#website\"},\"primaryImageOfPage\":{\"@id\":\"https:\\\/\\\/aliso.fr\\\/initiatives\\\/le-dla-impacts-sur-nos-territoires\\\/#primaryimage\"},\"image\":{\"@id\":\"https:\\\/\\\/aliso.fr\\\/initiatives\\\/le-dla-impacts-sur-nos-territoires\\\/#primaryimage\"},\"thumbnailUrl\":\"\",\"datePublished\":\"2017-10-26T12:14:01+00:00\",\"dateModified\":\"2021-12-09T13:16:44+00:00\",\"breadcrumb\":{\"@id\":\"https:\\\/\\\/aliso.fr\\\/initiatives\\\/le-dla-impacts-sur-nos-territoires\\\/#breadcrumb\"},\"inLanguage\":\"fr-FR\",\"potentialAction\":[{\"@type\":\"ReadAction\",\"target\":[\"https:\\\/\\\/aliso.fr\\\/initiatives\\\/le-dla-impacts-sur-nos-territoires\\\/\"]}]},{\"@type\":\"ImageObject\",\"inLanguage\":\"fr-FR\",\"@id\":\"https:\\\/\\\/aliso.fr\\\/initiatives\\\/le-dla-impacts-sur-nos-territoires\\\/#primaryimage\",\"url\":\"\",\"contentUrl\":\"\"},{\"@type\":\"BreadcrumbList\",\"@id\":\"https:\\\/\\\/aliso.fr\\\/initiatives\\\/le-dla-impacts-sur-nos-territoires\\\/#breadcrumb\",\"itemListElement\":[{\"@type\":\"ListItem\",\"position\":1,\"name\":\"Accueil\",\"item\":\"https:\\\/\\\/aliso.fr\\\/initiatives\\\/\"},{\"@type\":\"ListItem\",\"position\":2,\"name\":\"Actualit\u00e9s\",\"item\":\"https:\\\/\\\/aliso.fr\\\/initiatives\\\/actus\\\/\"},{\"@type\":\"ListItem\",\"position\":3,\"name\":\"Le DLA : impacts sur nos territoires\"}]},{\"@type\":\"WebSite\",\"@id\":\"https:\\\/\\\/aliso.fr\\\/initiatives\\\/#website\",\"url\":\"https:\\\/\\\/aliso.fr\\\/initiatives\\\/\",\"name\":\"Aliso Initiatives\",\"description\":\"R\u00e9seau Creusois des acteurs du lien social\",\"publisher\":{\"@id\":\"https:\\\/\\\/aliso.fr\\\/initiatives\\\/#organization\"},\"potentialAction\":[{\"@type\":\"SearchAction\",\"target\":{\"@type\":\"EntryPoint\",\"urlTemplate\":\"https:\\\/\\\/aliso.fr\\\/initiatives\\\/?s={search_term_string}\"},\"query-input\":{\"@type\":\"PropertyValueSpecification\",\"valueRequired\":true,\"valueName\":\"search_term_string\"}}],\"inLanguage\":\"fr-FR\"},{\"@type\":\"Organization\",\"@id\":\"https:\\\/\\\/aliso.fr\\\/initiatives\\\/#organization\",\"name\":\"Aliso Initiatives\",\"url\":\"https:\\\/\\\/aliso.fr\\\/initiatives\\\/\",\"logo\":{\"@type\":\"ImageObject\",\"inLanguage\":\"fr-FR\",\"@id\":\"https:\\\/\\\/aliso.fr\\\/initiatives\\\/#\\\/schema\\\/logo\\\/image\\\/\",\"url\":\"https:\\\/\\\/aliso.fr\\\/initiatives\\\/wp-content\\\/uploads\\\/sites\\\/2\\\/2022\\\/01\\\/Logo-ALISO-Initiatives-2.png\",\"contentUrl\":\"https:\\\/\\\/aliso.fr\\\/initiatives\\\/wp-content\\\/uploads\\\/sites\\\/2\\\/2022\\\/01\\\/Logo-ALISO-Initiatives-2.png\",\"width\":900,\"height\":657,\"caption\":\"Aliso Initiatives\"},\"image\":{\"@id\":\"https:\\\/\\\/aliso.fr\\\/initiatives\\\/#\\\/schema\\\/logo\\\/image\\\/\"}},{\"@type\":\"Person\",\"@id\":\"https:\\\/\\\/aliso.fr\\\/initiatives\\\/#\\\/schema\\\/person\\\/ac5889082625d5c95b51fac19f3d9b86\",\"name\":\"pascal\"}]}<\/script>\n<!-- \/ Yoast SEO plugin. -->","yoast_head_json":{"title":"Le DLA : impacts sur nos territoires - Aliso Initiatives","robots":{"index":"index","follow":"follow","max-snippet":"max-snippet:-1","max-image-preview":"max-image-preview:large","max-video-preview":"max-video-preview:-1"},"canonical":"https:\/\/aliso.fr\/initiatives\/le-dla-impacts-sur-nos-territoires\/","og_locale":"fr_FR","og_type":"article","og_title":"Le DLA : impacts sur nos territoires - Aliso Initiatives","og_description":"ACTION. Un outil d&rsquo;accompagnement au service du d\u00e9veloppement local. Le DLA est un dispositif cr\u00e9\u00e9 en 2002 par l&rsquo;Etat et la Caisse des D\u00e9p\u00f4ts avec le soutien du FSE et anim\u00e9 au niveau national par AVISE. Le DLA offre un accompagnement aupr\u00e8s de structures associatives employeuses, de structures d&rsquo;insertion par l&rsquo;activit\u00e9 \u00e9conomique et de coop\u00e9ratives... En savoir plus &raquo;","og_url":"https:\/\/aliso.fr\/initiatives\/le-dla-impacts-sur-nos-territoires\/","og_site_name":"Aliso Initiatives","article_published_time":"2017-10-26T12:14:01+00:00","article_modified_time":"2021-12-09T13:16:44+00:00","author":"pascal","twitter_card":"summary_large_image","schema":{"@context":"https:\/\/schema.org","@graph":[{"@type":"Article","@id":"https:\/\/aliso.fr\/initiatives\/le-dla-impacts-sur-nos-territoires\/#article","isPartOf":{"@id":"https:\/\/aliso.fr\/initiatives\/le-dla-impacts-sur-nos-territoires\/"},"author":{"name":"pascal","@id":"https:\/\/aliso.fr\/initiatives\/#\/schema\/person\/ac5889082625d5c95b51fac19f3d9b86"},"headline":"Le DLA : impacts sur nos territoires","datePublished":"2017-10-26T12:14:01+00:00","dateModified":"2021-12-09T13:16:44+00:00","mainEntityOfPage":{"@id":"https:\/\/aliso.fr\/initiatives\/le-dla-impacts-sur-nos-territoires\/"},"wordCount":246,"publisher":{"@id":"https:\/\/aliso.fr\/initiatives\/#organization"},"image":{"@id":"https:\/\/aliso.fr\/initiatives\/le-dla-impacts-sur-nos-territoires\/#primaryimage"},"thumbnailUrl":"","keywords":["accompagnement","associations","Creuse","developpement local","DLA","expertise","Financement","national","territoire"],"articleSection":["Actualit\u00e9s"],"inLanguage":"fr-FR"},{"@type":"WebPage","@id":"https:\/\/aliso.fr\/initiatives\/le-dla-impacts-sur-nos-territoires\/","url":"https:\/\/aliso.fr\/initiatives\/le-dla-impacts-sur-nos-territoires\/","name":"Le DLA : impacts sur nos territoires - Aliso Initiatives","isPartOf":{"@id":"https:\/\/aliso.fr\/initiatives\/#website"},"primaryImageOfPage":{"@id":"https:\/\/aliso.fr\/initiatives\/le-dla-impacts-sur-nos-territoires\/#primaryimage"},"image":{"@id":"https:\/\/aliso.fr\/initiatives\/le-dla-impacts-sur-nos-territoires\/#primaryimage"},"thumbnailUrl":"","datePublished":"2017-10-26T12:14:01+00:00","dateModified":"2021-12-09T13:16:44+00:00","breadcrumb":{"@id":"https:\/\/aliso.fr\/initiatives\/le-dla-impacts-sur-nos-territoires\/#breadcrumb"},"inLanguage":"fr-FR","potentialAction":[{"@type":"ReadAction","target":["https:\/\/aliso.fr\/initiatives\/le-dla-impacts-sur-nos-territoires\/"]}]},{"@type":"ImageObject","inLanguage":"fr-FR","@id":"https:\/\/aliso.fr\/initiatives\/le-dla-impacts-sur-nos-territoires\/#primaryimage","url":"","contentUrl":""},{"@type":"BreadcrumbList","@id":"https:\/\/aliso.fr\/initiatives\/le-dla-impacts-sur-nos-territoires\/#breadcrumb","itemListElement":[{"@type":"ListItem","position":1,"name":"Accueil","item":"https:\/\/aliso.fr\/initiatives\/"},{"@type":"ListItem","position":2,"name":"Actualit\u00e9s","item":"https:\/\/aliso.fr\/initiatives\/actus\/"},{"@type":"ListItem","position":3,"name":"Le DLA : impacts sur nos territoires"}]},{"@type":"WebSite","@id":"https:\/\/aliso.fr\/initiatives\/#website","url":"https:\/\/aliso.fr\/initiatives\/","name":"Aliso Initiatives","description":"R\u00e9seau Creusois des acteurs du lien social","publisher":{"@id":"https:\/\/aliso.fr\/initiatives\/#organization"},"potentialAction":[{"@type":"SearchAction","target":{"@type":"EntryPoint","urlTemplate":"https:\/\/aliso.fr\/initiatives\/?s={search_term_string}"},"query-input":{"@type":"PropertyValueSpecification","valueRequired":true,"valueName":"search_term_string"}}],"inLanguage":"fr-FR"},{"@type":"Organization","@id":"https:\/\/aliso.fr\/initiatives\/#organization","name":"Aliso Initiatives","url":"https:\/\/aliso.fr\/initiatives\/","logo":{"@type":"ImageObject","inLanguage":"fr-FR","@id":"https:\/\/aliso.fr\/initiatives\/#\/schema\/logo\/image\/","url":"https:\/\/aliso.fr\/initiatives\/wp-content\/uploads\/sites\/2\/2022\/01\/Logo-ALISO-Initiatives-2.png","contentUrl":"https:\/\/aliso.fr\/initiatives\/wp-content\/uploads\/sites\/2\/2022\/01\/Logo-ALISO-Initiatives-2.png","width":900,"height":657,"caption":"Aliso Initiatives"},"image":{"@id":"https:\/\/aliso.fr\/initiatives\/#\/schema\/logo\/image\/"}},{"@type":"Person","@id":"https:\/\/aliso.fr\/initiatives\/#\/schema\/person\/ac5889082625d5c95b51fac19f3d9b86","name":"pascal"}]}},"_links":{"self":[{"href":"https:\/\/aliso.fr\/initiatives\/wp-json\/wp\/v2\/posts\/994","targetHints":{"allow":["GET"]}}],"collection":[{"href":"https:\/\/aliso.fr\/initiatives\/wp-json\/wp\/v2\/posts"}],"about":[{"href":"https:\/\/aliso.fr\/initiatives\/wp-json\/wp\/v2\/types\/post"}],"author":[{"embeddable":true,"href":"https:\/\/aliso.fr\/initiatives\/wp-json\/wp\/v2\/users\/5"}],"replies":[{"embeddable":true,"href":"https:\/\/aliso.fr\/initiatives\/wp-json\/wp\/v2\/comments?post=994"}],"version-history":[{"count":1,"href":"https:\/\/aliso.fr\/initiatives\/wp-json\/wp\/v2\/posts\/994\/revisions"}],"predecessor-version":[{"id":1573,"href":"https:\/\/aliso.fr\/initiatives\/wp-json\/wp\/v2\/posts\/994\/revisions\/1573"}],"wp:featuredmedia":[{"embeddable":true,"href":"https:\/\/aliso.fr\/initiatives\/wp-json\/"}],"wp:attachment":[{"href":"https:\/\/aliso.fr\/initiatives\/wp-json\/wp\/v2\/media?parent=994"}],"wp:term":[{"taxonomy":"category","embeddable":true,"href":"https:\/\/aliso.fr\/initiatives\/wp-json\/wp\/v2\/categories?post=994"},{"taxonomy":"post_tag","embeddable":true,"href":"https:\/\/aliso.fr\/initiatives\/wp-json\/wp\/v2\/tags?post=994"}],"curies":[{"name":"wp","href":"https:\/\/api.w.org\/{rel}","templated":true}]}}