{"id":2365,"date":"2022-06-24T15:32:11","date_gmt":"2022-06-24T13:32:11","guid":{"rendered":"https:\/\/aliso.fr\/jeunes\/?p=2365"},"modified":"2022-06-24T15:32:11","modified_gmt":"2022-06-24T13:32:11","slug":"la-communaute-dagglo-emplois","status":"publish","type":"post","link":"https:\/\/aliso.fr\/jeunes\/la-communaute-dagglo-emplois\/","title":{"rendered":"La communaut\u00e9 d&rsquo;agglo (Emplois)"},"content":{"rendered":"\n<p>[OFFRES D&rsquo;EMPLOI]<br>La Communaut\u00e9 d&rsquo;Agglom\u00e9ration du Grand Gu\u00e9ret recrute.<\/p>\n\n\n\n<p><a href=\"https:\/\/www.agglo-grandgueret.fr\/offres-emploi?fbclid=IwAR17R3DfMMNIfFKa0NsEMWgkxFEs5UpkxO9SU1ICqDGxMh9zRwOUuhe9Ca4\">https:\/\/www.agglo-grandgueret.fr\/offres-emploi?fbclid=IwAR17R3DfMMNIfFKa0NsEMWgkxFEs5UpkxO9SU1ICqDGxMh9zRwOUuhe9Ca4<\/a><\/p>\n\n\n\n<figure class=\"wp-block-image size-large\"><img loading=\"lazy\" decoding=\"async\" width=\"935\" height=\"1024\" src=\"https:\/\/aliso.fr\/jeunes\/wp-content\/uploads\/sites\/3\/2022\/06\/288436641_7498467706890961_8027365939485026079_n-935x1024.png\" alt=\"\" class=\"wp-image-2366\" srcset=\"https:\/\/aliso.fr\/jeunes\/wp-content\/uploads\/sites\/3\/2022\/06\/288436641_7498467706890961_8027365939485026079_n-935x1024.png 935w, https:\/\/aliso.fr\/jeunes\/wp-content\/uploads\/sites\/3\/2022\/06\/288436641_7498467706890961_8027365939485026079_n-274x300.png 274w, https:\/\/aliso.fr\/jeunes\/wp-content\/uploads\/sites\/3\/2022\/06\/288436641_7498467706890961_8027365939485026079_n-768x842.png 768w, https:\/\/aliso.fr\/jeunes\/wp-content\/uploads\/sites\/3\/2022\/06\/288436641_7498467706890961_8027365939485026079_n-1402x1536.png 1402w, https:\/\/aliso.fr\/jeunes\/wp-content\/uploads\/sites\/3\/2022\/06\/288436641_7498467706890961_8027365939485026079_n.png 1869w\" sizes=\"auto, (max-width: 935px) 100vw, 935px\" \/><\/figure>\n","protected":false},"excerpt":{"rendered":"<p>[OFFRES D&rsquo;EMPLOI]La Communaut\u00e9 d&rsquo;Agglom\u00e9ration du Grand Gu\u00e9ret recrute. https:\/\/www.agglo-grandgueret.fr\/offres-emploi?fbclid=IwAR17R3DfMMNIfFKa0NsEMWgkxFEs5UpkxO9SU1ICqDGxMh9zRwOUuhe9Ca4<\/p>\n","protected":false},"author":6,"featured_media":2366,"comment_status":"closed","ping_status":"open","sticky":false,"template":"","format":"standard","meta":{"footnotes":""},"categories":[4],"tags":[],"class_list":["post-2365","post","type-post","status-publish","format-standard","has-post-thumbnail","hentry","category-offres-demplois"],"yoast_head":"<!-- This site is optimized with the Yoast SEO plugin v27.5 - https:\/\/yoast.com\/product\/yoast-seo-wordpress\/ -->\n<title>La communaut\u00e9 d&#039;agglo (Emplois) - Aliso Jeunes<\/title>\n<meta name=\"robots\" content=\"index, follow, max-snippet:-1, max-image-preview:large, max-video-preview:-1\" \/>\n<link rel=\"canonical\" href=\"https:\/\/aliso.fr\/jeunes\/la-communaute-dagglo-emplois\/\" \/>\n<meta property=\"og:locale\" content=\"fr_FR\" \/>\n<meta property=\"og:type\" content=\"article\" \/>\n<meta property=\"og:title\" content=\"La communaut\u00e9 d&#039;agglo (Emplois) - Aliso Jeunes\" \/>\n<meta property=\"og:description\" content=\"[OFFRES D&rsquo;EMPLOI]La Communaut\u00e9 d&rsquo;Agglom\u00e9ration du Grand Gu\u00e9ret recrute. https:\/\/www.agglo-grandgueret.fr\/offres-emploi?fbclid=IwAR17R3DfMMNIfFKa0NsEMWgkxFEs5UpkxO9SU1ICqDGxMh9zRwOUuhe9Ca4\" \/>\n<meta property=\"og:url\" content=\"https:\/\/aliso.fr\/jeunes\/la-communaute-dagglo-emplois\/\" \/>\n<meta property=\"og:site_name\" content=\"Aliso Jeunes\" \/>\n<meta property=\"article:published_time\" content=\"2022-06-24T13:32:11+00:00\" \/>\n<meta property=\"og:image\" content=\"https:\/\/aliso.fr\/jeunes\/wp-content\/uploads\/sites\/3\/2022\/06\/288436641_7498467706890961_8027365939485026079_n.png\" \/>\n\t<meta property=\"og:image:width\" content=\"1869\" \/>\n\t<meta property=\"og:image:height\" content=\"2048\" \/>\n\t<meta property=\"og:image:type\" content=\"image\/png\" \/>\n<meta name=\"author\" content=\"fabienne\" \/>\n<meta name=\"twitter:card\" content=\"summary_large_image\" \/>\n<script type=\"application\/ld+json\" class=\"yoast-schema-graph\">{\"@context\":\"https:\\\/\\\/schema.org\",\"@graph\":[{\"@type\":\"Article\",\"@id\":\"https:\\\/\\\/aliso.fr\\\/jeunes\\\/la-communaute-dagglo-emplois\\\/#article\",\"isPartOf\":{\"@id\":\"https:\\\/\\\/aliso.fr\\\/jeunes\\\/la-communaute-dagglo-emplois\\\/\"},\"author\":{\"name\":\"fabienne\",\"@id\":\"https:\\\/\\\/aliso.fr\\\/jeunes\\\/#\\\/schema\\\/person\\\/3c62dd969259025b56573a95a81756b6\"},\"headline\":\"La communaut\u00e9 d&rsquo;agglo (Emplois)\",\"datePublished\":\"2022-06-24T13:32:11+00:00\",\"mainEntityOfPage\":{\"@id\":\"https:\\\/\\\/aliso.fr\\\/jeunes\\\/la-communaute-dagglo-emplois\\\/\"},\"wordCount\":33,\"publisher\":{\"@id\":\"https:\\\/\\\/aliso.fr\\\/jeunes\\\/#organization\"},\"image\":{\"@id\":\"https:\\\/\\\/aliso.fr\\\/jeunes\\\/la-communaute-dagglo-emplois\\\/#primaryimage\"},\"thumbnailUrl\":\"https:\\\/\\\/aliso.fr\\\/jeunes\\\/wp-content\\\/uploads\\\/sites\\\/3\\\/2022\\\/06\\\/288436641_7498467706890961_8027365939485026079_n.png\",\"articleSection\":[\"Offres d'emplois\"],\"inLanguage\":\"fr-FR\"},{\"@type\":\"WebPage\",\"@id\":\"https:\\\/\\\/aliso.fr\\\/jeunes\\\/la-communaute-dagglo-emplois\\\/\",\"url\":\"https:\\\/\\\/aliso.fr\\\/jeunes\\\/la-communaute-dagglo-emplois\\\/\",\"name\":\"La communaut\u00e9 d'agglo (Emplois) - Aliso Jeunes\",\"isPartOf\":{\"@id\":\"https:\\\/\\\/aliso.fr\\\/jeunes\\\/#website\"},\"primaryImageOfPage\":{\"@id\":\"https:\\\/\\\/aliso.fr\\\/jeunes\\\/la-communaute-dagglo-emplois\\\/#primaryimage\"},\"image\":{\"@id\":\"https:\\\/\\\/aliso.fr\\\/jeunes\\\/la-communaute-dagglo-emplois\\\/#primaryimage\"},\"thumbnailUrl\":\"https:\\\/\\\/aliso.fr\\\/jeunes\\\/wp-content\\\/uploads\\\/sites\\\/3\\\/2022\\\/06\\\/288436641_7498467706890961_8027365939485026079_n.png\",\"datePublished\":\"2022-06-24T13:32:11+00:00\",\"breadcrumb\":{\"@id\":\"https:\\\/\\\/aliso.fr\\\/jeunes\\\/la-communaute-dagglo-emplois\\\/#breadcrumb\"},\"inLanguage\":\"fr-FR\",\"potentialAction\":[{\"@type\":\"ReadAction\",\"target\":[\"https:\\\/\\\/aliso.fr\\\/jeunes\\\/la-communaute-dagglo-emplois\\\/\"]}]},{\"@type\":\"ImageObject\",\"inLanguage\":\"fr-FR\",\"@id\":\"https:\\\/\\\/aliso.fr\\\/jeunes\\\/la-communaute-dagglo-emplois\\\/#primaryimage\",\"url\":\"https:\\\/\\\/aliso.fr\\\/jeunes\\\/wp-content\\\/uploads\\\/sites\\\/3\\\/2022\\\/06\\\/288436641_7498467706890961_8027365939485026079_n.png\",\"contentUrl\":\"https:\\\/\\\/aliso.fr\\\/jeunes\\\/wp-content\\\/uploads\\\/sites\\\/3\\\/2022\\\/06\\\/288436641_7498467706890961_8027365939485026079_n.png\",\"width\":1869,\"height\":2048},{\"@type\":\"BreadcrumbList\",\"@id\":\"https:\\\/\\\/aliso.fr\\\/jeunes\\\/la-communaute-dagglo-emplois\\\/#breadcrumb\",\"itemListElement\":[{\"@type\":\"ListItem\",\"position\":1,\"name\":\"Accueil\",\"item\":\"https:\\\/\\\/aliso.fr\\\/jeunes\\\/\"},{\"@type\":\"ListItem\",\"position\":2,\"name\":\"La communaut\u00e9 d&#8217;agglo (Emplois)\"}]},{\"@type\":\"WebSite\",\"@id\":\"https:\\\/\\\/aliso.fr\\\/jeunes\\\/#website\",\"url\":\"https:\\\/\\\/aliso.fr\\\/jeunes\\\/\",\"name\":\"Aliso Jeunes\",\"description\":\"R\u00e9seau Creusois des acteurs du lien social\",\"publisher\":{\"@id\":\"https:\\\/\\\/aliso.fr\\\/jeunes\\\/#organization\"},\"potentialAction\":[{\"@type\":\"SearchAction\",\"target\":{\"@type\":\"EntryPoint\",\"urlTemplate\":\"https:\\\/\\\/aliso.fr\\\/jeunes\\\/?s={search_term_string}\"},\"query-input\":{\"@type\":\"PropertyValueSpecification\",\"valueRequired\":true,\"valueName\":\"search_term_string\"}}],\"inLanguage\":\"fr-FR\"},{\"@type\":\"Organization\",\"@id\":\"https:\\\/\\\/aliso.fr\\\/jeunes\\\/#organization\",\"name\":\"Aliso Jeunes\",\"url\":\"https:\\\/\\\/aliso.fr\\\/jeunes\\\/\",\"logo\":{\"@type\":\"ImageObject\",\"inLanguage\":\"fr-FR\",\"@id\":\"https:\\\/\\\/aliso.fr\\\/jeunes\\\/#\\\/schema\\\/logo\\\/image\\\/\",\"url\":\"https:\\\/\\\/aliso.fr\\\/jeunes\\\/wp-content\\\/uploads\\\/sites\\\/3\\\/2022\\\/01\\\/Logo-ALISO-jeunes-couleur.png\",\"contentUrl\":\"https:\\\/\\\/aliso.fr\\\/jeunes\\\/wp-content\\\/uploads\\\/sites\\\/3\\\/2022\\\/01\\\/Logo-ALISO-jeunes-couleur.png\",\"width\":341,\"height\":392,\"caption\":\"Aliso Jeunes\"},\"image\":{\"@id\":\"https:\\\/\\\/aliso.fr\\\/jeunes\\\/#\\\/schema\\\/logo\\\/image\\\/\"}},{\"@type\":\"Person\",\"@id\":\"https:\\\/\\\/aliso.fr\\\/jeunes\\\/#\\\/schema\\\/person\\\/3c62dd969259025b56573a95a81756b6\",\"name\":\"fabienne\"}]}<\/script>\n<!-- \/ Yoast SEO plugin. -->","yoast_head_json":{"title":"La communaut\u00e9 d'agglo (Emplois) - Aliso Jeunes","robots":{"index":"index","follow":"follow","max-snippet":"max-snippet:-1","max-image-preview":"max-image-preview:large","max-video-preview":"max-video-preview:-1"},"canonical":"https:\/\/aliso.fr\/jeunes\/la-communaute-dagglo-emplois\/","og_locale":"fr_FR","og_type":"article","og_title":"La communaut\u00e9 d'agglo (Emplois) - Aliso Jeunes","og_description":"[OFFRES D&rsquo;EMPLOI]La Communaut\u00e9 d&rsquo;Agglom\u00e9ration du Grand Gu\u00e9ret recrute. https:\/\/www.agglo-grandgueret.fr\/offres-emploi?fbclid=IwAR17R3DfMMNIfFKa0NsEMWgkxFEs5UpkxO9SU1ICqDGxMh9zRwOUuhe9Ca4","og_url":"https:\/\/aliso.fr\/jeunes\/la-communaute-dagglo-emplois\/","og_site_name":"Aliso Jeunes","article_published_time":"2022-06-24T13:32:11+00:00","og_image":[{"width":1869,"height":2048,"url":"https:\/\/aliso.fr\/jeunes\/wp-content\/uploads\/sites\/3\/2022\/06\/288436641_7498467706890961_8027365939485026079_n.png","type":"image\/png"}],"author":"fabienne","twitter_card":"summary_large_image","schema":{"@context":"https:\/\/schema.org","@graph":[{"@type":"Article","@id":"https:\/\/aliso.fr\/jeunes\/la-communaute-dagglo-emplois\/#article","isPartOf":{"@id":"https:\/\/aliso.fr\/jeunes\/la-communaute-dagglo-emplois\/"},"author":{"name":"fabienne","@id":"https:\/\/aliso.fr\/jeunes\/#\/schema\/person\/3c62dd969259025b56573a95a81756b6"},"headline":"La communaut\u00e9 d&rsquo;agglo (Emplois)","datePublished":"2022-06-24T13:32:11+00:00","mainEntityOfPage":{"@id":"https:\/\/aliso.fr\/jeunes\/la-communaute-dagglo-emplois\/"},"wordCount":33,"publisher":{"@id":"https:\/\/aliso.fr\/jeunes\/#organization"},"image":{"@id":"https:\/\/aliso.fr\/jeunes\/la-communaute-dagglo-emplois\/#primaryimage"},"thumbnailUrl":"https:\/\/aliso.fr\/jeunes\/wp-content\/uploads\/sites\/3\/2022\/06\/288436641_7498467706890961_8027365939485026079_n.png","articleSection":["Offres d'emplois"],"inLanguage":"fr-FR"},{"@type":"WebPage","@id":"https:\/\/aliso.fr\/jeunes\/la-communaute-dagglo-emplois\/","url":"https:\/\/aliso.fr\/jeunes\/la-communaute-dagglo-emplois\/","name":"La communaut\u00e9 d'agglo (Emplois) - Aliso Jeunes","isPartOf":{"@id":"https:\/\/aliso.fr\/jeunes\/#website"},"primaryImageOfPage":{"@id":"https:\/\/aliso.fr\/jeunes\/la-communaute-dagglo-emplois\/#primaryimage"},"image":{"@id":"https:\/\/aliso.fr\/jeunes\/la-communaute-dagglo-emplois\/#primaryimage"},"thumbnailUrl":"https:\/\/aliso.fr\/jeunes\/wp-content\/uploads\/sites\/3\/2022\/06\/288436641_7498467706890961_8027365939485026079_n.png","datePublished":"2022-06-24T13:32:11+00:00","breadcrumb":{"@id":"https:\/\/aliso.fr\/jeunes\/la-communaute-dagglo-emplois\/#breadcrumb"},"inLanguage":"fr-FR","potentialAction":[{"@type":"ReadAction","target":["https:\/\/aliso.fr\/jeunes\/la-communaute-dagglo-emplois\/"]}]},{"@type":"ImageObject","inLanguage":"fr-FR","@id":"https:\/\/aliso.fr\/jeunes\/la-communaute-dagglo-emplois\/#primaryimage","url":"https:\/\/aliso.fr\/jeunes\/wp-content\/uploads\/sites\/3\/2022\/06\/288436641_7498467706890961_8027365939485026079_n.png","contentUrl":"https:\/\/aliso.fr\/jeunes\/wp-content\/uploads\/sites\/3\/2022\/06\/288436641_7498467706890961_8027365939485026079_n.png","width":1869,"height":2048},{"@type":"BreadcrumbList","@id":"https:\/\/aliso.fr\/jeunes\/la-communaute-dagglo-emplois\/#breadcrumb","itemListElement":[{"@type":"ListItem","position":1,"name":"Accueil","item":"https:\/\/aliso.fr\/jeunes\/"},{"@type":"ListItem","position":2,"name":"La communaut\u00e9 d&#8217;agglo (Emplois)"}]},{"@type":"WebSite","@id":"https:\/\/aliso.fr\/jeunes\/#website","url":"https:\/\/aliso.fr\/jeunes\/","name":"Aliso Jeunes","description":"R\u00e9seau Creusois des acteurs du lien social","publisher":{"@id":"https:\/\/aliso.fr\/jeunes\/#organization"},"potentialAction":[{"@type":"SearchAction","target":{"@type":"EntryPoint","urlTemplate":"https:\/\/aliso.fr\/jeunes\/?s={search_term_string}"},"query-input":{"@type":"PropertyValueSpecification","valueRequired":true,"valueName":"search_term_string"}}],"inLanguage":"fr-FR"},{"@type":"Organization","@id":"https:\/\/aliso.fr\/jeunes\/#organization","name":"Aliso Jeunes","url":"https:\/\/aliso.fr\/jeunes\/","logo":{"@type":"ImageObject","inLanguage":"fr-FR","@id":"https:\/\/aliso.fr\/jeunes\/#\/schema\/logo\/image\/","url":"https:\/\/aliso.fr\/jeunes\/wp-content\/uploads\/sites\/3\/2022\/01\/Logo-ALISO-jeunes-couleur.png","contentUrl":"https:\/\/aliso.fr\/jeunes\/wp-content\/uploads\/sites\/3\/2022\/01\/Logo-ALISO-jeunes-couleur.png","width":341,"height":392,"caption":"Aliso Jeunes"},"image":{"@id":"https:\/\/aliso.fr\/jeunes\/#\/schema\/logo\/image\/"}},{"@type":"Person","@id":"https:\/\/aliso.fr\/jeunes\/#\/schema\/person\/3c62dd969259025b56573a95a81756b6","name":"fabienne"}]}},"_links":{"self":[{"href":"https:\/\/aliso.fr\/jeunes\/wp-json\/wp\/v2\/posts\/2365","targetHints":{"allow":["GET"]}}],"collection":[{"href":"https:\/\/aliso.fr\/jeunes\/wp-json\/wp\/v2\/posts"}],"about":[{"href":"https:\/\/aliso.fr\/jeunes\/wp-json\/wp\/v2\/types\/post"}],"author":[{"embeddable":true,"href":"https:\/\/aliso.fr\/jeunes\/wp-json\/wp\/v2\/users\/6"}],"replies":[{"embeddable":true,"href":"https:\/\/aliso.fr\/jeunes\/wp-json\/wp\/v2\/comments?post=2365"}],"version-history":[{"count":1,"href":"https:\/\/aliso.fr\/jeunes\/wp-json\/wp\/v2\/posts\/2365\/revisions"}],"predecessor-version":[{"id":2367,"href":"https:\/\/aliso.fr\/jeunes\/wp-json\/wp\/v2\/posts\/2365\/revisions\/2367"}],"wp:featuredmedia":[{"embeddable":true,"href":"https:\/\/aliso.fr\/jeunes\/wp-json\/wp\/v2\/media\/2366"}],"wp:attachment":[{"href":"https:\/\/aliso.fr\/jeunes\/wp-json\/wp\/v2\/media?parent=2365"}],"wp:term":[{"taxonomy":"category","embeddable":true,"href":"https:\/\/aliso.fr\/jeunes\/wp-json\/wp\/v2\/categories?post=2365"},{"taxonomy":"post_tag","embeddable":true,"href":"https:\/\/aliso.fr\/jeunes\/wp-json\/wp\/v2\/tags?post=2365"}],"curies":[{"name":"wp","href":"https:\/\/api.w.org\/{rel}","templated":true}]}}